{"id":9939,"date":"2020-10-21T21:29:25","date_gmt":"2020-10-21T19:29:25","guid":{"rendered":"https:\/\/www.fbf-bff.be\/la-federation-belge-de-la-franchise-accueil-un-nouveau-membre-associe-make-my-day-group\/"},"modified":"2020-10-21T21:29:25","modified_gmt":"2020-10-21T19:29:25","slug":"la-federation-belge-de-la-franchise-accueil-un-nouveau-membre-associe-make-my-day-group","status":"publish","type":"post","link":"https:\/\/www.fbf-bff.be\/fr\/la-federation-belge-de-la-franchise-accueil-un-nouveau-membre-associe-make-my-day-group\/","title":{"rendered":"La F\u00e9d\u00e9ration Belge de la Franchise accueille un nouveau membre associ\u00e9 : MAKE MY DAY GROUP"},"content":{"rendered":"<p style=\"font-weight: 400\">La F\u00e9d\u00e9ration Belge de la Franchise a le plaisir d&rsquo;annoncer l&rsquo;adh\u00e9sion d&rsquo;un nouveau membre associ\u00e9 : Make My Day Group.<\/p>\r\n<p style=\"font-weight: 400\">Make My Day Group a \u00e9t\u00e9 fond\u00e9 par Sabrina Polakoff en 2006.\u00a0\u00a0\u00a0Apr\u00e8s\u00a0apr\u00e8s avoir \u00e9t\u00e9 cadre de direction internationale, travaillant pour les groupes L&rsquo;Or\u00e9al, Gucci Group et VF corporation, Sabrina s&rsquo;est d\u00e9couvert un talent pour le redressement et le d\u00e9veloppement des entreprises.\u00a0 Elle a donc lanc\u00e9 sa propre affaire et a cr\u00e9\u00e9 Make My Day Group afin de mettre son exp\u00e9rience, son savoir-faire et son succ\u00e8s au service des entrepreneurs.<\/p>\r\n<p style=\"font-weight: 400\">En 2013, le monde de la franchise s&rsquo;est ouvert \u00e0 Make My Day Group avec pour d\u00e9fi de d\u00e9velopper le r\u00e9seau europ\u00e9en The Little Gym.<\/p>\r\n<p style=\"font-weight: 400\">Make My Day Group travaille avec les franchiseurs sur le d\u00e9veloppement des outils n\u00e9cessaires pour soutenir et d\u00e9velopper avec succ\u00e8s leur r\u00e9seau de franchise tout en optimisant et num\u00e9risant leurs processus, notamment :<\/p>\r\n<p style=\"font-weight: 400\">LE D\u00c9VELOPPEMENT COMMERCIAL<\/p>\r\n<p style=\"font-weight: 400\">Make My Day Group travaille avec le franchiseur afin de d\u00e9finir sa strat\u00e9gie de d\u00e9veloppement commercial, son territoire, ses \u00e9tudes de march\u00e9, l&rsquo;analyse de la concurrence et la structure des prix.<\/p>\r\n<p style=\"font-weight: 400\">PROCESSUS DE VENTE<\/p>\r\n<p style=\"font-weight: 400\">Make My Day Group assiste le franchiseur dans le processus de s\u00e9lection des franchis\u00e9s, les sc\u00e9narios de vente et le contenu de la journ\u00e9e d\u00e9couverte.<\/p>\r\n<p style=\"font-weight: 400\">FONCTIONNEMENT<\/p>\r\n<p style=\"font-weight: 400\">Make My Day Group propose \u00e9galement une assistance pour d\u00e9finir la strat\u00e9gie op\u00e9rationnelle et aider \u00e0 d\u00e9velopper le logiciel de gestion d&rsquo;entreprise, les formations, le manuel d&rsquo;exploitation, la structure de conseillers, l&rsquo;automatisation des processus, le soutien technologique.<\/p>\r\n<p style=\"font-weight: 400\">MARKETING<\/p>\r\n<p style=\"font-weight: 400\">Make My Day Group offre un soutien pour le d\u00e9veloppement d&rsquo;une strat\u00e9gie de marque : plateformes centralisant les strat\u00e9gies de marketing et de communication locale ; plan marketing num\u00e9rique et strat\u00e9gies r\u00e9seaux sociaux.<\/p>\r\n<p style=\"font-weight: 400\">GESTION DE CRISE<\/p>\r\n<p style=\"font-weight: 400\">Make My Day Group met en place des plans de gestion de crise (analyse, strat\u00e9gie, d\u00e9veloppement d\u2019outils) afin de s&rsquo;assurer que franchis\u00e9s et clients restent engag\u00e9s.<\/p>\r\n<p style=\"font-weight: 400\">Aujourd&rsquo;hui, forte de 35 ans d&rsquo;exp\u00e9rience au service des entreprises aux \u00c9tats-Unis et en Europe, Sabrina offre les services de Make My Day Group aux entrepreneurs qui cherchent \u00e0 franchiser leur concept et qui souhaitent se d\u00e9velopper au niveau local et international.\u00a0 Make My Day Group compte \u00e0 ce jour parmi ses clients The Little Gym, Little Kickers et The Massage Company.<\/p>\r\n<p style=\"font-weight: 400\"><a href=\"https:\/\/www.fbf-bff.be\/fr\/formulas\/make-my-day-group\/\" target=\"_blank\" rel=\"noopener noreferrer\" class=\"broken_link\">Cliquez ici<\/a>\u00a0pour contacter Make\u00a0My Day Group<\/p>","protected":false},"excerpt":{"rendered":"<p>La F\u00e9d\u00e9ration Belge de la Franchise a le plaisir d&rsquo;annoncer l&rsquo;adh\u00e9sion d&rsquo;un nouveau membre associ\u00e9 : Make My Day Group.<\/p>\n","protected":false},"author":1,"featured_media":6457,"comment_status":"closed","ping_status":"open","sticky":false,"template":"","format":"standard","meta":{"ngg_post_thumbnail":0,"footnotes":""},"categories":[37],"tags":[],"acf":[],"yoast_head":"<!-- This site is optimized with the Yoast SEO plugin v23.5 - https:\/\/yoast.com\/wordpress\/plugins\/seo\/ -->\n<title>La F\u00e9d\u00e9ration Belge de la Franchise accueille un nouveau membre associ\u00e9 : MAKE MY DAY GROUP - F\u00e9d\u00e9ration Belge de la Franchise<\/title>\n<meta name=\"robots\" content=\"index, follow, max-snippet:-1, max-image-preview:large, max-video-preview:-1\" \/>\n<link rel=\"canonical\" href=\"https:\/\/www.fbf-bff.be\/fr\/la-federation-belge-de-la-franchise-accueil-un-nouveau-membre-associe-make-my-day-group\/\" \/>\n<meta property=\"og:locale\" content=\"fr_FR\" \/>\n<meta property=\"og:type\" content=\"article\" \/>\n<meta property=\"og:title\" content=\"La F\u00e9d\u00e9ration Belge de la Franchise accueille un nouveau membre associ\u00e9 : MAKE MY DAY GROUP - F\u00e9d\u00e9ration Belge de la Franchise\" \/>\n<meta property=\"og:description\" content=\"La F\u00e9d\u00e9ration Belge de la Franchise a le plaisir d&#039;annoncer l&#039;adh\u00e9sion d&#039;un nouveau membre associ\u00e9 : Make My Day Group.\" \/>\n<meta property=\"og:url\" content=\"https:\/\/www.fbf-bff.be\/fr\/la-federation-belge-de-la-franchise-accueil-un-nouveau-membre-associe-make-my-day-group\/\" \/>\n<meta property=\"og:site_name\" content=\"F\u00e9d\u00e9ration Belge de la Franchise\" \/>\n<meta property=\"article:published_time\" content=\"2020-10-21T19:29:25+00:00\" \/>\n<meta property=\"og:image\" content=\"https:\/\/www.fbf-bff.be\/wp-content\/uploads\/2021\/10\/MMDG-logo.png\" \/>\n\t<meta property=\"og:image:width\" content=\"614\" \/>\n\t<meta property=\"og:image:height\" content=\"178\" \/>\n\t<meta property=\"og:image:type\" content=\"image\/png\" \/>\n<meta name=\"author\" content=\"fbf_admin\" \/>\n<meta name=\"twitter:card\" content=\"summary_large_image\" \/>\n<meta name=\"twitter:label1\" content=\"\u00c9crit par\" \/>\n\t<meta name=\"twitter:data1\" content=\"fbf_admin\" \/>\n\t<meta name=\"twitter:label2\" content=\"Dur\u00e9e de lecture estim\u00e9e\" \/>\n\t<meta name=\"twitter:data2\" content=\"2 minutes\" \/>\n<script type=\"application\/ld+json\" class=\"yoast-schema-graph\">{\"@context\":\"https:\/\/schema.org\",\"@graph\":[{\"@type\":\"WebPage\",\"@id\":\"https:\/\/www.fbf-bff.be\/fr\/la-federation-belge-de-la-franchise-accueil-un-nouveau-membre-associe-make-my-day-group\/\",\"url\":\"https:\/\/www.fbf-bff.be\/fr\/la-federation-belge-de-la-franchise-accueil-un-nouveau-membre-associe-make-my-day-group\/\",\"name\":\"La F\u00e9d\u00e9ration Belge de la Franchise accueille un nouveau membre associ\u00e9 : MAKE MY DAY GROUP - F\u00e9d\u00e9ration Belge de la Franchise\",\"isPartOf\":{\"@id\":\"https:\/\/www.fbf-bff.be\/#website\"},\"primaryImageOfPage\":{\"@id\":\"https:\/\/www.fbf-bff.be\/fr\/la-federation-belge-de-la-franchise-accueil-un-nouveau-membre-associe-make-my-day-group\/#primaryimage\"},\"image\":{\"@id\":\"https:\/\/www.fbf-bff.be\/fr\/la-federation-belge-de-la-franchise-accueil-un-nouveau-membre-associe-make-my-day-group\/#primaryimage\"},\"thumbnailUrl\":\"https:\/\/www.fbf-bff.be\/wp-content\/uploads\/2021\/10\/MMDG-logo.png\",\"datePublished\":\"2020-10-21T19:29:25+00:00\",\"dateModified\":\"2020-10-21T19:29:25+00:00\",\"author\":{\"@id\":\"https:\/\/www.fbf-bff.be\/#\/schema\/person\/73a9cbee87288cba2b06e3fc29244fe7\"},\"breadcrumb\":{\"@id\":\"https:\/\/www.fbf-bff.be\/fr\/la-federation-belge-de-la-franchise-accueil-un-nouveau-membre-associe-make-my-day-group\/#breadcrumb\"},\"inLanguage\":\"fr-FR\",\"potentialAction\":[{\"@type\":\"ReadAction\",\"target\":[\"https:\/\/www.fbf-bff.be\/fr\/la-federation-belge-de-la-franchise-accueil-un-nouveau-membre-associe-make-my-day-group\/\"]}]},{\"@type\":\"ImageObject\",\"inLanguage\":\"fr-FR\",\"@id\":\"https:\/\/www.fbf-bff.be\/fr\/la-federation-belge-de-la-franchise-accueil-un-nouveau-membre-associe-make-my-day-group\/#primaryimage\",\"url\":\"https:\/\/www.fbf-bff.be\/wp-content\/uploads\/2021\/10\/MMDG-logo.png\",\"contentUrl\":\"https:\/\/www.fbf-bff.be\/wp-content\/uploads\/2021\/10\/MMDG-logo.png\",\"width\":614,\"height\":178},{\"@type\":\"BreadcrumbList\",\"@id\":\"https:\/\/www.fbf-bff.be\/fr\/la-federation-belge-de-la-franchise-accueil-un-nouveau-membre-associe-make-my-day-group\/#breadcrumb\",\"itemListElement\":[{\"@type\":\"ListItem\",\"position\":1,\"name\":\"Home\",\"item\":\"https:\/\/www.fbf-bff.be\/fr\/\"},{\"@type\":\"ListItem\",\"position\":2,\"name\":\"La F\u00e9d\u00e9ration Belge de la Franchise accueille un nouveau membre associ\u00e9 : MAKE MY DAY GROUP\"}]},{\"@type\":\"WebSite\",\"@id\":\"https:\/\/www.fbf-bff.be\/#website\",\"url\":\"https:\/\/www.fbf-bff.be\/\",\"name\":\"F\u00e9d\u00e9ration Belge de la Franchise\",\"description\":\"Pour r\u00e9ussir ensemblee\",\"potentialAction\":[{\"@type\":\"SearchAction\",\"target\":{\"@type\":\"EntryPoint\",\"urlTemplate\":\"https:\/\/www.fbf-bff.be\/?s={search_term_string}\"},\"query-input\":{\"@type\":\"PropertyValueSpecification\",\"valueRequired\":true,\"valueName\":\"search_term_string\"}}],\"inLanguage\":\"fr-FR\"},{\"@type\":\"Person\",\"@id\":\"https:\/\/www.fbf-bff.be\/#\/schema\/person\/73a9cbee87288cba2b06e3fc29244fe7\",\"name\":\"fbf_admin\",\"image\":{\"@type\":\"ImageObject\",\"inLanguage\":\"fr-FR\",\"@id\":\"https:\/\/www.fbf-bff.be\/#\/schema\/person\/image\/\",\"url\":\"https:\/\/secure.gravatar.com\/avatar\/20f6483dbe2a69e0999ddcdd1744b7f7?s=96&d=mm&r=g\",\"contentUrl\":\"https:\/\/secure.gravatar.com\/avatar\/20f6483dbe2a69e0999ddcdd1744b7f7?s=96&d=mm&r=g\",\"caption\":\"fbf_admin\"}}]}<\/script>\n<!-- \/ Yoast SEO plugin. -->","yoast_head_json":{"title":"La F\u00e9d\u00e9ration Belge de la Franchise accueille un nouveau membre associ\u00e9 : MAKE MY DAY GROUP - F\u00e9d\u00e9ration Belge de la Franchise","robots":{"index":"index","follow":"follow","max-snippet":"max-snippet:-1","max-image-preview":"max-image-preview:large","max-video-preview":"max-video-preview:-1"},"canonical":"https:\/\/www.fbf-bff.be\/fr\/la-federation-belge-de-la-franchise-accueil-un-nouveau-membre-associe-make-my-day-group\/","og_locale":"fr_FR","og_type":"article","og_title":"La F\u00e9d\u00e9ration Belge de la Franchise accueille un nouveau membre associ\u00e9 : MAKE MY DAY GROUP - F\u00e9d\u00e9ration Belge de la Franchise","og_description":"La F\u00e9d\u00e9ration Belge de la Franchise a le plaisir d'annoncer l'adh\u00e9sion d'un nouveau membre associ\u00e9 : Make My Day Group.","og_url":"https:\/\/www.fbf-bff.be\/fr\/la-federation-belge-de-la-franchise-accueil-un-nouveau-membre-associe-make-my-day-group\/","og_site_name":"F\u00e9d\u00e9ration Belge de la Franchise","article_published_time":"2020-10-21T19:29:25+00:00","og_image":[{"width":614,"height":178,"url":"https:\/\/www.fbf-bff.be\/wp-content\/uploads\/2021\/10\/MMDG-logo.png","type":"image\/png"}],"author":"fbf_admin","twitter_card":"summary_large_image","twitter_misc":{"\u00c9crit par":"fbf_admin","Dur\u00e9e de lecture estim\u00e9e":"2 minutes"},"schema":{"@context":"https:\/\/schema.org","@graph":[{"@type":"WebPage","@id":"https:\/\/www.fbf-bff.be\/fr\/la-federation-belge-de-la-franchise-accueil-un-nouveau-membre-associe-make-my-day-group\/","url":"https:\/\/www.fbf-bff.be\/fr\/la-federation-belge-de-la-franchise-accueil-un-nouveau-membre-associe-make-my-day-group\/","name":"La F\u00e9d\u00e9ration Belge de la Franchise accueille un nouveau membre associ\u00e9 : MAKE MY DAY GROUP - F\u00e9d\u00e9ration Belge de la Franchise","isPartOf":{"@id":"https:\/\/www.fbf-bff.be\/#website"},"primaryImageOfPage":{"@id":"https:\/\/www.fbf-bff.be\/fr\/la-federation-belge-de-la-franchise-accueil-un-nouveau-membre-associe-make-my-day-group\/#primaryimage"},"image":{"@id":"https:\/\/www.fbf-bff.be\/fr\/la-federation-belge-de-la-franchise-accueil-un-nouveau-membre-associe-make-my-day-group\/#primaryimage"},"thumbnailUrl":"https:\/\/www.fbf-bff.be\/wp-content\/uploads\/2021\/10\/MMDG-logo.png","datePublished":"2020-10-21T19:29:25+00:00","dateModified":"2020-10-21T19:29:25+00:00","author":{"@id":"https:\/\/www.fbf-bff.be\/#\/schema\/person\/73a9cbee87288cba2b06e3fc29244fe7"},"breadcrumb":{"@id":"https:\/\/www.fbf-bff.be\/fr\/la-federation-belge-de-la-franchise-accueil-un-nouveau-membre-associe-make-my-day-group\/#breadcrumb"},"inLanguage":"fr-FR","potentialAction":[{"@type":"ReadAction","target":["https:\/\/www.fbf-bff.be\/fr\/la-federation-belge-de-la-franchise-accueil-un-nouveau-membre-associe-make-my-day-group\/"]}]},{"@type":"ImageObject","inLanguage":"fr-FR","@id":"https:\/\/www.fbf-bff.be\/fr\/la-federation-belge-de-la-franchise-accueil-un-nouveau-membre-associe-make-my-day-group\/#primaryimage","url":"https:\/\/www.fbf-bff.be\/wp-content\/uploads\/2021\/10\/MMDG-logo.png","contentUrl":"https:\/\/www.fbf-bff.be\/wp-content\/uploads\/2021\/10\/MMDG-logo.png","width":614,"height":178},{"@type":"BreadcrumbList","@id":"https:\/\/www.fbf-bff.be\/fr\/la-federation-belge-de-la-franchise-accueil-un-nouveau-membre-associe-make-my-day-group\/#breadcrumb","itemListElement":[{"@type":"ListItem","position":1,"name":"Home","item":"https:\/\/www.fbf-bff.be\/fr\/"},{"@type":"ListItem","position":2,"name":"La F\u00e9d\u00e9ration Belge de la Franchise accueille un nouveau membre associ\u00e9 : MAKE MY DAY GROUP"}]},{"@type":"WebSite","@id":"https:\/\/www.fbf-bff.be\/#website","url":"https:\/\/www.fbf-bff.be\/","name":"F\u00e9d\u00e9ration Belge de la Franchise","description":"Pour r\u00e9ussir ensemblee","potentialAction":[{"@type":"SearchAction","target":{"@type":"EntryPoint","urlTemplate":"https:\/\/www.fbf-bff.be\/?s={search_term_string}"},"query-input":{"@type":"PropertyValueSpecification","valueRequired":true,"valueName":"search_term_string"}}],"inLanguage":"fr-FR"},{"@type":"Person","@id":"https:\/\/www.fbf-bff.be\/#\/schema\/person\/73a9cbee87288cba2b06e3fc29244fe7","name":"fbf_admin","image":{"@type":"ImageObject","inLanguage":"fr-FR","@id":"https:\/\/www.fbf-bff.be\/#\/schema\/person\/image\/","url":"https:\/\/secure.gravatar.com\/avatar\/20f6483dbe2a69e0999ddcdd1744b7f7?s=96&d=mm&r=g","contentUrl":"https:\/\/secure.gravatar.com\/avatar\/20f6483dbe2a69e0999ddcdd1744b7f7?s=96&d=mm&r=g","caption":"fbf_admin"}}]}},"_links":{"self":[{"href":"https:\/\/www.fbf-bff.be\/fr\/wp-json\/wp\/v2\/posts\/9939"}],"collection":[{"href":"https:\/\/www.fbf-bff.be\/fr\/wp-json\/wp\/v2\/posts"}],"about":[{"href":"https:\/\/www.fbf-bff.be\/fr\/wp-json\/wp\/v2\/types\/post"}],"author":[{"embeddable":true,"href":"https:\/\/www.fbf-bff.be\/fr\/wp-json\/wp\/v2\/users\/1"}],"replies":[{"embeddable":true,"href":"https:\/\/www.fbf-bff.be\/fr\/wp-json\/wp\/v2\/comments?post=9939"}],"version-history":[{"count":0,"href":"https:\/\/www.fbf-bff.be\/fr\/wp-json\/wp\/v2\/posts\/9939\/revisions"}],"wp:featuredmedia":[{"embeddable":true,"href":"https:\/\/www.fbf-bff.be\/fr\/wp-json\/wp\/v2\/media\/6457"}],"wp:attachment":[{"href":"https:\/\/www.fbf-bff.be\/fr\/wp-json\/wp\/v2\/media?parent=9939"}],"wp:term":[{"taxonomy":"category","embeddable":true,"href":"https:\/\/www.fbf-bff.be\/fr\/wp-json\/wp\/v2\/categories?post=9939"},{"taxonomy":"post_tag","embeddable":true,"href":"https:\/\/www.fbf-bff.be\/fr\/wp-json\/wp\/v2\/tags?post=9939"}],"curies":[{"name":"wp","href":"https:\/\/api.w.org\/{rel}","templated":true}]}}