{"id":9933,"date":"2020-10-07T22:06:33","date_gmt":"2020-10-07T20:06:33","guid":{"rendered":"https:\/\/www.fbf-bff.be\/la-crise-sanitaire-a-frappe-fort-au-reseau-de-franchise-lunch-garden\/"},"modified":"2020-10-07T22:06:33","modified_gmt":"2020-10-07T20:06:33","slug":"la-crise-sanitaire-a-frappe-fort-au-reseau-de-franchise-lunch-garden","status":"publish","type":"post","link":"https:\/\/www.fbf-bff.be\/fr\/la-crise-sanitaire-a-frappe-fort-au-reseau-de-franchise-lunch-garden\/","title":{"rendered":"La crise sanitaire a frapp\u00e9 fort le r\u00e9seau de franchise Lunch Garden"},"content":{"rendered":"La crise sanitaire a frapp\u00e9 de plein fouet le r\u00e9seau de franchise Lunch Garden et entra\u00eenant la perte d&rsquo;environ un emploi sur dix. Des \u00e9conomies seront \u00e9galement r\u00e9alis\u00e9es ailleurs.\r\n<h2>R\u00e9duction des co\u00fbts dans tous les d\u00e9partements<\/h2>\r\nLors du comit\u00e9 d\u2019entreprise extraordinaire, la direction du r\u00e9seau de franchise Lunch Garden\u00a0<a href=\"https:\/\/www.tijd.be\/ondernemen\/horeca\/lunch-garden-wil-1-op-de-10-jobs-schrappen\/10256121.html?\" target=\"_blank\" rel=\"noopener noreferrer\" saferedirecturl=\"https:\/\/www.google.com\/url?q=https:\/\/www.tijd.be\/ondernemen\/horeca\/lunch-garden-wil-1-op-de-10-jobs-schrappen\/10256121.html?&amp;source=gmail&amp;ust=1602186577511000&amp;usg=AFQjCNF70KAabDJoZqhDUr40ae_ZuqZJtw\" class=\"broken_link\">a pr\u00e9sent\u00e9 un plan d\u2019\u00e9conomies draconien<\/a>. Touch\u00e9e de plein fouet par la crise sanitaire et la r\u00e9ouverture progressive de ses restaurants, la cha\u00eene est contrainte de r\u00e9duire ses co\u00fbts.\r\n\r\n<img loading=\"lazy\" decoding=\"async\" class=\"alignnone size-medium wp-image-25687\" src=\"https:\/\/www.fbf-bff.be\/wp-content\/uploads\/2021\/10\/image002-3-300x169-1.jpg\" alt=\"\" width=\"300\" height=\"169\" \/>\r\n\r\nIl pr\u00e9voit des coupes \u00e0 tous les niveaux et dans tous les d\u00e9partements, sauf en ce qui concerne l\u2019alimentation. Par exemple, les \u00e9conomies toucheront le marketing et les loyers. La nouvelle directrice Ann Biebuyck avait d\u00e9j\u00e0 annonc\u00e9 la semaine pass\u00e9e qu\u2019elle ren\u00e9gociait les loyers et analysait des sc\u00e9narios destin\u00e9s \u00e0 \u00ab\u00a0<a href=\"https:\/\/www.retaildetail.be\/fr\/news\/food\/une-nouvelle-r%C3%A9organisation-pour-lunch-garden%E2%80%89\" target=\"_blank\" rel=\"noopener noreferrer\" saferedirecturl=\"https:\/\/www.google.com\/url?q=https:\/\/www.retaildetail.be\/fr\/news\/food\/une-nouvelle-r%25C3%25A9organisation-pour-lunch-garden%25E2%2580%2589&amp;source=gmail&amp;ust=1602186577511000&amp;usg=AFQjCNHKHwaw68f3ectSkoDJgGqmculdXA\" class=\"broken_link\">assurer la continuit\u00e9 des activit\u00e9s<\/a>\u00a0\u00bb.\r\n<h2>7 millions d\u2019euros d\u2019\u00e9conomies<\/h2>\r\nCes sc\u00e9narios incluent \u00e9galement des licenciements, comme le pressentaient depuis un certain temps le personnel et les syndicats. Le r\u00e9seau de franchise Lunch Garden va ainsi supprimer 138 emplois, \u00e0 la fois dans les restaurants que dans les services centraux. L\u2019entreprise emploie environ 1\u00a0100\u00a0personnes au total.\r\n\r\nMais 74 des 138 suppressions d\u2019emplois prendront la forme de retraites anticip\u00e9es. La direction recherche une solution pour les 64 salari\u00e9s restants et esp\u00e8re \u00e9viter autant que possible les licenciements secs. Au total, les \u00e9conomies doivent atteindre les 7 millions d\u2019euros.\r\n\r\nles restaurants franchis\u00e9s ne sont pas concern\u00e9s\u00a0par ces r\u00e9ductions ou licenciements de personnel\r\n\r\nPour plus d\u2019information sur la franchise de Lunch Garden, <a href=\"https:\/\/franchisingbelgium.be\/formule\/lunch-garden\/?lang=fr\" target=\"_blank\" rel=\"noopener noreferrer\">cliquez-ici.<\/a>","protected":false},"excerpt":{"rendered":"<p>La crise sanitaire a frapp\u00e9 de plein fouet le r\u00e9seau de franchise Lunch Garden et entra\u00eenant la perte d&rsquo;environ un emploi sur dix. Des \u00e9conomies seront \u00e9galement r\u00e9alis\u00e9es ailleurs.<\/p>\n","protected":false},"author":1,"featured_media":4660,"comment_status":"closed","ping_status":"open","sticky":false,"template":"","format":"standard","meta":{"ngg_post_thumbnail":0,"footnotes":""},"categories":[37],"tags":[],"acf":[],"yoast_head":"<!-- This site is optimized with the Yoast SEO plugin v23.5 - https:\/\/yoast.com\/wordpress\/plugins\/seo\/ -->\n<title>La crise sanitaire a frapp\u00e9 fort le r\u00e9seau de franchise Lunch Garden - F\u00e9d\u00e9ration Belge de la Franchise<\/title>\n<meta name=\"robots\" content=\"index, follow, max-snippet:-1, max-image-preview:large, max-video-preview:-1\" \/>\n<link rel=\"canonical\" href=\"https:\/\/www.fbf-bff.be\/fr\/la-crise-sanitaire-a-frappe-fort-au-reseau-de-franchise-lunch-garden\/\" \/>\n<meta property=\"og:locale\" content=\"fr_FR\" \/>\n<meta property=\"og:type\" content=\"article\" \/>\n<meta property=\"og:title\" content=\"La crise sanitaire a frapp\u00e9 fort le r\u00e9seau de franchise Lunch Garden - F\u00e9d\u00e9ration Belge de la Franchise\" \/>\n<meta property=\"og:description\" content=\"La crise sanitaire a frapp\u00e9 de plein fouet le r\u00e9seau de franchise Lunch Garden et entra\u00eenant la perte d&#039;environ un emploi sur dix. Des \u00e9conomies seront \u00e9galement r\u00e9alis\u00e9es ailleurs.\" \/>\n<meta property=\"og:url\" content=\"https:\/\/www.fbf-bff.be\/fr\/la-crise-sanitaire-a-frappe-fort-au-reseau-de-franchise-lunch-garden\/\" \/>\n<meta property=\"og:site_name\" content=\"F\u00e9d\u00e9ration Belge de la Franchise\" \/>\n<meta property=\"article:published_time\" content=\"2020-10-07T20:06:33+00:00\" \/>\n<meta property=\"og:image\" content=\"https:\/\/www.fbf-bff.be\/wp-content\/uploads\/2021\/10\/Lunch-Garden.jpg\" \/>\n\t<meta property=\"og:image:width\" content=\"1200\" \/>\n\t<meta property=\"og:image:height\" content=\"628\" \/>\n\t<meta property=\"og:image:type\" content=\"image\/jpeg\" \/>\n<meta name=\"author\" content=\"fbf_admin\" \/>\n<meta name=\"twitter:card\" content=\"summary_large_image\" \/>\n<meta name=\"twitter:label1\" content=\"\u00c9crit par\" \/>\n\t<meta name=\"twitter:data1\" content=\"fbf_admin\" \/>\n\t<meta name=\"twitter:label2\" content=\"Dur\u00e9e de lecture estim\u00e9e\" \/>\n\t<meta name=\"twitter:data2\" content=\"1 minute\" \/>\n<script type=\"application\/ld+json\" class=\"yoast-schema-graph\">{\"@context\":\"https:\/\/schema.org\",\"@graph\":[{\"@type\":\"WebPage\",\"@id\":\"https:\/\/www.fbf-bff.be\/fr\/la-crise-sanitaire-a-frappe-fort-au-reseau-de-franchise-lunch-garden\/\",\"url\":\"https:\/\/www.fbf-bff.be\/fr\/la-crise-sanitaire-a-frappe-fort-au-reseau-de-franchise-lunch-garden\/\",\"name\":\"La crise sanitaire a frapp\u00e9 fort le r\u00e9seau de franchise Lunch Garden - F\u00e9d\u00e9ration Belge de la Franchise\",\"isPartOf\":{\"@id\":\"https:\/\/www.fbf-bff.be\/#website\"},\"primaryImageOfPage\":{\"@id\":\"https:\/\/www.fbf-bff.be\/fr\/la-crise-sanitaire-a-frappe-fort-au-reseau-de-franchise-lunch-garden\/#primaryimage\"},\"image\":{\"@id\":\"https:\/\/www.fbf-bff.be\/fr\/la-crise-sanitaire-a-frappe-fort-au-reseau-de-franchise-lunch-garden\/#primaryimage\"},\"thumbnailUrl\":\"https:\/\/www.fbf-bff.be\/wp-content\/uploads\/2021\/10\/Lunch-Garden.jpg\",\"datePublished\":\"2020-10-07T20:06:33+00:00\",\"dateModified\":\"2020-10-07T20:06:33+00:00\",\"author\":{\"@id\":\"https:\/\/www.fbf-bff.be\/#\/schema\/person\/73a9cbee87288cba2b06e3fc29244fe7\"},\"breadcrumb\":{\"@id\":\"https:\/\/www.fbf-bff.be\/fr\/la-crise-sanitaire-a-frappe-fort-au-reseau-de-franchise-lunch-garden\/#breadcrumb\"},\"inLanguage\":\"fr-FR\",\"potentialAction\":[{\"@type\":\"ReadAction\",\"target\":[\"https:\/\/www.fbf-bff.be\/fr\/la-crise-sanitaire-a-frappe-fort-au-reseau-de-franchise-lunch-garden\/\"]}]},{\"@type\":\"ImageObject\",\"inLanguage\":\"fr-FR\",\"@id\":\"https:\/\/www.fbf-bff.be\/fr\/la-crise-sanitaire-a-frappe-fort-au-reseau-de-franchise-lunch-garden\/#primaryimage\",\"url\":\"https:\/\/www.fbf-bff.be\/wp-content\/uploads\/2021\/10\/Lunch-Garden.jpg\",\"contentUrl\":\"https:\/\/www.fbf-bff.be\/wp-content\/uploads\/2021\/10\/Lunch-Garden.jpg\",\"width\":1200,\"height\":628},{\"@type\":\"BreadcrumbList\",\"@id\":\"https:\/\/www.fbf-bff.be\/fr\/la-crise-sanitaire-a-frappe-fort-au-reseau-de-franchise-lunch-garden\/#breadcrumb\",\"itemListElement\":[{\"@type\":\"ListItem\",\"position\":1,\"name\":\"Home\",\"item\":\"https:\/\/www.fbf-bff.be\/fr\/\"},{\"@type\":\"ListItem\",\"position\":2,\"name\":\"La crise sanitaire a frapp\u00e9 fort le r\u00e9seau de franchise Lunch Garden\"}]},{\"@type\":\"WebSite\",\"@id\":\"https:\/\/www.fbf-bff.be\/#website\",\"url\":\"https:\/\/www.fbf-bff.be\/\",\"name\":\"F\u00e9d\u00e9ration Belge de la Franchise\",\"description\":\"Pour r\u00e9ussir ensemblee\",\"potentialAction\":[{\"@type\":\"SearchAction\",\"target\":{\"@type\":\"EntryPoint\",\"urlTemplate\":\"https:\/\/www.fbf-bff.be\/?s={search_term_string}\"},\"query-input\":{\"@type\":\"PropertyValueSpecification\",\"valueRequired\":true,\"valueName\":\"search_term_string\"}}],\"inLanguage\":\"fr-FR\"},{\"@type\":\"Person\",\"@id\":\"https:\/\/www.fbf-bff.be\/#\/schema\/person\/73a9cbee87288cba2b06e3fc29244fe7\",\"name\":\"fbf_admin\",\"image\":{\"@type\":\"ImageObject\",\"inLanguage\":\"fr-FR\",\"@id\":\"https:\/\/www.fbf-bff.be\/#\/schema\/person\/image\/\",\"url\":\"https:\/\/secure.gravatar.com\/avatar\/20f6483dbe2a69e0999ddcdd1744b7f7?s=96&d=mm&r=g\",\"contentUrl\":\"https:\/\/secure.gravatar.com\/avatar\/20f6483dbe2a69e0999ddcdd1744b7f7?s=96&d=mm&r=g\",\"caption\":\"fbf_admin\"}}]}<\/script>\n<!-- \/ Yoast SEO plugin. -->","yoast_head_json":{"title":"La crise sanitaire a frapp\u00e9 fort le r\u00e9seau de franchise Lunch Garden - F\u00e9d\u00e9ration Belge de la Franchise","robots":{"index":"index","follow":"follow","max-snippet":"max-snippet:-1","max-image-preview":"max-image-preview:large","max-video-preview":"max-video-preview:-1"},"canonical":"https:\/\/www.fbf-bff.be\/fr\/la-crise-sanitaire-a-frappe-fort-au-reseau-de-franchise-lunch-garden\/","og_locale":"fr_FR","og_type":"article","og_title":"La crise sanitaire a frapp\u00e9 fort le r\u00e9seau de franchise Lunch Garden - F\u00e9d\u00e9ration Belge de la Franchise","og_description":"La crise sanitaire a frapp\u00e9 de plein fouet le r\u00e9seau de franchise Lunch Garden et entra\u00eenant la perte d'environ un emploi sur dix. Des \u00e9conomies seront \u00e9galement r\u00e9alis\u00e9es ailleurs.","og_url":"https:\/\/www.fbf-bff.be\/fr\/la-crise-sanitaire-a-frappe-fort-au-reseau-de-franchise-lunch-garden\/","og_site_name":"F\u00e9d\u00e9ration Belge de la Franchise","article_published_time":"2020-10-07T20:06:33+00:00","og_image":[{"width":1200,"height":628,"url":"https:\/\/www.fbf-bff.be\/wp-content\/uploads\/2021\/10\/Lunch-Garden.jpg","type":"image\/jpeg"}],"author":"fbf_admin","twitter_card":"summary_large_image","twitter_misc":{"\u00c9crit par":"fbf_admin","Dur\u00e9e de lecture estim\u00e9e":"1 minute"},"schema":{"@context":"https:\/\/schema.org","@graph":[{"@type":"WebPage","@id":"https:\/\/www.fbf-bff.be\/fr\/la-crise-sanitaire-a-frappe-fort-au-reseau-de-franchise-lunch-garden\/","url":"https:\/\/www.fbf-bff.be\/fr\/la-crise-sanitaire-a-frappe-fort-au-reseau-de-franchise-lunch-garden\/","name":"La crise sanitaire a frapp\u00e9 fort le r\u00e9seau de franchise Lunch Garden - F\u00e9d\u00e9ration Belge de la Franchise","isPartOf":{"@id":"https:\/\/www.fbf-bff.be\/#website"},"primaryImageOfPage":{"@id":"https:\/\/www.fbf-bff.be\/fr\/la-crise-sanitaire-a-frappe-fort-au-reseau-de-franchise-lunch-garden\/#primaryimage"},"image":{"@id":"https:\/\/www.fbf-bff.be\/fr\/la-crise-sanitaire-a-frappe-fort-au-reseau-de-franchise-lunch-garden\/#primaryimage"},"thumbnailUrl":"https:\/\/www.fbf-bff.be\/wp-content\/uploads\/2021\/10\/Lunch-Garden.jpg","datePublished":"2020-10-07T20:06:33+00:00","dateModified":"2020-10-07T20:06:33+00:00","author":{"@id":"https:\/\/www.fbf-bff.be\/#\/schema\/person\/73a9cbee87288cba2b06e3fc29244fe7"},"breadcrumb":{"@id":"https:\/\/www.fbf-bff.be\/fr\/la-crise-sanitaire-a-frappe-fort-au-reseau-de-franchise-lunch-garden\/#breadcrumb"},"inLanguage":"fr-FR","potentialAction":[{"@type":"ReadAction","target":["https:\/\/www.fbf-bff.be\/fr\/la-crise-sanitaire-a-frappe-fort-au-reseau-de-franchise-lunch-garden\/"]}]},{"@type":"ImageObject","inLanguage":"fr-FR","@id":"https:\/\/www.fbf-bff.be\/fr\/la-crise-sanitaire-a-frappe-fort-au-reseau-de-franchise-lunch-garden\/#primaryimage","url":"https:\/\/www.fbf-bff.be\/wp-content\/uploads\/2021\/10\/Lunch-Garden.jpg","contentUrl":"https:\/\/www.fbf-bff.be\/wp-content\/uploads\/2021\/10\/Lunch-Garden.jpg","width":1200,"height":628},{"@type":"BreadcrumbList","@id":"https:\/\/www.fbf-bff.be\/fr\/la-crise-sanitaire-a-frappe-fort-au-reseau-de-franchise-lunch-garden\/#breadcrumb","itemListElement":[{"@type":"ListItem","position":1,"name":"Home","item":"https:\/\/www.fbf-bff.be\/fr\/"},{"@type":"ListItem","position":2,"name":"La crise sanitaire a frapp\u00e9 fort le r\u00e9seau de franchise Lunch Garden"}]},{"@type":"WebSite","@id":"https:\/\/www.fbf-bff.be\/#website","url":"https:\/\/www.fbf-bff.be\/","name":"F\u00e9d\u00e9ration Belge de la Franchise","description":"Pour r\u00e9ussir ensemblee","potentialAction":[{"@type":"SearchAction","target":{"@type":"EntryPoint","urlTemplate":"https:\/\/www.fbf-bff.be\/?s={search_term_string}"},"query-input":{"@type":"PropertyValueSpecification","valueRequired":true,"valueName":"search_term_string"}}],"inLanguage":"fr-FR"},{"@type":"Person","@id":"https:\/\/www.fbf-bff.be\/#\/schema\/person\/73a9cbee87288cba2b06e3fc29244fe7","name":"fbf_admin","image":{"@type":"ImageObject","inLanguage":"fr-FR","@id":"https:\/\/www.fbf-bff.be\/#\/schema\/person\/image\/","url":"https:\/\/secure.gravatar.com\/avatar\/20f6483dbe2a69e0999ddcdd1744b7f7?s=96&d=mm&r=g","contentUrl":"https:\/\/secure.gravatar.com\/avatar\/20f6483dbe2a69e0999ddcdd1744b7f7?s=96&d=mm&r=g","caption":"fbf_admin"}}]}},"_links":{"self":[{"href":"https:\/\/www.fbf-bff.be\/fr\/wp-json\/wp\/v2\/posts\/9933"}],"collection":[{"href":"https:\/\/www.fbf-bff.be\/fr\/wp-json\/wp\/v2\/posts"}],"about":[{"href":"https:\/\/www.fbf-bff.be\/fr\/wp-json\/wp\/v2\/types\/post"}],"author":[{"embeddable":true,"href":"https:\/\/www.fbf-bff.be\/fr\/wp-json\/wp\/v2\/users\/1"}],"replies":[{"embeddable":true,"href":"https:\/\/www.fbf-bff.be\/fr\/wp-json\/wp\/v2\/comments?post=9933"}],"version-history":[{"count":0,"href":"https:\/\/www.fbf-bff.be\/fr\/wp-json\/wp\/v2\/posts\/9933\/revisions"}],"wp:featuredmedia":[{"embeddable":true,"href":"https:\/\/www.fbf-bff.be\/fr\/wp-json\/wp\/v2\/media\/4660"}],"wp:attachment":[{"href":"https:\/\/www.fbf-bff.be\/fr\/wp-json\/wp\/v2\/media?parent=9933"}],"wp:term":[{"taxonomy":"category","embeddable":true,"href":"https:\/\/www.fbf-bff.be\/fr\/wp-json\/wp\/v2\/categories?post=9933"},{"taxonomy":"post_tag","embeddable":true,"href":"https:\/\/www.fbf-bff.be\/fr\/wp-json\/wp\/v2\/tags?post=9933"}],"curies":[{"name":"wp","href":"https:\/\/api.w.org\/{rel}","templated":true}]}}