{"id":9849,"date":"2020-05-04T13:24:30","date_gmt":"2020-05-04T11:24:30","guid":{"rendered":"https:\/\/www.fbf-bff.be\/covid-19-prolongation-des-mesures-concernant-les-organes-dadministration-des-societes-jusquau-30-juin-2020\/"},"modified":"2020-05-04T13:24:30","modified_gmt":"2020-05-04T11:24:30","slug":"covid-19-prolongation-des-mesures-concernant-les-organes-dadministration-des-societes-jusquau-30-juin-2020","status":"publish","type":"post","link":"https:\/\/www.fbf-bff.be\/fr\/covid-19-prolongation-des-mesures-concernant-les-organes-dadministration-des-societes-jusquau-30-juin-2020\/","title":{"rendered":"COVID-19 \u2013 Prolongation des mesures concernant les organes d&#8217;administration des soci\u00e9t\u00e9s jusqu&#8217;au 30 juin 2020"},"content":{"rendered":"Dans notre article du 14 avril dernier, les experts du Cabinet RIKKERS nous proposaient la synth\u00e8se de l\u2019arr\u00eat\u00e9 royal n\u00b0 4 pr\u00e9voyant des mesures relatives \u00e0 la tenue des organes d\u2019administration et assembl\u00e9es g\u00e9n\u00e9rales des soci\u00e9t\u00e9s.\u00a0 Les mesures prises concernaient les r\u00e9unions et assembl\u00e9es devant se tenir ou qui avaient \u00e9t\u00e9 convoqu\u00e9es entre le 1er mars 2020 et le 3 mai 2020.\r\n\r\nIls nous informent aujourd&rsquo;hui que par arr\u00eat\u00e9 royal publi\u00e9 au Moniteur ce 28 avril 2020, le d\u00e9lai se terminant le 3 mai a \u00e9t\u00e9 prolong\u00e9 jusqu\u2019au 30 juin 2020.\r\n\r\nPour relire l&rsquo;article du 14 avril, <a href=\"https:\/\/franchisingbelgium.be\/wp-content\/uploads\/2020\/04\/PUBLIE-RIKKERS-Synth\u00e8se-AR-n4-du-9-avril-2020-Tenue-des-AG.pdf\" class=\"broken_link\">cliquez ici<\/a>\r\n\r\n&nbsp;\r\n\r\n&nbsp;\r\n\r\n&nbsp;\r\n\r\n&nbsp;\r\n\r\n&nbsp;","protected":false},"excerpt":{"rendered":"<p>e 14 avril dernier, les experts du Cabinet RIKKERS nous proposaient la synth\u00e8se de l\u2019arr\u00eat\u00e9 royal n\u00b0 4 pr\u00e9voyant des mesures relatives \u00e0 la tenue des organes d\u2019administration et assembl\u00e9es g\u00e9n\u00e9rales des soci\u00e9t\u00e9s.\u00a0 Les mesures prises concernaient les r\u00e9unions et assembl\u00e9es devant se tenir ou qui avaient \u00e9t\u00e9 convoqu\u00e9es entre le 1er mars 2020 et le 3 mai 2020.\u00a0 Ils nous informent aujourd&rsquo;hui que par arr\u00eat\u00e9 royal publi\u00e9 au Moniteur ce 28 avril 2020, le d\u00e9lai se terminant le 3 mai a \u00e9t\u00e9 prolong\u00e9 jusqu\u2019au 30 juin 2020.<\/p>\n","protected":false},"author":1,"featured_media":9835,"comment_status":"closed","ping_status":"open","sticky":false,"template":"","format":"standard","meta":{"ngg_post_thumbnail":0,"footnotes":""},"categories":[38],"tags":[],"acf":[],"yoast_head":"<!-- This site is optimized with the Yoast SEO plugin v23.5 - https:\/\/yoast.com\/wordpress\/plugins\/seo\/ -->\n<title>COVID-19 \u2013 Prolongation des mesures concernant les organes d&#8217;administration des soci\u00e9t\u00e9s jusqu&#8217;au 30 juin 2020 - F\u00e9d\u00e9ration Belge de la Franchise<\/title>\n<meta name=\"robots\" content=\"index, follow, max-snippet:-1, max-image-preview:large, max-video-preview:-1\" \/>\n<link rel=\"canonical\" href=\"https:\/\/www.fbf-bff.be\/fr\/covid-19-prolongation-des-mesures-concernant-les-organes-dadministration-des-societes-jusquau-30-juin-2020\/\" \/>\n<meta property=\"og:locale\" content=\"fr_FR\" \/>\n<meta property=\"og:type\" content=\"article\" \/>\n<meta property=\"og:title\" content=\"COVID-19 \u2013 Prolongation des mesures concernant les organes d&#8217;administration des soci\u00e9t\u00e9s jusqu&#8217;au 30 juin 2020 - F\u00e9d\u00e9ration Belge de la Franchise\" \/>\n<meta property=\"og:description\" content=\"e 14 avril dernier, les experts du Cabinet RIKKERS nous proposaient la synth\u00e8se de l\u2019arr\u00eat\u00e9 royal n\u00b0 4 pr\u00e9voyant des mesures relatives \u00e0 la tenue des organes d\u2019administration et assembl\u00e9es g\u00e9n\u00e9rales des soci\u00e9t\u00e9s.\u00a0 Les mesures prises concernaient les r\u00e9unions et assembl\u00e9es devant se tenir ou qui avaient \u00e9t\u00e9 convoqu\u00e9es entre le 1er mars 2020 et le 3 mai 2020.\u00a0 Ils nous informent aujourd&#039;hui que par arr\u00eat\u00e9 royal publi\u00e9 au Moniteur ce 28 avril 2020, le d\u00e9lai se terminant le 3 mai a \u00e9t\u00e9 prolong\u00e9 jusqu\u2019au 30 juin 2020.\" \/>\n<meta property=\"og:url\" content=\"https:\/\/www.fbf-bff.be\/fr\/covid-19-prolongation-des-mesures-concernant-les-organes-dadministration-des-societes-jusquau-30-juin-2020\/\" \/>\n<meta property=\"og:site_name\" content=\"F\u00e9d\u00e9ration Belge de la Franchise\" \/>\n<meta property=\"article:published_time\" content=\"2020-05-04T11:24:30+00:00\" \/>\n<meta property=\"og:image\" content=\"https:\/\/www.fbf-bff.be\/wp-content\/uploads\/2021\/10\/LOGO-1.jpg\" \/>\n\t<meta property=\"og:image:width\" content=\"300\" \/>\n\t<meta property=\"og:image:height\" content=\"135\" \/>\n\t<meta property=\"og:image:type\" content=\"image\/jpeg\" \/>\n<meta name=\"author\" content=\"fbf_admin\" \/>\n<meta name=\"twitter:card\" content=\"summary_large_image\" \/>\n<meta name=\"twitter:label1\" content=\"\u00c9crit par\" \/>\n\t<meta name=\"twitter:data1\" content=\"fbf_admin\" \/>\n\t<meta name=\"twitter:label2\" content=\"Dur\u00e9e de lecture estim\u00e9e\" \/>\n\t<meta name=\"twitter:data2\" content=\"1 minute\" \/>\n<script type=\"application\/ld+json\" class=\"yoast-schema-graph\">{\"@context\":\"https:\/\/schema.org\",\"@graph\":[{\"@type\":\"WebPage\",\"@id\":\"https:\/\/www.fbf-bff.be\/fr\/covid-19-prolongation-des-mesures-concernant-les-organes-dadministration-des-societes-jusquau-30-juin-2020\/\",\"url\":\"https:\/\/www.fbf-bff.be\/fr\/covid-19-prolongation-des-mesures-concernant-les-organes-dadministration-des-societes-jusquau-30-juin-2020\/\",\"name\":\"COVID-19 \u2013 Prolongation des mesures concernant les organes d&#8217;administration des soci\u00e9t\u00e9s jusqu&#8217;au 30 juin 2020 - F\u00e9d\u00e9ration Belge de la Franchise\",\"isPartOf\":{\"@id\":\"https:\/\/www.fbf-bff.be\/#website\"},\"primaryImageOfPage\":{\"@id\":\"https:\/\/www.fbf-bff.be\/fr\/covid-19-prolongation-des-mesures-concernant-les-organes-dadministration-des-societes-jusquau-30-juin-2020\/#primaryimage\"},\"image\":{\"@id\":\"https:\/\/www.fbf-bff.be\/fr\/covid-19-prolongation-des-mesures-concernant-les-organes-dadministration-des-societes-jusquau-30-juin-2020\/#primaryimage\"},\"thumbnailUrl\":\"https:\/\/www.fbf-bff.be\/wp-content\/uploads\/2021\/10\/LOGO-1.jpg\",\"datePublished\":\"2020-05-04T11:24:30+00:00\",\"dateModified\":\"2020-05-04T11:24:30+00:00\",\"author\":{\"@id\":\"https:\/\/www.fbf-bff.be\/#\/schema\/person\/73a9cbee87288cba2b06e3fc29244fe7\"},\"breadcrumb\":{\"@id\":\"https:\/\/www.fbf-bff.be\/fr\/covid-19-prolongation-des-mesures-concernant-les-organes-dadministration-des-societes-jusquau-30-juin-2020\/#breadcrumb\"},\"inLanguage\":\"fr-FR\",\"potentialAction\":[{\"@type\":\"ReadAction\",\"target\":[\"https:\/\/www.fbf-bff.be\/fr\/covid-19-prolongation-des-mesures-concernant-les-organes-dadministration-des-societes-jusquau-30-juin-2020\/\"]}]},{\"@type\":\"ImageObject\",\"inLanguage\":\"fr-FR\",\"@id\":\"https:\/\/www.fbf-bff.be\/fr\/covid-19-prolongation-des-mesures-concernant-les-organes-dadministration-des-societes-jusquau-30-juin-2020\/#primaryimage\",\"url\":\"https:\/\/www.fbf-bff.be\/wp-content\/uploads\/2021\/10\/LOGO-1.jpg\",\"contentUrl\":\"https:\/\/www.fbf-bff.be\/wp-content\/uploads\/2021\/10\/LOGO-1.jpg\",\"width\":300,\"height\":135},{\"@type\":\"BreadcrumbList\",\"@id\":\"https:\/\/www.fbf-bff.be\/fr\/covid-19-prolongation-des-mesures-concernant-les-organes-dadministration-des-societes-jusquau-30-juin-2020\/#breadcrumb\",\"itemListElement\":[{\"@type\":\"ListItem\",\"position\":1,\"name\":\"Home\",\"item\":\"https:\/\/www.fbf-bff.be\/fr\/\"},{\"@type\":\"ListItem\",\"position\":2,\"name\":\"COVID-19 \u2013 Prolongation des mesures concernant les organes d&#8217;administration des soci\u00e9t\u00e9s jusqu&#8217;au 30 juin 2020\"}]},{\"@type\":\"WebSite\",\"@id\":\"https:\/\/www.fbf-bff.be\/#website\",\"url\":\"https:\/\/www.fbf-bff.be\/\",\"name\":\"F\u00e9d\u00e9ration Belge de la Franchise\",\"description\":\"Pour r\u00e9ussir ensemblee\",\"potentialAction\":[{\"@type\":\"SearchAction\",\"target\":{\"@type\":\"EntryPoint\",\"urlTemplate\":\"https:\/\/www.fbf-bff.be\/?s={search_term_string}\"},\"query-input\":{\"@type\":\"PropertyValueSpecification\",\"valueRequired\":true,\"valueName\":\"search_term_string\"}}],\"inLanguage\":\"fr-FR\"},{\"@type\":\"Person\",\"@id\":\"https:\/\/www.fbf-bff.be\/#\/schema\/person\/73a9cbee87288cba2b06e3fc29244fe7\",\"name\":\"fbf_admin\",\"image\":{\"@type\":\"ImageObject\",\"inLanguage\":\"fr-FR\",\"@id\":\"https:\/\/www.fbf-bff.be\/#\/schema\/person\/image\/\",\"url\":\"https:\/\/secure.gravatar.com\/avatar\/20f6483dbe2a69e0999ddcdd1744b7f7?s=96&d=mm&r=g\",\"contentUrl\":\"https:\/\/secure.gravatar.com\/avatar\/20f6483dbe2a69e0999ddcdd1744b7f7?s=96&d=mm&r=g\",\"caption\":\"fbf_admin\"}}]}<\/script>\n<!-- \/ Yoast SEO plugin. -->","yoast_head_json":{"title":"COVID-19 \u2013 Prolongation des mesures concernant les organes d&#8217;administration des soci\u00e9t\u00e9s jusqu&#8217;au 30 juin 2020 - F\u00e9d\u00e9ration Belge de la Franchise","robots":{"index":"index","follow":"follow","max-snippet":"max-snippet:-1","max-image-preview":"max-image-preview:large","max-video-preview":"max-video-preview:-1"},"canonical":"https:\/\/www.fbf-bff.be\/fr\/covid-19-prolongation-des-mesures-concernant-les-organes-dadministration-des-societes-jusquau-30-juin-2020\/","og_locale":"fr_FR","og_type":"article","og_title":"COVID-19 \u2013 Prolongation des mesures concernant les organes d&#8217;administration des soci\u00e9t\u00e9s jusqu&#8217;au 30 juin 2020 - F\u00e9d\u00e9ration Belge de la Franchise","og_description":"e 14 avril dernier, les experts du Cabinet RIKKERS nous proposaient la synth\u00e8se de l\u2019arr\u00eat\u00e9 royal n\u00b0 4 pr\u00e9voyant des mesures relatives \u00e0 la tenue des organes d\u2019administration et assembl\u00e9es g\u00e9n\u00e9rales des soci\u00e9t\u00e9s.\u00a0 Les mesures prises concernaient les r\u00e9unions et assembl\u00e9es devant se tenir ou qui avaient \u00e9t\u00e9 convoqu\u00e9es entre le 1er mars 2020 et le 3 mai 2020.\u00a0 Ils nous informent aujourd'hui que par arr\u00eat\u00e9 royal publi\u00e9 au Moniteur ce 28 avril 2020, le d\u00e9lai se terminant le 3 mai a \u00e9t\u00e9 prolong\u00e9 jusqu\u2019au 30 juin 2020.","og_url":"https:\/\/www.fbf-bff.be\/fr\/covid-19-prolongation-des-mesures-concernant-les-organes-dadministration-des-societes-jusquau-30-juin-2020\/","og_site_name":"F\u00e9d\u00e9ration Belge de la Franchise","article_published_time":"2020-05-04T11:24:30+00:00","og_image":[{"width":300,"height":135,"url":"https:\/\/www.fbf-bff.be\/wp-content\/uploads\/2021\/10\/LOGO-1.jpg","type":"image\/jpeg"}],"author":"fbf_admin","twitter_card":"summary_large_image","twitter_misc":{"\u00c9crit par":"fbf_admin","Dur\u00e9e de lecture estim\u00e9e":"1 minute"},"schema":{"@context":"https:\/\/schema.org","@graph":[{"@type":"WebPage","@id":"https:\/\/www.fbf-bff.be\/fr\/covid-19-prolongation-des-mesures-concernant-les-organes-dadministration-des-societes-jusquau-30-juin-2020\/","url":"https:\/\/www.fbf-bff.be\/fr\/covid-19-prolongation-des-mesures-concernant-les-organes-dadministration-des-societes-jusquau-30-juin-2020\/","name":"COVID-19 \u2013 Prolongation des mesures concernant les organes d&#8217;administration des soci\u00e9t\u00e9s jusqu&#8217;au 30 juin 2020 - F\u00e9d\u00e9ration Belge de la Franchise","isPartOf":{"@id":"https:\/\/www.fbf-bff.be\/#website"},"primaryImageOfPage":{"@id":"https:\/\/www.fbf-bff.be\/fr\/covid-19-prolongation-des-mesures-concernant-les-organes-dadministration-des-societes-jusquau-30-juin-2020\/#primaryimage"},"image":{"@id":"https:\/\/www.fbf-bff.be\/fr\/covid-19-prolongation-des-mesures-concernant-les-organes-dadministration-des-societes-jusquau-30-juin-2020\/#primaryimage"},"thumbnailUrl":"https:\/\/www.fbf-bff.be\/wp-content\/uploads\/2021\/10\/LOGO-1.jpg","datePublished":"2020-05-04T11:24:30+00:00","dateModified":"2020-05-04T11:24:30+00:00","author":{"@id":"https:\/\/www.fbf-bff.be\/#\/schema\/person\/73a9cbee87288cba2b06e3fc29244fe7"},"breadcrumb":{"@id":"https:\/\/www.fbf-bff.be\/fr\/covid-19-prolongation-des-mesures-concernant-les-organes-dadministration-des-societes-jusquau-30-juin-2020\/#breadcrumb"},"inLanguage":"fr-FR","potentialAction":[{"@type":"ReadAction","target":["https:\/\/www.fbf-bff.be\/fr\/covid-19-prolongation-des-mesures-concernant-les-organes-dadministration-des-societes-jusquau-30-juin-2020\/"]}]},{"@type":"ImageObject","inLanguage":"fr-FR","@id":"https:\/\/www.fbf-bff.be\/fr\/covid-19-prolongation-des-mesures-concernant-les-organes-dadministration-des-societes-jusquau-30-juin-2020\/#primaryimage","url":"https:\/\/www.fbf-bff.be\/wp-content\/uploads\/2021\/10\/LOGO-1.jpg","contentUrl":"https:\/\/www.fbf-bff.be\/wp-content\/uploads\/2021\/10\/LOGO-1.jpg","width":300,"height":135},{"@type":"BreadcrumbList","@id":"https:\/\/www.fbf-bff.be\/fr\/covid-19-prolongation-des-mesures-concernant-les-organes-dadministration-des-societes-jusquau-30-juin-2020\/#breadcrumb","itemListElement":[{"@type":"ListItem","position":1,"name":"Home","item":"https:\/\/www.fbf-bff.be\/fr\/"},{"@type":"ListItem","position":2,"name":"COVID-19 \u2013 Prolongation des mesures concernant les organes d&#8217;administration des soci\u00e9t\u00e9s jusqu&#8217;au 30 juin 2020"}]},{"@type":"WebSite","@id":"https:\/\/www.fbf-bff.be\/#website","url":"https:\/\/www.fbf-bff.be\/","name":"F\u00e9d\u00e9ration Belge de la Franchise","description":"Pour r\u00e9ussir ensemblee","potentialAction":[{"@type":"SearchAction","target":{"@type":"EntryPoint","urlTemplate":"https:\/\/www.fbf-bff.be\/?s={search_term_string}"},"query-input":{"@type":"PropertyValueSpecification","valueRequired":true,"valueName":"search_term_string"}}],"inLanguage":"fr-FR"},{"@type":"Person","@id":"https:\/\/www.fbf-bff.be\/#\/schema\/person\/73a9cbee87288cba2b06e3fc29244fe7","name":"fbf_admin","image":{"@type":"ImageObject","inLanguage":"fr-FR","@id":"https:\/\/www.fbf-bff.be\/#\/schema\/person\/image\/","url":"https:\/\/secure.gravatar.com\/avatar\/20f6483dbe2a69e0999ddcdd1744b7f7?s=96&d=mm&r=g","contentUrl":"https:\/\/secure.gravatar.com\/avatar\/20f6483dbe2a69e0999ddcdd1744b7f7?s=96&d=mm&r=g","caption":"fbf_admin"}}]}},"_links":{"self":[{"href":"https:\/\/www.fbf-bff.be\/fr\/wp-json\/wp\/v2\/posts\/9849"}],"collection":[{"href":"https:\/\/www.fbf-bff.be\/fr\/wp-json\/wp\/v2\/posts"}],"about":[{"href":"https:\/\/www.fbf-bff.be\/fr\/wp-json\/wp\/v2\/types\/post"}],"author":[{"embeddable":true,"href":"https:\/\/www.fbf-bff.be\/fr\/wp-json\/wp\/v2\/users\/1"}],"replies":[{"embeddable":true,"href":"https:\/\/www.fbf-bff.be\/fr\/wp-json\/wp\/v2\/comments?post=9849"}],"version-history":[{"count":0,"href":"https:\/\/www.fbf-bff.be\/fr\/wp-json\/wp\/v2\/posts\/9849\/revisions"}],"wp:featuredmedia":[{"embeddable":true,"href":"https:\/\/www.fbf-bff.be\/fr\/wp-json\/wp\/v2\/media\/9835"}],"wp:attachment":[{"href":"https:\/\/www.fbf-bff.be\/fr\/wp-json\/wp\/v2\/media?parent=9849"}],"wp:term":[{"taxonomy":"category","embeddable":true,"href":"https:\/\/www.fbf-bff.be\/fr\/wp-json\/wp\/v2\/categories?post=9849"},{"taxonomy":"post_tag","embeddable":true,"href":"https:\/\/www.fbf-bff.be\/fr\/wp-json\/wp\/v2\/tags?post=9849"}],"curies":[{"name":"wp","href":"https:\/\/api.w.org\/{rel}","templated":true}]}}