{"id":9844,"date":"2020-04-28T11:24:01","date_gmt":"2020-04-28T09:24:01","guid":{"rendered":"https:\/\/www.fbf-bff.be\/arrete-royal-n-15-du-24-avril-sursis-temporaire-en-faveur-des-entreprises-de-mesures-dexecution-pendant-la-duree-de-la-crise-du-covid-19\/"},"modified":"2020-04-28T11:24:01","modified_gmt":"2020-04-28T09:24:01","slug":"arrete-royal-n-15-du-24-avril-sursis-temporaire-en-faveur-des-entreprises-de-mesures-dexecution-pendant-la-duree-de-la-crise-du-covid-19","status":"publish","type":"post","link":"https:\/\/www.fbf-bff.be\/fr\/arrete-royal-n-15-du-24-avril-sursis-temporaire-en-faveur-des-entreprises-de-mesures-dexecution-pendant-la-duree-de-la-crise-du-covid-19\/","title":{"rendered":"Arr\u00eat\u00e9 royal n\u00b0 15 du 24 avril : sursis temporaire, en faveur des entreprises, de mesures d&#8217;ex\u00e9cution pendant la dur\u00e9e de la crise du COVID-19"},"content":{"rendered":"L\u2019arr\u00eat\u00e9 royal de pouvoirs sp\u00e9ciaux n\u00b015 a \u00e9t\u00e9 publi\u00e9 au Moniteur de ce 24 avril. Il est entr\u00e9 en vigueur le m\u00eame jour et sortira ses effets jusqu\u2019au <strong>17\/05\/2020<\/strong> (sauf prolongation).\u00a0 L\u2019objectif poursuivi est de mettre en place un moratoire temporaire b\u00e9n\u00e9ficiant \u00e0 toute entreprise d\u00e9bitrice.\u00a0 Compte tenu de la p\u00e9riode tr\u00e8s limit\u00e9e dans le temps de la mesure (sauf prorogation), on peut douter des effets r\u00e9els en faveur des entreprises frapp\u00e9es de plein fouet par cette crise et les mesures li\u00e9es au confinement.\u00a0 Pour lire l&rsquo;article en entier, <a href=\"https:\/\/franchisingbelgium.be\/wp-content\/uploads\/2020\/04\/PUBLIE-RIKKERS-FR-Synth\u00e8se-des-dispositions-de-lAR-15-Cessez-le-feu-faillites-Covid-19.docx.pdf\" class=\"broken_link\">cliquez ici<\/a>.","protected":false},"excerpt":{"rendered":"<p>L\u2019arr\u00eat\u00e9 royal de pouvoirs sp\u00e9ciaux n\u00b015 a \u00e9t\u00e9 publi\u00e9 au Moniteur de ce 24 avril. Il est entr\u00e9 en vigueur le m\u00eame jour et sortira ses effets jusqu\u2019au 17\/05\/2020 (sauf prolongation).\u00a0 L\u2019objectif poursuivi est de mettre en place un moratoire temporaire b\u00e9n\u00e9ficiant \u00e0 toute entreprise d\u00e9bitrice.\u00a0 Compte tenu de la p\u00e9riode tr\u00e8s limit\u00e9e dans le temps de la mesure (sauf prorogation), on peut douter des effets r\u00e9els en faveur des entreprises frapp\u00e9es de plein fouet par cette crise et les mesures li\u00e9es au confinement.\u00a0<\/p>\n","protected":false},"author":1,"featured_media":9845,"comment_status":"closed","ping_status":"open","sticky":false,"template":"","format":"standard","meta":{"ngg_post_thumbnail":0,"footnotes":""},"categories":[38],"tags":[],"acf":[],"yoast_head":"<!-- This site is optimized with the Yoast SEO plugin v23.5 - https:\/\/yoast.com\/wordpress\/plugins\/seo\/ -->\n<title>Arr\u00eat\u00e9 royal n\u00b0 15 du 24 avril : sursis temporaire, en faveur des entreprises, de mesures d&#8217;ex\u00e9cution pendant la dur\u00e9e de la crise du COVID-19 - F\u00e9d\u00e9ration Belge de la Franchise<\/title>\n<meta name=\"robots\" content=\"index, follow, max-snippet:-1, max-image-preview:large, max-video-preview:-1\" \/>\n<link rel=\"canonical\" href=\"https:\/\/www.fbf-bff.be\/fr\/arrete-royal-n-15-du-24-avril-sursis-temporaire-en-faveur-des-entreprises-de-mesures-dexecution-pendant-la-duree-de-la-crise-du-covid-19\/\" \/>\n<meta property=\"og:locale\" content=\"fr_FR\" \/>\n<meta property=\"og:type\" content=\"article\" \/>\n<meta property=\"og:title\" content=\"Arr\u00eat\u00e9 royal n\u00b0 15 du 24 avril : sursis temporaire, en faveur des entreprises, de mesures d&#8217;ex\u00e9cution pendant la dur\u00e9e de la crise du COVID-19 - F\u00e9d\u00e9ration Belge de la Franchise\" \/>\n<meta property=\"og:description\" content=\"L\u2019arr\u00eat\u00e9 royal de pouvoirs sp\u00e9ciaux n\u00b015 a \u00e9t\u00e9 publi\u00e9 au Moniteur de ce 24 avril. Il est entr\u00e9 en vigueur le m\u00eame jour et sortira ses effets jusqu\u2019au 17\/05\/2020 (sauf prolongation).\u00a0 L\u2019objectif poursuivi est de mettre en place un moratoire temporaire b\u00e9n\u00e9ficiant \u00e0 toute entreprise d\u00e9bitrice.\u00a0 Compte tenu de la p\u00e9riode tr\u00e8s limit\u00e9e dans le temps de la mesure (sauf prorogation), on peut douter des effets r\u00e9els en faveur des entreprises frapp\u00e9es de plein fouet par cette crise et les mesures li\u00e9es au confinement.\u00a0\" \/>\n<meta property=\"og:url\" content=\"https:\/\/www.fbf-bff.be\/fr\/arrete-royal-n-15-du-24-avril-sursis-temporaire-en-faveur-des-entreprises-de-mesures-dexecution-pendant-la-duree-de-la-crise-du-covid-19\/\" \/>\n<meta property=\"og:site_name\" content=\"F\u00e9d\u00e9ration Belge de la Franchise\" \/>\n<meta property=\"article:published_time\" content=\"2020-04-28T09:24:01+00:00\" \/>\n<meta property=\"og:image\" content=\"https:\/\/www.fbf-bff.be\/wp-content\/uploads\/2021\/10\/LOGO-1-1.jpg\" \/>\n\t<meta property=\"og:image:width\" content=\"300\" \/>\n\t<meta property=\"og:image:height\" content=\"135\" \/>\n\t<meta property=\"og:image:type\" content=\"image\/jpeg\" \/>\n<meta name=\"author\" content=\"fbf_admin\" \/>\n<meta name=\"twitter:card\" content=\"summary_large_image\" \/>\n<meta name=\"twitter:label1\" content=\"\u00c9crit par\" \/>\n\t<meta name=\"twitter:data1\" content=\"fbf_admin\" \/>\n\t<meta name=\"twitter:label2\" content=\"Dur\u00e9e de lecture estim\u00e9e\" \/>\n\t<meta name=\"twitter:data2\" content=\"1 minute\" \/>\n<script type=\"application\/ld+json\" class=\"yoast-schema-graph\">{\"@context\":\"https:\/\/schema.org\",\"@graph\":[{\"@type\":\"WebPage\",\"@id\":\"https:\/\/www.fbf-bff.be\/fr\/arrete-royal-n-15-du-24-avril-sursis-temporaire-en-faveur-des-entreprises-de-mesures-dexecution-pendant-la-duree-de-la-crise-du-covid-19\/\",\"url\":\"https:\/\/www.fbf-bff.be\/fr\/arrete-royal-n-15-du-24-avril-sursis-temporaire-en-faveur-des-entreprises-de-mesures-dexecution-pendant-la-duree-de-la-crise-du-covid-19\/\",\"name\":\"Arr\u00eat\u00e9 royal n\u00b0 15 du 24 avril : sursis temporaire, en faveur des entreprises, de mesures d&#8217;ex\u00e9cution pendant la dur\u00e9e de la crise du COVID-19 - F\u00e9d\u00e9ration Belge de la Franchise\",\"isPartOf\":{\"@id\":\"https:\/\/www.fbf-bff.be\/#website\"},\"primaryImageOfPage\":{\"@id\":\"https:\/\/www.fbf-bff.be\/fr\/arrete-royal-n-15-du-24-avril-sursis-temporaire-en-faveur-des-entreprises-de-mesures-dexecution-pendant-la-duree-de-la-crise-du-covid-19\/#primaryimage\"},\"image\":{\"@id\":\"https:\/\/www.fbf-bff.be\/fr\/arrete-royal-n-15-du-24-avril-sursis-temporaire-en-faveur-des-entreprises-de-mesures-dexecution-pendant-la-duree-de-la-crise-du-covid-19\/#primaryimage\"},\"thumbnailUrl\":\"https:\/\/www.fbf-bff.be\/wp-content\/uploads\/2021\/10\/LOGO-1-1.jpg\",\"datePublished\":\"2020-04-28T09:24:01+00:00\",\"dateModified\":\"2020-04-28T09:24:01+00:00\",\"author\":{\"@id\":\"https:\/\/www.fbf-bff.be\/#\/schema\/person\/73a9cbee87288cba2b06e3fc29244fe7\"},\"breadcrumb\":{\"@id\":\"https:\/\/www.fbf-bff.be\/fr\/arrete-royal-n-15-du-24-avril-sursis-temporaire-en-faveur-des-entreprises-de-mesures-dexecution-pendant-la-duree-de-la-crise-du-covid-19\/#breadcrumb\"},\"inLanguage\":\"fr-FR\",\"potentialAction\":[{\"@type\":\"ReadAction\",\"target\":[\"https:\/\/www.fbf-bff.be\/fr\/arrete-royal-n-15-du-24-avril-sursis-temporaire-en-faveur-des-entreprises-de-mesures-dexecution-pendant-la-duree-de-la-crise-du-covid-19\/\"]}]},{\"@type\":\"ImageObject\",\"inLanguage\":\"fr-FR\",\"@id\":\"https:\/\/www.fbf-bff.be\/fr\/arrete-royal-n-15-du-24-avril-sursis-temporaire-en-faveur-des-entreprises-de-mesures-dexecution-pendant-la-duree-de-la-crise-du-covid-19\/#primaryimage\",\"url\":\"https:\/\/www.fbf-bff.be\/wp-content\/uploads\/2021\/10\/LOGO-1-1.jpg\",\"contentUrl\":\"https:\/\/www.fbf-bff.be\/wp-content\/uploads\/2021\/10\/LOGO-1-1.jpg\",\"width\":300,\"height\":135},{\"@type\":\"BreadcrumbList\",\"@id\":\"https:\/\/www.fbf-bff.be\/fr\/arrete-royal-n-15-du-24-avril-sursis-temporaire-en-faveur-des-entreprises-de-mesures-dexecution-pendant-la-duree-de-la-crise-du-covid-19\/#breadcrumb\",\"itemListElement\":[{\"@type\":\"ListItem\",\"position\":1,\"name\":\"Home\",\"item\":\"https:\/\/www.fbf-bff.be\/fr\/\"},{\"@type\":\"ListItem\",\"position\":2,\"name\":\"Arr\u00eat\u00e9 royal n\u00b0 15 du 24 avril : sursis temporaire, en faveur des entreprises, de mesures d&#8217;ex\u00e9cution pendant la dur\u00e9e de la crise du COVID-19\"}]},{\"@type\":\"WebSite\",\"@id\":\"https:\/\/www.fbf-bff.be\/#website\",\"url\":\"https:\/\/www.fbf-bff.be\/\",\"name\":\"F\u00e9d\u00e9ration Belge de la Franchise\",\"description\":\"Pour r\u00e9ussir ensemblee\",\"potentialAction\":[{\"@type\":\"SearchAction\",\"target\":{\"@type\":\"EntryPoint\",\"urlTemplate\":\"https:\/\/www.fbf-bff.be\/?s={search_term_string}\"},\"query-input\":{\"@type\":\"PropertyValueSpecification\",\"valueRequired\":true,\"valueName\":\"search_term_string\"}}],\"inLanguage\":\"fr-FR\"},{\"@type\":\"Person\",\"@id\":\"https:\/\/www.fbf-bff.be\/#\/schema\/person\/73a9cbee87288cba2b06e3fc29244fe7\",\"name\":\"fbf_admin\",\"image\":{\"@type\":\"ImageObject\",\"inLanguage\":\"fr-FR\",\"@id\":\"https:\/\/www.fbf-bff.be\/#\/schema\/person\/image\/\",\"url\":\"https:\/\/secure.gravatar.com\/avatar\/20f6483dbe2a69e0999ddcdd1744b7f7?s=96&d=mm&r=g\",\"contentUrl\":\"https:\/\/secure.gravatar.com\/avatar\/20f6483dbe2a69e0999ddcdd1744b7f7?s=96&d=mm&r=g\",\"caption\":\"fbf_admin\"}}]}<\/script>\n<!-- \/ Yoast SEO plugin. -->","yoast_head_json":{"title":"Arr\u00eat\u00e9 royal n\u00b0 15 du 24 avril : sursis temporaire, en faveur des entreprises, de mesures d&#8217;ex\u00e9cution pendant la dur\u00e9e de la crise du COVID-19 - F\u00e9d\u00e9ration Belge de la Franchise","robots":{"index":"index","follow":"follow","max-snippet":"max-snippet:-1","max-image-preview":"max-image-preview:large","max-video-preview":"max-video-preview:-1"},"canonical":"https:\/\/www.fbf-bff.be\/fr\/arrete-royal-n-15-du-24-avril-sursis-temporaire-en-faveur-des-entreprises-de-mesures-dexecution-pendant-la-duree-de-la-crise-du-covid-19\/","og_locale":"fr_FR","og_type":"article","og_title":"Arr\u00eat\u00e9 royal n\u00b0 15 du 24 avril : sursis temporaire, en faveur des entreprises, de mesures d&#8217;ex\u00e9cution pendant la dur\u00e9e de la crise du COVID-19 - F\u00e9d\u00e9ration Belge de la Franchise","og_description":"L\u2019arr\u00eat\u00e9 royal de pouvoirs sp\u00e9ciaux n\u00b015 a \u00e9t\u00e9 publi\u00e9 au Moniteur de ce 24 avril. Il est entr\u00e9 en vigueur le m\u00eame jour et sortira ses effets jusqu\u2019au 17\/05\/2020 (sauf prolongation).\u00a0 L\u2019objectif poursuivi est de mettre en place un moratoire temporaire b\u00e9n\u00e9ficiant \u00e0 toute entreprise d\u00e9bitrice.\u00a0 Compte tenu de la p\u00e9riode tr\u00e8s limit\u00e9e dans le temps de la mesure (sauf prorogation), on peut douter des effets r\u00e9els en faveur des entreprises frapp\u00e9es de plein fouet par cette crise et les mesures li\u00e9es au confinement.\u00a0","og_url":"https:\/\/www.fbf-bff.be\/fr\/arrete-royal-n-15-du-24-avril-sursis-temporaire-en-faveur-des-entreprises-de-mesures-dexecution-pendant-la-duree-de-la-crise-du-covid-19\/","og_site_name":"F\u00e9d\u00e9ration Belge de la Franchise","article_published_time":"2020-04-28T09:24:01+00:00","og_image":[{"width":300,"height":135,"url":"https:\/\/www.fbf-bff.be\/wp-content\/uploads\/2021\/10\/LOGO-1-1.jpg","type":"image\/jpeg"}],"author":"fbf_admin","twitter_card":"summary_large_image","twitter_misc":{"\u00c9crit par":"fbf_admin","Dur\u00e9e de lecture estim\u00e9e":"1 minute"},"schema":{"@context":"https:\/\/schema.org","@graph":[{"@type":"WebPage","@id":"https:\/\/www.fbf-bff.be\/fr\/arrete-royal-n-15-du-24-avril-sursis-temporaire-en-faveur-des-entreprises-de-mesures-dexecution-pendant-la-duree-de-la-crise-du-covid-19\/","url":"https:\/\/www.fbf-bff.be\/fr\/arrete-royal-n-15-du-24-avril-sursis-temporaire-en-faveur-des-entreprises-de-mesures-dexecution-pendant-la-duree-de-la-crise-du-covid-19\/","name":"Arr\u00eat\u00e9 royal n\u00b0 15 du 24 avril : sursis temporaire, en faveur des entreprises, de mesures d&#8217;ex\u00e9cution pendant la dur\u00e9e de la crise du COVID-19 - F\u00e9d\u00e9ration Belge de la Franchise","isPartOf":{"@id":"https:\/\/www.fbf-bff.be\/#website"},"primaryImageOfPage":{"@id":"https:\/\/www.fbf-bff.be\/fr\/arrete-royal-n-15-du-24-avril-sursis-temporaire-en-faveur-des-entreprises-de-mesures-dexecution-pendant-la-duree-de-la-crise-du-covid-19\/#primaryimage"},"image":{"@id":"https:\/\/www.fbf-bff.be\/fr\/arrete-royal-n-15-du-24-avril-sursis-temporaire-en-faveur-des-entreprises-de-mesures-dexecution-pendant-la-duree-de-la-crise-du-covid-19\/#primaryimage"},"thumbnailUrl":"https:\/\/www.fbf-bff.be\/wp-content\/uploads\/2021\/10\/LOGO-1-1.jpg","datePublished":"2020-04-28T09:24:01+00:00","dateModified":"2020-04-28T09:24:01+00:00","author":{"@id":"https:\/\/www.fbf-bff.be\/#\/schema\/person\/73a9cbee87288cba2b06e3fc29244fe7"},"breadcrumb":{"@id":"https:\/\/www.fbf-bff.be\/fr\/arrete-royal-n-15-du-24-avril-sursis-temporaire-en-faveur-des-entreprises-de-mesures-dexecution-pendant-la-duree-de-la-crise-du-covid-19\/#breadcrumb"},"inLanguage":"fr-FR","potentialAction":[{"@type":"ReadAction","target":["https:\/\/www.fbf-bff.be\/fr\/arrete-royal-n-15-du-24-avril-sursis-temporaire-en-faveur-des-entreprises-de-mesures-dexecution-pendant-la-duree-de-la-crise-du-covid-19\/"]}]},{"@type":"ImageObject","inLanguage":"fr-FR","@id":"https:\/\/www.fbf-bff.be\/fr\/arrete-royal-n-15-du-24-avril-sursis-temporaire-en-faveur-des-entreprises-de-mesures-dexecution-pendant-la-duree-de-la-crise-du-covid-19\/#primaryimage","url":"https:\/\/www.fbf-bff.be\/wp-content\/uploads\/2021\/10\/LOGO-1-1.jpg","contentUrl":"https:\/\/www.fbf-bff.be\/wp-content\/uploads\/2021\/10\/LOGO-1-1.jpg","width":300,"height":135},{"@type":"BreadcrumbList","@id":"https:\/\/www.fbf-bff.be\/fr\/arrete-royal-n-15-du-24-avril-sursis-temporaire-en-faveur-des-entreprises-de-mesures-dexecution-pendant-la-duree-de-la-crise-du-covid-19\/#breadcrumb","itemListElement":[{"@type":"ListItem","position":1,"name":"Home","item":"https:\/\/www.fbf-bff.be\/fr\/"},{"@type":"ListItem","position":2,"name":"Arr\u00eat\u00e9 royal n\u00b0 15 du 24 avril : sursis temporaire, en faveur des entreprises, de mesures d&#8217;ex\u00e9cution pendant la dur\u00e9e de la crise du COVID-19"}]},{"@type":"WebSite","@id":"https:\/\/www.fbf-bff.be\/#website","url":"https:\/\/www.fbf-bff.be\/","name":"F\u00e9d\u00e9ration Belge de la Franchise","description":"Pour r\u00e9ussir ensemblee","potentialAction":[{"@type":"SearchAction","target":{"@type":"EntryPoint","urlTemplate":"https:\/\/www.fbf-bff.be\/?s={search_term_string}"},"query-input":{"@type":"PropertyValueSpecification","valueRequired":true,"valueName":"search_term_string"}}],"inLanguage":"fr-FR"},{"@type":"Person","@id":"https:\/\/www.fbf-bff.be\/#\/schema\/person\/73a9cbee87288cba2b06e3fc29244fe7","name":"fbf_admin","image":{"@type":"ImageObject","inLanguage":"fr-FR","@id":"https:\/\/www.fbf-bff.be\/#\/schema\/person\/image\/","url":"https:\/\/secure.gravatar.com\/avatar\/20f6483dbe2a69e0999ddcdd1744b7f7?s=96&d=mm&r=g","contentUrl":"https:\/\/secure.gravatar.com\/avatar\/20f6483dbe2a69e0999ddcdd1744b7f7?s=96&d=mm&r=g","caption":"fbf_admin"}}]}},"_links":{"self":[{"href":"https:\/\/www.fbf-bff.be\/fr\/wp-json\/wp\/v2\/posts\/9844"}],"collection":[{"href":"https:\/\/www.fbf-bff.be\/fr\/wp-json\/wp\/v2\/posts"}],"about":[{"href":"https:\/\/www.fbf-bff.be\/fr\/wp-json\/wp\/v2\/types\/post"}],"author":[{"embeddable":true,"href":"https:\/\/www.fbf-bff.be\/fr\/wp-json\/wp\/v2\/users\/1"}],"replies":[{"embeddable":true,"href":"https:\/\/www.fbf-bff.be\/fr\/wp-json\/wp\/v2\/comments?post=9844"}],"version-history":[{"count":0,"href":"https:\/\/www.fbf-bff.be\/fr\/wp-json\/wp\/v2\/posts\/9844\/revisions"}],"wp:featuredmedia":[{"embeddable":true,"href":"https:\/\/www.fbf-bff.be\/fr\/wp-json\/wp\/v2\/media\/9845"}],"wp:attachment":[{"href":"https:\/\/www.fbf-bff.be\/fr\/wp-json\/wp\/v2\/media?parent=9844"}],"wp:term":[{"taxonomy":"category","embeddable":true,"href":"https:\/\/www.fbf-bff.be\/fr\/wp-json\/wp\/v2\/categories?post=9844"},{"taxonomy":"post_tag","embeddable":true,"href":"https:\/\/www.fbf-bff.be\/fr\/wp-json\/wp\/v2\/tags?post=9844"}],"curies":[{"name":"wp","href":"https:\/\/api.w.org\/{rel}","templated":true}]}}