{"id":9839,"date":"2020-04-21T09:54:37","date_gmt":"2020-04-21T07:54:37","guid":{"rendered":"https:\/\/www.fbf-bff.be\/coronavirus-quelles-consequences-pour-les-franchiseurs-et-franchises\/"},"modified":"2020-04-21T09:54:37","modified_gmt":"2020-04-21T07:54:37","slug":"coronavirus-quelles-consequences-pour-les-franchiseurs-et-franchises","status":"publish","type":"post","link":"https:\/\/www.fbf-bff.be\/fr\/coronavirus-quelles-consequences-pour-les-franchiseurs-et-franchises\/","title":{"rendered":"Coronavirus: quelles cons\u00e9quences pour les franchiseurs et franchis\u00e9s?"},"content":{"rendered":"En cette p\u00e9riode in\u00e9dite, les entreprises doivent faire face \u00e0 de nombreux d\u00e9fis. La fermeture de nombreux commerces et magasins et le ralentissement g\u00e9n\u00e9ral des activit\u00e9s \u00e9conomiques suite aux arr\u00eat\u00e9s minist\u00e9riels successifs du mois de mars ont \u00e9videmment eu un impact consid\u00e9rable sur de nombreux franchiseurs et franchis\u00e9s.\r\n\r\nLa pr\u00e9sente contribution a pour but d\u2019aborder diff\u00e9rentes questions que franchiseurs et franchis\u00e9s peuvent se poser concernant la poursuite et l\u2019ex\u00e9cution de leurs contrats commerciaux, qu\u2019il s\u2019agisse du contrat de franchise ou des contrats conclus avec des fournisseurs, des clients ou des prestataires de services.\u00a0 <a href=\"https:\/\/franchisingbelgium.be\/wp-content\/uploads\/2020\/04\/PUBLIE-ALTIUS-200414-Article-franchise-et-coronavirus-FR-2.docx.pdf\">Cliquez ici<\/a> pour lire tout l&rsquo;article.","protected":false},"excerpt":{"rendered":"<p>En cette p\u00e9riode in\u00e9dite, les entreprises doivent faire face \u00e0 de nombreux d\u00e9fis. La fermeture de nombreux commerces et magasins et le ralentissement g\u00e9n\u00e9ral des activit\u00e9s \u00e9conomiques suite aux arr\u00eat\u00e9s minist\u00e9riels successifs du mois de mars ont \u00e9videmment eu un impact consid\u00e9rable sur de nombreux franchiseurs et franchis\u00e9s.<\/p>\n","protected":false},"author":1,"featured_media":9840,"comment_status":"closed","ping_status":"open","sticky":false,"template":"","format":"standard","meta":{"ngg_post_thumbnail":0,"footnotes":""},"categories":[38],"tags":[],"acf":[],"yoast_head":"<!-- This site is optimized with the Yoast SEO plugin v23.5 - https:\/\/yoast.com\/wordpress\/plugins\/seo\/ -->\n<title>Coronavirus: quelles cons\u00e9quences pour les franchiseurs et franchis\u00e9s? - F\u00e9d\u00e9ration Belge de la Franchise<\/title>\n<meta name=\"robots\" content=\"index, follow, max-snippet:-1, max-image-preview:large, max-video-preview:-1\" \/>\n<link rel=\"canonical\" href=\"https:\/\/www.fbf-bff.be\/fr\/coronavirus-quelles-consequences-pour-les-franchiseurs-et-franchises\/\" \/>\n<meta property=\"og:locale\" content=\"fr_FR\" \/>\n<meta property=\"og:type\" content=\"article\" \/>\n<meta property=\"og:title\" content=\"Coronavirus: quelles cons\u00e9quences pour les franchiseurs et franchis\u00e9s? - F\u00e9d\u00e9ration Belge de la Franchise\" \/>\n<meta property=\"og:description\" content=\"En cette p\u00e9riode in\u00e9dite, les entreprises doivent faire face \u00e0 de nombreux d\u00e9fis. La fermeture de nombreux commerces et magasins et le ralentissement g\u00e9n\u00e9ral des activit\u00e9s \u00e9conomiques suite aux arr\u00eat\u00e9s minist\u00e9riels successifs du mois de mars ont \u00e9videmment eu un impact consid\u00e9rable sur de nombreux franchiseurs et franchis\u00e9s.\" \/>\n<meta property=\"og:url\" content=\"https:\/\/www.fbf-bff.be\/fr\/coronavirus-quelles-consequences-pour-les-franchiseurs-et-franchises\/\" \/>\n<meta property=\"og:site_name\" content=\"F\u00e9d\u00e9ration Belge de la Franchise\" \/>\n<meta property=\"article:published_time\" content=\"2020-04-21T07:54:37+00:00\" \/>\n<meta property=\"og:image\" content=\"https:\/\/www.fbf-bff.be\/wp-content\/uploads\/2021\/10\/Altius_Logo-1.jpg\" \/>\n\t<meta property=\"og:image:width\" content=\"1207\" \/>\n\t<meta property=\"og:image:height\" content=\"1920\" \/>\n\t<meta property=\"og:image:type\" content=\"image\/jpeg\" \/>\n<meta name=\"author\" content=\"fbf_admin\" \/>\n<meta name=\"twitter:card\" content=\"summary_large_image\" \/>\n<meta name=\"twitter:label1\" content=\"\u00c9crit par\" \/>\n\t<meta name=\"twitter:data1\" content=\"fbf_admin\" \/>\n\t<meta name=\"twitter:label2\" content=\"Dur\u00e9e de lecture estim\u00e9e\" \/>\n\t<meta name=\"twitter:data2\" content=\"1 minute\" \/>\n<script type=\"application\/ld+json\" class=\"yoast-schema-graph\">{\"@context\":\"https:\/\/schema.org\",\"@graph\":[{\"@type\":\"WebPage\",\"@id\":\"https:\/\/www.fbf-bff.be\/fr\/coronavirus-quelles-consequences-pour-les-franchiseurs-et-franchises\/\",\"url\":\"https:\/\/www.fbf-bff.be\/fr\/coronavirus-quelles-consequences-pour-les-franchiseurs-et-franchises\/\",\"name\":\"Coronavirus: quelles cons\u00e9quences pour les franchiseurs et franchis\u00e9s? - F\u00e9d\u00e9ration Belge de la Franchise\",\"isPartOf\":{\"@id\":\"https:\/\/www.fbf-bff.be\/#website\"},\"primaryImageOfPage\":{\"@id\":\"https:\/\/www.fbf-bff.be\/fr\/coronavirus-quelles-consequences-pour-les-franchiseurs-et-franchises\/#primaryimage\"},\"image\":{\"@id\":\"https:\/\/www.fbf-bff.be\/fr\/coronavirus-quelles-consequences-pour-les-franchiseurs-et-franchises\/#primaryimage\"},\"thumbnailUrl\":\"https:\/\/www.fbf-bff.be\/wp-content\/uploads\/2021\/10\/Altius_Logo-1.jpg\",\"datePublished\":\"2020-04-21T07:54:37+00:00\",\"dateModified\":\"2020-04-21T07:54:37+00:00\",\"author\":{\"@id\":\"https:\/\/www.fbf-bff.be\/#\/schema\/person\/73a9cbee87288cba2b06e3fc29244fe7\"},\"breadcrumb\":{\"@id\":\"https:\/\/www.fbf-bff.be\/fr\/coronavirus-quelles-consequences-pour-les-franchiseurs-et-franchises\/#breadcrumb\"},\"inLanguage\":\"fr-FR\",\"potentialAction\":[{\"@type\":\"ReadAction\",\"target\":[\"https:\/\/www.fbf-bff.be\/fr\/coronavirus-quelles-consequences-pour-les-franchiseurs-et-franchises\/\"]}]},{\"@type\":\"ImageObject\",\"inLanguage\":\"fr-FR\",\"@id\":\"https:\/\/www.fbf-bff.be\/fr\/coronavirus-quelles-consequences-pour-les-franchiseurs-et-franchises\/#primaryimage\",\"url\":\"https:\/\/www.fbf-bff.be\/wp-content\/uploads\/2021\/10\/Altius_Logo-1.jpg\",\"contentUrl\":\"https:\/\/www.fbf-bff.be\/wp-content\/uploads\/2021\/10\/Altius_Logo-1.jpg\",\"width\":1207,\"height\":1920},{\"@type\":\"BreadcrumbList\",\"@id\":\"https:\/\/www.fbf-bff.be\/fr\/coronavirus-quelles-consequences-pour-les-franchiseurs-et-franchises\/#breadcrumb\",\"itemListElement\":[{\"@type\":\"ListItem\",\"position\":1,\"name\":\"Home\",\"item\":\"https:\/\/www.fbf-bff.be\/fr\/\"},{\"@type\":\"ListItem\",\"position\":2,\"name\":\"Coronavirus: quelles cons\u00e9quences pour les franchiseurs et franchis\u00e9s?\"}]},{\"@type\":\"WebSite\",\"@id\":\"https:\/\/www.fbf-bff.be\/#website\",\"url\":\"https:\/\/www.fbf-bff.be\/\",\"name\":\"F\u00e9d\u00e9ration Belge de la Franchise\",\"description\":\"Pour r\u00e9ussir ensemblee\",\"potentialAction\":[{\"@type\":\"SearchAction\",\"target\":{\"@type\":\"EntryPoint\",\"urlTemplate\":\"https:\/\/www.fbf-bff.be\/?s={search_term_string}\"},\"query-input\":{\"@type\":\"PropertyValueSpecification\",\"valueRequired\":true,\"valueName\":\"search_term_string\"}}],\"inLanguage\":\"fr-FR\"},{\"@type\":\"Person\",\"@id\":\"https:\/\/www.fbf-bff.be\/#\/schema\/person\/73a9cbee87288cba2b06e3fc29244fe7\",\"name\":\"fbf_admin\",\"image\":{\"@type\":\"ImageObject\",\"inLanguage\":\"fr-FR\",\"@id\":\"https:\/\/www.fbf-bff.be\/#\/schema\/person\/image\/\",\"url\":\"https:\/\/secure.gravatar.com\/avatar\/20f6483dbe2a69e0999ddcdd1744b7f7?s=96&d=mm&r=g\",\"contentUrl\":\"https:\/\/secure.gravatar.com\/avatar\/20f6483dbe2a69e0999ddcdd1744b7f7?s=96&d=mm&r=g\",\"caption\":\"fbf_admin\"}}]}<\/script>\n<!-- \/ Yoast SEO plugin. -->","yoast_head_json":{"title":"Coronavirus: quelles cons\u00e9quences pour les franchiseurs et franchis\u00e9s? - F\u00e9d\u00e9ration Belge de la Franchise","robots":{"index":"index","follow":"follow","max-snippet":"max-snippet:-1","max-image-preview":"max-image-preview:large","max-video-preview":"max-video-preview:-1"},"canonical":"https:\/\/www.fbf-bff.be\/fr\/coronavirus-quelles-consequences-pour-les-franchiseurs-et-franchises\/","og_locale":"fr_FR","og_type":"article","og_title":"Coronavirus: quelles cons\u00e9quences pour les franchiseurs et franchis\u00e9s? - F\u00e9d\u00e9ration Belge de la Franchise","og_description":"En cette p\u00e9riode in\u00e9dite, les entreprises doivent faire face \u00e0 de nombreux d\u00e9fis. La fermeture de nombreux commerces et magasins et le ralentissement g\u00e9n\u00e9ral des activit\u00e9s \u00e9conomiques suite aux arr\u00eat\u00e9s minist\u00e9riels successifs du mois de mars ont \u00e9videmment eu un impact consid\u00e9rable sur de nombreux franchiseurs et franchis\u00e9s.","og_url":"https:\/\/www.fbf-bff.be\/fr\/coronavirus-quelles-consequences-pour-les-franchiseurs-et-franchises\/","og_site_name":"F\u00e9d\u00e9ration Belge de la Franchise","article_published_time":"2020-04-21T07:54:37+00:00","og_image":[{"width":1207,"height":1920,"url":"https:\/\/www.fbf-bff.be\/wp-content\/uploads\/2021\/10\/Altius_Logo-1.jpg","type":"image\/jpeg"}],"author":"fbf_admin","twitter_card":"summary_large_image","twitter_misc":{"\u00c9crit par":"fbf_admin","Dur\u00e9e de lecture estim\u00e9e":"1 minute"},"schema":{"@context":"https:\/\/schema.org","@graph":[{"@type":"WebPage","@id":"https:\/\/www.fbf-bff.be\/fr\/coronavirus-quelles-consequences-pour-les-franchiseurs-et-franchises\/","url":"https:\/\/www.fbf-bff.be\/fr\/coronavirus-quelles-consequences-pour-les-franchiseurs-et-franchises\/","name":"Coronavirus: quelles cons\u00e9quences pour les franchiseurs et franchis\u00e9s? - F\u00e9d\u00e9ration Belge de la Franchise","isPartOf":{"@id":"https:\/\/www.fbf-bff.be\/#website"},"primaryImageOfPage":{"@id":"https:\/\/www.fbf-bff.be\/fr\/coronavirus-quelles-consequences-pour-les-franchiseurs-et-franchises\/#primaryimage"},"image":{"@id":"https:\/\/www.fbf-bff.be\/fr\/coronavirus-quelles-consequences-pour-les-franchiseurs-et-franchises\/#primaryimage"},"thumbnailUrl":"https:\/\/www.fbf-bff.be\/wp-content\/uploads\/2021\/10\/Altius_Logo-1.jpg","datePublished":"2020-04-21T07:54:37+00:00","dateModified":"2020-04-21T07:54:37+00:00","author":{"@id":"https:\/\/www.fbf-bff.be\/#\/schema\/person\/73a9cbee87288cba2b06e3fc29244fe7"},"breadcrumb":{"@id":"https:\/\/www.fbf-bff.be\/fr\/coronavirus-quelles-consequences-pour-les-franchiseurs-et-franchises\/#breadcrumb"},"inLanguage":"fr-FR","potentialAction":[{"@type":"ReadAction","target":["https:\/\/www.fbf-bff.be\/fr\/coronavirus-quelles-consequences-pour-les-franchiseurs-et-franchises\/"]}]},{"@type":"ImageObject","inLanguage":"fr-FR","@id":"https:\/\/www.fbf-bff.be\/fr\/coronavirus-quelles-consequences-pour-les-franchiseurs-et-franchises\/#primaryimage","url":"https:\/\/www.fbf-bff.be\/wp-content\/uploads\/2021\/10\/Altius_Logo-1.jpg","contentUrl":"https:\/\/www.fbf-bff.be\/wp-content\/uploads\/2021\/10\/Altius_Logo-1.jpg","width":1207,"height":1920},{"@type":"BreadcrumbList","@id":"https:\/\/www.fbf-bff.be\/fr\/coronavirus-quelles-consequences-pour-les-franchiseurs-et-franchises\/#breadcrumb","itemListElement":[{"@type":"ListItem","position":1,"name":"Home","item":"https:\/\/www.fbf-bff.be\/fr\/"},{"@type":"ListItem","position":2,"name":"Coronavirus: quelles cons\u00e9quences pour les franchiseurs et franchis\u00e9s?"}]},{"@type":"WebSite","@id":"https:\/\/www.fbf-bff.be\/#website","url":"https:\/\/www.fbf-bff.be\/","name":"F\u00e9d\u00e9ration Belge de la Franchise","description":"Pour r\u00e9ussir ensemblee","potentialAction":[{"@type":"SearchAction","target":{"@type":"EntryPoint","urlTemplate":"https:\/\/www.fbf-bff.be\/?s={search_term_string}"},"query-input":{"@type":"PropertyValueSpecification","valueRequired":true,"valueName":"search_term_string"}}],"inLanguage":"fr-FR"},{"@type":"Person","@id":"https:\/\/www.fbf-bff.be\/#\/schema\/person\/73a9cbee87288cba2b06e3fc29244fe7","name":"fbf_admin","image":{"@type":"ImageObject","inLanguage":"fr-FR","@id":"https:\/\/www.fbf-bff.be\/#\/schema\/person\/image\/","url":"https:\/\/secure.gravatar.com\/avatar\/20f6483dbe2a69e0999ddcdd1744b7f7?s=96&d=mm&r=g","contentUrl":"https:\/\/secure.gravatar.com\/avatar\/20f6483dbe2a69e0999ddcdd1744b7f7?s=96&d=mm&r=g","caption":"fbf_admin"}}]}},"_links":{"self":[{"href":"https:\/\/www.fbf-bff.be\/fr\/wp-json\/wp\/v2\/posts\/9839"}],"collection":[{"href":"https:\/\/www.fbf-bff.be\/fr\/wp-json\/wp\/v2\/posts"}],"about":[{"href":"https:\/\/www.fbf-bff.be\/fr\/wp-json\/wp\/v2\/types\/post"}],"author":[{"embeddable":true,"href":"https:\/\/www.fbf-bff.be\/fr\/wp-json\/wp\/v2\/users\/1"}],"replies":[{"embeddable":true,"href":"https:\/\/www.fbf-bff.be\/fr\/wp-json\/wp\/v2\/comments?post=9839"}],"version-history":[{"count":0,"href":"https:\/\/www.fbf-bff.be\/fr\/wp-json\/wp\/v2\/posts\/9839\/revisions"}],"wp:featuredmedia":[{"embeddable":true,"href":"https:\/\/www.fbf-bff.be\/fr\/wp-json\/wp\/v2\/media\/9840"}],"wp:attachment":[{"href":"https:\/\/www.fbf-bff.be\/fr\/wp-json\/wp\/v2\/media?parent=9839"}],"wp:term":[{"taxonomy":"category","embeddable":true,"href":"https:\/\/www.fbf-bff.be\/fr\/wp-json\/wp\/v2\/categories?post=9839"},{"taxonomy":"post_tag","embeddable":true,"href":"https:\/\/www.fbf-bff.be\/fr\/wp-json\/wp\/v2\/tags?post=9839"}],"curies":[{"name":"wp","href":"https:\/\/api.w.org\/{rel}","templated":true}]}}