{"id":9809,"date":"2020-03-10T23:56:51","date_gmt":"2020-03-10T22:56:51","guid":{"rendered":"https:\/\/www.fbf-bff.be\/spar-colruyt-group-investit-avec-des-franchises-et-des-clients-dans-des-defibrillateurs-automatiques-externes\/"},"modified":"2020-03-10T23:56:51","modified_gmt":"2020-03-10T22:56:51","slug":"spar-colruyt-group-investit-avec-des-franchises-et-des-clients-dans-des-defibrillateurs-automatiques-externes","status":"publish","type":"post","link":"https:\/\/www.fbf-bff.be\/fr\/spar-colruyt-group-investit-avec-des-franchises-et-des-clients-dans-des-defibrillateurs-automatiques-externes\/","title":{"rendered":"Spar Colruyt Group investit avec des franchis\u00e9s et des clients dans des d\u00e9fibrillateurs automatiques externes"},"content":{"rendered":"<b>Du 5 mars au 1<sup>er<\/sup>\u00a0avril, les magasins franchis\u00e9s Spar de Gembloux, d\u2019Aalter, de Denderwindeke et de Wijgmaal feront appel \u00e0 la g\u00e9n\u00e9rosit\u00e9 de leurs clients par l\u2019interm\u00e9diaire d\u2019un financement participatif afin de r\u00e9unir une partie de la somme n\u00e9cessaire \u00e0 l\u2019achat d\u2019un d\u00e9fibrillateur automatique externe\u00a0(DAE) pour leur magasin.<\/b>\r\n\r\n<b>Les DAE seront install\u00e9s \u00e0 l\u2019ext\u00e9rieur du magasin et tous les habitants du quartier y auront ainsi acc\u00e8s jour et nuit, sept jours sur sept. \u00c0 l\u2019issue du projet pilote dans ces quatre magasins franchis\u00e9s, l\u2019action sera \u00e9ventuellement reconduite dans d\u2019autres magasins du r\u00e9seau Spar\u00a0Colruyt\u00a0Group de Belgique.<\/b>\r\n<h2><img loading=\"lazy\" decoding=\"async\" class=\"alignnone size-medium wp-image-23914\" src=\"https:\/\/www.fbf-bff.be\/wp-content\/uploads\/2021\/10\/spar1-300x118-1.jpg\" alt=\"\" width=\"300\" height=\"118\" \/><\/h2>\r\n<h2>Action de collecte pour acqu\u00e9rir un d\u00e9fibrillateur susceptible de sauver des vies<\/h2>\r\nChaque ann\u00e9e, en Belgique, quelque 9.000\u00a0personnes sont victimes d\u2019un arr\u00eat cardiaque, dont 17\u00a0\u00e0\u00a030\u00a0% dans un lieu public (Centre f\u00e9d\u00e9ral d\u2019expertise des soins de sant\u00e9,\u00a02017). L\u2019utilisation d\u2019un DAE par des personnes se trouvant par hasard \u00e0 proximit\u00e9 augmente les chances de survie de la victime. Voil\u00e0 pourquoi quatre magasins franchis\u00e9s du r\u00e9seau Spar investissent chacun dans un DAE qui sera en permanence \u00e0 la disposition de tous.\r\n\r\nLe franchis\u00e9 du magasin Spar finance la moiti\u00e9 du montant d\u2019achat de l\u2019appareil. Pour l\u2019autre moiti\u00e9, Spar compte sur le soutien de ses clients. Les magasins franchis\u00e9s Spar de Gembloux, Aalter, Denderwindeke et\u00a0 Wijgmaal organiseront une action de collecte du jeudi 5 mars au mercredi 1er avril. Les d\u00e9fibrillateurs automatiques externes seront install\u00e9s en avril dans ces quatre communes. Apr\u00e8s \u00e9valuation du projet pilote, l\u2019action sera peut-\u00eatre reconduite dans d\u2019autres magasins franchis\u00e9s Spar de Belgique.\r\n<h2>Financement participatif au moyen de micro dons<\/h2>\r\nLes clients de Spar peuvent contribuer de deux mani\u00e8res \u00e0 l\u2019achat du DAE. Ils peuvent arrondir le montant de leur ticket de caisse \u00e0 l\u2019euro sup\u00e9rieur. Dans ce cas, un ticket de caisse de 10,12\u00a0euros sera arrondi \u00e0 11 euros, portant le montant du don \u00e0 88\u00a0cents. Ils peuvent aussi choisir de donner 1, 2, 3 ou 5\u00a0euros. Si une somme sup\u00e9rieure au montant n\u00e9cessaire est collect\u00e9e au cours de la p\u00e9riode de l\u2019action, Spar en fera don \u00e0 la Croix-Rouge locale.\r\n<h2>Des franchis\u00e9s qui montrent l&rsquo;exemple<\/h2>\r\nGuido Soret, directeur des ventes de Spar Colruyt Group Belgique\u00a0: \u00ab\u00a0Cette action nous a \u00e9t\u00e9 inspir\u00e9e par Spar\u00a0Irlande, o\u00f9 une initiative semblable a remport\u00e9 un grand succ\u00e8s. Spar est un v\u00e9ritable supermarch\u00e9 de proximit\u00e9. Chaque entrepreneur ind\u00e9pendant s\u2019efforce \u00e0 sa mani\u00e8re d\u2019\u00eatre un point d\u2019ancrage solide au sein de sa commune, un lieu de rencontre dans le quartier. Nous sommes convaincus de pouvoir encourager nos clients \u00e0 participer \u00e0 cet effort commun dans le cadre de cette initiative qui profitera \u00e0 l\u2019ensemble des riverains. De plus, en finan\u00e7ant lui-m\u00eame la moiti\u00e9 du montant d\u2019achat du d\u00e9fibrillateur, l\u2019entrepreneur ind\u00e9pendant fait un geste pour ses clients.\u00a0\u00bb\r\n\r\nKris Borloo, le franchis\u00e9 du magasin Spar de Denderwindeke, \u00e9tait tr\u00e8s enthousiaste \u00e0 l\u2019id\u00e9e que son magasin participe au projet pilote. \u00ab\u00a0Notre supermarch\u00e9 de proximit\u00e9 soutient diverses initiatives locales. Tout le monde peut \u00eatre victime d\u2019un arr\u00eat cardiaque. En investissant dans un d\u00e9fibrillateur automatique externe avec nos clients, nous pourrons sauver des vies dans notre quartier. Je paierai volontiers la moiti\u00e9 du montant d\u2019achat. De plus, la Croix-Rouge de Ninove pr\u00e9sentera l\u2019action et expliquera le fonctionnement du d\u00e9fibrillateur sur le parking de notre magasin. Ainsi, nous saurons comment r\u00e9agir si la situation se pr\u00e9sente.\u00a0\u00bb\r\n\r\nPour plus d\u2019information sur la franchise de Spar, <a href=\"https:\/\/franchisingbelgium.be\/formule\/spar\/?lang=fr\" target=\"_blank\" rel=\"noopener noreferrer\">cliquez ici<\/a>.","protected":false},"excerpt":{"rendered":"<p>Du 5 mars au 1er\u00a0avril, les magasins franchis\u00e9s Spar de Gembloux, d\u2019Aalter, de Denderwindeke et de Wijgmaal feront appel \u00e0 la g\u00e9n\u00e9rosit\u00e9 de leurs clients par l\u2019interm\u00e9diaire d\u2019un financement participatif afin de r\u00e9unir une partie de la somme n\u00e9cessaire \u00e0 l\u2019achat d\u2019un d\u00e9fibrillateur automatique externe\u00a0(DAE) pour leur magasin.<\/p>\n","protected":false},"author":1,"featured_media":5922,"comment_status":"closed","ping_status":"open","sticky":false,"template":"","format":"standard","meta":{"ngg_post_thumbnail":0,"footnotes":""},"categories":[37],"tags":[],"acf":[],"yoast_head":"<!-- This site is optimized with the Yoast SEO plugin v23.5 - https:\/\/yoast.com\/wordpress\/plugins\/seo\/ -->\n<title>Spar Colruyt Group investit avec des franchis\u00e9s et des clients dans des d\u00e9fibrillateurs automatiques externes - F\u00e9d\u00e9ration Belge de la Franchise<\/title>\n<meta name=\"robots\" content=\"index, follow, max-snippet:-1, max-image-preview:large, max-video-preview:-1\" \/>\n<link rel=\"canonical\" href=\"https:\/\/www.fbf-bff.be\/fr\/spar-colruyt-group-investit-avec-des-franchises-et-des-clients-dans-des-defibrillateurs-automatiques-externes\/\" \/>\n<meta property=\"og:locale\" content=\"fr_FR\" \/>\n<meta property=\"og:type\" content=\"article\" \/>\n<meta property=\"og:title\" content=\"Spar Colruyt Group investit avec des franchis\u00e9s et des clients dans des d\u00e9fibrillateurs automatiques externes - F\u00e9d\u00e9ration Belge de la Franchise\" \/>\n<meta property=\"og:description\" content=\"Du 5 mars au 1er\u00a0avril, les magasins franchis\u00e9s Spar de Gembloux, d\u2019Aalter, de Denderwindeke et de Wijgmaal feront appel \u00e0 la g\u00e9n\u00e9rosit\u00e9 de leurs clients par l\u2019interm\u00e9diaire d\u2019un financement participatif afin de r\u00e9unir une partie de la somme n\u00e9cessaire \u00e0 l\u2019achat d\u2019un d\u00e9fibrillateur automatique externe\u00a0(DAE) pour leur magasin.\" \/>\n<meta property=\"og:url\" content=\"https:\/\/www.fbf-bff.be\/fr\/spar-colruyt-group-investit-avec-des-franchises-et-des-clients-dans-des-defibrillateurs-automatiques-externes\/\" \/>\n<meta property=\"og:site_name\" content=\"F\u00e9d\u00e9ration Belge de la Franchise\" \/>\n<meta property=\"article:published_time\" content=\"2020-03-10T22:56:51+00:00\" \/>\n<meta property=\"og:image\" content=\"https:\/\/www.fbf-bff.be\/wp-content\/uploads\/2021\/10\/Spar_Logo_Portrait-2.jpg\" \/>\n\t<meta property=\"og:image:width\" content=\"1406\" \/>\n\t<meta property=\"og:image:height\" content=\"2048\" \/>\n\t<meta property=\"og:image:type\" content=\"image\/jpeg\" \/>\n<meta name=\"author\" content=\"fbf_admin\" \/>\n<meta name=\"twitter:card\" content=\"summary_large_image\" \/>\n<meta name=\"twitter:label1\" content=\"\u00c9crit par\" \/>\n\t<meta name=\"twitter:data1\" content=\"fbf_admin\" \/>\n\t<meta name=\"twitter:label2\" content=\"Dur\u00e9e de lecture estim\u00e9e\" \/>\n\t<meta name=\"twitter:data2\" content=\"3 minutes\" \/>\n<script type=\"application\/ld+json\" class=\"yoast-schema-graph\">{\"@context\":\"https:\/\/schema.org\",\"@graph\":[{\"@type\":\"WebPage\",\"@id\":\"https:\/\/www.fbf-bff.be\/fr\/spar-colruyt-group-investit-avec-des-franchises-et-des-clients-dans-des-defibrillateurs-automatiques-externes\/\",\"url\":\"https:\/\/www.fbf-bff.be\/fr\/spar-colruyt-group-investit-avec-des-franchises-et-des-clients-dans-des-defibrillateurs-automatiques-externes\/\",\"name\":\"Spar Colruyt Group investit avec des franchis\u00e9s et des clients dans des d\u00e9fibrillateurs automatiques externes - F\u00e9d\u00e9ration Belge de la Franchise\",\"isPartOf\":{\"@id\":\"https:\/\/www.fbf-bff.be\/#website\"},\"primaryImageOfPage\":{\"@id\":\"https:\/\/www.fbf-bff.be\/fr\/spar-colruyt-group-investit-avec-des-franchises-et-des-clients-dans-des-defibrillateurs-automatiques-externes\/#primaryimage\"},\"image\":{\"@id\":\"https:\/\/www.fbf-bff.be\/fr\/spar-colruyt-group-investit-avec-des-franchises-et-des-clients-dans-des-defibrillateurs-automatiques-externes\/#primaryimage\"},\"thumbnailUrl\":\"https:\/\/www.fbf-bff.be\/wp-content\/uploads\/2021\/10\/Spar_Logo_Portrait-2.jpg\",\"datePublished\":\"2020-03-10T22:56:51+00:00\",\"dateModified\":\"2020-03-10T22:56:51+00:00\",\"author\":{\"@id\":\"https:\/\/www.fbf-bff.be\/#\/schema\/person\/73a9cbee87288cba2b06e3fc29244fe7\"},\"breadcrumb\":{\"@id\":\"https:\/\/www.fbf-bff.be\/fr\/spar-colruyt-group-investit-avec-des-franchises-et-des-clients-dans-des-defibrillateurs-automatiques-externes\/#breadcrumb\"},\"inLanguage\":\"fr-FR\",\"potentialAction\":[{\"@type\":\"ReadAction\",\"target\":[\"https:\/\/www.fbf-bff.be\/fr\/spar-colruyt-group-investit-avec-des-franchises-et-des-clients-dans-des-defibrillateurs-automatiques-externes\/\"]}]},{\"@type\":\"ImageObject\",\"inLanguage\":\"fr-FR\",\"@id\":\"https:\/\/www.fbf-bff.be\/fr\/spar-colruyt-group-investit-avec-des-franchises-et-des-clients-dans-des-defibrillateurs-automatiques-externes\/#primaryimage\",\"url\":\"https:\/\/www.fbf-bff.be\/wp-content\/uploads\/2021\/10\/Spar_Logo_Portrait-2.jpg\",\"contentUrl\":\"https:\/\/www.fbf-bff.be\/wp-content\/uploads\/2021\/10\/Spar_Logo_Portrait-2.jpg\",\"width\":1406,\"height\":2048},{\"@type\":\"BreadcrumbList\",\"@id\":\"https:\/\/www.fbf-bff.be\/fr\/spar-colruyt-group-investit-avec-des-franchises-et-des-clients-dans-des-defibrillateurs-automatiques-externes\/#breadcrumb\",\"itemListElement\":[{\"@type\":\"ListItem\",\"position\":1,\"name\":\"Home\",\"item\":\"https:\/\/www.fbf-bff.be\/fr\/\"},{\"@type\":\"ListItem\",\"position\":2,\"name\":\"Spar Colruyt Group investit avec des franchis\u00e9s et des clients dans des d\u00e9fibrillateurs automatiques externes\"}]},{\"@type\":\"WebSite\",\"@id\":\"https:\/\/www.fbf-bff.be\/#website\",\"url\":\"https:\/\/www.fbf-bff.be\/\",\"name\":\"F\u00e9d\u00e9ration Belge de la Franchise\",\"description\":\"Pour r\u00e9ussir ensemblee\",\"potentialAction\":[{\"@type\":\"SearchAction\",\"target\":{\"@type\":\"EntryPoint\",\"urlTemplate\":\"https:\/\/www.fbf-bff.be\/?s={search_term_string}\"},\"query-input\":{\"@type\":\"PropertyValueSpecification\",\"valueRequired\":true,\"valueName\":\"search_term_string\"}}],\"inLanguage\":\"fr-FR\"},{\"@type\":\"Person\",\"@id\":\"https:\/\/www.fbf-bff.be\/#\/schema\/person\/73a9cbee87288cba2b06e3fc29244fe7\",\"name\":\"fbf_admin\",\"image\":{\"@type\":\"ImageObject\",\"inLanguage\":\"fr-FR\",\"@id\":\"https:\/\/www.fbf-bff.be\/#\/schema\/person\/image\/\",\"url\":\"https:\/\/secure.gravatar.com\/avatar\/20f6483dbe2a69e0999ddcdd1744b7f7?s=96&d=mm&r=g\",\"contentUrl\":\"https:\/\/secure.gravatar.com\/avatar\/20f6483dbe2a69e0999ddcdd1744b7f7?s=96&d=mm&r=g\",\"caption\":\"fbf_admin\"}}]}<\/script>\n<!-- \/ Yoast SEO plugin. -->","yoast_head_json":{"title":"Spar Colruyt Group investit avec des franchis\u00e9s et des clients dans des d\u00e9fibrillateurs automatiques externes - F\u00e9d\u00e9ration Belge de la Franchise","robots":{"index":"index","follow":"follow","max-snippet":"max-snippet:-1","max-image-preview":"max-image-preview:large","max-video-preview":"max-video-preview:-1"},"canonical":"https:\/\/www.fbf-bff.be\/fr\/spar-colruyt-group-investit-avec-des-franchises-et-des-clients-dans-des-defibrillateurs-automatiques-externes\/","og_locale":"fr_FR","og_type":"article","og_title":"Spar Colruyt Group investit avec des franchis\u00e9s et des clients dans des d\u00e9fibrillateurs automatiques externes - F\u00e9d\u00e9ration Belge de la Franchise","og_description":"Du 5 mars au 1er\u00a0avril, les magasins franchis\u00e9s Spar de Gembloux, d\u2019Aalter, de Denderwindeke et de Wijgmaal feront appel \u00e0 la g\u00e9n\u00e9rosit\u00e9 de leurs clients par l\u2019interm\u00e9diaire d\u2019un financement participatif afin de r\u00e9unir une partie de la somme n\u00e9cessaire \u00e0 l\u2019achat d\u2019un d\u00e9fibrillateur automatique externe\u00a0(DAE) pour leur magasin.","og_url":"https:\/\/www.fbf-bff.be\/fr\/spar-colruyt-group-investit-avec-des-franchises-et-des-clients-dans-des-defibrillateurs-automatiques-externes\/","og_site_name":"F\u00e9d\u00e9ration Belge de la Franchise","article_published_time":"2020-03-10T22:56:51+00:00","og_image":[{"width":1406,"height":2048,"url":"https:\/\/www.fbf-bff.be\/wp-content\/uploads\/2021\/10\/Spar_Logo_Portrait-2.jpg","type":"image\/jpeg"}],"author":"fbf_admin","twitter_card":"summary_large_image","twitter_misc":{"\u00c9crit par":"fbf_admin","Dur\u00e9e de lecture estim\u00e9e":"3 minutes"},"schema":{"@context":"https:\/\/schema.org","@graph":[{"@type":"WebPage","@id":"https:\/\/www.fbf-bff.be\/fr\/spar-colruyt-group-investit-avec-des-franchises-et-des-clients-dans-des-defibrillateurs-automatiques-externes\/","url":"https:\/\/www.fbf-bff.be\/fr\/spar-colruyt-group-investit-avec-des-franchises-et-des-clients-dans-des-defibrillateurs-automatiques-externes\/","name":"Spar Colruyt Group investit avec des franchis\u00e9s et des clients dans des d\u00e9fibrillateurs automatiques externes - F\u00e9d\u00e9ration Belge de la Franchise","isPartOf":{"@id":"https:\/\/www.fbf-bff.be\/#website"},"primaryImageOfPage":{"@id":"https:\/\/www.fbf-bff.be\/fr\/spar-colruyt-group-investit-avec-des-franchises-et-des-clients-dans-des-defibrillateurs-automatiques-externes\/#primaryimage"},"image":{"@id":"https:\/\/www.fbf-bff.be\/fr\/spar-colruyt-group-investit-avec-des-franchises-et-des-clients-dans-des-defibrillateurs-automatiques-externes\/#primaryimage"},"thumbnailUrl":"https:\/\/www.fbf-bff.be\/wp-content\/uploads\/2021\/10\/Spar_Logo_Portrait-2.jpg","datePublished":"2020-03-10T22:56:51+00:00","dateModified":"2020-03-10T22:56:51+00:00","author":{"@id":"https:\/\/www.fbf-bff.be\/#\/schema\/person\/73a9cbee87288cba2b06e3fc29244fe7"},"breadcrumb":{"@id":"https:\/\/www.fbf-bff.be\/fr\/spar-colruyt-group-investit-avec-des-franchises-et-des-clients-dans-des-defibrillateurs-automatiques-externes\/#breadcrumb"},"inLanguage":"fr-FR","potentialAction":[{"@type":"ReadAction","target":["https:\/\/www.fbf-bff.be\/fr\/spar-colruyt-group-investit-avec-des-franchises-et-des-clients-dans-des-defibrillateurs-automatiques-externes\/"]}]},{"@type":"ImageObject","inLanguage":"fr-FR","@id":"https:\/\/www.fbf-bff.be\/fr\/spar-colruyt-group-investit-avec-des-franchises-et-des-clients-dans-des-defibrillateurs-automatiques-externes\/#primaryimage","url":"https:\/\/www.fbf-bff.be\/wp-content\/uploads\/2021\/10\/Spar_Logo_Portrait-2.jpg","contentUrl":"https:\/\/www.fbf-bff.be\/wp-content\/uploads\/2021\/10\/Spar_Logo_Portrait-2.jpg","width":1406,"height":2048},{"@type":"BreadcrumbList","@id":"https:\/\/www.fbf-bff.be\/fr\/spar-colruyt-group-investit-avec-des-franchises-et-des-clients-dans-des-defibrillateurs-automatiques-externes\/#breadcrumb","itemListElement":[{"@type":"ListItem","position":1,"name":"Home","item":"https:\/\/www.fbf-bff.be\/fr\/"},{"@type":"ListItem","position":2,"name":"Spar Colruyt Group investit avec des franchis\u00e9s et des clients dans des d\u00e9fibrillateurs automatiques externes"}]},{"@type":"WebSite","@id":"https:\/\/www.fbf-bff.be\/#website","url":"https:\/\/www.fbf-bff.be\/","name":"F\u00e9d\u00e9ration Belge de la Franchise","description":"Pour r\u00e9ussir ensemblee","potentialAction":[{"@type":"SearchAction","target":{"@type":"EntryPoint","urlTemplate":"https:\/\/www.fbf-bff.be\/?s={search_term_string}"},"query-input":{"@type":"PropertyValueSpecification","valueRequired":true,"valueName":"search_term_string"}}],"inLanguage":"fr-FR"},{"@type":"Person","@id":"https:\/\/www.fbf-bff.be\/#\/schema\/person\/73a9cbee87288cba2b06e3fc29244fe7","name":"fbf_admin","image":{"@type":"ImageObject","inLanguage":"fr-FR","@id":"https:\/\/www.fbf-bff.be\/#\/schema\/person\/image\/","url":"https:\/\/secure.gravatar.com\/avatar\/20f6483dbe2a69e0999ddcdd1744b7f7?s=96&d=mm&r=g","contentUrl":"https:\/\/secure.gravatar.com\/avatar\/20f6483dbe2a69e0999ddcdd1744b7f7?s=96&d=mm&r=g","caption":"fbf_admin"}}]}},"_links":{"self":[{"href":"https:\/\/www.fbf-bff.be\/fr\/wp-json\/wp\/v2\/posts\/9809"}],"collection":[{"href":"https:\/\/www.fbf-bff.be\/fr\/wp-json\/wp\/v2\/posts"}],"about":[{"href":"https:\/\/www.fbf-bff.be\/fr\/wp-json\/wp\/v2\/types\/post"}],"author":[{"embeddable":true,"href":"https:\/\/www.fbf-bff.be\/fr\/wp-json\/wp\/v2\/users\/1"}],"replies":[{"embeddable":true,"href":"https:\/\/www.fbf-bff.be\/fr\/wp-json\/wp\/v2\/comments?post=9809"}],"version-history":[{"count":0,"href":"https:\/\/www.fbf-bff.be\/fr\/wp-json\/wp\/v2\/posts\/9809\/revisions"}],"wp:featuredmedia":[{"embeddable":true,"href":"https:\/\/www.fbf-bff.be\/fr\/wp-json\/wp\/v2\/media\/5922"}],"wp:attachment":[{"href":"https:\/\/www.fbf-bff.be\/fr\/wp-json\/wp\/v2\/media?parent=9809"}],"wp:term":[{"taxonomy":"category","embeddable":true,"href":"https:\/\/www.fbf-bff.be\/fr\/wp-json\/wp\/v2\/categories?post=9809"},{"taxonomy":"post_tag","embeddable":true,"href":"https:\/\/www.fbf-bff.be\/fr\/wp-json\/wp\/v2\/tags?post=9809"}],"curies":[{"name":"wp","href":"https:\/\/api.w.org\/{rel}","templated":true}]}}