{"id":9683,"date":"2019-09-25T20:55:09","date_gmt":"2019-09-25T18:55:09","guid":{"rendered":"https:\/\/www.fbf-bff.be\/era-nouveau-membre-effectif-a-la-federation-belge-de-la-franchise\/"},"modified":"2019-09-25T20:55:09","modified_gmt":"2019-09-25T18:55:09","slug":"era-nouveau-membre-effectif-a-la-federation-belge-de-la-franchise","status":"publish","type":"post","link":"https:\/\/www.fbf-bff.be\/fr\/era-nouveau-membre-effectif-a-la-federation-belge-de-la-franchise\/","title":{"rendered":"ERA; nouveau membre effectif \u00e0 la F\u00e9d\u00e9ration Belge de la Franchise !"},"content":{"rendered":"<span lang=\"FR-BE\">La F\u00e9d\u00e9ration Belge de la Franchise est heureuse d&rsquo;accueillir un nouveau membre effectif.<\/span>\r\n\r\n<span lang=\"FR-BE\">La demande d\u2019adh\u00e9sion du r\u00e9seau de franchise ERA a \u00e9t\u00e9 approuv\u00e9e r\u00e9cemment par le Comit\u00e9 Ex\u00e9cutif de FBF car il rempliT pleinement les conditions. ERA se d\u00e9veloppe, comme toutes le membres de la FBF, dans une relation \u00e9quilibr\u00e9e entre le franchiseur et le franchis\u00e9 et respecte le <u>Code de D\u00e9ontologie Europ\u00e9en <\/u>de la franchise.\u00a0<\/span>\r\n\r\n<span lang=\"FR-BE\">ERA (Electronic Realty Associates), un groupement d&rsquo;agents immobiliers de qualit\u00e9, a \u00e9t\u00e9 fond\u00e9 aux \u00c9tats-Unis en 1972 et est actif sur le march\u00e9 belge de l\u2019immobilier depuis 1995. Actuellement, ERA compte plus de 2.300 agences affili\u00e9es et ind\u00e9pendantes dans 48 pays, dont plus de 1.100 agences dans 13\u00a0pays europ\u00e9ens.<\/span>\r\n\r\n<span lang=\"FR-BE\">Le r\u00e9seau ERA compte plus de 100 agences\u00a0<strong>en Belgique<\/strong>, toutes avec des agents immobiliers agr\u00e9\u00e9s.<\/span>\r\n\r\n<span lang=\"FR-BE\">D\u00e9couvrez le r\u00e9seau:\u00a0<\/span><a href=\"https:\/\/www.fbf-bff.be\/fr\/formulas\/era\/\" target=\"_blank\" rel=\"noopener noreferrer\" saferedirecturl=\"https:\/\/www.google.com\/url?q=https:\/\/www.fbf-bff.be\/fr\/formulas\/era\/&amp;source=gmail&amp;ust=1569523172678000&amp;usg=AFQjCNGf-1FcIt2tN4WzFOvpxCZJD6oUmg\" class=\"broken_link\"><span lang=\"FR-BE\">https:\/\/www.fbf-bff.be\/fr\/formulas\/era\/<\/span><\/a>","protected":false},"excerpt":{"rendered":"<p>La F\u00e9d\u00e9ration Belge de la Franchise est heureuse d&rsquo;accueillir un nouveau membre effectif.<\/p>\n<p>La demande d\u2019adh\u00e9sion du r\u00e9seau de franchise ERA a \u00e9t\u00e9 approuv\u00e9e r\u00e9cemment par le Comit\u00e9 Ex\u00e9cutif de BFF car ils remplissent pleinement les conditions.<\/p>\n","protected":false},"author":1,"featured_media":4467,"comment_status":"closed","ping_status":"open","sticky":false,"template":"","format":"standard","meta":{"ngg_post_thumbnail":0,"footnotes":""},"categories":[37],"tags":[],"acf":[],"yoast_head":"<!-- This site is optimized with the Yoast SEO plugin v23.5 - https:\/\/yoast.com\/wordpress\/plugins\/seo\/ -->\n<title>ERA; nouveau membre effectif \u00e0 la F\u00e9d\u00e9ration Belge de la Franchise ! - F\u00e9d\u00e9ration Belge de la Franchise<\/title>\n<meta name=\"robots\" content=\"index, follow, max-snippet:-1, max-image-preview:large, max-video-preview:-1\" \/>\n<link rel=\"canonical\" href=\"https:\/\/www.fbf-bff.be\/fr\/era-nouveau-membre-effectif-a-la-federation-belge-de-la-franchise\/\" \/>\n<meta property=\"og:locale\" content=\"fr_FR\" \/>\n<meta property=\"og:type\" content=\"article\" \/>\n<meta property=\"og:title\" content=\"ERA; nouveau membre effectif \u00e0 la F\u00e9d\u00e9ration Belge de la Franchise ! - F\u00e9d\u00e9ration Belge de la Franchise\" \/>\n<meta property=\"og:description\" content=\"La F\u00e9d\u00e9ration Belge de la Franchise est heureuse d&#039;accueillir un nouveau membre effectif.  La demande d\u2019adh\u00e9sion du r\u00e9seau de franchise ERA a \u00e9t\u00e9 approuv\u00e9e r\u00e9cemment par le Comit\u00e9 Ex\u00e9cutif de BFF car ils remplissent pleinement les conditions.\" \/>\n<meta property=\"og:url\" content=\"https:\/\/www.fbf-bff.be\/fr\/era-nouveau-membre-effectif-a-la-federation-belge-de-la-franchise\/\" \/>\n<meta property=\"og:site_name\" content=\"F\u00e9d\u00e9ration Belge de la Franchise\" \/>\n<meta property=\"article:published_time\" content=\"2019-09-25T18:55:09+00:00\" \/>\n<meta property=\"og:image\" content=\"https:\/\/www.fbf-bff.be\/wp-content\/uploads\/2021\/10\/FBF_small.jpg\" \/>\n\t<meta property=\"og:image:width\" content=\"200\" \/>\n\t<meta property=\"og:image:height\" content=\"200\" \/>\n\t<meta property=\"og:image:type\" content=\"image\/jpeg\" \/>\n<meta name=\"author\" content=\"fbf_admin\" \/>\n<meta name=\"twitter:card\" content=\"summary_large_image\" \/>\n<meta name=\"twitter:label1\" content=\"\u00c9crit par\" \/>\n\t<meta name=\"twitter:data1\" content=\"fbf_admin\" \/>\n\t<meta name=\"twitter:label2\" content=\"Dur\u00e9e de lecture estim\u00e9e\" \/>\n\t<meta name=\"twitter:data2\" content=\"1 minute\" \/>\n<script type=\"application\/ld+json\" class=\"yoast-schema-graph\">{\"@context\":\"https:\/\/schema.org\",\"@graph\":[{\"@type\":\"WebPage\",\"@id\":\"https:\/\/www.fbf-bff.be\/fr\/era-nouveau-membre-effectif-a-la-federation-belge-de-la-franchise\/\",\"url\":\"https:\/\/www.fbf-bff.be\/fr\/era-nouveau-membre-effectif-a-la-federation-belge-de-la-franchise\/\",\"name\":\"ERA; nouveau membre effectif \u00e0 la F\u00e9d\u00e9ration Belge de la Franchise ! - F\u00e9d\u00e9ration Belge de la Franchise\",\"isPartOf\":{\"@id\":\"https:\/\/www.fbf-bff.be\/#website\"},\"primaryImageOfPage\":{\"@id\":\"https:\/\/www.fbf-bff.be\/fr\/era-nouveau-membre-effectif-a-la-federation-belge-de-la-franchise\/#primaryimage\"},\"image\":{\"@id\":\"https:\/\/www.fbf-bff.be\/fr\/era-nouveau-membre-effectif-a-la-federation-belge-de-la-franchise\/#primaryimage\"},\"thumbnailUrl\":\"https:\/\/www.fbf-bff.be\/wp-content\/uploads\/2021\/10\/FBF_small.jpg\",\"datePublished\":\"2019-09-25T18:55:09+00:00\",\"dateModified\":\"2019-09-25T18:55:09+00:00\",\"author\":{\"@id\":\"https:\/\/www.fbf-bff.be\/#\/schema\/person\/73a9cbee87288cba2b06e3fc29244fe7\"},\"breadcrumb\":{\"@id\":\"https:\/\/www.fbf-bff.be\/fr\/era-nouveau-membre-effectif-a-la-federation-belge-de-la-franchise\/#breadcrumb\"},\"inLanguage\":\"fr-FR\",\"potentialAction\":[{\"@type\":\"ReadAction\",\"target\":[\"https:\/\/www.fbf-bff.be\/fr\/era-nouveau-membre-effectif-a-la-federation-belge-de-la-franchise\/\"]}]},{\"@type\":\"ImageObject\",\"inLanguage\":\"fr-FR\",\"@id\":\"https:\/\/www.fbf-bff.be\/fr\/era-nouveau-membre-effectif-a-la-federation-belge-de-la-franchise\/#primaryimage\",\"url\":\"https:\/\/www.fbf-bff.be\/wp-content\/uploads\/2021\/10\/FBF_small.jpg\",\"contentUrl\":\"https:\/\/www.fbf-bff.be\/wp-content\/uploads\/2021\/10\/FBF_small.jpg\",\"width\":200,\"height\":200},{\"@type\":\"BreadcrumbList\",\"@id\":\"https:\/\/www.fbf-bff.be\/fr\/era-nouveau-membre-effectif-a-la-federation-belge-de-la-franchise\/#breadcrumb\",\"itemListElement\":[{\"@type\":\"ListItem\",\"position\":1,\"name\":\"Home\",\"item\":\"https:\/\/www.fbf-bff.be\/fr\/\"},{\"@type\":\"ListItem\",\"position\":2,\"name\":\"ERA; nouveau membre effectif \u00e0 la F\u00e9d\u00e9ration Belge de la Franchise !\"}]},{\"@type\":\"WebSite\",\"@id\":\"https:\/\/www.fbf-bff.be\/#website\",\"url\":\"https:\/\/www.fbf-bff.be\/\",\"name\":\"F\u00e9d\u00e9ration Belge de la Franchise\",\"description\":\"Pour r\u00e9ussir ensemblee\",\"potentialAction\":[{\"@type\":\"SearchAction\",\"target\":{\"@type\":\"EntryPoint\",\"urlTemplate\":\"https:\/\/www.fbf-bff.be\/?s={search_term_string}\"},\"query-input\":{\"@type\":\"PropertyValueSpecification\",\"valueRequired\":true,\"valueName\":\"search_term_string\"}}],\"inLanguage\":\"fr-FR\"},{\"@type\":\"Person\",\"@id\":\"https:\/\/www.fbf-bff.be\/#\/schema\/person\/73a9cbee87288cba2b06e3fc29244fe7\",\"name\":\"fbf_admin\",\"image\":{\"@type\":\"ImageObject\",\"inLanguage\":\"fr-FR\",\"@id\":\"https:\/\/www.fbf-bff.be\/#\/schema\/person\/image\/\",\"url\":\"https:\/\/secure.gravatar.com\/avatar\/20f6483dbe2a69e0999ddcdd1744b7f7?s=96&d=mm&r=g\",\"contentUrl\":\"https:\/\/secure.gravatar.com\/avatar\/20f6483dbe2a69e0999ddcdd1744b7f7?s=96&d=mm&r=g\",\"caption\":\"fbf_admin\"}}]}<\/script>\n<!-- \/ Yoast SEO plugin. -->","yoast_head_json":{"title":"ERA; nouveau membre effectif \u00e0 la F\u00e9d\u00e9ration Belge de la Franchise ! - F\u00e9d\u00e9ration Belge de la Franchise","robots":{"index":"index","follow":"follow","max-snippet":"max-snippet:-1","max-image-preview":"max-image-preview:large","max-video-preview":"max-video-preview:-1"},"canonical":"https:\/\/www.fbf-bff.be\/fr\/era-nouveau-membre-effectif-a-la-federation-belge-de-la-franchise\/","og_locale":"fr_FR","og_type":"article","og_title":"ERA; nouveau membre effectif \u00e0 la F\u00e9d\u00e9ration Belge de la Franchise ! - F\u00e9d\u00e9ration Belge de la Franchise","og_description":"La F\u00e9d\u00e9ration Belge de la Franchise est heureuse d'accueillir un nouveau membre effectif.  La demande d\u2019adh\u00e9sion du r\u00e9seau de franchise ERA a \u00e9t\u00e9 approuv\u00e9e r\u00e9cemment par le Comit\u00e9 Ex\u00e9cutif de BFF car ils remplissent pleinement les conditions.","og_url":"https:\/\/www.fbf-bff.be\/fr\/era-nouveau-membre-effectif-a-la-federation-belge-de-la-franchise\/","og_site_name":"F\u00e9d\u00e9ration Belge de la Franchise","article_published_time":"2019-09-25T18:55:09+00:00","og_image":[{"width":200,"height":200,"url":"https:\/\/www.fbf-bff.be\/wp-content\/uploads\/2021\/10\/FBF_small.jpg","type":"image\/jpeg"}],"author":"fbf_admin","twitter_card":"summary_large_image","twitter_misc":{"\u00c9crit par":"fbf_admin","Dur\u00e9e de lecture estim\u00e9e":"1 minute"},"schema":{"@context":"https:\/\/schema.org","@graph":[{"@type":"WebPage","@id":"https:\/\/www.fbf-bff.be\/fr\/era-nouveau-membre-effectif-a-la-federation-belge-de-la-franchise\/","url":"https:\/\/www.fbf-bff.be\/fr\/era-nouveau-membre-effectif-a-la-federation-belge-de-la-franchise\/","name":"ERA; nouveau membre effectif \u00e0 la F\u00e9d\u00e9ration Belge de la Franchise ! - F\u00e9d\u00e9ration Belge de la Franchise","isPartOf":{"@id":"https:\/\/www.fbf-bff.be\/#website"},"primaryImageOfPage":{"@id":"https:\/\/www.fbf-bff.be\/fr\/era-nouveau-membre-effectif-a-la-federation-belge-de-la-franchise\/#primaryimage"},"image":{"@id":"https:\/\/www.fbf-bff.be\/fr\/era-nouveau-membre-effectif-a-la-federation-belge-de-la-franchise\/#primaryimage"},"thumbnailUrl":"https:\/\/www.fbf-bff.be\/wp-content\/uploads\/2021\/10\/FBF_small.jpg","datePublished":"2019-09-25T18:55:09+00:00","dateModified":"2019-09-25T18:55:09+00:00","author":{"@id":"https:\/\/www.fbf-bff.be\/#\/schema\/person\/73a9cbee87288cba2b06e3fc29244fe7"},"breadcrumb":{"@id":"https:\/\/www.fbf-bff.be\/fr\/era-nouveau-membre-effectif-a-la-federation-belge-de-la-franchise\/#breadcrumb"},"inLanguage":"fr-FR","potentialAction":[{"@type":"ReadAction","target":["https:\/\/www.fbf-bff.be\/fr\/era-nouveau-membre-effectif-a-la-federation-belge-de-la-franchise\/"]}]},{"@type":"ImageObject","inLanguage":"fr-FR","@id":"https:\/\/www.fbf-bff.be\/fr\/era-nouveau-membre-effectif-a-la-federation-belge-de-la-franchise\/#primaryimage","url":"https:\/\/www.fbf-bff.be\/wp-content\/uploads\/2021\/10\/FBF_small.jpg","contentUrl":"https:\/\/www.fbf-bff.be\/wp-content\/uploads\/2021\/10\/FBF_small.jpg","width":200,"height":200},{"@type":"BreadcrumbList","@id":"https:\/\/www.fbf-bff.be\/fr\/era-nouveau-membre-effectif-a-la-federation-belge-de-la-franchise\/#breadcrumb","itemListElement":[{"@type":"ListItem","position":1,"name":"Home","item":"https:\/\/www.fbf-bff.be\/fr\/"},{"@type":"ListItem","position":2,"name":"ERA; nouveau membre effectif \u00e0 la F\u00e9d\u00e9ration Belge de la Franchise !"}]},{"@type":"WebSite","@id":"https:\/\/www.fbf-bff.be\/#website","url":"https:\/\/www.fbf-bff.be\/","name":"F\u00e9d\u00e9ration Belge de la Franchise","description":"Pour r\u00e9ussir ensemblee","potentialAction":[{"@type":"SearchAction","target":{"@type":"EntryPoint","urlTemplate":"https:\/\/www.fbf-bff.be\/?s={search_term_string}"},"query-input":{"@type":"PropertyValueSpecification","valueRequired":true,"valueName":"search_term_string"}}],"inLanguage":"fr-FR"},{"@type":"Person","@id":"https:\/\/www.fbf-bff.be\/#\/schema\/person\/73a9cbee87288cba2b06e3fc29244fe7","name":"fbf_admin","image":{"@type":"ImageObject","inLanguage":"fr-FR","@id":"https:\/\/www.fbf-bff.be\/#\/schema\/person\/image\/","url":"https:\/\/secure.gravatar.com\/avatar\/20f6483dbe2a69e0999ddcdd1744b7f7?s=96&d=mm&r=g","contentUrl":"https:\/\/secure.gravatar.com\/avatar\/20f6483dbe2a69e0999ddcdd1744b7f7?s=96&d=mm&r=g","caption":"fbf_admin"}}]}},"_links":{"self":[{"href":"https:\/\/www.fbf-bff.be\/fr\/wp-json\/wp\/v2\/posts\/9683"}],"collection":[{"href":"https:\/\/www.fbf-bff.be\/fr\/wp-json\/wp\/v2\/posts"}],"about":[{"href":"https:\/\/www.fbf-bff.be\/fr\/wp-json\/wp\/v2\/types\/post"}],"author":[{"embeddable":true,"href":"https:\/\/www.fbf-bff.be\/fr\/wp-json\/wp\/v2\/users\/1"}],"replies":[{"embeddable":true,"href":"https:\/\/www.fbf-bff.be\/fr\/wp-json\/wp\/v2\/comments?post=9683"}],"version-history":[{"count":0,"href":"https:\/\/www.fbf-bff.be\/fr\/wp-json\/wp\/v2\/posts\/9683\/revisions"}],"wp:featuredmedia":[{"embeddable":true,"href":"https:\/\/www.fbf-bff.be\/fr\/wp-json\/wp\/v2\/media\/4467"}],"wp:attachment":[{"href":"https:\/\/www.fbf-bff.be\/fr\/wp-json\/wp\/v2\/media?parent=9683"}],"wp:term":[{"taxonomy":"category","embeddable":true,"href":"https:\/\/www.fbf-bff.be\/fr\/wp-json\/wp\/v2\/categories?post=9683"},{"taxonomy":"post_tag","embeddable":true,"href":"https:\/\/www.fbf-bff.be\/fr\/wp-json\/wp\/v2\/tags?post=9683"}],"curies":[{"name":"wp","href":"https:\/\/api.w.org\/{rel}","templated":true}]}}