{"id":9612,"date":"2019-07-01T13:00:34","date_gmt":"2019-07-01T11:00:34","guid":{"rendered":"https:\/\/www.fbf-bff.be\/carrefour-express-ouvre-trois-magasins-franchises-en-une-semaine\/"},"modified":"2019-07-01T13:00:34","modified_gmt":"2019-07-01T11:00:34","slug":"carrefour-express-ouvre-trois-magasins-franchises-en-une-semaine","status":"publish","type":"post","link":"https:\/\/www.fbf-bff.be\/fr\/carrefour-express-ouvre-trois-magasins-franchises-en-une-semaine\/","title":{"rendered":"Carrefour Express ouvre trois magasins en une semaine !"},"content":{"rendered":"<a href=\"https:\/\/www.fbf-bff.be\/wp-content\/uploads\/2021\/10\/Carrefour-Express.gif\"><img loading=\"lazy\" decoding=\"async\" class=\"alignnone size-medium wp-image-20783\" src=\"https:\/\/www.fbf-bff.be\/wp-content\/uploads\/2021\/10\/Carrefour-Express-300x200-1.gif\" alt=\"\" width=\"300\" height=\"200\" \/><\/a>\r\n\r\nLe Carrefour Express \u00e0 Boechout est sous la direction des franchis\u00e9s Jonas Verraedt et Francis Claudio. Les deux autres magasins \u00e0 Boom et Scherpenheuvel sont temporairement exploit\u00e9s en <strong>gestion propre<\/strong> par Carrefour Belgique.\u00a0 Tous les efforts ont \u00e9t\u00e9 d\u00e9ploy\u00e9s dans ces magasins pour que les clients puissent faire leurs achats facilement, rapidement et dans un environnement agr\u00e9able et spacieux. Comme tous les magasins Carrefour Express, ces nouveaux magasins franchis\u00e9s s&rsquo;adaptent parfaitement aux attentes des clients. Ils proposent des\u00a0<strong>solutions de repas sains et pr\u00eat \u00e0 l\u2019emploi\u00a0<\/strong>pour chaque moment de la journ\u00e9e.\r\n\r\nCes magasins accordent une attention particuli\u00e8re au programme\u00a0<strong>Act For Food<\/strong>, qui propose des actions concr\u00e8tes pour mieux manger.\r\n\r\nCes magasins Carrefour Express franchis\u00e9s, offrent \u00e9galement de nombreux services.\r\nLes heures d&rsquo;ouverture spacieuses sont un atout suppl\u00e9mentaire de ces magasins.\r\n\r\n<strong>A propos de Carrefour Belgique :<\/strong>\r\n\r\nCarrefour occupe une position unique en Belgique par la vari\u00e9t\u00e9 de ses formats, par le choix et par les plus de 10.000\u00a0hommes et femmes engag\u00e9s, pour accompagner le client en toute confiance et lui donner acc\u00e8s tous les jours \u00e0 une vie plus \u00e9quilibr\u00e9e et plaisante. L&rsquo;ambition de Carrefour est de devenir le leader dans le domaine de la transition alimentaire pour tous. Son programme d\u2019actions Act for Food doit permettre \u00e0 tous de mieux manger.\r\n\r\nL\u2019engagement de Carrefour Belgique au niveau de sa responsabilit\u00e9 soci\u00e9tale a \u00e9t\u00e9 reconnu : le commer\u00e7ant a remport\u00e9 l\u2019award du \u201cCSR Professional of the Year 2018\u201d.\r\n\r\nGr\u00e2ce \u00e0 son ancrage local, dans pratiquement chaque commune, et avec une offre unique de plus 10.000\u00a0produits locaux et de plus de 4.500 produits bio Carrefour Belgique est le partenaire de la vie quotidienne.\r\n\r\nPour plus d\u2019infos sur le concept de franchise de Carrefour Express, <a href=\"https:\/\/franchisingbelgium.be\/formule\/carrefour-express\/?lang=fr\">cliquez ici <\/a>","protected":false},"excerpt":{"rendered":"<p>Avec l&rsquo;ouverture de trois nouveaux magasins \u00e0 Boechout, Boom et Scherpenheuvel, Carrefour Belgique poursuit l&rsquo;expansion de ses magasins franchis\u00e9s. Carrefour continue sur cette lanc\u00e9e avec l\u2019ambition d\u2019ouvrir 30 magasins par an.<\/p>\n","protected":false},"author":1,"featured_media":5814,"comment_status":"closed","ping_status":"open","sticky":false,"template":"","format":"standard","meta":{"ngg_post_thumbnail":0,"footnotes":""},"categories":[37],"tags":[],"acf":[],"yoast_head":"<!-- This site is optimized with the Yoast SEO plugin v23.5 - https:\/\/yoast.com\/wordpress\/plugins\/seo\/ -->\n<title>Carrefour Express ouvre trois magasins en une semaine ! - F\u00e9d\u00e9ration Belge de la Franchise<\/title>\n<meta name=\"robots\" content=\"index, follow, max-snippet:-1, max-image-preview:large, max-video-preview:-1\" \/>\n<link rel=\"canonical\" href=\"https:\/\/www.fbf-bff.be\/fr\/carrefour-express-ouvre-trois-magasins-franchises-en-une-semaine\/\" \/>\n<meta property=\"og:locale\" content=\"fr_FR\" \/>\n<meta property=\"og:type\" content=\"article\" \/>\n<meta property=\"og:title\" content=\"Carrefour Express ouvre trois magasins en une semaine ! - F\u00e9d\u00e9ration Belge de la Franchise\" \/>\n<meta property=\"og:description\" content=\"Avec l&#039;ouverture de trois nouveaux magasins \u00e0 Boechout, Boom et Scherpenheuvel, Carrefour Belgique poursuit l&#039;expansion de ses magasins franchis\u00e9s. Carrefour continue sur cette lanc\u00e9e avec l\u2019ambition d\u2019ouvrir 30 magasins par an.\" \/>\n<meta property=\"og:url\" content=\"https:\/\/www.fbf-bff.be\/fr\/carrefour-express-ouvre-trois-magasins-franchises-en-une-semaine\/\" \/>\n<meta property=\"og:site_name\" content=\"F\u00e9d\u00e9ration Belge de la Franchise\" \/>\n<meta property=\"article:published_time\" content=\"2019-07-01T11:00:34+00:00\" \/>\n<meta property=\"og:image\" content=\"https:\/\/www.fbf-bff.be\/wp-content\/uploads\/2021\/10\/Carrefour_express_groen_hori.jpg\" \/>\n\t<meta property=\"og:image:width\" content=\"2048\" \/>\n\t<meta property=\"og:image:height\" content=\"573\" \/>\n\t<meta property=\"og:image:type\" content=\"image\/jpeg\" \/>\n<meta name=\"author\" content=\"fbf_admin\" \/>\n<meta name=\"twitter:card\" content=\"summary_large_image\" \/>\n<meta name=\"twitter:label1\" content=\"\u00c9crit par\" \/>\n\t<meta name=\"twitter:data1\" content=\"fbf_admin\" \/>\n\t<meta name=\"twitter:label2\" content=\"Dur\u00e9e de lecture estim\u00e9e\" \/>\n\t<meta name=\"twitter:data2\" content=\"2 minutes\" \/>\n<script type=\"application\/ld+json\" class=\"yoast-schema-graph\">{\"@context\":\"https:\/\/schema.org\",\"@graph\":[{\"@type\":\"WebPage\",\"@id\":\"https:\/\/www.fbf-bff.be\/fr\/carrefour-express-ouvre-trois-magasins-franchises-en-une-semaine\/\",\"url\":\"https:\/\/www.fbf-bff.be\/fr\/carrefour-express-ouvre-trois-magasins-franchises-en-une-semaine\/\",\"name\":\"Carrefour Express ouvre trois magasins en une semaine ! - F\u00e9d\u00e9ration Belge de la Franchise\",\"isPartOf\":{\"@id\":\"https:\/\/www.fbf-bff.be\/#website\"},\"primaryImageOfPage\":{\"@id\":\"https:\/\/www.fbf-bff.be\/fr\/carrefour-express-ouvre-trois-magasins-franchises-en-une-semaine\/#primaryimage\"},\"image\":{\"@id\":\"https:\/\/www.fbf-bff.be\/fr\/carrefour-express-ouvre-trois-magasins-franchises-en-une-semaine\/#primaryimage\"},\"thumbnailUrl\":\"https:\/\/www.fbf-bff.be\/wp-content\/uploads\/2021\/10\/Carrefour_express_groen_hori.jpg\",\"datePublished\":\"2019-07-01T11:00:34+00:00\",\"dateModified\":\"2019-07-01T11:00:34+00:00\",\"author\":{\"@id\":\"https:\/\/www.fbf-bff.be\/#\/schema\/person\/73a9cbee87288cba2b06e3fc29244fe7\"},\"breadcrumb\":{\"@id\":\"https:\/\/www.fbf-bff.be\/fr\/carrefour-express-ouvre-trois-magasins-franchises-en-une-semaine\/#breadcrumb\"},\"inLanguage\":\"fr-FR\",\"potentialAction\":[{\"@type\":\"ReadAction\",\"target\":[\"https:\/\/www.fbf-bff.be\/fr\/carrefour-express-ouvre-trois-magasins-franchises-en-une-semaine\/\"]}]},{\"@type\":\"ImageObject\",\"inLanguage\":\"fr-FR\",\"@id\":\"https:\/\/www.fbf-bff.be\/fr\/carrefour-express-ouvre-trois-magasins-franchises-en-une-semaine\/#primaryimage\",\"url\":\"https:\/\/www.fbf-bff.be\/wp-content\/uploads\/2021\/10\/Carrefour_express_groen_hori.jpg\",\"contentUrl\":\"https:\/\/www.fbf-bff.be\/wp-content\/uploads\/2021\/10\/Carrefour_express_groen_hori.jpg\",\"width\":2048,\"height\":573},{\"@type\":\"BreadcrumbList\",\"@id\":\"https:\/\/www.fbf-bff.be\/fr\/carrefour-express-ouvre-trois-magasins-franchises-en-une-semaine\/#breadcrumb\",\"itemListElement\":[{\"@type\":\"ListItem\",\"position\":1,\"name\":\"Home\",\"item\":\"https:\/\/www.fbf-bff.be\/fr\/\"},{\"@type\":\"ListItem\",\"position\":2,\"name\":\"Carrefour Express ouvre trois magasins en une semaine !\"}]},{\"@type\":\"WebSite\",\"@id\":\"https:\/\/www.fbf-bff.be\/#website\",\"url\":\"https:\/\/www.fbf-bff.be\/\",\"name\":\"F\u00e9d\u00e9ration Belge de la Franchise\",\"description\":\"Pour r\u00e9ussir ensemblee\",\"potentialAction\":[{\"@type\":\"SearchAction\",\"target\":{\"@type\":\"EntryPoint\",\"urlTemplate\":\"https:\/\/www.fbf-bff.be\/?s={search_term_string}\"},\"query-input\":{\"@type\":\"PropertyValueSpecification\",\"valueRequired\":true,\"valueName\":\"search_term_string\"}}],\"inLanguage\":\"fr-FR\"},{\"@type\":\"Person\",\"@id\":\"https:\/\/www.fbf-bff.be\/#\/schema\/person\/73a9cbee87288cba2b06e3fc29244fe7\",\"name\":\"fbf_admin\",\"image\":{\"@type\":\"ImageObject\",\"inLanguage\":\"fr-FR\",\"@id\":\"https:\/\/www.fbf-bff.be\/#\/schema\/person\/image\/\",\"url\":\"https:\/\/secure.gravatar.com\/avatar\/20f6483dbe2a69e0999ddcdd1744b7f7?s=96&d=mm&r=g\",\"contentUrl\":\"https:\/\/secure.gravatar.com\/avatar\/20f6483dbe2a69e0999ddcdd1744b7f7?s=96&d=mm&r=g\",\"caption\":\"fbf_admin\"}}]}<\/script>\n<!-- \/ Yoast SEO plugin. -->","yoast_head_json":{"title":"Carrefour Express ouvre trois magasins en une semaine ! - F\u00e9d\u00e9ration Belge de la Franchise","robots":{"index":"index","follow":"follow","max-snippet":"max-snippet:-1","max-image-preview":"max-image-preview:large","max-video-preview":"max-video-preview:-1"},"canonical":"https:\/\/www.fbf-bff.be\/fr\/carrefour-express-ouvre-trois-magasins-franchises-en-une-semaine\/","og_locale":"fr_FR","og_type":"article","og_title":"Carrefour Express ouvre trois magasins en une semaine ! - F\u00e9d\u00e9ration Belge de la Franchise","og_description":"Avec l'ouverture de trois nouveaux magasins \u00e0 Boechout, Boom et Scherpenheuvel, Carrefour Belgique poursuit l'expansion de ses magasins franchis\u00e9s. Carrefour continue sur cette lanc\u00e9e avec l\u2019ambition d\u2019ouvrir 30 magasins par an.","og_url":"https:\/\/www.fbf-bff.be\/fr\/carrefour-express-ouvre-trois-magasins-franchises-en-une-semaine\/","og_site_name":"F\u00e9d\u00e9ration Belge de la Franchise","article_published_time":"2019-07-01T11:00:34+00:00","og_image":[{"width":2048,"height":573,"url":"https:\/\/www.fbf-bff.be\/wp-content\/uploads\/2021\/10\/Carrefour_express_groen_hori.jpg","type":"image\/jpeg"}],"author":"fbf_admin","twitter_card":"summary_large_image","twitter_misc":{"\u00c9crit par":"fbf_admin","Dur\u00e9e de lecture estim\u00e9e":"2 minutes"},"schema":{"@context":"https:\/\/schema.org","@graph":[{"@type":"WebPage","@id":"https:\/\/www.fbf-bff.be\/fr\/carrefour-express-ouvre-trois-magasins-franchises-en-une-semaine\/","url":"https:\/\/www.fbf-bff.be\/fr\/carrefour-express-ouvre-trois-magasins-franchises-en-une-semaine\/","name":"Carrefour Express ouvre trois magasins en une semaine ! - F\u00e9d\u00e9ration Belge de la Franchise","isPartOf":{"@id":"https:\/\/www.fbf-bff.be\/#website"},"primaryImageOfPage":{"@id":"https:\/\/www.fbf-bff.be\/fr\/carrefour-express-ouvre-trois-magasins-franchises-en-une-semaine\/#primaryimage"},"image":{"@id":"https:\/\/www.fbf-bff.be\/fr\/carrefour-express-ouvre-trois-magasins-franchises-en-une-semaine\/#primaryimage"},"thumbnailUrl":"https:\/\/www.fbf-bff.be\/wp-content\/uploads\/2021\/10\/Carrefour_express_groen_hori.jpg","datePublished":"2019-07-01T11:00:34+00:00","dateModified":"2019-07-01T11:00:34+00:00","author":{"@id":"https:\/\/www.fbf-bff.be\/#\/schema\/person\/73a9cbee87288cba2b06e3fc29244fe7"},"breadcrumb":{"@id":"https:\/\/www.fbf-bff.be\/fr\/carrefour-express-ouvre-trois-magasins-franchises-en-une-semaine\/#breadcrumb"},"inLanguage":"fr-FR","potentialAction":[{"@type":"ReadAction","target":["https:\/\/www.fbf-bff.be\/fr\/carrefour-express-ouvre-trois-magasins-franchises-en-une-semaine\/"]}]},{"@type":"ImageObject","inLanguage":"fr-FR","@id":"https:\/\/www.fbf-bff.be\/fr\/carrefour-express-ouvre-trois-magasins-franchises-en-une-semaine\/#primaryimage","url":"https:\/\/www.fbf-bff.be\/wp-content\/uploads\/2021\/10\/Carrefour_express_groen_hori.jpg","contentUrl":"https:\/\/www.fbf-bff.be\/wp-content\/uploads\/2021\/10\/Carrefour_express_groen_hori.jpg","width":2048,"height":573},{"@type":"BreadcrumbList","@id":"https:\/\/www.fbf-bff.be\/fr\/carrefour-express-ouvre-trois-magasins-franchises-en-une-semaine\/#breadcrumb","itemListElement":[{"@type":"ListItem","position":1,"name":"Home","item":"https:\/\/www.fbf-bff.be\/fr\/"},{"@type":"ListItem","position":2,"name":"Carrefour Express ouvre trois magasins en une semaine !"}]},{"@type":"WebSite","@id":"https:\/\/www.fbf-bff.be\/#website","url":"https:\/\/www.fbf-bff.be\/","name":"F\u00e9d\u00e9ration Belge de la Franchise","description":"Pour r\u00e9ussir ensemblee","potentialAction":[{"@type":"SearchAction","target":{"@type":"EntryPoint","urlTemplate":"https:\/\/www.fbf-bff.be\/?s={search_term_string}"},"query-input":{"@type":"PropertyValueSpecification","valueRequired":true,"valueName":"search_term_string"}}],"inLanguage":"fr-FR"},{"@type":"Person","@id":"https:\/\/www.fbf-bff.be\/#\/schema\/person\/73a9cbee87288cba2b06e3fc29244fe7","name":"fbf_admin","image":{"@type":"ImageObject","inLanguage":"fr-FR","@id":"https:\/\/www.fbf-bff.be\/#\/schema\/person\/image\/","url":"https:\/\/secure.gravatar.com\/avatar\/20f6483dbe2a69e0999ddcdd1744b7f7?s=96&d=mm&r=g","contentUrl":"https:\/\/secure.gravatar.com\/avatar\/20f6483dbe2a69e0999ddcdd1744b7f7?s=96&d=mm&r=g","caption":"fbf_admin"}}]}},"_links":{"self":[{"href":"https:\/\/www.fbf-bff.be\/fr\/wp-json\/wp\/v2\/posts\/9612"}],"collection":[{"href":"https:\/\/www.fbf-bff.be\/fr\/wp-json\/wp\/v2\/posts"}],"about":[{"href":"https:\/\/www.fbf-bff.be\/fr\/wp-json\/wp\/v2\/types\/post"}],"author":[{"embeddable":true,"href":"https:\/\/www.fbf-bff.be\/fr\/wp-json\/wp\/v2\/users\/1"}],"replies":[{"embeddable":true,"href":"https:\/\/www.fbf-bff.be\/fr\/wp-json\/wp\/v2\/comments?post=9612"}],"version-history":[{"count":0,"href":"https:\/\/www.fbf-bff.be\/fr\/wp-json\/wp\/v2\/posts\/9612\/revisions"}],"wp:featuredmedia":[{"embeddable":true,"href":"https:\/\/www.fbf-bff.be\/fr\/wp-json\/wp\/v2\/media\/5814"}],"wp:attachment":[{"href":"https:\/\/www.fbf-bff.be\/fr\/wp-json\/wp\/v2\/media?parent=9612"}],"wp:term":[{"taxonomy":"category","embeddable":true,"href":"https:\/\/www.fbf-bff.be\/fr\/wp-json\/wp\/v2\/categories?post=9612"},{"taxonomy":"post_tag","embeddable":true,"href":"https:\/\/www.fbf-bff.be\/fr\/wp-json\/wp\/v2\/tags?post=9612"}],"curies":[{"name":"wp","href":"https:\/\/api.w.org\/{rel}","templated":true}]}}