{"id":9595,"date":"2019-06-12T10:00:50","date_gmt":"2019-06-12T08:00:50","guid":{"rendered":"https:\/\/www.fbf-bff.be\/ouverture-du-troisieme-fresh-atelier-franchise-a-uccle\/"},"modified":"2019-06-12T10:00:50","modified_gmt":"2019-06-12T08:00:50","slug":"ouverture-du-troisieme-fresh-atelier-franchise-a-uccle","status":"publish","type":"post","link":"https:\/\/www.fbf-bff.be\/fr\/ouverture-du-troisieme-fresh-atelier-franchise-a-uccle\/","title":{"rendered":"Ouverture du troisi\u00e8me Fresh Atelier franchis\u00e9 \u00e0 Uccle"},"content":{"rendered":"<strong>Le jeudi 6 juin 2019, Delhaize inaugurait son troisi\u00e8me point de vente franchis\u00e9 de Fresh Atelier, sa derni\u00e8re enseigne en franchise mise sur le march\u00e9, dans le quartier commercial de la Bascule \u00e0 Uccle.\u00a0<\/strong>\r\n\r\n<img loading=\"lazy\" decoding=\"async\" id=\"m_-7263722362516748645Image_x0020_1\" class=\"CToWUd a6T aligncenter\" src=\"https:\/\/mail.google.com\/mail\/u\/0?ui=2&amp;ik=6cf35fcb14&amp;attid=0.1&amp;permmsgid=msg-f:1635938754101913316&amp;th=16b405a1188a26e4&amp;view=fimg&amp;sz=s0-l75-ft&amp;attbid=ANGjdJ_1cptuGlt-97g666UkY7uIHXZdOX_d4ZP2d3tAO8RYgHWHr0gRzNvkqhYeGCZWOtb21f8YgXyek2fJ3tAZh9Z6BQOwIdNzqmyUeN2Sp8rUqKLHa_Y9i5V56kc&amp;disp=emb&amp;realattid=5444d1d35adf0b75_0.1\" alt=\"image.png\" width=\"324\" height=\"215\" data-image-whitelisted=\"\" \/>\r\n\r\nDelhaize Fresh Atelier,\u00a0le dernier concept novateur de Delhaize\u00a0lanc\u00e9 en fin octobre 2018\u00a0 est une nouvelle formule de magasin d&rsquo;une centaine de m\u00b2 qui souhaite r\u00e9pondre aux besoins actuels d&rsquo;une client\u00e8le urbaine et de passage, \u00e0 la recherche de solutions de repas extra fra\u00eeches, \u00e9quilibr\u00e9es et pratiques.\r\n\r\n<strong>Une formule qui s&rsquo;adresse uniquement aux franchis\u00e9s.<\/strong>\r\n\r\nLe Fresh Atelier de la Bascule d&rsquo;une surface de 120 m\u00b2 est sous la direction du franchis\u00e9 Salvatore Tortora (33), assist\u00e9 de 5 collaborateurs.\r\n\r\nUne premi\u00e8re pour Salvatore qui avait fait carri\u00e8re pr\u00e9c\u00e9demment dans le monde de la finance.\r\n\r\nUn grand \u00ab\u00a0pick &amp; mix\u00a0\u00bb bar de quelque 4 m\u00e8tres de long o\u00f9 l&rsquo;offre varie en fonction de l&rsquo;heure de la journ\u00e9e, est une nouveaut\u00e9 dans ce Fresh Atelier qui propose pr\u00e8s de 1.000 produits, une machine \u00e0 caf\u00e9, du jus d&rsquo;orange frais et des smoothies pr\u00e9par\u00e9s sur place. Le magasin est \u00e9quip\u00e9 de caisses Quickscan.\r\n\r\n<strong>Un service de la plateforme en ligne Delhaize.be<\/strong>\r\n\r\nTout comme dans les premiers Fresh Ateliers, les clients peuvent faire appel aux services de la plateforme en ligne Delhaize.be\u00a0et ses 14.000 produits disponibles et venir ensuite y retirer leur commande au m\u00eame prix que dans tout autre point d&rsquo;enl\u00e8vement existant du r\u00e9seau Delhaize.","protected":false},"excerpt":{"rendered":"<p>Le jeudi 6 juin 2019, Delhaize inaugurait son troisi\u00e8me point de vente franchis\u00e9 de Fresh Atelier, sa derni\u00e8re enseigne en franchise mise sur le march\u00e9, dans le quartier commercial de la Bascule \u00e0 Uccle.\u00a0<\/p>\n","protected":false},"author":1,"featured_media":5665,"comment_status":"closed","ping_status":"open","sticky":false,"template":"","format":"standard","meta":{"ngg_post_thumbnail":0,"footnotes":""},"categories":[37],"tags":[],"acf":[],"yoast_head":"<!-- This site is optimized with the Yoast SEO plugin v23.5 - https:\/\/yoast.com\/wordpress\/plugins\/seo\/ -->\n<title>Ouverture du troisi\u00e8me Fresh Atelier franchis\u00e9 \u00e0 Uccle - F\u00e9d\u00e9ration Belge de la Franchise<\/title>\n<meta name=\"robots\" content=\"index, follow, max-snippet:-1, max-image-preview:large, max-video-preview:-1\" \/>\n<link rel=\"canonical\" href=\"https:\/\/www.fbf-bff.be\/fr\/ouverture-du-troisieme-fresh-atelier-franchise-a-uccle\/\" \/>\n<meta property=\"og:locale\" content=\"fr_FR\" \/>\n<meta property=\"og:type\" content=\"article\" \/>\n<meta property=\"og:title\" content=\"Ouverture du troisi\u00e8me Fresh Atelier franchis\u00e9 \u00e0 Uccle - F\u00e9d\u00e9ration Belge de la Franchise\" \/>\n<meta property=\"og:description\" content=\"Le jeudi 6 juin 2019, Delhaize inaugurait son troisi\u00e8me point de vente franchis\u00e9 de Fresh Atelier, sa derni\u00e8re enseigne en franchise mise sur le march\u00e9, dans le quartier commercial de la Bascule \u00e0 Uccle.\u00a0\" \/>\n<meta property=\"og:url\" content=\"https:\/\/www.fbf-bff.be\/fr\/ouverture-du-troisieme-fresh-atelier-franchise-a-uccle\/\" \/>\n<meta property=\"og:site_name\" content=\"F\u00e9d\u00e9ration Belge de la Franchise\" \/>\n<meta property=\"article:published_time\" content=\"2019-06-12T08:00:50+00:00\" \/>\n<meta property=\"og:image\" content=\"https:\/\/www.fbf-bff.be\/wp-content\/uploads\/2021\/10\/Delhaize-logo.jpg\" \/>\n\t<meta property=\"og:image:width\" content=\"1726\" \/>\n\t<meta property=\"og:image:height\" content=\"474\" \/>\n\t<meta property=\"og:image:type\" content=\"image\/jpeg\" \/>\n<meta name=\"author\" content=\"fbf_admin\" \/>\n<meta name=\"twitter:card\" content=\"summary_large_image\" \/>\n<meta name=\"twitter:label1\" content=\"\u00c9crit par\" \/>\n\t<meta name=\"twitter:data1\" content=\"fbf_admin\" \/>\n\t<meta name=\"twitter:label2\" content=\"Dur\u00e9e de lecture estim\u00e9e\" \/>\n\t<meta name=\"twitter:data2\" content=\"1 minute\" \/>\n<script type=\"application\/ld+json\" class=\"yoast-schema-graph\">{\"@context\":\"https:\/\/schema.org\",\"@graph\":[{\"@type\":\"WebPage\",\"@id\":\"https:\/\/www.fbf-bff.be\/fr\/ouverture-du-troisieme-fresh-atelier-franchise-a-uccle\/\",\"url\":\"https:\/\/www.fbf-bff.be\/fr\/ouverture-du-troisieme-fresh-atelier-franchise-a-uccle\/\",\"name\":\"Ouverture du troisi\u00e8me Fresh Atelier franchis\u00e9 \u00e0 Uccle - F\u00e9d\u00e9ration Belge de la Franchise\",\"isPartOf\":{\"@id\":\"https:\/\/www.fbf-bff.be\/#website\"},\"primaryImageOfPage\":{\"@id\":\"https:\/\/www.fbf-bff.be\/fr\/ouverture-du-troisieme-fresh-atelier-franchise-a-uccle\/#primaryimage\"},\"image\":{\"@id\":\"https:\/\/www.fbf-bff.be\/fr\/ouverture-du-troisieme-fresh-atelier-franchise-a-uccle\/#primaryimage\"},\"thumbnailUrl\":\"https:\/\/www.fbf-bff.be\/wp-content\/uploads\/2021\/10\/Delhaize-logo.jpg\",\"datePublished\":\"2019-06-12T08:00:50+00:00\",\"dateModified\":\"2019-06-12T08:00:50+00:00\",\"author\":{\"@id\":\"https:\/\/www.fbf-bff.be\/#\/schema\/person\/73a9cbee87288cba2b06e3fc29244fe7\"},\"breadcrumb\":{\"@id\":\"https:\/\/www.fbf-bff.be\/fr\/ouverture-du-troisieme-fresh-atelier-franchise-a-uccle\/#breadcrumb\"},\"inLanguage\":\"fr-FR\",\"potentialAction\":[{\"@type\":\"ReadAction\",\"target\":[\"https:\/\/www.fbf-bff.be\/fr\/ouverture-du-troisieme-fresh-atelier-franchise-a-uccle\/\"]}]},{\"@type\":\"ImageObject\",\"inLanguage\":\"fr-FR\",\"@id\":\"https:\/\/www.fbf-bff.be\/fr\/ouverture-du-troisieme-fresh-atelier-franchise-a-uccle\/#primaryimage\",\"url\":\"https:\/\/www.fbf-bff.be\/wp-content\/uploads\/2021\/10\/Delhaize-logo.jpg\",\"contentUrl\":\"https:\/\/www.fbf-bff.be\/wp-content\/uploads\/2021\/10\/Delhaize-logo.jpg\",\"width\":1726,\"height\":474},{\"@type\":\"BreadcrumbList\",\"@id\":\"https:\/\/www.fbf-bff.be\/fr\/ouverture-du-troisieme-fresh-atelier-franchise-a-uccle\/#breadcrumb\",\"itemListElement\":[{\"@type\":\"ListItem\",\"position\":1,\"name\":\"Home\",\"item\":\"https:\/\/www.fbf-bff.be\/fr\/\"},{\"@type\":\"ListItem\",\"position\":2,\"name\":\"Ouverture du troisi\u00e8me Fresh Atelier franchis\u00e9 \u00e0 Uccle\"}]},{\"@type\":\"WebSite\",\"@id\":\"https:\/\/www.fbf-bff.be\/#website\",\"url\":\"https:\/\/www.fbf-bff.be\/\",\"name\":\"F\u00e9d\u00e9ration Belge de la Franchise\",\"description\":\"Pour r\u00e9ussir ensemblee\",\"potentialAction\":[{\"@type\":\"SearchAction\",\"target\":{\"@type\":\"EntryPoint\",\"urlTemplate\":\"https:\/\/www.fbf-bff.be\/?s={search_term_string}\"},\"query-input\":{\"@type\":\"PropertyValueSpecification\",\"valueRequired\":true,\"valueName\":\"search_term_string\"}}],\"inLanguage\":\"fr-FR\"},{\"@type\":\"Person\",\"@id\":\"https:\/\/www.fbf-bff.be\/#\/schema\/person\/73a9cbee87288cba2b06e3fc29244fe7\",\"name\":\"fbf_admin\",\"image\":{\"@type\":\"ImageObject\",\"inLanguage\":\"fr-FR\",\"@id\":\"https:\/\/www.fbf-bff.be\/#\/schema\/person\/image\/\",\"url\":\"https:\/\/secure.gravatar.com\/avatar\/20f6483dbe2a69e0999ddcdd1744b7f7?s=96&d=mm&r=g\",\"contentUrl\":\"https:\/\/secure.gravatar.com\/avatar\/20f6483dbe2a69e0999ddcdd1744b7f7?s=96&d=mm&r=g\",\"caption\":\"fbf_admin\"}}]}<\/script>\n<!-- \/ Yoast SEO plugin. -->","yoast_head_json":{"title":"Ouverture du troisi\u00e8me Fresh Atelier franchis\u00e9 \u00e0 Uccle - F\u00e9d\u00e9ration Belge de la Franchise","robots":{"index":"index","follow":"follow","max-snippet":"max-snippet:-1","max-image-preview":"max-image-preview:large","max-video-preview":"max-video-preview:-1"},"canonical":"https:\/\/www.fbf-bff.be\/fr\/ouverture-du-troisieme-fresh-atelier-franchise-a-uccle\/","og_locale":"fr_FR","og_type":"article","og_title":"Ouverture du troisi\u00e8me Fresh Atelier franchis\u00e9 \u00e0 Uccle - F\u00e9d\u00e9ration Belge de la Franchise","og_description":"Le jeudi 6 juin 2019, Delhaize inaugurait son troisi\u00e8me point de vente franchis\u00e9 de Fresh Atelier, sa derni\u00e8re enseigne en franchise mise sur le march\u00e9, dans le quartier commercial de la Bascule \u00e0 Uccle.\u00a0","og_url":"https:\/\/www.fbf-bff.be\/fr\/ouverture-du-troisieme-fresh-atelier-franchise-a-uccle\/","og_site_name":"F\u00e9d\u00e9ration Belge de la Franchise","article_published_time":"2019-06-12T08:00:50+00:00","og_image":[{"width":1726,"height":474,"url":"https:\/\/www.fbf-bff.be\/wp-content\/uploads\/2021\/10\/Delhaize-logo.jpg","type":"image\/jpeg"}],"author":"fbf_admin","twitter_card":"summary_large_image","twitter_misc":{"\u00c9crit par":"fbf_admin","Dur\u00e9e de lecture estim\u00e9e":"1 minute"},"schema":{"@context":"https:\/\/schema.org","@graph":[{"@type":"WebPage","@id":"https:\/\/www.fbf-bff.be\/fr\/ouverture-du-troisieme-fresh-atelier-franchise-a-uccle\/","url":"https:\/\/www.fbf-bff.be\/fr\/ouverture-du-troisieme-fresh-atelier-franchise-a-uccle\/","name":"Ouverture du troisi\u00e8me Fresh Atelier franchis\u00e9 \u00e0 Uccle - F\u00e9d\u00e9ration Belge de la Franchise","isPartOf":{"@id":"https:\/\/www.fbf-bff.be\/#website"},"primaryImageOfPage":{"@id":"https:\/\/www.fbf-bff.be\/fr\/ouverture-du-troisieme-fresh-atelier-franchise-a-uccle\/#primaryimage"},"image":{"@id":"https:\/\/www.fbf-bff.be\/fr\/ouverture-du-troisieme-fresh-atelier-franchise-a-uccle\/#primaryimage"},"thumbnailUrl":"https:\/\/www.fbf-bff.be\/wp-content\/uploads\/2021\/10\/Delhaize-logo.jpg","datePublished":"2019-06-12T08:00:50+00:00","dateModified":"2019-06-12T08:00:50+00:00","author":{"@id":"https:\/\/www.fbf-bff.be\/#\/schema\/person\/73a9cbee87288cba2b06e3fc29244fe7"},"breadcrumb":{"@id":"https:\/\/www.fbf-bff.be\/fr\/ouverture-du-troisieme-fresh-atelier-franchise-a-uccle\/#breadcrumb"},"inLanguage":"fr-FR","potentialAction":[{"@type":"ReadAction","target":["https:\/\/www.fbf-bff.be\/fr\/ouverture-du-troisieme-fresh-atelier-franchise-a-uccle\/"]}]},{"@type":"ImageObject","inLanguage":"fr-FR","@id":"https:\/\/www.fbf-bff.be\/fr\/ouverture-du-troisieme-fresh-atelier-franchise-a-uccle\/#primaryimage","url":"https:\/\/www.fbf-bff.be\/wp-content\/uploads\/2021\/10\/Delhaize-logo.jpg","contentUrl":"https:\/\/www.fbf-bff.be\/wp-content\/uploads\/2021\/10\/Delhaize-logo.jpg","width":1726,"height":474},{"@type":"BreadcrumbList","@id":"https:\/\/www.fbf-bff.be\/fr\/ouverture-du-troisieme-fresh-atelier-franchise-a-uccle\/#breadcrumb","itemListElement":[{"@type":"ListItem","position":1,"name":"Home","item":"https:\/\/www.fbf-bff.be\/fr\/"},{"@type":"ListItem","position":2,"name":"Ouverture du troisi\u00e8me Fresh Atelier franchis\u00e9 \u00e0 Uccle"}]},{"@type":"WebSite","@id":"https:\/\/www.fbf-bff.be\/#website","url":"https:\/\/www.fbf-bff.be\/","name":"F\u00e9d\u00e9ration Belge de la Franchise","description":"Pour r\u00e9ussir ensemblee","potentialAction":[{"@type":"SearchAction","target":{"@type":"EntryPoint","urlTemplate":"https:\/\/www.fbf-bff.be\/?s={search_term_string}"},"query-input":{"@type":"PropertyValueSpecification","valueRequired":true,"valueName":"search_term_string"}}],"inLanguage":"fr-FR"},{"@type":"Person","@id":"https:\/\/www.fbf-bff.be\/#\/schema\/person\/73a9cbee87288cba2b06e3fc29244fe7","name":"fbf_admin","image":{"@type":"ImageObject","inLanguage":"fr-FR","@id":"https:\/\/www.fbf-bff.be\/#\/schema\/person\/image\/","url":"https:\/\/secure.gravatar.com\/avatar\/20f6483dbe2a69e0999ddcdd1744b7f7?s=96&d=mm&r=g","contentUrl":"https:\/\/secure.gravatar.com\/avatar\/20f6483dbe2a69e0999ddcdd1744b7f7?s=96&d=mm&r=g","caption":"fbf_admin"}}]}},"_links":{"self":[{"href":"https:\/\/www.fbf-bff.be\/fr\/wp-json\/wp\/v2\/posts\/9595"}],"collection":[{"href":"https:\/\/www.fbf-bff.be\/fr\/wp-json\/wp\/v2\/posts"}],"about":[{"href":"https:\/\/www.fbf-bff.be\/fr\/wp-json\/wp\/v2\/types\/post"}],"author":[{"embeddable":true,"href":"https:\/\/www.fbf-bff.be\/fr\/wp-json\/wp\/v2\/users\/1"}],"replies":[{"embeddable":true,"href":"https:\/\/www.fbf-bff.be\/fr\/wp-json\/wp\/v2\/comments?post=9595"}],"version-history":[{"count":0,"href":"https:\/\/www.fbf-bff.be\/fr\/wp-json\/wp\/v2\/posts\/9595\/revisions"}],"wp:featuredmedia":[{"embeddable":true,"href":"https:\/\/www.fbf-bff.be\/fr\/wp-json\/wp\/v2\/media\/5665"}],"wp:attachment":[{"href":"https:\/\/www.fbf-bff.be\/fr\/wp-json\/wp\/v2\/media?parent=9595"}],"wp:term":[{"taxonomy":"category","embeddable":true,"href":"https:\/\/www.fbf-bff.be\/fr\/wp-json\/wp\/v2\/categories?post=9595"},{"taxonomy":"post_tag","embeddable":true,"href":"https:\/\/www.fbf-bff.be\/fr\/wp-json\/wp\/v2\/tags?post=9595"}],"curies":[{"name":"wp","href":"https:\/\/api.w.org\/{rel}","templated":true}]}}