{"id":9472,"date":"2019-03-01T11:21:15","date_gmt":"2019-03-01T10:21:15","guid":{"rendered":"https:\/\/www.fbf-bff.be\/cuisines-raison-ouvre-sa-premiere-franchise-en-belgique\/"},"modified":"2019-03-01T11:21:15","modified_gmt":"2019-03-01T10:21:15","slug":"cuisines-raison-ouvre-sa-premiere-franchise-en-belgique","status":"publish","type":"post","link":"https:\/\/www.fbf-bff.be\/fr\/cuisines-raison-ouvre-sa-premiere-franchise-en-belgique\/","title":{"rendered":"Cuisines RAISON ouvre sa premi\u00e8re franchise en Belgique"},"content":{"rendered":"Cuisines RAISON, leader de la vente de cuisines \u00e9quip\u00e9es \u00e0 domicile, sans show-room, a sign\u00e9 son premier contrat de franchise en Belgique.\r\n\r\nLa master franchise RAISON Benelux a \u00e9t\u00e9 cr\u00e9\u00e9e en septembre 2018 pour d\u00e9velopper l\u2019enseigne d\u2019origine fran\u00e7aise dans le Benelux en commen\u00e7ant par la Belgique. Quatre mois plus tard, un premier franchis\u00e9 s\u2019est laiss\u00e9 tenter par l\u2019approche innovante de Cuisines RAISON, proposant une exp\u00e9rience client centr\u00e9e sur la relation humaine, la proximit\u00e9 et la co-cr\u00e9ation du projet de cuisine avec le client.\r\n\r\nLe premier franchis\u00e9 belge est bas\u00e9 au c\u0153ur du Brabant Wallon. Il a profit\u00e9 du \u00ab\u00a0Welcome pack\u00a0\u00bb tr\u00e8s avantageux r\u00e9serv\u00e9 aux 3 premiers franchis\u00e9s du pays. Pierre Jacobs, Managing Director de la master franchise, explique son ambition\u00a0:\r\n\r\n\u00ab\u00a0<em>Nous avons l\u2019ambition de trouver de 6 \u00e0 8 franchis\u00e9s en 2019 et ensuite de cro\u00eetre r\u00e9guli\u00e8rement \u00e0 un rythme d\u2019une dizaine de nouveaux franchis\u00e9s par an. Il y a largement place pour une centaine de franchis\u00e9s en Belgique. Nous ne voulons pas aller trop vite mais avancer de mani\u00e8re r\u00e9solue en apportant tout l\u2019accompagnement n\u00e9cessaire pour faire r\u00e9ussir nos franchis\u00e9s.<\/em>\r\n\r\n<em>Nous proposons une approche diff\u00e9rente de nos confr\u00e8res travaillant en show-room. Chez Cuisines RAISON, tout tient \u00e0 l\u2019humain. Nous vendons un produit de plaisir\u00a0: non seulement notre client doit \u00eatre satisfait de sa cuisine mais il doit conserver un sentiment de plaisir de l\u2019exp\u00e9rience qu\u2019il a v\u00e9cue avec nous pour concevoir et installer sa nouvelle cuisine. Et il n\u2019y a rien de plus efficace qu\u2019un franchis\u00e9 heureux pour rendre un client heureux.<\/em>\r\n\r\n<em>C\u2019est bien pourquoi nous cherchons des passionn\u00e9s de l\u2019am\u00e9nagement d\u2019int\u00e9rieur et des relations humaines et tenons \u00e0 leur apporter avec le plus grand soin tout ce dont ils ont besoin pour enchanter leurs clients au quotidien<\/em>\u00a0\u00bb.\r\n\r\nPour en savoir plus sur la franchise Cuisines RAISON, <a href=\"https:\/\/franchisingbelgium.be\/formule\/cuisines-raison\/\" class=\"broken_link\">cliquez ici<\/a>.","protected":false},"excerpt":{"rendered":"<p>Cuisines RAISON, leader de la vente de cuisines \u00e9quip\u00e9es \u00e0 domicile, sans show-room, a sign\u00e9 son premier contrat de franchise en Belgique.<\/p>\n","protected":false},"author":1,"featured_media":5364,"comment_status":"closed","ping_status":"open","sticky":false,"template":"","format":"standard","meta":{"ngg_post_thumbnail":0,"footnotes":""},"categories":[37],"tags":[],"acf":[],"yoast_head":"<!-- This site is optimized with the Yoast SEO plugin v23.5 - https:\/\/yoast.com\/wordpress\/plugins\/seo\/ -->\n<title>Cuisines RAISON ouvre sa premi\u00e8re franchise en Belgique - F\u00e9d\u00e9ration Belge de la Franchise<\/title>\n<meta name=\"robots\" content=\"index, follow, max-snippet:-1, max-image-preview:large, max-video-preview:-1\" \/>\n<link rel=\"canonical\" href=\"https:\/\/www.fbf-bff.be\/fr\/cuisines-raison-ouvre-sa-premiere-franchise-en-belgique\/\" \/>\n<meta property=\"og:locale\" content=\"fr_FR\" \/>\n<meta property=\"og:type\" content=\"article\" \/>\n<meta property=\"og:title\" content=\"Cuisines RAISON ouvre sa premi\u00e8re franchise en Belgique - F\u00e9d\u00e9ration Belge de la Franchise\" \/>\n<meta property=\"og:description\" content=\"Cuisines RAISON, leader de la vente de cuisines \u00e9quip\u00e9es \u00e0 domicile, sans show-room, a sign\u00e9 son premier contrat de franchise en Belgique.\" \/>\n<meta property=\"og:url\" content=\"https:\/\/www.fbf-bff.be\/fr\/cuisines-raison-ouvre-sa-premiere-franchise-en-belgique\/\" \/>\n<meta property=\"og:site_name\" content=\"F\u00e9d\u00e9ration Belge de la Franchise\" \/>\n<meta property=\"article:published_time\" content=\"2019-03-01T10:21:15+00:00\" \/>\n<meta property=\"og:image\" content=\"https:\/\/www.fbf-bff.be\/wp-content\/uploads\/2021\/10\/Logo-cuisines.jpg\" \/>\n\t<meta property=\"og:image:width\" content=\"300\" \/>\n\t<meta property=\"og:image:height\" content=\"300\" \/>\n\t<meta property=\"og:image:type\" content=\"image\/jpeg\" \/>\n<meta name=\"author\" content=\"fbf_admin\" \/>\n<meta name=\"twitter:card\" content=\"summary_large_image\" \/>\n<meta name=\"twitter:label1\" content=\"\u00c9crit par\" \/>\n\t<meta name=\"twitter:data1\" content=\"fbf_admin\" \/>\n\t<meta name=\"twitter:label2\" content=\"Dur\u00e9e de lecture estim\u00e9e\" \/>\n\t<meta name=\"twitter:data2\" content=\"2 minutes\" \/>\n<script type=\"application\/ld+json\" class=\"yoast-schema-graph\">{\"@context\":\"https:\/\/schema.org\",\"@graph\":[{\"@type\":\"WebPage\",\"@id\":\"https:\/\/www.fbf-bff.be\/fr\/cuisines-raison-ouvre-sa-premiere-franchise-en-belgique\/\",\"url\":\"https:\/\/www.fbf-bff.be\/fr\/cuisines-raison-ouvre-sa-premiere-franchise-en-belgique\/\",\"name\":\"Cuisines RAISON ouvre sa premi\u00e8re franchise en Belgique - F\u00e9d\u00e9ration Belge de la Franchise\",\"isPartOf\":{\"@id\":\"https:\/\/www.fbf-bff.be\/#website\"},\"primaryImageOfPage\":{\"@id\":\"https:\/\/www.fbf-bff.be\/fr\/cuisines-raison-ouvre-sa-premiere-franchise-en-belgique\/#primaryimage\"},\"image\":{\"@id\":\"https:\/\/www.fbf-bff.be\/fr\/cuisines-raison-ouvre-sa-premiere-franchise-en-belgique\/#primaryimage\"},\"thumbnailUrl\":\"https:\/\/www.fbf-bff.be\/wp-content\/uploads\/2021\/10\/Logo-cuisines.jpg\",\"datePublished\":\"2019-03-01T10:21:15+00:00\",\"dateModified\":\"2019-03-01T10:21:15+00:00\",\"author\":{\"@id\":\"https:\/\/www.fbf-bff.be\/#\/schema\/person\/73a9cbee87288cba2b06e3fc29244fe7\"},\"breadcrumb\":{\"@id\":\"https:\/\/www.fbf-bff.be\/fr\/cuisines-raison-ouvre-sa-premiere-franchise-en-belgique\/#breadcrumb\"},\"inLanguage\":\"fr-FR\",\"potentialAction\":[{\"@type\":\"ReadAction\",\"target\":[\"https:\/\/www.fbf-bff.be\/fr\/cuisines-raison-ouvre-sa-premiere-franchise-en-belgique\/\"]}]},{\"@type\":\"ImageObject\",\"inLanguage\":\"fr-FR\",\"@id\":\"https:\/\/www.fbf-bff.be\/fr\/cuisines-raison-ouvre-sa-premiere-franchise-en-belgique\/#primaryimage\",\"url\":\"https:\/\/www.fbf-bff.be\/wp-content\/uploads\/2021\/10\/Logo-cuisines.jpg\",\"contentUrl\":\"https:\/\/www.fbf-bff.be\/wp-content\/uploads\/2021\/10\/Logo-cuisines.jpg\",\"width\":300,\"height\":300},{\"@type\":\"BreadcrumbList\",\"@id\":\"https:\/\/www.fbf-bff.be\/fr\/cuisines-raison-ouvre-sa-premiere-franchise-en-belgique\/#breadcrumb\",\"itemListElement\":[{\"@type\":\"ListItem\",\"position\":1,\"name\":\"Home\",\"item\":\"https:\/\/www.fbf-bff.be\/fr\/\"},{\"@type\":\"ListItem\",\"position\":2,\"name\":\"Cuisines RAISON ouvre sa premi\u00e8re franchise en Belgique\"}]},{\"@type\":\"WebSite\",\"@id\":\"https:\/\/www.fbf-bff.be\/#website\",\"url\":\"https:\/\/www.fbf-bff.be\/\",\"name\":\"F\u00e9d\u00e9ration Belge de la Franchise\",\"description\":\"Pour r\u00e9ussir ensemblee\",\"potentialAction\":[{\"@type\":\"SearchAction\",\"target\":{\"@type\":\"EntryPoint\",\"urlTemplate\":\"https:\/\/www.fbf-bff.be\/?s={search_term_string}\"},\"query-input\":{\"@type\":\"PropertyValueSpecification\",\"valueRequired\":true,\"valueName\":\"search_term_string\"}}],\"inLanguage\":\"fr-FR\"},{\"@type\":\"Person\",\"@id\":\"https:\/\/www.fbf-bff.be\/#\/schema\/person\/73a9cbee87288cba2b06e3fc29244fe7\",\"name\":\"fbf_admin\",\"image\":{\"@type\":\"ImageObject\",\"inLanguage\":\"fr-FR\",\"@id\":\"https:\/\/www.fbf-bff.be\/#\/schema\/person\/image\/\",\"url\":\"https:\/\/secure.gravatar.com\/avatar\/20f6483dbe2a69e0999ddcdd1744b7f7?s=96&d=mm&r=g\",\"contentUrl\":\"https:\/\/secure.gravatar.com\/avatar\/20f6483dbe2a69e0999ddcdd1744b7f7?s=96&d=mm&r=g\",\"caption\":\"fbf_admin\"}}]}<\/script>\n<!-- \/ Yoast SEO plugin. -->","yoast_head_json":{"title":"Cuisines RAISON ouvre sa premi\u00e8re franchise en Belgique - F\u00e9d\u00e9ration Belge de la Franchise","robots":{"index":"index","follow":"follow","max-snippet":"max-snippet:-1","max-image-preview":"max-image-preview:large","max-video-preview":"max-video-preview:-1"},"canonical":"https:\/\/www.fbf-bff.be\/fr\/cuisines-raison-ouvre-sa-premiere-franchise-en-belgique\/","og_locale":"fr_FR","og_type":"article","og_title":"Cuisines RAISON ouvre sa premi\u00e8re franchise en Belgique - F\u00e9d\u00e9ration Belge de la Franchise","og_description":"Cuisines RAISON, leader de la vente de cuisines \u00e9quip\u00e9es \u00e0 domicile, sans show-room, a sign\u00e9 son premier contrat de franchise en Belgique.","og_url":"https:\/\/www.fbf-bff.be\/fr\/cuisines-raison-ouvre-sa-premiere-franchise-en-belgique\/","og_site_name":"F\u00e9d\u00e9ration Belge de la Franchise","article_published_time":"2019-03-01T10:21:15+00:00","og_image":[{"width":300,"height":300,"url":"https:\/\/www.fbf-bff.be\/wp-content\/uploads\/2021\/10\/Logo-cuisines.jpg","type":"image\/jpeg"}],"author":"fbf_admin","twitter_card":"summary_large_image","twitter_misc":{"\u00c9crit par":"fbf_admin","Dur\u00e9e de lecture estim\u00e9e":"2 minutes"},"schema":{"@context":"https:\/\/schema.org","@graph":[{"@type":"WebPage","@id":"https:\/\/www.fbf-bff.be\/fr\/cuisines-raison-ouvre-sa-premiere-franchise-en-belgique\/","url":"https:\/\/www.fbf-bff.be\/fr\/cuisines-raison-ouvre-sa-premiere-franchise-en-belgique\/","name":"Cuisines RAISON ouvre sa premi\u00e8re franchise en Belgique - F\u00e9d\u00e9ration Belge de la Franchise","isPartOf":{"@id":"https:\/\/www.fbf-bff.be\/#website"},"primaryImageOfPage":{"@id":"https:\/\/www.fbf-bff.be\/fr\/cuisines-raison-ouvre-sa-premiere-franchise-en-belgique\/#primaryimage"},"image":{"@id":"https:\/\/www.fbf-bff.be\/fr\/cuisines-raison-ouvre-sa-premiere-franchise-en-belgique\/#primaryimage"},"thumbnailUrl":"https:\/\/www.fbf-bff.be\/wp-content\/uploads\/2021\/10\/Logo-cuisines.jpg","datePublished":"2019-03-01T10:21:15+00:00","dateModified":"2019-03-01T10:21:15+00:00","author":{"@id":"https:\/\/www.fbf-bff.be\/#\/schema\/person\/73a9cbee87288cba2b06e3fc29244fe7"},"breadcrumb":{"@id":"https:\/\/www.fbf-bff.be\/fr\/cuisines-raison-ouvre-sa-premiere-franchise-en-belgique\/#breadcrumb"},"inLanguage":"fr-FR","potentialAction":[{"@type":"ReadAction","target":["https:\/\/www.fbf-bff.be\/fr\/cuisines-raison-ouvre-sa-premiere-franchise-en-belgique\/"]}]},{"@type":"ImageObject","inLanguage":"fr-FR","@id":"https:\/\/www.fbf-bff.be\/fr\/cuisines-raison-ouvre-sa-premiere-franchise-en-belgique\/#primaryimage","url":"https:\/\/www.fbf-bff.be\/wp-content\/uploads\/2021\/10\/Logo-cuisines.jpg","contentUrl":"https:\/\/www.fbf-bff.be\/wp-content\/uploads\/2021\/10\/Logo-cuisines.jpg","width":300,"height":300},{"@type":"BreadcrumbList","@id":"https:\/\/www.fbf-bff.be\/fr\/cuisines-raison-ouvre-sa-premiere-franchise-en-belgique\/#breadcrumb","itemListElement":[{"@type":"ListItem","position":1,"name":"Home","item":"https:\/\/www.fbf-bff.be\/fr\/"},{"@type":"ListItem","position":2,"name":"Cuisines RAISON ouvre sa premi\u00e8re franchise en Belgique"}]},{"@type":"WebSite","@id":"https:\/\/www.fbf-bff.be\/#website","url":"https:\/\/www.fbf-bff.be\/","name":"F\u00e9d\u00e9ration Belge de la Franchise","description":"Pour r\u00e9ussir ensemblee","potentialAction":[{"@type":"SearchAction","target":{"@type":"EntryPoint","urlTemplate":"https:\/\/www.fbf-bff.be\/?s={search_term_string}"},"query-input":{"@type":"PropertyValueSpecification","valueRequired":true,"valueName":"search_term_string"}}],"inLanguage":"fr-FR"},{"@type":"Person","@id":"https:\/\/www.fbf-bff.be\/#\/schema\/person\/73a9cbee87288cba2b06e3fc29244fe7","name":"fbf_admin","image":{"@type":"ImageObject","inLanguage":"fr-FR","@id":"https:\/\/www.fbf-bff.be\/#\/schema\/person\/image\/","url":"https:\/\/secure.gravatar.com\/avatar\/20f6483dbe2a69e0999ddcdd1744b7f7?s=96&d=mm&r=g","contentUrl":"https:\/\/secure.gravatar.com\/avatar\/20f6483dbe2a69e0999ddcdd1744b7f7?s=96&d=mm&r=g","caption":"fbf_admin"}}]}},"_links":{"self":[{"href":"https:\/\/www.fbf-bff.be\/fr\/wp-json\/wp\/v2\/posts\/9472"}],"collection":[{"href":"https:\/\/www.fbf-bff.be\/fr\/wp-json\/wp\/v2\/posts"}],"about":[{"href":"https:\/\/www.fbf-bff.be\/fr\/wp-json\/wp\/v2\/types\/post"}],"author":[{"embeddable":true,"href":"https:\/\/www.fbf-bff.be\/fr\/wp-json\/wp\/v2\/users\/1"}],"replies":[{"embeddable":true,"href":"https:\/\/www.fbf-bff.be\/fr\/wp-json\/wp\/v2\/comments?post=9472"}],"version-history":[{"count":0,"href":"https:\/\/www.fbf-bff.be\/fr\/wp-json\/wp\/v2\/posts\/9472\/revisions"}],"wp:featuredmedia":[{"embeddable":true,"href":"https:\/\/www.fbf-bff.be\/fr\/wp-json\/wp\/v2\/media\/5364"}],"wp:attachment":[{"href":"https:\/\/www.fbf-bff.be\/fr\/wp-json\/wp\/v2\/media?parent=9472"}],"wp:term":[{"taxonomy":"category","embeddable":true,"href":"https:\/\/www.fbf-bff.be\/fr\/wp-json\/wp\/v2\/categories?post=9472"},{"taxonomy":"post_tag","embeddable":true,"href":"https:\/\/www.fbf-bff.be\/fr\/wp-json\/wp\/v2\/tags?post=9472"}],"curies":[{"name":"wp","href":"https:\/\/api.w.org\/{rel}","templated":true}]}}