{"id":9401,"date":"2019-01-09T10:04:59","date_gmt":"2019-01-09T09:04:59","guid":{"rendered":"https:\/\/www.fbf-bff.be\/la-franchise-de-fast-food-fete-a-crepe-debarque-a-liege\/"},"modified":"2019-01-09T10:04:59","modified_gmt":"2019-01-09T09:04:59","slug":"la-franchise-de-fast-food-fete-a-crepe-debarque-a-liege","status":"publish","type":"post","link":"https:\/\/www.fbf-bff.be\/fr\/la-franchise-de-fast-food-fete-a-crepe-debarque-a-liege\/","title":{"rendered":"La franchise de fast-food \u00abF\u00eate \u00e0 cr\u00eape\u00bb d\u00e9barque \u00e0 Li\u00e8ge"},"content":{"rendered":"<p style=\"font-weight: 400\">C\u2019est tout nouveau: le concept fran\u00e7ais \u00abF\u00eate \u00e0 cr\u00eape\u00bb d\u00e9barque \u00e0 Li\u00e8ge. C\u2019est la premi\u00e8re franchise belge. Le principe est simple: une cr\u00eape et un choix parmi des dizaines d\u2019ingr\u00e9dients pour la composer selon ses envies.<\/p>\r\n<p style=\"font-weight: 400\">Si la chandeleur approche \u00e0 grands pas, les amateurs de cr\u00eapes n\u2019auront pas besoin d\u2019attendre. La nouvelle enseigne en franchise vient d\u2019ouvrir ses portes dans le centre-ville de Li\u00e8ge. \u00ab\u00a0F\u00eate \u00e0 cr\u00eape\u00a0\u00bb, comprenez bien le jeu de mot\u00a0: ce fast-food vous propose de composer vous-m\u00eames votre cr\u00eape, sucr\u00e9e ou sal\u00e9e.\u00a0Le choix des ingr\u00e9dients est impressionnant.\u00a0\u00a0<em>On peut mettre tout ce qu\u2019on veut dedans\u00a0\u00bb\u00a0<\/em>explique Amel Chatar, franchis\u00e9.<\/p>\r\nSource: <a href=\"https:\/\/www.lameuse.be\/328048\/article\/2019-01-04\/le-fast-food-fete-crepe-debarque-liege\" target=\"_blank\" rel=\"noopener\">LaMeuse<\/a>","protected":false},"excerpt":{"rendered":"<p>C\u2019est tout nouveau: le concept fran\u00e7ais \u00abF\u00eate \u00e0 cr\u00eape\u00bb d\u00e9barque \u00e0 Li\u00e8ge. C\u2019est la premi\u00e8re franchise belge. Le principe est simple: une cr\u00eape et un choix parmi des dizaines d\u2019ingr\u00e9dients pour la composer selon ses envies.<\/p>\n","protected":false},"author":1,"featured_media":9402,"comment_status":"closed","ping_status":"open","sticky":false,"template":"","format":"standard","meta":{"ngg_post_thumbnail":0,"footnotes":""},"categories":[37],"tags":[],"acf":[],"yoast_head":"<!-- This site is optimized with the Yoast SEO plugin v23.5 - https:\/\/yoast.com\/wordpress\/plugins\/seo\/ -->\n<title>La franchise de fast-food \u00abF\u00eate \u00e0 cr\u00eape\u00bb d\u00e9barque \u00e0 Li\u00e8ge - F\u00e9d\u00e9ration Belge de la Franchise<\/title>\n<meta name=\"robots\" content=\"index, follow, max-snippet:-1, max-image-preview:large, max-video-preview:-1\" \/>\n<link rel=\"canonical\" href=\"https:\/\/www.fbf-bff.be\/fr\/la-franchise-de-fast-food-fete-a-crepe-debarque-a-liege\/\" \/>\n<meta property=\"og:locale\" content=\"fr_FR\" \/>\n<meta property=\"og:type\" content=\"article\" \/>\n<meta property=\"og:title\" content=\"La franchise de fast-food \u00abF\u00eate \u00e0 cr\u00eape\u00bb d\u00e9barque \u00e0 Li\u00e8ge - F\u00e9d\u00e9ration Belge de la Franchise\" \/>\n<meta property=\"og:description\" content=\"C\u2019est tout nouveau: le concept fran\u00e7ais \u00abF\u00eate \u00e0 cr\u00eape\u00bb d\u00e9barque \u00e0 Li\u00e8ge. C\u2019est la premi\u00e8re franchise belge. Le principe est simple: une cr\u00eape et un choix parmi des dizaines d\u2019ingr\u00e9dients pour la composer selon ses envies.\" \/>\n<meta property=\"og:url\" content=\"https:\/\/www.fbf-bff.be\/fr\/la-franchise-de-fast-food-fete-a-crepe-debarque-a-liege\/\" \/>\n<meta property=\"og:site_name\" content=\"F\u00e9d\u00e9ration Belge de la Franchise\" \/>\n<meta property=\"article:published_time\" content=\"2019-01-09T09:04:59+00:00\" \/>\n<meta property=\"og:image\" content=\"https:\/\/www.fbf-bff.be\/wp-content\/uploads\/2021\/10\/image001-1-2.jpg\" \/>\n\t<meta property=\"og:image:width\" content=\"1350\" \/>\n\t<meta property=\"og:image:height\" content=\"759\" \/>\n\t<meta property=\"og:image:type\" content=\"image\/jpeg\" \/>\n<meta name=\"author\" content=\"fbf_admin\" \/>\n<meta name=\"twitter:card\" content=\"summary_large_image\" \/>\n<meta name=\"twitter:label1\" content=\"\u00c9crit par\" \/>\n\t<meta name=\"twitter:data1\" content=\"fbf_admin\" \/>\n\t<meta name=\"twitter:label2\" content=\"Dur\u00e9e de lecture estim\u00e9e\" \/>\n\t<meta name=\"twitter:data2\" content=\"1 minute\" \/>\n<script type=\"application\/ld+json\" class=\"yoast-schema-graph\">{\"@context\":\"https:\/\/schema.org\",\"@graph\":[{\"@type\":\"WebPage\",\"@id\":\"https:\/\/www.fbf-bff.be\/fr\/la-franchise-de-fast-food-fete-a-crepe-debarque-a-liege\/\",\"url\":\"https:\/\/www.fbf-bff.be\/fr\/la-franchise-de-fast-food-fete-a-crepe-debarque-a-liege\/\",\"name\":\"La franchise de fast-food \u00abF\u00eate \u00e0 cr\u00eape\u00bb d\u00e9barque \u00e0 Li\u00e8ge - F\u00e9d\u00e9ration Belge de la Franchise\",\"isPartOf\":{\"@id\":\"https:\/\/www.fbf-bff.be\/#website\"},\"primaryImageOfPage\":{\"@id\":\"https:\/\/www.fbf-bff.be\/fr\/la-franchise-de-fast-food-fete-a-crepe-debarque-a-liege\/#primaryimage\"},\"image\":{\"@id\":\"https:\/\/www.fbf-bff.be\/fr\/la-franchise-de-fast-food-fete-a-crepe-debarque-a-liege\/#primaryimage\"},\"thumbnailUrl\":\"https:\/\/www.fbf-bff.be\/wp-content\/uploads\/2021\/10\/image001-1-2.jpg\",\"datePublished\":\"2019-01-09T09:04:59+00:00\",\"dateModified\":\"2019-01-09T09:04:59+00:00\",\"author\":{\"@id\":\"https:\/\/www.fbf-bff.be\/#\/schema\/person\/73a9cbee87288cba2b06e3fc29244fe7\"},\"breadcrumb\":{\"@id\":\"https:\/\/www.fbf-bff.be\/fr\/la-franchise-de-fast-food-fete-a-crepe-debarque-a-liege\/#breadcrumb\"},\"inLanguage\":\"fr-FR\",\"potentialAction\":[{\"@type\":\"ReadAction\",\"target\":[\"https:\/\/www.fbf-bff.be\/fr\/la-franchise-de-fast-food-fete-a-crepe-debarque-a-liege\/\"]}]},{\"@type\":\"ImageObject\",\"inLanguage\":\"fr-FR\",\"@id\":\"https:\/\/www.fbf-bff.be\/fr\/la-franchise-de-fast-food-fete-a-crepe-debarque-a-liege\/#primaryimage\",\"url\":\"https:\/\/www.fbf-bff.be\/wp-content\/uploads\/2021\/10\/image001-1-2.jpg\",\"contentUrl\":\"https:\/\/www.fbf-bff.be\/wp-content\/uploads\/2021\/10\/image001-1-2.jpg\",\"width\":1350,\"height\":759},{\"@type\":\"BreadcrumbList\",\"@id\":\"https:\/\/www.fbf-bff.be\/fr\/la-franchise-de-fast-food-fete-a-crepe-debarque-a-liege\/#breadcrumb\",\"itemListElement\":[{\"@type\":\"ListItem\",\"position\":1,\"name\":\"Home\",\"item\":\"https:\/\/www.fbf-bff.be\/fr\/\"},{\"@type\":\"ListItem\",\"position\":2,\"name\":\"La franchise de fast-food \u00abF\u00eate \u00e0 cr\u00eape\u00bb d\u00e9barque \u00e0 Li\u00e8ge\"}]},{\"@type\":\"WebSite\",\"@id\":\"https:\/\/www.fbf-bff.be\/#website\",\"url\":\"https:\/\/www.fbf-bff.be\/\",\"name\":\"F\u00e9d\u00e9ration Belge de la Franchise\",\"description\":\"Pour r\u00e9ussir ensemblee\",\"potentialAction\":[{\"@type\":\"SearchAction\",\"target\":{\"@type\":\"EntryPoint\",\"urlTemplate\":\"https:\/\/www.fbf-bff.be\/?s={search_term_string}\"},\"query-input\":{\"@type\":\"PropertyValueSpecification\",\"valueRequired\":true,\"valueName\":\"search_term_string\"}}],\"inLanguage\":\"fr-FR\"},{\"@type\":\"Person\",\"@id\":\"https:\/\/www.fbf-bff.be\/#\/schema\/person\/73a9cbee87288cba2b06e3fc29244fe7\",\"name\":\"fbf_admin\",\"image\":{\"@type\":\"ImageObject\",\"inLanguage\":\"fr-FR\",\"@id\":\"https:\/\/www.fbf-bff.be\/#\/schema\/person\/image\/\",\"url\":\"https:\/\/secure.gravatar.com\/avatar\/20f6483dbe2a69e0999ddcdd1744b7f7?s=96&d=mm&r=g\",\"contentUrl\":\"https:\/\/secure.gravatar.com\/avatar\/20f6483dbe2a69e0999ddcdd1744b7f7?s=96&d=mm&r=g\",\"caption\":\"fbf_admin\"}}]}<\/script>\n<!-- \/ Yoast SEO plugin. -->","yoast_head_json":{"title":"La franchise de fast-food \u00abF\u00eate \u00e0 cr\u00eape\u00bb d\u00e9barque \u00e0 Li\u00e8ge - F\u00e9d\u00e9ration Belge de la Franchise","robots":{"index":"index","follow":"follow","max-snippet":"max-snippet:-1","max-image-preview":"max-image-preview:large","max-video-preview":"max-video-preview:-1"},"canonical":"https:\/\/www.fbf-bff.be\/fr\/la-franchise-de-fast-food-fete-a-crepe-debarque-a-liege\/","og_locale":"fr_FR","og_type":"article","og_title":"La franchise de fast-food \u00abF\u00eate \u00e0 cr\u00eape\u00bb d\u00e9barque \u00e0 Li\u00e8ge - F\u00e9d\u00e9ration Belge de la Franchise","og_description":"C\u2019est tout nouveau: le concept fran\u00e7ais \u00abF\u00eate \u00e0 cr\u00eape\u00bb d\u00e9barque \u00e0 Li\u00e8ge. C\u2019est la premi\u00e8re franchise belge. Le principe est simple: une cr\u00eape et un choix parmi des dizaines d\u2019ingr\u00e9dients pour la composer selon ses envies.","og_url":"https:\/\/www.fbf-bff.be\/fr\/la-franchise-de-fast-food-fete-a-crepe-debarque-a-liege\/","og_site_name":"F\u00e9d\u00e9ration Belge de la Franchise","article_published_time":"2019-01-09T09:04:59+00:00","og_image":[{"width":1350,"height":759,"url":"https:\/\/www.fbf-bff.be\/wp-content\/uploads\/2021\/10\/image001-1-2.jpg","type":"image\/jpeg"}],"author":"fbf_admin","twitter_card":"summary_large_image","twitter_misc":{"\u00c9crit par":"fbf_admin","Dur\u00e9e de lecture estim\u00e9e":"1 minute"},"schema":{"@context":"https:\/\/schema.org","@graph":[{"@type":"WebPage","@id":"https:\/\/www.fbf-bff.be\/fr\/la-franchise-de-fast-food-fete-a-crepe-debarque-a-liege\/","url":"https:\/\/www.fbf-bff.be\/fr\/la-franchise-de-fast-food-fete-a-crepe-debarque-a-liege\/","name":"La franchise de fast-food \u00abF\u00eate \u00e0 cr\u00eape\u00bb d\u00e9barque \u00e0 Li\u00e8ge - F\u00e9d\u00e9ration Belge de la Franchise","isPartOf":{"@id":"https:\/\/www.fbf-bff.be\/#website"},"primaryImageOfPage":{"@id":"https:\/\/www.fbf-bff.be\/fr\/la-franchise-de-fast-food-fete-a-crepe-debarque-a-liege\/#primaryimage"},"image":{"@id":"https:\/\/www.fbf-bff.be\/fr\/la-franchise-de-fast-food-fete-a-crepe-debarque-a-liege\/#primaryimage"},"thumbnailUrl":"https:\/\/www.fbf-bff.be\/wp-content\/uploads\/2021\/10\/image001-1-2.jpg","datePublished":"2019-01-09T09:04:59+00:00","dateModified":"2019-01-09T09:04:59+00:00","author":{"@id":"https:\/\/www.fbf-bff.be\/#\/schema\/person\/73a9cbee87288cba2b06e3fc29244fe7"},"breadcrumb":{"@id":"https:\/\/www.fbf-bff.be\/fr\/la-franchise-de-fast-food-fete-a-crepe-debarque-a-liege\/#breadcrumb"},"inLanguage":"fr-FR","potentialAction":[{"@type":"ReadAction","target":["https:\/\/www.fbf-bff.be\/fr\/la-franchise-de-fast-food-fete-a-crepe-debarque-a-liege\/"]}]},{"@type":"ImageObject","inLanguage":"fr-FR","@id":"https:\/\/www.fbf-bff.be\/fr\/la-franchise-de-fast-food-fete-a-crepe-debarque-a-liege\/#primaryimage","url":"https:\/\/www.fbf-bff.be\/wp-content\/uploads\/2021\/10\/image001-1-2.jpg","contentUrl":"https:\/\/www.fbf-bff.be\/wp-content\/uploads\/2021\/10\/image001-1-2.jpg","width":1350,"height":759},{"@type":"BreadcrumbList","@id":"https:\/\/www.fbf-bff.be\/fr\/la-franchise-de-fast-food-fete-a-crepe-debarque-a-liege\/#breadcrumb","itemListElement":[{"@type":"ListItem","position":1,"name":"Home","item":"https:\/\/www.fbf-bff.be\/fr\/"},{"@type":"ListItem","position":2,"name":"La franchise de fast-food \u00abF\u00eate \u00e0 cr\u00eape\u00bb d\u00e9barque \u00e0 Li\u00e8ge"}]},{"@type":"WebSite","@id":"https:\/\/www.fbf-bff.be\/#website","url":"https:\/\/www.fbf-bff.be\/","name":"F\u00e9d\u00e9ration Belge de la Franchise","description":"Pour r\u00e9ussir ensemblee","potentialAction":[{"@type":"SearchAction","target":{"@type":"EntryPoint","urlTemplate":"https:\/\/www.fbf-bff.be\/?s={search_term_string}"},"query-input":{"@type":"PropertyValueSpecification","valueRequired":true,"valueName":"search_term_string"}}],"inLanguage":"fr-FR"},{"@type":"Person","@id":"https:\/\/www.fbf-bff.be\/#\/schema\/person\/73a9cbee87288cba2b06e3fc29244fe7","name":"fbf_admin","image":{"@type":"ImageObject","inLanguage":"fr-FR","@id":"https:\/\/www.fbf-bff.be\/#\/schema\/person\/image\/","url":"https:\/\/secure.gravatar.com\/avatar\/20f6483dbe2a69e0999ddcdd1744b7f7?s=96&d=mm&r=g","contentUrl":"https:\/\/secure.gravatar.com\/avatar\/20f6483dbe2a69e0999ddcdd1744b7f7?s=96&d=mm&r=g","caption":"fbf_admin"}}]}},"_links":{"self":[{"href":"https:\/\/www.fbf-bff.be\/fr\/wp-json\/wp\/v2\/posts\/9401"}],"collection":[{"href":"https:\/\/www.fbf-bff.be\/fr\/wp-json\/wp\/v2\/posts"}],"about":[{"href":"https:\/\/www.fbf-bff.be\/fr\/wp-json\/wp\/v2\/types\/post"}],"author":[{"embeddable":true,"href":"https:\/\/www.fbf-bff.be\/fr\/wp-json\/wp\/v2\/users\/1"}],"replies":[{"embeddable":true,"href":"https:\/\/www.fbf-bff.be\/fr\/wp-json\/wp\/v2\/comments?post=9401"}],"version-history":[{"count":0,"href":"https:\/\/www.fbf-bff.be\/fr\/wp-json\/wp\/v2\/posts\/9401\/revisions"}],"wp:featuredmedia":[{"embeddable":true,"href":"https:\/\/www.fbf-bff.be\/fr\/wp-json\/wp\/v2\/media\/9402"}],"wp:attachment":[{"href":"https:\/\/www.fbf-bff.be\/fr\/wp-json\/wp\/v2\/media?parent=9401"}],"wp:term":[{"taxonomy":"category","embeddable":true,"href":"https:\/\/www.fbf-bff.be\/fr\/wp-json\/wp\/v2\/categories?post=9401"},{"taxonomy":"post_tag","embeddable":true,"href":"https:\/\/www.fbf-bff.be\/fr\/wp-json\/wp\/v2\/tags?post=9401"}],"curies":[{"name":"wp","href":"https:\/\/api.w.org\/{rel}","templated":true}]}}