{"id":9362,"date":"2018-11-19T12:47:46","date_gmt":"2018-11-19T11:47:46","guid":{"rendered":"https:\/\/www.fbf-bff.be\/deux-boutiques-yves-rocher-passent-sous-la-banniere-franchisee\/"},"modified":"2018-11-19T12:47:46","modified_gmt":"2018-11-19T11:47:46","slug":"deux-boutiques-yves-rocher-passent-sous-la-banniere-franchisee","status":"publish","type":"post","link":"https:\/\/www.fbf-bff.be\/fr\/deux-boutiques-yves-rocher-passent-sous-la-banniere-franchisee\/","title":{"rendered":"Deux boutiques Yves Rocher passent sous la banni\u00e8re franchis\u00e9e"},"content":{"rendered":"Les points de vente de la c\u00e9l\u00e8bre enseigne sp\u00e9cialis\u00e9e dans les cosm\u00e9tiques v\u00e9g\u00e9tales situ\u00e9s \u00e0 Diest et Gand ont \u00e9t\u00e9 r\u00e9cemment repris par des franchis\u00e9es. Deux boutiques qui poursuivent leurs activit\u00e9s avec de nouvelles directions.\r\n\r\nLe magasin Yves Rocher situ\u00e9 \u00e0 Diest, jusqu\u2019\u00e0 pr\u00e9sent d\u00e9tenu en fond propre par l\u2019enseigne, a \u00e9t\u00e9 repris en franchise le 17 octobre dernier par Peggy Van Criekingen, qui est depuis de nombreuses ann\u00e9es d\u00e9j\u00e0 franchis\u00e9e de la boutique \u00e0 Louvain.\r\n\r\nLe point de vente situ\u00e9 au centre ville (Botermarkt 16) dispose d\u2019une cabine \u00e9quip\u00e9e pr\u00eate \u00e0 accueillir les clients.\r\n\r\n<a href=\"https:\/\/www.fbf-bff.be\/wp-content\/uploads\/2021\/10\/YvesRocher_Interieur_2.jpg\"><img loading=\"lazy\" decoding=\"async\" class=\"alignnone size-medium wp-image-17031\" src=\"https:\/\/www.fbf-bff.be\/wp-content\/uploads\/2021\/10\/YvesRocher_Interieur_2-300x200-1.jpg\" alt=\"\" width=\"300\" height=\"200\" \/><\/a>\r\n\r\nDe son c\u00f4t\u00e9, le magasin situ\u00e9 dans le sud de Gand a \u00e9t\u00e9 repris en franchise le 7 novembre par Anne Devos qui g\u00e8re depuis plusieurs ann\u00e9es les points de vente Yves Rocher de Knokke, Roeselaere, Brugge et Gand (Canonplein).\r\n\r\nLa nouvelle boutique gantoise reprise en franchise (Shopping de Woodrow Wilsonplein) comporte quant \u00e0 elle deux cabines de soins.\r\n\r\nPour plus d\u2019information pour devenir franchis\u00e9 chez Yves Rocher, cliquez <strong><a href=\"https:\/\/franchisingbelgium.be\/formule\/yves-rocher\/?lang=fr\" target=\"_blank\" rel=\"noopener\">ici<\/a>.<\/strong>\r\n\r\n&nbsp;","protected":false},"excerpt":{"rendered":"<p>Les points de vente de la c\u00e9l\u00e8bre enseigne sp\u00e9cialis\u00e9e dans les cosm\u00e9tiques v\u00e9g\u00e9tales situ\u00e9s \u00e0 Diest et Gand ont \u00e9t\u00e9 r\u00e9cemment repris par des franchis\u00e9es. <\/p>\n","protected":false},"author":1,"featured_media":5403,"comment_status":"closed","ping_status":"open","sticky":false,"template":"","format":"standard","meta":{"ngg_post_thumbnail":0,"footnotes":""},"categories":[37],"tags":[],"acf":[],"yoast_head":"<!-- This site is optimized with the Yoast SEO plugin v23.5 - https:\/\/yoast.com\/wordpress\/plugins\/seo\/ -->\n<title>Deux boutiques Yves Rocher passent sous la banni\u00e8re franchis\u00e9e - F\u00e9d\u00e9ration Belge de la Franchise<\/title>\n<meta name=\"robots\" content=\"index, follow, max-snippet:-1, max-image-preview:large, max-video-preview:-1\" \/>\n<link rel=\"canonical\" href=\"https:\/\/www.fbf-bff.be\/fr\/deux-boutiques-yves-rocher-passent-sous-la-banniere-franchisee\/\" \/>\n<meta property=\"og:locale\" content=\"fr_FR\" \/>\n<meta property=\"og:type\" content=\"article\" \/>\n<meta property=\"og:title\" content=\"Deux boutiques Yves Rocher passent sous la banni\u00e8re franchis\u00e9e - F\u00e9d\u00e9ration Belge de la Franchise\" \/>\n<meta property=\"og:description\" content=\"Les points de vente de la c\u00e9l\u00e8bre enseigne sp\u00e9cialis\u00e9e dans les cosm\u00e9tiques v\u00e9g\u00e9tales situ\u00e9s \u00e0 Diest et Gand ont \u00e9t\u00e9 r\u00e9cemment repris par des franchis\u00e9es.\" \/>\n<meta property=\"og:url\" content=\"https:\/\/www.fbf-bff.be\/fr\/deux-boutiques-yves-rocher-passent-sous-la-banniere-franchisee\/\" \/>\n<meta property=\"og:site_name\" content=\"F\u00e9d\u00e9ration Belge de la Franchise\" \/>\n<meta property=\"article:published_time\" content=\"2018-11-19T11:47:46+00:00\" \/>\n<meta property=\"og:image\" content=\"https:\/\/www.fbf-bff.be\/wp-content\/uploads\/2021\/10\/YvesRocher_Logo-2.jpg\" \/>\n\t<meta property=\"og:image:width\" content=\"948\" \/>\n\t<meta property=\"og:image:height\" content=\"291\" \/>\n\t<meta property=\"og:image:type\" content=\"image\/jpeg\" \/>\n<meta name=\"author\" content=\"fbf_admin\" \/>\n<meta name=\"twitter:card\" content=\"summary_large_image\" \/>\n<meta name=\"twitter:label1\" content=\"\u00c9crit par\" \/>\n\t<meta name=\"twitter:data1\" content=\"fbf_admin\" \/>\n\t<meta name=\"twitter:label2\" content=\"Dur\u00e9e de lecture estim\u00e9e\" \/>\n\t<meta name=\"twitter:data2\" content=\"1 minute\" \/>\n<script type=\"application\/ld+json\" class=\"yoast-schema-graph\">{\"@context\":\"https:\/\/schema.org\",\"@graph\":[{\"@type\":\"WebPage\",\"@id\":\"https:\/\/www.fbf-bff.be\/fr\/deux-boutiques-yves-rocher-passent-sous-la-banniere-franchisee\/\",\"url\":\"https:\/\/www.fbf-bff.be\/fr\/deux-boutiques-yves-rocher-passent-sous-la-banniere-franchisee\/\",\"name\":\"Deux boutiques Yves Rocher passent sous la banni\u00e8re franchis\u00e9e - F\u00e9d\u00e9ration Belge de la Franchise\",\"isPartOf\":{\"@id\":\"https:\/\/www.fbf-bff.be\/#website\"},\"primaryImageOfPage\":{\"@id\":\"https:\/\/www.fbf-bff.be\/fr\/deux-boutiques-yves-rocher-passent-sous-la-banniere-franchisee\/#primaryimage\"},\"image\":{\"@id\":\"https:\/\/www.fbf-bff.be\/fr\/deux-boutiques-yves-rocher-passent-sous-la-banniere-franchisee\/#primaryimage\"},\"thumbnailUrl\":\"https:\/\/www.fbf-bff.be\/wp-content\/uploads\/2021\/10\/YvesRocher_Logo-2.jpg\",\"datePublished\":\"2018-11-19T11:47:46+00:00\",\"dateModified\":\"2018-11-19T11:47:46+00:00\",\"author\":{\"@id\":\"https:\/\/www.fbf-bff.be\/#\/schema\/person\/73a9cbee87288cba2b06e3fc29244fe7\"},\"breadcrumb\":{\"@id\":\"https:\/\/www.fbf-bff.be\/fr\/deux-boutiques-yves-rocher-passent-sous-la-banniere-franchisee\/#breadcrumb\"},\"inLanguage\":\"fr-FR\",\"potentialAction\":[{\"@type\":\"ReadAction\",\"target\":[\"https:\/\/www.fbf-bff.be\/fr\/deux-boutiques-yves-rocher-passent-sous-la-banniere-franchisee\/\"]}]},{\"@type\":\"ImageObject\",\"inLanguage\":\"fr-FR\",\"@id\":\"https:\/\/www.fbf-bff.be\/fr\/deux-boutiques-yves-rocher-passent-sous-la-banniere-franchisee\/#primaryimage\",\"url\":\"https:\/\/www.fbf-bff.be\/wp-content\/uploads\/2021\/10\/YvesRocher_Logo-2.jpg\",\"contentUrl\":\"https:\/\/www.fbf-bff.be\/wp-content\/uploads\/2021\/10\/YvesRocher_Logo-2.jpg\",\"width\":948,\"height\":291},{\"@type\":\"BreadcrumbList\",\"@id\":\"https:\/\/www.fbf-bff.be\/fr\/deux-boutiques-yves-rocher-passent-sous-la-banniere-franchisee\/#breadcrumb\",\"itemListElement\":[{\"@type\":\"ListItem\",\"position\":1,\"name\":\"Home\",\"item\":\"https:\/\/www.fbf-bff.be\/fr\/\"},{\"@type\":\"ListItem\",\"position\":2,\"name\":\"Deux boutiques Yves Rocher passent sous la banni\u00e8re franchis\u00e9e\"}]},{\"@type\":\"WebSite\",\"@id\":\"https:\/\/www.fbf-bff.be\/#website\",\"url\":\"https:\/\/www.fbf-bff.be\/\",\"name\":\"F\u00e9d\u00e9ration Belge de la Franchise\",\"description\":\"Pour r\u00e9ussir ensemblee\",\"potentialAction\":[{\"@type\":\"SearchAction\",\"target\":{\"@type\":\"EntryPoint\",\"urlTemplate\":\"https:\/\/www.fbf-bff.be\/?s={search_term_string}\"},\"query-input\":{\"@type\":\"PropertyValueSpecification\",\"valueRequired\":true,\"valueName\":\"search_term_string\"}}],\"inLanguage\":\"fr-FR\"},{\"@type\":\"Person\",\"@id\":\"https:\/\/www.fbf-bff.be\/#\/schema\/person\/73a9cbee87288cba2b06e3fc29244fe7\",\"name\":\"fbf_admin\",\"image\":{\"@type\":\"ImageObject\",\"inLanguage\":\"fr-FR\",\"@id\":\"https:\/\/www.fbf-bff.be\/#\/schema\/person\/image\/\",\"url\":\"https:\/\/secure.gravatar.com\/avatar\/20f6483dbe2a69e0999ddcdd1744b7f7?s=96&d=mm&r=g\",\"contentUrl\":\"https:\/\/secure.gravatar.com\/avatar\/20f6483dbe2a69e0999ddcdd1744b7f7?s=96&d=mm&r=g\",\"caption\":\"fbf_admin\"}}]}<\/script>\n<!-- \/ Yoast SEO plugin. -->","yoast_head_json":{"title":"Deux boutiques Yves Rocher passent sous la banni\u00e8re franchis\u00e9e - F\u00e9d\u00e9ration Belge de la Franchise","robots":{"index":"index","follow":"follow","max-snippet":"max-snippet:-1","max-image-preview":"max-image-preview:large","max-video-preview":"max-video-preview:-1"},"canonical":"https:\/\/www.fbf-bff.be\/fr\/deux-boutiques-yves-rocher-passent-sous-la-banniere-franchisee\/","og_locale":"fr_FR","og_type":"article","og_title":"Deux boutiques Yves Rocher passent sous la banni\u00e8re franchis\u00e9e - F\u00e9d\u00e9ration Belge de la Franchise","og_description":"Les points de vente de la c\u00e9l\u00e8bre enseigne sp\u00e9cialis\u00e9e dans les cosm\u00e9tiques v\u00e9g\u00e9tales situ\u00e9s \u00e0 Diest et Gand ont \u00e9t\u00e9 r\u00e9cemment repris par des franchis\u00e9es.","og_url":"https:\/\/www.fbf-bff.be\/fr\/deux-boutiques-yves-rocher-passent-sous-la-banniere-franchisee\/","og_site_name":"F\u00e9d\u00e9ration Belge de la Franchise","article_published_time":"2018-11-19T11:47:46+00:00","og_image":[{"width":948,"height":291,"url":"https:\/\/www.fbf-bff.be\/wp-content\/uploads\/2021\/10\/YvesRocher_Logo-2.jpg","type":"image\/jpeg"}],"author":"fbf_admin","twitter_card":"summary_large_image","twitter_misc":{"\u00c9crit par":"fbf_admin","Dur\u00e9e de lecture estim\u00e9e":"1 minute"},"schema":{"@context":"https:\/\/schema.org","@graph":[{"@type":"WebPage","@id":"https:\/\/www.fbf-bff.be\/fr\/deux-boutiques-yves-rocher-passent-sous-la-banniere-franchisee\/","url":"https:\/\/www.fbf-bff.be\/fr\/deux-boutiques-yves-rocher-passent-sous-la-banniere-franchisee\/","name":"Deux boutiques Yves Rocher passent sous la banni\u00e8re franchis\u00e9e - F\u00e9d\u00e9ration Belge de la Franchise","isPartOf":{"@id":"https:\/\/www.fbf-bff.be\/#website"},"primaryImageOfPage":{"@id":"https:\/\/www.fbf-bff.be\/fr\/deux-boutiques-yves-rocher-passent-sous-la-banniere-franchisee\/#primaryimage"},"image":{"@id":"https:\/\/www.fbf-bff.be\/fr\/deux-boutiques-yves-rocher-passent-sous-la-banniere-franchisee\/#primaryimage"},"thumbnailUrl":"https:\/\/www.fbf-bff.be\/wp-content\/uploads\/2021\/10\/YvesRocher_Logo-2.jpg","datePublished":"2018-11-19T11:47:46+00:00","dateModified":"2018-11-19T11:47:46+00:00","author":{"@id":"https:\/\/www.fbf-bff.be\/#\/schema\/person\/73a9cbee87288cba2b06e3fc29244fe7"},"breadcrumb":{"@id":"https:\/\/www.fbf-bff.be\/fr\/deux-boutiques-yves-rocher-passent-sous-la-banniere-franchisee\/#breadcrumb"},"inLanguage":"fr-FR","potentialAction":[{"@type":"ReadAction","target":["https:\/\/www.fbf-bff.be\/fr\/deux-boutiques-yves-rocher-passent-sous-la-banniere-franchisee\/"]}]},{"@type":"ImageObject","inLanguage":"fr-FR","@id":"https:\/\/www.fbf-bff.be\/fr\/deux-boutiques-yves-rocher-passent-sous-la-banniere-franchisee\/#primaryimage","url":"https:\/\/www.fbf-bff.be\/wp-content\/uploads\/2021\/10\/YvesRocher_Logo-2.jpg","contentUrl":"https:\/\/www.fbf-bff.be\/wp-content\/uploads\/2021\/10\/YvesRocher_Logo-2.jpg","width":948,"height":291},{"@type":"BreadcrumbList","@id":"https:\/\/www.fbf-bff.be\/fr\/deux-boutiques-yves-rocher-passent-sous-la-banniere-franchisee\/#breadcrumb","itemListElement":[{"@type":"ListItem","position":1,"name":"Home","item":"https:\/\/www.fbf-bff.be\/fr\/"},{"@type":"ListItem","position":2,"name":"Deux boutiques Yves Rocher passent sous la banni\u00e8re franchis\u00e9e"}]},{"@type":"WebSite","@id":"https:\/\/www.fbf-bff.be\/#website","url":"https:\/\/www.fbf-bff.be\/","name":"F\u00e9d\u00e9ration Belge de la Franchise","description":"Pour r\u00e9ussir ensemblee","potentialAction":[{"@type":"SearchAction","target":{"@type":"EntryPoint","urlTemplate":"https:\/\/www.fbf-bff.be\/?s={search_term_string}"},"query-input":{"@type":"PropertyValueSpecification","valueRequired":true,"valueName":"search_term_string"}}],"inLanguage":"fr-FR"},{"@type":"Person","@id":"https:\/\/www.fbf-bff.be\/#\/schema\/person\/73a9cbee87288cba2b06e3fc29244fe7","name":"fbf_admin","image":{"@type":"ImageObject","inLanguage":"fr-FR","@id":"https:\/\/www.fbf-bff.be\/#\/schema\/person\/image\/","url":"https:\/\/secure.gravatar.com\/avatar\/20f6483dbe2a69e0999ddcdd1744b7f7?s=96&d=mm&r=g","contentUrl":"https:\/\/secure.gravatar.com\/avatar\/20f6483dbe2a69e0999ddcdd1744b7f7?s=96&d=mm&r=g","caption":"fbf_admin"}}]}},"_links":{"self":[{"href":"https:\/\/www.fbf-bff.be\/fr\/wp-json\/wp\/v2\/posts\/9362"}],"collection":[{"href":"https:\/\/www.fbf-bff.be\/fr\/wp-json\/wp\/v2\/posts"}],"about":[{"href":"https:\/\/www.fbf-bff.be\/fr\/wp-json\/wp\/v2\/types\/post"}],"author":[{"embeddable":true,"href":"https:\/\/www.fbf-bff.be\/fr\/wp-json\/wp\/v2\/users\/1"}],"replies":[{"embeddable":true,"href":"https:\/\/www.fbf-bff.be\/fr\/wp-json\/wp\/v2\/comments?post=9362"}],"version-history":[{"count":0,"href":"https:\/\/www.fbf-bff.be\/fr\/wp-json\/wp\/v2\/posts\/9362\/revisions"}],"wp:featuredmedia":[{"embeddable":true,"href":"https:\/\/www.fbf-bff.be\/fr\/wp-json\/wp\/v2\/media\/5403"}],"wp:attachment":[{"href":"https:\/\/www.fbf-bff.be\/fr\/wp-json\/wp\/v2\/media?parent=9362"}],"wp:term":[{"taxonomy":"category","embeddable":true,"href":"https:\/\/www.fbf-bff.be\/fr\/wp-json\/wp\/v2\/categories?post=9362"},{"taxonomy":"post_tag","embeddable":true,"href":"https:\/\/www.fbf-bff.be\/fr\/wp-json\/wp\/v2\/tags?post=9362"}],"curies":[{"name":"wp","href":"https:\/\/api.w.org\/{rel}","templated":true}]}}