{"id":9298,"date":"2018-10-09T12:52:46","date_gmt":"2018-10-09T10:52:46","guid":{"rendered":"https:\/\/www.fbf-bff.be\/un-franchise-carrefour-market-du-groupe-mestdagh-flambant-neuf-a-anderlecht\/"},"modified":"2018-10-09T12:52:46","modified_gmt":"2018-10-09T10:52:46","slug":"un-franchise-carrefour-market-du-groupe-mestdagh-flambant-neuf-a-anderlecht","status":"publish","type":"post","link":"https:\/\/www.fbf-bff.be\/fr\/un-franchise-carrefour-market-du-groupe-mestdagh-flambant-neuf-a-anderlecht\/","title":{"rendered":"Un franchis\u00e9 Carrefour Market du Groupe Mestdagh flambant neuf \u00e0 Anderlecht"},"content":{"rendered":"Mercredi dernier le 3 octobre, le Groupe Mestdagh a ouvert les portes d\u2019un Carrefour Market\u00a0franchis\u00e9 au 41 du Boulevard Industriel \u00e0 Anderlecht.\r\n\r\n<a href=\"https:\/\/www.fbf-bff.be\/wp-content\/uploads\/2021\/10\/market.jpg\"><img loading=\"lazy\" decoding=\"async\" class=\"alignnone size-medium wp-image-16103\" src=\"https:\/\/www.fbf-bff.be\/wp-content\/uploads\/2021\/10\/market-300x200-1.jpg\" alt=\"\" width=\"300\" height=\"200\" \/><\/a>\r\n\r\nLe groupe Mestdagh poursuit son expansion avec l&rsquo;ouverture de ce supermarch\u00e9 franchis\u00e9 de 2.000 m\u00b2.\r\n\r\nIl s&rsquo;agit du deuxi\u00e8me supermarch\u00e9 franchis\u00e9 Carrefour Market du Groupe Mestdagh en agglom\u00e9ration bruxelloise o\u00f9 le groupe est \u00e9galement pr\u00e9sent avec cinq magasins int\u00e9gr\u00e9s \u00e0 Forest, Jette, Molenbeek, Schaerbeek et Uccle.\r\n<h3><strong>Un supermarch\u00e9 Carrefour Market-Groupe Mestdagh de la derni\u00e8re g\u00e9n\u00e9ration<\/strong><\/h3>\r\nPour r\u00e9pondre aux nouvelles habitude de consommation de la client\u00e8le, le concept de ce supermarch\u00e9 franchis\u00e9 avec un assortiment de 15.000 r\u00e9f\u00e9rences, pr\u00e9sente deux types de parcours d&rsquo;achat. Un parcours rapide o\u00f9 le client press\u00e9 trouve d\u00e8s son entr\u00e9e dans le magasin des produits \u00e0 la pi\u00e8ce.\r\n\r\n<a href=\"https:\/\/www.fbf-bff.be\/wp-content\/uploads\/2021\/10\/market-2.jpg\"><img loading=\"lazy\" decoding=\"async\" class=\"alignnone size-medium wp-image-16100\" src=\"https:\/\/www.fbf-bff.be\/wp-content\/uploads\/2021\/10\/market-2-300x200-1.jpg\" alt=\"\" width=\"300\" height=\"200\" \/><\/a>\r\n\r\nA la suite de ce parcours rapide, un parcours classique en libre-service avec des produits frais livr\u00e9s quotidiennement, une gamme diversifi\u00e9e de produits bio et de produits locaux. Le supermarch\u00e9 est \u00e9galement \u00e9quip\u00e9 d&rsquo;un drive.\r\n\r\nPour satisfaire la client\u00e8le locale et de passage, le supermarch\u00e9 est ouvert 7 jours sur 7 avec de larges plages horaires.\r\n\r\nSon ouverture a permis la cr\u00e9ation d&rsquo;un minimum de 25 emplois locaux pour une meilleure int\u00e9gration du magasin dans ce quartier qui est en plein d\u00e9veloppement urbain.\r\n<h3><strong>Carrefour Market &#8211; Groupe Mestdagh exposant au Franchising Belgium Day<\/strong><\/h3>\r\nL&rsquo;enseigne sera pr\u00e9sente au Franchising Belgium Day qui se tiendra le 25 octobre au Cercle du Lac \u00e0 Louvain-la-Neuve o\u00f9 vous pourrez rencontrer les responsables du d\u00e9veloppement qui r\u00e9pondront \u00e0 toutes vos questions et vous pouvez d\u00e8s \u00e0 pr\u00e9sent trouver des informations sur cette franchise en cliquant ici.\r\n\r\n<strong>\r\nrli.<\/strong>","protected":false},"excerpt":{"rendered":"<p>Le groupe Mestdagh poursuit son expansion avec l&rsquo;ouverture de ce supermarch\u00e9 franchis\u00e9 de 2.000 m\u00b2.<\/p>\n","protected":false},"author":1,"featured_media":5478,"comment_status":"closed","ping_status":"open","sticky":false,"template":"","format":"standard","meta":{"ngg_post_thumbnail":0,"footnotes":""},"categories":[37],"tags":[],"acf":[],"yoast_head":"<!-- This site is optimized with the Yoast SEO plugin v23.5 - https:\/\/yoast.com\/wordpress\/plugins\/seo\/ -->\n<title>Un franchis\u00e9 Carrefour Market du Groupe Mestdagh flambant neuf \u00e0 Anderlecht - F\u00e9d\u00e9ration Belge de la Franchise<\/title>\n<meta name=\"robots\" content=\"index, follow, max-snippet:-1, max-image-preview:large, max-video-preview:-1\" \/>\n<link rel=\"canonical\" href=\"https:\/\/www.fbf-bff.be\/fr\/un-franchise-carrefour-market-du-groupe-mestdagh-flambant-neuf-a-anderlecht\/\" \/>\n<meta property=\"og:locale\" content=\"fr_FR\" \/>\n<meta property=\"og:type\" content=\"article\" \/>\n<meta property=\"og:title\" content=\"Un franchis\u00e9 Carrefour Market du Groupe Mestdagh flambant neuf \u00e0 Anderlecht - F\u00e9d\u00e9ration Belge de la Franchise\" \/>\n<meta property=\"og:description\" content=\"Le groupe Mestdagh poursuit son expansion avec l&#039;ouverture de ce supermarch\u00e9 franchis\u00e9 de 2.000 m\u00b2.\" \/>\n<meta property=\"og:url\" content=\"https:\/\/www.fbf-bff.be\/fr\/un-franchise-carrefour-market-du-groupe-mestdagh-flambant-neuf-a-anderlecht\/\" \/>\n<meta property=\"og:site_name\" content=\"F\u00e9d\u00e9ration Belge de la Franchise\" \/>\n<meta property=\"article:published_time\" content=\"2018-10-09T10:52:46+00:00\" \/>\n<meta property=\"og:image\" content=\"https:\/\/www.fbf-bff.be\/wp-content\/uploads\/2021\/10\/market-mestdagh.png\" \/>\n\t<meta property=\"og:image:width\" content=\"425\" \/>\n\t<meta property=\"og:image:height\" content=\"119\" \/>\n\t<meta property=\"og:image:type\" content=\"image\/png\" \/>\n<meta name=\"author\" content=\"fbf_admin\" \/>\n<meta name=\"twitter:card\" content=\"summary_large_image\" \/>\n<meta name=\"twitter:label1\" content=\"\u00c9crit par\" \/>\n\t<meta name=\"twitter:data1\" content=\"fbf_admin\" \/>\n\t<meta name=\"twitter:label2\" content=\"Dur\u00e9e de lecture estim\u00e9e\" \/>\n\t<meta name=\"twitter:data2\" content=\"1 minute\" \/>\n<script type=\"application\/ld+json\" class=\"yoast-schema-graph\">{\"@context\":\"https:\/\/schema.org\",\"@graph\":[{\"@type\":\"WebPage\",\"@id\":\"https:\/\/www.fbf-bff.be\/fr\/un-franchise-carrefour-market-du-groupe-mestdagh-flambant-neuf-a-anderlecht\/\",\"url\":\"https:\/\/www.fbf-bff.be\/fr\/un-franchise-carrefour-market-du-groupe-mestdagh-flambant-neuf-a-anderlecht\/\",\"name\":\"Un franchis\u00e9 Carrefour Market du Groupe Mestdagh flambant neuf \u00e0 Anderlecht - F\u00e9d\u00e9ration Belge de la Franchise\",\"isPartOf\":{\"@id\":\"https:\/\/www.fbf-bff.be\/#website\"},\"primaryImageOfPage\":{\"@id\":\"https:\/\/www.fbf-bff.be\/fr\/un-franchise-carrefour-market-du-groupe-mestdagh-flambant-neuf-a-anderlecht\/#primaryimage\"},\"image\":{\"@id\":\"https:\/\/www.fbf-bff.be\/fr\/un-franchise-carrefour-market-du-groupe-mestdagh-flambant-neuf-a-anderlecht\/#primaryimage\"},\"thumbnailUrl\":\"https:\/\/www.fbf-bff.be\/wp-content\/uploads\/2021\/10\/market-mestdagh.png\",\"datePublished\":\"2018-10-09T10:52:46+00:00\",\"dateModified\":\"2018-10-09T10:52:46+00:00\",\"author\":{\"@id\":\"https:\/\/www.fbf-bff.be\/#\/schema\/person\/73a9cbee87288cba2b06e3fc29244fe7\"},\"breadcrumb\":{\"@id\":\"https:\/\/www.fbf-bff.be\/fr\/un-franchise-carrefour-market-du-groupe-mestdagh-flambant-neuf-a-anderlecht\/#breadcrumb\"},\"inLanguage\":\"fr-FR\",\"potentialAction\":[{\"@type\":\"ReadAction\",\"target\":[\"https:\/\/www.fbf-bff.be\/fr\/un-franchise-carrefour-market-du-groupe-mestdagh-flambant-neuf-a-anderlecht\/\"]}]},{\"@type\":\"ImageObject\",\"inLanguage\":\"fr-FR\",\"@id\":\"https:\/\/www.fbf-bff.be\/fr\/un-franchise-carrefour-market-du-groupe-mestdagh-flambant-neuf-a-anderlecht\/#primaryimage\",\"url\":\"https:\/\/www.fbf-bff.be\/wp-content\/uploads\/2021\/10\/market-mestdagh.png\",\"contentUrl\":\"https:\/\/www.fbf-bff.be\/wp-content\/uploads\/2021\/10\/market-mestdagh.png\",\"width\":425,\"height\":119},{\"@type\":\"BreadcrumbList\",\"@id\":\"https:\/\/www.fbf-bff.be\/fr\/un-franchise-carrefour-market-du-groupe-mestdagh-flambant-neuf-a-anderlecht\/#breadcrumb\",\"itemListElement\":[{\"@type\":\"ListItem\",\"position\":1,\"name\":\"Home\",\"item\":\"https:\/\/www.fbf-bff.be\/fr\/\"},{\"@type\":\"ListItem\",\"position\":2,\"name\":\"Un franchis\u00e9 Carrefour Market du Groupe Mestdagh flambant neuf \u00e0 Anderlecht\"}]},{\"@type\":\"WebSite\",\"@id\":\"https:\/\/www.fbf-bff.be\/#website\",\"url\":\"https:\/\/www.fbf-bff.be\/\",\"name\":\"F\u00e9d\u00e9ration Belge de la Franchise\",\"description\":\"Pour r\u00e9ussir ensemblee\",\"potentialAction\":[{\"@type\":\"SearchAction\",\"target\":{\"@type\":\"EntryPoint\",\"urlTemplate\":\"https:\/\/www.fbf-bff.be\/?s={search_term_string}\"},\"query-input\":{\"@type\":\"PropertyValueSpecification\",\"valueRequired\":true,\"valueName\":\"search_term_string\"}}],\"inLanguage\":\"fr-FR\"},{\"@type\":\"Person\",\"@id\":\"https:\/\/www.fbf-bff.be\/#\/schema\/person\/73a9cbee87288cba2b06e3fc29244fe7\",\"name\":\"fbf_admin\",\"image\":{\"@type\":\"ImageObject\",\"inLanguage\":\"fr-FR\",\"@id\":\"https:\/\/www.fbf-bff.be\/#\/schema\/person\/image\/\",\"url\":\"https:\/\/secure.gravatar.com\/avatar\/20f6483dbe2a69e0999ddcdd1744b7f7?s=96&d=mm&r=g\",\"contentUrl\":\"https:\/\/secure.gravatar.com\/avatar\/20f6483dbe2a69e0999ddcdd1744b7f7?s=96&d=mm&r=g\",\"caption\":\"fbf_admin\"}}]}<\/script>\n<!-- \/ Yoast SEO plugin. -->","yoast_head_json":{"title":"Un franchis\u00e9 Carrefour Market du Groupe Mestdagh flambant neuf \u00e0 Anderlecht - F\u00e9d\u00e9ration Belge de la Franchise","robots":{"index":"index","follow":"follow","max-snippet":"max-snippet:-1","max-image-preview":"max-image-preview:large","max-video-preview":"max-video-preview:-1"},"canonical":"https:\/\/www.fbf-bff.be\/fr\/un-franchise-carrefour-market-du-groupe-mestdagh-flambant-neuf-a-anderlecht\/","og_locale":"fr_FR","og_type":"article","og_title":"Un franchis\u00e9 Carrefour Market du Groupe Mestdagh flambant neuf \u00e0 Anderlecht - F\u00e9d\u00e9ration Belge de la Franchise","og_description":"Le groupe Mestdagh poursuit son expansion avec l'ouverture de ce supermarch\u00e9 franchis\u00e9 de 2.000 m\u00b2.","og_url":"https:\/\/www.fbf-bff.be\/fr\/un-franchise-carrefour-market-du-groupe-mestdagh-flambant-neuf-a-anderlecht\/","og_site_name":"F\u00e9d\u00e9ration Belge de la Franchise","article_published_time":"2018-10-09T10:52:46+00:00","og_image":[{"width":425,"height":119,"url":"https:\/\/www.fbf-bff.be\/wp-content\/uploads\/2021\/10\/market-mestdagh.png","type":"image\/png"}],"author":"fbf_admin","twitter_card":"summary_large_image","twitter_misc":{"\u00c9crit par":"fbf_admin","Dur\u00e9e de lecture estim\u00e9e":"1 minute"},"schema":{"@context":"https:\/\/schema.org","@graph":[{"@type":"WebPage","@id":"https:\/\/www.fbf-bff.be\/fr\/un-franchise-carrefour-market-du-groupe-mestdagh-flambant-neuf-a-anderlecht\/","url":"https:\/\/www.fbf-bff.be\/fr\/un-franchise-carrefour-market-du-groupe-mestdagh-flambant-neuf-a-anderlecht\/","name":"Un franchis\u00e9 Carrefour Market du Groupe Mestdagh flambant neuf \u00e0 Anderlecht - F\u00e9d\u00e9ration Belge de la Franchise","isPartOf":{"@id":"https:\/\/www.fbf-bff.be\/#website"},"primaryImageOfPage":{"@id":"https:\/\/www.fbf-bff.be\/fr\/un-franchise-carrefour-market-du-groupe-mestdagh-flambant-neuf-a-anderlecht\/#primaryimage"},"image":{"@id":"https:\/\/www.fbf-bff.be\/fr\/un-franchise-carrefour-market-du-groupe-mestdagh-flambant-neuf-a-anderlecht\/#primaryimage"},"thumbnailUrl":"https:\/\/www.fbf-bff.be\/wp-content\/uploads\/2021\/10\/market-mestdagh.png","datePublished":"2018-10-09T10:52:46+00:00","dateModified":"2018-10-09T10:52:46+00:00","author":{"@id":"https:\/\/www.fbf-bff.be\/#\/schema\/person\/73a9cbee87288cba2b06e3fc29244fe7"},"breadcrumb":{"@id":"https:\/\/www.fbf-bff.be\/fr\/un-franchise-carrefour-market-du-groupe-mestdagh-flambant-neuf-a-anderlecht\/#breadcrumb"},"inLanguage":"fr-FR","potentialAction":[{"@type":"ReadAction","target":["https:\/\/www.fbf-bff.be\/fr\/un-franchise-carrefour-market-du-groupe-mestdagh-flambant-neuf-a-anderlecht\/"]}]},{"@type":"ImageObject","inLanguage":"fr-FR","@id":"https:\/\/www.fbf-bff.be\/fr\/un-franchise-carrefour-market-du-groupe-mestdagh-flambant-neuf-a-anderlecht\/#primaryimage","url":"https:\/\/www.fbf-bff.be\/wp-content\/uploads\/2021\/10\/market-mestdagh.png","contentUrl":"https:\/\/www.fbf-bff.be\/wp-content\/uploads\/2021\/10\/market-mestdagh.png","width":425,"height":119},{"@type":"BreadcrumbList","@id":"https:\/\/www.fbf-bff.be\/fr\/un-franchise-carrefour-market-du-groupe-mestdagh-flambant-neuf-a-anderlecht\/#breadcrumb","itemListElement":[{"@type":"ListItem","position":1,"name":"Home","item":"https:\/\/www.fbf-bff.be\/fr\/"},{"@type":"ListItem","position":2,"name":"Un franchis\u00e9 Carrefour Market du Groupe Mestdagh flambant neuf \u00e0 Anderlecht"}]},{"@type":"WebSite","@id":"https:\/\/www.fbf-bff.be\/#website","url":"https:\/\/www.fbf-bff.be\/","name":"F\u00e9d\u00e9ration Belge de la Franchise","description":"Pour r\u00e9ussir ensemblee","potentialAction":[{"@type":"SearchAction","target":{"@type":"EntryPoint","urlTemplate":"https:\/\/www.fbf-bff.be\/?s={search_term_string}"},"query-input":{"@type":"PropertyValueSpecification","valueRequired":true,"valueName":"search_term_string"}}],"inLanguage":"fr-FR"},{"@type":"Person","@id":"https:\/\/www.fbf-bff.be\/#\/schema\/person\/73a9cbee87288cba2b06e3fc29244fe7","name":"fbf_admin","image":{"@type":"ImageObject","inLanguage":"fr-FR","@id":"https:\/\/www.fbf-bff.be\/#\/schema\/person\/image\/","url":"https:\/\/secure.gravatar.com\/avatar\/20f6483dbe2a69e0999ddcdd1744b7f7?s=96&d=mm&r=g","contentUrl":"https:\/\/secure.gravatar.com\/avatar\/20f6483dbe2a69e0999ddcdd1744b7f7?s=96&d=mm&r=g","caption":"fbf_admin"}}]}},"_links":{"self":[{"href":"https:\/\/www.fbf-bff.be\/fr\/wp-json\/wp\/v2\/posts\/9298"}],"collection":[{"href":"https:\/\/www.fbf-bff.be\/fr\/wp-json\/wp\/v2\/posts"}],"about":[{"href":"https:\/\/www.fbf-bff.be\/fr\/wp-json\/wp\/v2\/types\/post"}],"author":[{"embeddable":true,"href":"https:\/\/www.fbf-bff.be\/fr\/wp-json\/wp\/v2\/users\/1"}],"replies":[{"embeddable":true,"href":"https:\/\/www.fbf-bff.be\/fr\/wp-json\/wp\/v2\/comments?post=9298"}],"version-history":[{"count":0,"href":"https:\/\/www.fbf-bff.be\/fr\/wp-json\/wp\/v2\/posts\/9298\/revisions"}],"wp:featuredmedia":[{"embeddable":true,"href":"https:\/\/www.fbf-bff.be\/fr\/wp-json\/wp\/v2\/media\/5478"}],"wp:attachment":[{"href":"https:\/\/www.fbf-bff.be\/fr\/wp-json\/wp\/v2\/media?parent=9298"}],"wp:term":[{"taxonomy":"category","embeddable":true,"href":"https:\/\/www.fbf-bff.be\/fr\/wp-json\/wp\/v2\/categories?post=9298"},{"taxonomy":"post_tag","embeddable":true,"href":"https:\/\/www.fbf-bff.be\/fr\/wp-json\/wp\/v2\/tags?post=9298"}],"curies":[{"name":"wp","href":"https:\/\/api.w.org\/{rel}","templated":true}]}}