{"id":9289,"date":"2018-10-09T12:32:21","date_gmt":"2018-10-09T10:32:21","guid":{"rendered":"https:\/\/www.fbf-bff.be\/le-numero-deux-de-tomco-devient-pdg\/"},"modified":"2018-10-09T12:32:21","modified_gmt":"2018-10-09T10:32:21","slug":"le-numero-deux-de-tomco-devient-pdg","status":"publish","type":"post","link":"https:\/\/www.fbf-bff.be\/fr\/le-numero-deux-de-tomco-devient-pdg\/","title":{"rendered":"Le num\u00e9ro deux de Tom&#038;Co devient PDG"},"content":{"rendered":"Thierry le Grelle, qui s\u2019est occup\u00e9 du management buy-out de\u00a0Tom&amp;Co en collaboration avec Lionel Descl\u00e9e, deviendra le nouveau dirigeant des magasins animaliers. Descl\u00e9e, le PDG actuel, quitte l\u2019entreprise.\r\n<h3>Buy-out Tom&amp;Co finalis\u00e9 apr\u00e8s 2,5 ans<\/h3>\r\nLe duo Descl\u00e9e \u2013 le Grelle \u00e9tait \u00e0 la t\u00eate de Tom&amp;Co depuis\u00a02016, le moment o\u00f9 Delhaize a vendu la cha\u00eene de magasins animaliers\u00a0au groupe d\u2019investissement dirig\u00e9 par Descl\u00e9e. A l\u2019\u00e9poque, il \u00e9tait d\u00e9j\u00e0 le responsable final de la cha\u00eene en tant que vice-pr\u00e9sident de Delhaize Belgique, et avait \u00e9galement fait partie de la direction op\u00e9rationnelle des magasins animaliers auparavant. Le buy-out sera enfin finalis\u00e9 \u00e0 la fin de cette ann\u00e9e, au moment o\u00f9 Descl\u00e9e quittera la direction pour \u00ab relever un nouveau d\u00e9fi op\u00e9rationnel chez un leader mondial en Asie \u00bb, selon un communiqu\u00e9 de presse. Le coacqu\u00e9reur conserve toutefois sa participation dans Tom&amp;Co et reste membre du conseil d\u2019administration.\r\n\r\n\u00ab J\u2019ai pris cette d\u00e9cision en toute confiance et en toute s\u00e9r\u00e9nit\u00e9. Thierry et moi, nous avons atteint les objectifs de la premi\u00e8re partie de notre strat\u00e9gie : Tom&amp;Co est sur la bonne voie, les activit\u00e9s en France sont en forte croissance, la marque est plus connue que jamais. Les deux derni\u00e8res ann\u00e9es n\u2019ont pas \u00e9t\u00e9 faciles, car elles ont n\u00e9cessit\u00e9 beaucoup d\u2019adaptation et d\u2019efforts de la part de nos \u00e9quipes et de nos partenaires, mais les r\u00e9sultats sont d\u00e9j\u00e0 visibles dans les magasins \u00bb, explique le PDG sortant, qui passera le relais \u00e0 Thierry le Grelle en janvier 2019.\r\n<h3>Expansion en France, relooking en Belgique<\/h3>\r\nAu cours des deux derni\u00e8res ann\u00e9es, Tom&amp;Co a doubl\u00e9 le nombre de points de vente en France et a \u00e9galement lanc\u00e9 un nouveau concept de magasin. Les magasins de Braine-l\u2019Alleud, Marche-en-Famenne et Nantes ont d\u00e9j\u00e0 \u00e9t\u00e9 transform\u00e9s. Le nouveau concept sera \u00e9galement impl\u00e9ment\u00e9 \u00e0 Knokke et \u00e0 Overpelt tr\u00e8s bient\u00f4t. Selon les propri\u00e9taires, cela permet d\u2019accro\u00eetre \u00e0 la fois le chiffre d\u2019affaires du groupe et la notori\u00e9t\u00e9 de la marque.\r\n\r\n\u00ab Ensemble, nous avons \u00e9labor\u00e9 un plan strat\u00e9gique \u00e0 long terme pour Tom&amp;Co. Je peux compter sur une \u00e9quipe solide pour mettre en \u0153uvre cette strat\u00e9gie, notamment en d\u00e9veloppant les activit\u00e9s en France, en modernisant nos magasins en Belgique et en initiant les activit\u00e9s num\u00e9riques \u00bb, a d\u00e9clar\u00e9 le nouveau PDG.\r\n\r\nPour plus d&rsquo;informations sur le concept de franchise Tom&amp;Co, cliquez <a href=\"https:\/\/franchisingbelgium.be\/formule\/tom-and-co\/?lang=fr\" target=\"_blank\" rel=\"noopener\" class=\"broken_link\">ici<\/a>.\r\n\r\n<strong>Source: Retaildetail<\/strong>\r\n\r\n&nbsp;","protected":false},"excerpt":{"rendered":"<p>Thierry le Grelle, qui s\u2019est occup\u00e9 du management buy-out de\u00a0Tom&amp;Co en collaboration avec Lionel Descl\u00e9e, deviendra le nouveau dirigeant des magasins animaliers.<\/p>\n","protected":false},"author":1,"featured_media":4782,"comment_status":"closed","ping_status":"open","sticky":false,"template":"","format":"standard","meta":{"ngg_post_thumbnail":0,"footnotes":""},"categories":[37],"tags":[],"acf":[],"yoast_head":"<!-- This site is optimized with the Yoast SEO plugin v23.5 - https:\/\/yoast.com\/wordpress\/plugins\/seo\/ -->\n<title>Le num\u00e9ro deux de Tom&#038;Co devient PDG - F\u00e9d\u00e9ration Belge de la Franchise<\/title>\n<meta name=\"robots\" content=\"index, follow, max-snippet:-1, max-image-preview:large, max-video-preview:-1\" \/>\n<link rel=\"canonical\" href=\"https:\/\/www.fbf-bff.be\/fr\/le-numero-deux-de-tomco-devient-pdg\/\" \/>\n<meta property=\"og:locale\" content=\"fr_FR\" \/>\n<meta property=\"og:type\" content=\"article\" \/>\n<meta property=\"og:title\" content=\"Le num\u00e9ro deux de Tom&#038;Co devient PDG - F\u00e9d\u00e9ration Belge de la Franchise\" \/>\n<meta property=\"og:description\" content=\"Thierry le Grelle, qui s\u2019est occup\u00e9 du management buy-out de\u00a0Tom&amp;Co en collaboration avec Lionel Descl\u00e9e, deviendra le nouveau dirigeant des magasins animaliers.\" \/>\n<meta property=\"og:url\" content=\"https:\/\/www.fbf-bff.be\/fr\/le-numero-deux-de-tomco-devient-pdg\/\" \/>\n<meta property=\"og:site_name\" content=\"F\u00e9d\u00e9ration Belge de la Franchise\" \/>\n<meta property=\"article:published_time\" content=\"2018-10-09T10:32:21+00:00\" \/>\n<meta property=\"og:image\" content=\"https:\/\/www.fbf-bff.be\/wp-content\/uploads\/2021\/10\/TomCo_Logo.jpg\" \/>\n\t<meta property=\"og:image:width\" content=\"800\" \/>\n\t<meta property=\"og:image:height\" content=\"565\" \/>\n\t<meta property=\"og:image:type\" content=\"image\/jpeg\" \/>\n<meta name=\"author\" content=\"fbf_admin\" \/>\n<meta name=\"twitter:card\" content=\"summary_large_image\" \/>\n<meta name=\"twitter:label1\" content=\"\u00c9crit par\" \/>\n\t<meta name=\"twitter:data1\" content=\"fbf_admin\" \/>\n\t<meta name=\"twitter:label2\" content=\"Dur\u00e9e de lecture estim\u00e9e\" \/>\n\t<meta name=\"twitter:data2\" content=\"2 minutes\" \/>\n<script type=\"application\/ld+json\" class=\"yoast-schema-graph\">{\"@context\":\"https:\/\/schema.org\",\"@graph\":[{\"@type\":\"WebPage\",\"@id\":\"https:\/\/www.fbf-bff.be\/fr\/le-numero-deux-de-tomco-devient-pdg\/\",\"url\":\"https:\/\/www.fbf-bff.be\/fr\/le-numero-deux-de-tomco-devient-pdg\/\",\"name\":\"Le num\u00e9ro deux de Tom&#038;Co devient PDG - F\u00e9d\u00e9ration Belge de la Franchise\",\"isPartOf\":{\"@id\":\"https:\/\/www.fbf-bff.be\/#website\"},\"primaryImageOfPage\":{\"@id\":\"https:\/\/www.fbf-bff.be\/fr\/le-numero-deux-de-tomco-devient-pdg\/#primaryimage\"},\"image\":{\"@id\":\"https:\/\/www.fbf-bff.be\/fr\/le-numero-deux-de-tomco-devient-pdg\/#primaryimage\"},\"thumbnailUrl\":\"https:\/\/www.fbf-bff.be\/wp-content\/uploads\/2021\/10\/TomCo_Logo.jpg\",\"datePublished\":\"2018-10-09T10:32:21+00:00\",\"dateModified\":\"2018-10-09T10:32:21+00:00\",\"author\":{\"@id\":\"https:\/\/www.fbf-bff.be\/#\/schema\/person\/73a9cbee87288cba2b06e3fc29244fe7\"},\"breadcrumb\":{\"@id\":\"https:\/\/www.fbf-bff.be\/fr\/le-numero-deux-de-tomco-devient-pdg\/#breadcrumb\"},\"inLanguage\":\"fr-FR\",\"potentialAction\":[{\"@type\":\"ReadAction\",\"target\":[\"https:\/\/www.fbf-bff.be\/fr\/le-numero-deux-de-tomco-devient-pdg\/\"]}]},{\"@type\":\"ImageObject\",\"inLanguage\":\"fr-FR\",\"@id\":\"https:\/\/www.fbf-bff.be\/fr\/le-numero-deux-de-tomco-devient-pdg\/#primaryimage\",\"url\":\"https:\/\/www.fbf-bff.be\/wp-content\/uploads\/2021\/10\/TomCo_Logo.jpg\",\"contentUrl\":\"https:\/\/www.fbf-bff.be\/wp-content\/uploads\/2021\/10\/TomCo_Logo.jpg\",\"width\":800,\"height\":565},{\"@type\":\"BreadcrumbList\",\"@id\":\"https:\/\/www.fbf-bff.be\/fr\/le-numero-deux-de-tomco-devient-pdg\/#breadcrumb\",\"itemListElement\":[{\"@type\":\"ListItem\",\"position\":1,\"name\":\"Home\",\"item\":\"https:\/\/www.fbf-bff.be\/fr\/\"},{\"@type\":\"ListItem\",\"position\":2,\"name\":\"Le num\u00e9ro deux de Tom&#038;Co devient PDG\"}]},{\"@type\":\"WebSite\",\"@id\":\"https:\/\/www.fbf-bff.be\/#website\",\"url\":\"https:\/\/www.fbf-bff.be\/\",\"name\":\"F\u00e9d\u00e9ration Belge de la Franchise\",\"description\":\"Pour r\u00e9ussir ensemblee\",\"potentialAction\":[{\"@type\":\"SearchAction\",\"target\":{\"@type\":\"EntryPoint\",\"urlTemplate\":\"https:\/\/www.fbf-bff.be\/?s={search_term_string}\"},\"query-input\":{\"@type\":\"PropertyValueSpecification\",\"valueRequired\":true,\"valueName\":\"search_term_string\"}}],\"inLanguage\":\"fr-FR\"},{\"@type\":\"Person\",\"@id\":\"https:\/\/www.fbf-bff.be\/#\/schema\/person\/73a9cbee87288cba2b06e3fc29244fe7\",\"name\":\"fbf_admin\",\"image\":{\"@type\":\"ImageObject\",\"inLanguage\":\"fr-FR\",\"@id\":\"https:\/\/www.fbf-bff.be\/#\/schema\/person\/image\/\",\"url\":\"https:\/\/secure.gravatar.com\/avatar\/20f6483dbe2a69e0999ddcdd1744b7f7?s=96&d=mm&r=g\",\"contentUrl\":\"https:\/\/secure.gravatar.com\/avatar\/20f6483dbe2a69e0999ddcdd1744b7f7?s=96&d=mm&r=g\",\"caption\":\"fbf_admin\"}}]}<\/script>\n<!-- \/ Yoast SEO plugin. -->","yoast_head_json":{"title":"Le num\u00e9ro deux de Tom&#038;Co devient PDG - F\u00e9d\u00e9ration Belge de la Franchise","robots":{"index":"index","follow":"follow","max-snippet":"max-snippet:-1","max-image-preview":"max-image-preview:large","max-video-preview":"max-video-preview:-1"},"canonical":"https:\/\/www.fbf-bff.be\/fr\/le-numero-deux-de-tomco-devient-pdg\/","og_locale":"fr_FR","og_type":"article","og_title":"Le num\u00e9ro deux de Tom&#038;Co devient PDG - F\u00e9d\u00e9ration Belge de la Franchise","og_description":"Thierry le Grelle, qui s\u2019est occup\u00e9 du management buy-out de\u00a0Tom&amp;Co en collaboration avec Lionel Descl\u00e9e, deviendra le nouveau dirigeant des magasins animaliers.","og_url":"https:\/\/www.fbf-bff.be\/fr\/le-numero-deux-de-tomco-devient-pdg\/","og_site_name":"F\u00e9d\u00e9ration Belge de la Franchise","article_published_time":"2018-10-09T10:32:21+00:00","og_image":[{"width":800,"height":565,"url":"https:\/\/www.fbf-bff.be\/wp-content\/uploads\/2021\/10\/TomCo_Logo.jpg","type":"image\/jpeg"}],"author":"fbf_admin","twitter_card":"summary_large_image","twitter_misc":{"\u00c9crit par":"fbf_admin","Dur\u00e9e de lecture estim\u00e9e":"2 minutes"},"schema":{"@context":"https:\/\/schema.org","@graph":[{"@type":"WebPage","@id":"https:\/\/www.fbf-bff.be\/fr\/le-numero-deux-de-tomco-devient-pdg\/","url":"https:\/\/www.fbf-bff.be\/fr\/le-numero-deux-de-tomco-devient-pdg\/","name":"Le num\u00e9ro deux de Tom&#038;Co devient PDG - F\u00e9d\u00e9ration Belge de la Franchise","isPartOf":{"@id":"https:\/\/www.fbf-bff.be\/#website"},"primaryImageOfPage":{"@id":"https:\/\/www.fbf-bff.be\/fr\/le-numero-deux-de-tomco-devient-pdg\/#primaryimage"},"image":{"@id":"https:\/\/www.fbf-bff.be\/fr\/le-numero-deux-de-tomco-devient-pdg\/#primaryimage"},"thumbnailUrl":"https:\/\/www.fbf-bff.be\/wp-content\/uploads\/2021\/10\/TomCo_Logo.jpg","datePublished":"2018-10-09T10:32:21+00:00","dateModified":"2018-10-09T10:32:21+00:00","author":{"@id":"https:\/\/www.fbf-bff.be\/#\/schema\/person\/73a9cbee87288cba2b06e3fc29244fe7"},"breadcrumb":{"@id":"https:\/\/www.fbf-bff.be\/fr\/le-numero-deux-de-tomco-devient-pdg\/#breadcrumb"},"inLanguage":"fr-FR","potentialAction":[{"@type":"ReadAction","target":["https:\/\/www.fbf-bff.be\/fr\/le-numero-deux-de-tomco-devient-pdg\/"]}]},{"@type":"ImageObject","inLanguage":"fr-FR","@id":"https:\/\/www.fbf-bff.be\/fr\/le-numero-deux-de-tomco-devient-pdg\/#primaryimage","url":"https:\/\/www.fbf-bff.be\/wp-content\/uploads\/2021\/10\/TomCo_Logo.jpg","contentUrl":"https:\/\/www.fbf-bff.be\/wp-content\/uploads\/2021\/10\/TomCo_Logo.jpg","width":800,"height":565},{"@type":"BreadcrumbList","@id":"https:\/\/www.fbf-bff.be\/fr\/le-numero-deux-de-tomco-devient-pdg\/#breadcrumb","itemListElement":[{"@type":"ListItem","position":1,"name":"Home","item":"https:\/\/www.fbf-bff.be\/fr\/"},{"@type":"ListItem","position":2,"name":"Le num\u00e9ro deux de Tom&#038;Co devient PDG"}]},{"@type":"WebSite","@id":"https:\/\/www.fbf-bff.be\/#website","url":"https:\/\/www.fbf-bff.be\/","name":"F\u00e9d\u00e9ration Belge de la Franchise","description":"Pour r\u00e9ussir ensemblee","potentialAction":[{"@type":"SearchAction","target":{"@type":"EntryPoint","urlTemplate":"https:\/\/www.fbf-bff.be\/?s={search_term_string}"},"query-input":{"@type":"PropertyValueSpecification","valueRequired":true,"valueName":"search_term_string"}}],"inLanguage":"fr-FR"},{"@type":"Person","@id":"https:\/\/www.fbf-bff.be\/#\/schema\/person\/73a9cbee87288cba2b06e3fc29244fe7","name":"fbf_admin","image":{"@type":"ImageObject","inLanguage":"fr-FR","@id":"https:\/\/www.fbf-bff.be\/#\/schema\/person\/image\/","url":"https:\/\/secure.gravatar.com\/avatar\/20f6483dbe2a69e0999ddcdd1744b7f7?s=96&d=mm&r=g","contentUrl":"https:\/\/secure.gravatar.com\/avatar\/20f6483dbe2a69e0999ddcdd1744b7f7?s=96&d=mm&r=g","caption":"fbf_admin"}}]}},"_links":{"self":[{"href":"https:\/\/www.fbf-bff.be\/fr\/wp-json\/wp\/v2\/posts\/9289"}],"collection":[{"href":"https:\/\/www.fbf-bff.be\/fr\/wp-json\/wp\/v2\/posts"}],"about":[{"href":"https:\/\/www.fbf-bff.be\/fr\/wp-json\/wp\/v2\/types\/post"}],"author":[{"embeddable":true,"href":"https:\/\/www.fbf-bff.be\/fr\/wp-json\/wp\/v2\/users\/1"}],"replies":[{"embeddable":true,"href":"https:\/\/www.fbf-bff.be\/fr\/wp-json\/wp\/v2\/comments?post=9289"}],"version-history":[{"count":0,"href":"https:\/\/www.fbf-bff.be\/fr\/wp-json\/wp\/v2\/posts\/9289\/revisions"}],"wp:featuredmedia":[{"embeddable":true,"href":"https:\/\/www.fbf-bff.be\/fr\/wp-json\/wp\/v2\/media\/4782"}],"wp:attachment":[{"href":"https:\/\/www.fbf-bff.be\/fr\/wp-json\/wp\/v2\/media?parent=9289"}],"wp:term":[{"taxonomy":"category","embeddable":true,"href":"https:\/\/www.fbf-bff.be\/fr\/wp-json\/wp\/v2\/categories?post=9289"},{"taxonomy":"post_tag","embeddable":true,"href":"https:\/\/www.fbf-bff.be\/fr\/wp-json\/wp\/v2\/tags?post=9289"}],"curies":[{"name":"wp","href":"https:\/\/api.w.org\/{rel}","templated":true}]}}