{"id":9225,"date":"2018-07-05T10:53:51","date_gmt":"2018-07-05T08:53:51","guid":{"rendered":"https:\/\/www.fbf-bff.be\/nouveau-ceo-pour-le-reseau-de-franchise-dominos-pays-bas-et-belgique\/"},"modified":"2018-07-05T10:53:51","modified_gmt":"2018-07-05T08:53:51","slug":"nouveau-ceo-pour-le-reseau-de-franchise-dominos-pays-bas-et-belgique","status":"publish","type":"post","link":"https:\/\/www.fbf-bff.be\/fr\/nouveau-ceo-pour-le-reseau-de-franchise-dominos-pays-bas-et-belgique\/","title":{"rendered":"Nouveau CEO pour le r\u00e9seau de franchise Domino\u2019s Pays-Bas et Belgique"},"content":{"rendered":"Apr\u00e8s plus de 12,5 ans, Andre ten Wolde rel\u00e8ve un nouveau d\u00e9fi pour le r\u00e9seau de franchise Domino&rsquo;s Pizza Enterprises en Europe, en tant que COO. Misja Vroom, ancien franchis\u00e9 et responsable de l&rsquo;expansion et des activit\u00e9s en Belgique ces derni\u00e8res ann\u00e9es, reprend les fonctions d&rsquo;Andre en tant que CEO pour les Pays-Bas et la Belgique.\r\n\r\nLa croissance et l&rsquo;ambition de Domino&rsquo;s en Europe signifie qu&rsquo;il faut plus de structure et de contr\u00f4le. Andre ten Wolde : <em>\u00ab\u00a0Nous sommes aujourd&rsquo;hui le plus grand QSR (Quick Service Restaurant) des Pays-Bas, mesur\u00e9 par le nombre de succursales. Le mois dernier, nous avons ouvert notre 250e bureau. En Belgique, nous sommes le plus grand syst\u00e8me de livraison de pizza, avec l&rsquo;ambition d&rsquo;y devenir le plus grand QSR. J&rsquo;ai commenc\u00e9 il y a 12,5 ans, dont sept en tant que PDG. \u00c0 l&rsquo;\u00e9poque, Domino&rsquo;s avait cinquante succursales aux Pays-Bas et deux en Belgique. Nous en avons maintenant plus de 300 dans le Benelux. Je suis fier de ce que nous avons accompli ces derni\u00e8res ann\u00e9es et je passe le relais \u00e0 Misja avec confiance.\u00a0\u00bb<\/em>\r\n<h3>Misja Vroom<\/h3>\r\nMisja Vroom a occup\u00e9 divers postes aux Pays-Bas et en Belgique depuis pr\u00e8s de 25 ans. Au sein de Domino&rsquo;s Pizza Enterprises (DPE), la pr\u00e9f\u00e9rence est donn\u00e9e aux PDG qui ont d\u00e9j\u00e0 \u00e9t\u00e9 franchis\u00e9s avec succ\u00e8s. Il n&rsquo;y a pas moins de 4 anciens franchis\u00e9s au conseil d&rsquo;administration. Misja Vroom : <em>\u00ab\u00a0Domino&rsquo;s est une entreprise qui offre des opportunit\u00e9s. Presque tous nos franchis\u00e9s ont commenc\u00e9 comme livreurs. Nous croyons qu&rsquo;il est important de continuer \u00e0 offrir ces possibilit\u00e9s. Notre ambition est de doubler le nombre d&rsquo;agences au Benelux dans les 5 prochaines ann\u00e9es.\u00a0\u00bb<\/em>\r\n<h3><a href=\"https:\/\/www.fbf-bff.be\/wp-content\/uploads\/2021\/10\/MisjaVroom_portret.jpg\"><img loading=\"lazy\" decoding=\"async\" class=\"alignnone size-medium wp-image-14680\" src=\"https:\/\/www.fbf-bff.be\/wp-content\/uploads\/2021\/10\/MisjaVroom_portret-300x200-1.jpg\" alt=\"\" width=\"300\" height=\"200\" \/><\/a><\/h3>\r\n<h3>DPE<\/h3>\r\nDomino&rsquo;s Pizza Enterprises conna\u00eet une croissance rapide en Europe. Afin de faciliter cette croissance, DPE renforce l&rsquo;\u00e9quipe de direction europ\u00e9enne. En plus du PDG Andrew Rennie, Andre ten Wolde sera responsable en tant que COO pour le marketing europ\u00e9en, le d\u00e9veloppement et divers autres projets. Andre ten Wolde : <em>\u00ab\u00a0Notre ambition est de grandir fortement en Europe. Tant dans les pays existants que dans les nouveaux pays. C&rsquo;est un nouveau d\u00e9fi merveilleux pour moi de soutenir les directions locales \u00e0 cet \u00e9gard.\u00a0\u00bb<\/em>\r\n<h3>Le r\u00e9seau de franchise Domino\u2019s Pizza<\/h3>\r\nDomino&rsquo;s Pizza compte plus de 15 000 succursales dans plus de 89 pays. En tant que leader du march\u00e9, Dominos dispose du syst\u00e8me de livraison le plus grand et le plus avanc\u00e9, ce qui signifie que chaque ann\u00e9e, 15 millions de pizzas absolument fra\u00eeches, chaudes et de haute qualit\u00e9 sont livr\u00e9es dans le Benelux.\r\n\r\nPour plus d&rsquo;informations sur le concept de franchise Domino&rsquo;s Pizza, cliquez <a href=\"https:\/\/franchisingbelgium.be\/formule\/dominos-pizza\/?lang=fr\" target=\"_blank\" rel=\"noopener noreferrer\">ici<\/a>.\r\n\r\n&nbsp;","protected":false},"excerpt":{"rendered":"<p>Apr\u00e8s plus de 12,5 ans, Andre ten Wolde rel\u00e8ve un nouveau d\u00e9fi pour le r\u00e9seau de franchise Domino&rsquo;s Pizza Enterprises en Europe, en tant que COO. Misja Vroom, ancien franchis\u00e9 et responsable de l&rsquo;expansion et des activit\u00e9s en Belgique ces derni\u00e8res ann\u00e9es, reprend les fonctions d&rsquo;Andre en tant que CEO pour les Pays-Bas et la Belgique.<\/p>\n","protected":false},"author":1,"featured_media":4696,"comment_status":"closed","ping_status":"open","sticky":false,"template":"","format":"standard","meta":{"ngg_post_thumbnail":0,"footnotes":""},"categories":[37],"tags":[],"acf":[],"yoast_head":"<!-- This site is optimized with the Yoast SEO plugin v23.5 - https:\/\/yoast.com\/wordpress\/plugins\/seo\/ -->\n<title>Nouveau CEO pour le r\u00e9seau de franchise Domino\u2019s Pays-Bas et Belgique - F\u00e9d\u00e9ration Belge de la Franchise<\/title>\n<meta name=\"robots\" content=\"index, follow, max-snippet:-1, max-image-preview:large, max-video-preview:-1\" \/>\n<link rel=\"canonical\" href=\"https:\/\/www.fbf-bff.be\/fr\/nouveau-ceo-pour-le-reseau-de-franchise-dominos-pays-bas-et-belgique\/\" \/>\n<meta property=\"og:locale\" content=\"fr_FR\" \/>\n<meta property=\"og:type\" content=\"article\" \/>\n<meta property=\"og:title\" content=\"Nouveau CEO pour le r\u00e9seau de franchise Domino\u2019s Pays-Bas et Belgique - F\u00e9d\u00e9ration Belge de la Franchise\" \/>\n<meta property=\"og:description\" content=\"Apr\u00e8s plus de 12,5 ans, Andre ten Wolde rel\u00e8ve un nouveau d\u00e9fi pour le r\u00e9seau de franchise Domino&#039;s Pizza Enterprises en Europe, en tant que COO. Misja Vroom, ancien franchis\u00e9 et responsable de l&#039;expansion et des activit\u00e9s en Belgique ces derni\u00e8res ann\u00e9es, reprend les fonctions d&#039;Andre en tant que CEO pour les Pays-Bas et la Belgique.\" \/>\n<meta property=\"og:url\" content=\"https:\/\/www.fbf-bff.be\/fr\/nouveau-ceo-pour-le-reseau-de-franchise-dominos-pays-bas-et-belgique\/\" \/>\n<meta property=\"og:site_name\" content=\"F\u00e9d\u00e9ration Belge de la Franchise\" \/>\n<meta property=\"article:published_time\" content=\"2018-07-05T08:53:51+00:00\" \/>\n<meta property=\"og:image\" content=\"https:\/\/www.fbf-bff.be\/wp-content\/uploads\/2021\/10\/Dominos.jpg\" \/>\n\t<meta property=\"og:image:width\" content=\"250\" \/>\n\t<meta property=\"og:image:height\" content=\"200\" \/>\n\t<meta property=\"og:image:type\" content=\"image\/jpeg\" \/>\n<meta name=\"author\" content=\"fbf_admin\" \/>\n<meta name=\"twitter:card\" content=\"summary_large_image\" \/>\n<meta name=\"twitter:label1\" content=\"\u00c9crit par\" \/>\n\t<meta name=\"twitter:data1\" content=\"fbf_admin\" \/>\n\t<meta name=\"twitter:label2\" content=\"Dur\u00e9e de lecture estim\u00e9e\" \/>\n\t<meta name=\"twitter:data2\" content=\"2 minutes\" \/>\n<script type=\"application\/ld+json\" class=\"yoast-schema-graph\">{\"@context\":\"https:\/\/schema.org\",\"@graph\":[{\"@type\":\"WebPage\",\"@id\":\"https:\/\/www.fbf-bff.be\/fr\/nouveau-ceo-pour-le-reseau-de-franchise-dominos-pays-bas-et-belgique\/\",\"url\":\"https:\/\/www.fbf-bff.be\/fr\/nouveau-ceo-pour-le-reseau-de-franchise-dominos-pays-bas-et-belgique\/\",\"name\":\"Nouveau CEO pour le r\u00e9seau de franchise Domino\u2019s Pays-Bas et Belgique - F\u00e9d\u00e9ration Belge de la Franchise\",\"isPartOf\":{\"@id\":\"https:\/\/www.fbf-bff.be\/#website\"},\"primaryImageOfPage\":{\"@id\":\"https:\/\/www.fbf-bff.be\/fr\/nouveau-ceo-pour-le-reseau-de-franchise-dominos-pays-bas-et-belgique\/#primaryimage\"},\"image\":{\"@id\":\"https:\/\/www.fbf-bff.be\/fr\/nouveau-ceo-pour-le-reseau-de-franchise-dominos-pays-bas-et-belgique\/#primaryimage\"},\"thumbnailUrl\":\"https:\/\/www.fbf-bff.be\/wp-content\/uploads\/2021\/10\/Dominos.jpg\",\"datePublished\":\"2018-07-05T08:53:51+00:00\",\"dateModified\":\"2018-07-05T08:53:51+00:00\",\"author\":{\"@id\":\"https:\/\/www.fbf-bff.be\/#\/schema\/person\/73a9cbee87288cba2b06e3fc29244fe7\"},\"breadcrumb\":{\"@id\":\"https:\/\/www.fbf-bff.be\/fr\/nouveau-ceo-pour-le-reseau-de-franchise-dominos-pays-bas-et-belgique\/#breadcrumb\"},\"inLanguage\":\"fr-FR\",\"potentialAction\":[{\"@type\":\"ReadAction\",\"target\":[\"https:\/\/www.fbf-bff.be\/fr\/nouveau-ceo-pour-le-reseau-de-franchise-dominos-pays-bas-et-belgique\/\"]}]},{\"@type\":\"ImageObject\",\"inLanguage\":\"fr-FR\",\"@id\":\"https:\/\/www.fbf-bff.be\/fr\/nouveau-ceo-pour-le-reseau-de-franchise-dominos-pays-bas-et-belgique\/#primaryimage\",\"url\":\"https:\/\/www.fbf-bff.be\/wp-content\/uploads\/2021\/10\/Dominos.jpg\",\"contentUrl\":\"https:\/\/www.fbf-bff.be\/wp-content\/uploads\/2021\/10\/Dominos.jpg\",\"width\":250,\"height\":200},{\"@type\":\"BreadcrumbList\",\"@id\":\"https:\/\/www.fbf-bff.be\/fr\/nouveau-ceo-pour-le-reseau-de-franchise-dominos-pays-bas-et-belgique\/#breadcrumb\",\"itemListElement\":[{\"@type\":\"ListItem\",\"position\":1,\"name\":\"Home\",\"item\":\"https:\/\/www.fbf-bff.be\/fr\/\"},{\"@type\":\"ListItem\",\"position\":2,\"name\":\"Nouveau CEO pour le r\u00e9seau de franchise Domino\u2019s Pays-Bas et Belgique\"}]},{\"@type\":\"WebSite\",\"@id\":\"https:\/\/www.fbf-bff.be\/#website\",\"url\":\"https:\/\/www.fbf-bff.be\/\",\"name\":\"F\u00e9d\u00e9ration Belge de la Franchise\",\"description\":\"Pour r\u00e9ussir ensemblee\",\"potentialAction\":[{\"@type\":\"SearchAction\",\"target\":{\"@type\":\"EntryPoint\",\"urlTemplate\":\"https:\/\/www.fbf-bff.be\/?s={search_term_string}\"},\"query-input\":{\"@type\":\"PropertyValueSpecification\",\"valueRequired\":true,\"valueName\":\"search_term_string\"}}],\"inLanguage\":\"fr-FR\"},{\"@type\":\"Person\",\"@id\":\"https:\/\/www.fbf-bff.be\/#\/schema\/person\/73a9cbee87288cba2b06e3fc29244fe7\",\"name\":\"fbf_admin\",\"image\":{\"@type\":\"ImageObject\",\"inLanguage\":\"fr-FR\",\"@id\":\"https:\/\/www.fbf-bff.be\/#\/schema\/person\/image\/\",\"url\":\"https:\/\/secure.gravatar.com\/avatar\/20f6483dbe2a69e0999ddcdd1744b7f7?s=96&d=mm&r=g\",\"contentUrl\":\"https:\/\/secure.gravatar.com\/avatar\/20f6483dbe2a69e0999ddcdd1744b7f7?s=96&d=mm&r=g\",\"caption\":\"fbf_admin\"}}]}<\/script>\n<!-- \/ Yoast SEO plugin. -->","yoast_head_json":{"title":"Nouveau CEO pour le r\u00e9seau de franchise Domino\u2019s Pays-Bas et Belgique - F\u00e9d\u00e9ration Belge de la Franchise","robots":{"index":"index","follow":"follow","max-snippet":"max-snippet:-1","max-image-preview":"max-image-preview:large","max-video-preview":"max-video-preview:-1"},"canonical":"https:\/\/www.fbf-bff.be\/fr\/nouveau-ceo-pour-le-reseau-de-franchise-dominos-pays-bas-et-belgique\/","og_locale":"fr_FR","og_type":"article","og_title":"Nouveau CEO pour le r\u00e9seau de franchise Domino\u2019s Pays-Bas et Belgique - F\u00e9d\u00e9ration Belge de la Franchise","og_description":"Apr\u00e8s plus de 12,5 ans, Andre ten Wolde rel\u00e8ve un nouveau d\u00e9fi pour le r\u00e9seau de franchise Domino's Pizza Enterprises en Europe, en tant que COO. Misja Vroom, ancien franchis\u00e9 et responsable de l'expansion et des activit\u00e9s en Belgique ces derni\u00e8res ann\u00e9es, reprend les fonctions d'Andre en tant que CEO pour les Pays-Bas et la Belgique.","og_url":"https:\/\/www.fbf-bff.be\/fr\/nouveau-ceo-pour-le-reseau-de-franchise-dominos-pays-bas-et-belgique\/","og_site_name":"F\u00e9d\u00e9ration Belge de la Franchise","article_published_time":"2018-07-05T08:53:51+00:00","og_image":[{"width":250,"height":200,"url":"https:\/\/www.fbf-bff.be\/wp-content\/uploads\/2021\/10\/Dominos.jpg","type":"image\/jpeg"}],"author":"fbf_admin","twitter_card":"summary_large_image","twitter_misc":{"\u00c9crit par":"fbf_admin","Dur\u00e9e de lecture estim\u00e9e":"2 minutes"},"schema":{"@context":"https:\/\/schema.org","@graph":[{"@type":"WebPage","@id":"https:\/\/www.fbf-bff.be\/fr\/nouveau-ceo-pour-le-reseau-de-franchise-dominos-pays-bas-et-belgique\/","url":"https:\/\/www.fbf-bff.be\/fr\/nouveau-ceo-pour-le-reseau-de-franchise-dominos-pays-bas-et-belgique\/","name":"Nouveau CEO pour le r\u00e9seau de franchise Domino\u2019s Pays-Bas et Belgique - F\u00e9d\u00e9ration Belge de la Franchise","isPartOf":{"@id":"https:\/\/www.fbf-bff.be\/#website"},"primaryImageOfPage":{"@id":"https:\/\/www.fbf-bff.be\/fr\/nouveau-ceo-pour-le-reseau-de-franchise-dominos-pays-bas-et-belgique\/#primaryimage"},"image":{"@id":"https:\/\/www.fbf-bff.be\/fr\/nouveau-ceo-pour-le-reseau-de-franchise-dominos-pays-bas-et-belgique\/#primaryimage"},"thumbnailUrl":"https:\/\/www.fbf-bff.be\/wp-content\/uploads\/2021\/10\/Dominos.jpg","datePublished":"2018-07-05T08:53:51+00:00","dateModified":"2018-07-05T08:53:51+00:00","author":{"@id":"https:\/\/www.fbf-bff.be\/#\/schema\/person\/73a9cbee87288cba2b06e3fc29244fe7"},"breadcrumb":{"@id":"https:\/\/www.fbf-bff.be\/fr\/nouveau-ceo-pour-le-reseau-de-franchise-dominos-pays-bas-et-belgique\/#breadcrumb"},"inLanguage":"fr-FR","potentialAction":[{"@type":"ReadAction","target":["https:\/\/www.fbf-bff.be\/fr\/nouveau-ceo-pour-le-reseau-de-franchise-dominos-pays-bas-et-belgique\/"]}]},{"@type":"ImageObject","inLanguage":"fr-FR","@id":"https:\/\/www.fbf-bff.be\/fr\/nouveau-ceo-pour-le-reseau-de-franchise-dominos-pays-bas-et-belgique\/#primaryimage","url":"https:\/\/www.fbf-bff.be\/wp-content\/uploads\/2021\/10\/Dominos.jpg","contentUrl":"https:\/\/www.fbf-bff.be\/wp-content\/uploads\/2021\/10\/Dominos.jpg","width":250,"height":200},{"@type":"BreadcrumbList","@id":"https:\/\/www.fbf-bff.be\/fr\/nouveau-ceo-pour-le-reseau-de-franchise-dominos-pays-bas-et-belgique\/#breadcrumb","itemListElement":[{"@type":"ListItem","position":1,"name":"Home","item":"https:\/\/www.fbf-bff.be\/fr\/"},{"@type":"ListItem","position":2,"name":"Nouveau CEO pour le r\u00e9seau de franchise Domino\u2019s Pays-Bas et Belgique"}]},{"@type":"WebSite","@id":"https:\/\/www.fbf-bff.be\/#website","url":"https:\/\/www.fbf-bff.be\/","name":"F\u00e9d\u00e9ration Belge de la Franchise","description":"Pour r\u00e9ussir ensemblee","potentialAction":[{"@type":"SearchAction","target":{"@type":"EntryPoint","urlTemplate":"https:\/\/www.fbf-bff.be\/?s={search_term_string}"},"query-input":{"@type":"PropertyValueSpecification","valueRequired":true,"valueName":"search_term_string"}}],"inLanguage":"fr-FR"},{"@type":"Person","@id":"https:\/\/www.fbf-bff.be\/#\/schema\/person\/73a9cbee87288cba2b06e3fc29244fe7","name":"fbf_admin","image":{"@type":"ImageObject","inLanguage":"fr-FR","@id":"https:\/\/www.fbf-bff.be\/#\/schema\/person\/image\/","url":"https:\/\/secure.gravatar.com\/avatar\/20f6483dbe2a69e0999ddcdd1744b7f7?s=96&d=mm&r=g","contentUrl":"https:\/\/secure.gravatar.com\/avatar\/20f6483dbe2a69e0999ddcdd1744b7f7?s=96&d=mm&r=g","caption":"fbf_admin"}}]}},"_links":{"self":[{"href":"https:\/\/www.fbf-bff.be\/fr\/wp-json\/wp\/v2\/posts\/9225"}],"collection":[{"href":"https:\/\/www.fbf-bff.be\/fr\/wp-json\/wp\/v2\/posts"}],"about":[{"href":"https:\/\/www.fbf-bff.be\/fr\/wp-json\/wp\/v2\/types\/post"}],"author":[{"embeddable":true,"href":"https:\/\/www.fbf-bff.be\/fr\/wp-json\/wp\/v2\/users\/1"}],"replies":[{"embeddable":true,"href":"https:\/\/www.fbf-bff.be\/fr\/wp-json\/wp\/v2\/comments?post=9225"}],"version-history":[{"count":0,"href":"https:\/\/www.fbf-bff.be\/fr\/wp-json\/wp\/v2\/posts\/9225\/revisions"}],"wp:featuredmedia":[{"embeddable":true,"href":"https:\/\/www.fbf-bff.be\/fr\/wp-json\/wp\/v2\/media\/4696"}],"wp:attachment":[{"href":"https:\/\/www.fbf-bff.be\/fr\/wp-json\/wp\/v2\/media?parent=9225"}],"wp:term":[{"taxonomy":"category","embeddable":true,"href":"https:\/\/www.fbf-bff.be\/fr\/wp-json\/wp\/v2\/categories?post=9225"},{"taxonomy":"post_tag","embeddable":true,"href":"https:\/\/www.fbf-bff.be\/fr\/wp-json\/wp\/v2\/tags?post=9225"}],"curies":[{"name":"wp","href":"https:\/\/api.w.org\/{rel}","templated":true}]}}