{"id":9170,"date":"2018-06-12T12:59:48","date_gmt":"2018-06-12T10:59:48","guid":{"rendered":"https:\/\/www.fbf-bff.be\/les-adherents-dintermarche-font-preuve-de-dynamisme\/"},"modified":"2018-06-12T12:59:48","modified_gmt":"2018-06-12T10:59:48","slug":"les-adherents-dintermarche-font-preuve-de-dynamisme","status":"publish","type":"post","link":"https:\/\/www.fbf-bff.be\/fr\/les-adherents-dintermarche-font-preuve-de-dynamisme\/","title":{"rendered":"Les Adh\u00e9rents d&#8217;Intermarch\u00e9 font preuve de dynamisme"},"content":{"rendered":"&nbsp;\r\n\r\nLes Adh\u00e9rents belges\u00a0(franchis\u00e9s dans le vocable de l&rsquo;enseigne Intermarch\u00e9)\u00a0du Groupement des Mousquetaires, continuent \u00e0 faire preuve de dynamisme comme le prouve les derni\u00e8res r\u00e9novations de deux\u00a0 supermarch\u00e9s Intermarch\u00e9 \u00e0 Tournai dans le Hainaut et Gr\u00e2ce-Hollogne dans la province de Li\u00e8ge.\r\n\r\n<strong>R\u00e9ouverture de l&rsquo;Intermarch\u00e9 de Tournai<\/strong>\r\n\r\n<strong><a href=\"https:\/\/www.fbf-bff.be\/wp-content\/uploads\/2021\/10\/image003-1-1.png\"><img loading=\"lazy\" decoding=\"async\" class=\"alignnone size-medium wp-image-14402\" src=\"https:\/\/www.fbf-bff.be\/wp-content\/uploads\/2021\/10\/image003-1-300x300-1.png\" alt=\"\" width=\"300\" height=\"300\" \/><\/a>\u00a0 \u00a0 \u00a0 \u00a0 \u00a0\u00a0<\/strong><strong>\u00a0 \u00a0\u00a0<\/strong>\r\n\r\nL&rsquo;Intermarch\u00e9 de Tournai a rouvert ses portes\u00a0le 17 avril 2018 au\u00a0<a href=\"https:\/\/maps.google.com\/?q=Boulevard+Eisenhower+14&amp;entry=gmail&amp;source=g\">Boulevard Eisenhower 14<\/a>, apr\u00e8s avoir subi une r\u00e9novation totale.\r\n\r\nLe supermarch\u00e9 d&rsquo;une surface de vente de 1.400 m\u00b2, r\u00e9nov\u00e9 selon le dernier concept de l&rsquo;enseigne, est sous la direction du couple des Adh\u00e9rents Nadine et Michel Ronse qui ont frapp\u00e9 un grand coup pour assurer la p\u00e9rennit\u00e9 de leur entreprise.\r\n\r\nAvec un nouveau parcours client plus fluide et efficace, du nouveau mobilier et de nouvelles m\u00e9thodes de travail, la vocation alimentaire s&rsquo;exprime \u00e0 tous les niveaux pour rendre le confort du client plus agr\u00e9able.\r\n\r\nLe libre service (full LS)\u00a0 a \u00e9t\u00e9 adopt\u00e9 dans cet Intermarch\u00e9, permettant des pr\u00e9parations bouch\u00e8res, charcuti\u00e8res, de traiteur et une offre mar\u00e9e en frais emball\u00e9, des sushis et une r\u00f4tisserie.\r\n\r\n<strong>La ma\u00eetrise \u00e9nerg\u00e9tique<\/strong>\r\n\r\nLa r\u00e9novation et modernisation du point de vente s&rsquo;est accompagn\u00e9e d&rsquo;une r\u00e9flexion globale sur la r\u00e9duction des d\u00e9penses \u00e9nerg\u00e9tiques. Les adh\u00e9rents ont opt\u00e9 pour des solutions efficaces et simples parmi lesquelles, une isolation renforc\u00e9e, des panneaux solaires sur la toiture, un \u00e9clairage LED et des gondoles \u00e0 planches et fonds grillag\u00e9s pour laisser passer plus de lumi\u00e8re dans les rayons.\r\n\r\nAutre exclusivit\u00e9 aux avantages multiples : un syst\u00e8me d&rsquo;encaissement de gestion automatique des esp\u00e8ces, qui lib\u00e8re les h\u00f4tes et h\u00f4tesses de caisses de nombreuses contraintes tout en am\u00e9liorant la s\u00e9curit\u00e9 du personnel et du point de vente.\r\n\r\n<strong>L&rsquo;Intermarch\u00e9 de Gr\u00e2ce-Hollogne<\/strong>\r\n\r\n<a href=\"https:\/\/www.fbf-bff.be\/wp-content\/uploads\/2021\/10\/image004-min.png\"><img loading=\"lazy\" decoding=\"async\" class=\"alignnone size-medium wp-image-14403\" src=\"https:\/\/www.fbf-bff.be\/wp-content\/uploads\/2021\/10\/image004-min-300x200-1.png\" alt=\"\" width=\"300\" height=\"200\" \/><\/a>\r\n\r\nLe nouvel Intermarch\u00e9 de Gr\u00e2ce-Hollogne a rouvert ses portes au public le 29 mai 2018 avec une plus grande surface de vente de 1.959 m\u00b2.\r\n\r\nLe magasin de proximit\u00e9 est sous la direction des Adh\u00e9rents \u00a0(franchis\u00e9s)exp\u00e9riment\u00e9s\u00a0Anne et Martin Staelens qui font partie des plus anciens Adh\u00e9rents du r\u00e9seau Intermarch\u00e9 en Belgique et qui sont \u00e9galement \u00e0 la t\u00eate d&rsquo;autres magasins de l&rsquo;enseigne.\r\n\r\n<strong>Intermarch\u00e9 sponsor officiel du Franchising Belgium Day de Louvain-la-Neuve le 25 octobre 2018<\/strong>\r\n\r\nL&rsquo;enseigne du Groupement des Mousquetaires est sponsor officiel et exposant au prochain Franchising Belgium Day qui se d\u00e9roulera le 25 octobre prochain au Cercle du Lac \u00e0 Louvain-la-Neuve.\r\n\r\nCet \u00e9v\u00e9nement organis\u00e9 sous la houlette de la F\u00e9d\u00e9ration Belge de la Franchise est une occasion unique pour les candidats franchis\u00e9s de rencontrer les franchiseurs et d&rsquo;\u00e9changer\u00a0 sur les divers concepts propos\u00e9s.\r\n\r\nPour plus d\u2019information pour devenir franchis\u00e9 chez Intermarch\u00e9,\u00a0<a href=\"https:\/\/franchisingbelgium.be\/formule\/intermarche\/?lang=fr\" target=\"_blank\" rel=\"noopener noreferrer\"><u>cliquez ici<\/u>.<\/a>\r\n\r\n<strong>rli.<\/strong>","protected":false},"excerpt":{"rendered":"<p>Les Adh\u00e9rents belges (franchis\u00e9s dans le vocable de l&rsquo;enseigne Intermarch\u00e9) du Groupement des Mousquetaires, continuent \u00e0 faire preuve de dynamisme comme le prouve les derni\u00e8res r\u00e9novations de deux  supermarch\u00e9s Intermarch\u00e9 \u00e0 Tournai dans le Hainaut et Gr\u00e2ce-Hollogne dans la province de Li\u00e8ge.<\/p>\n","protected":false},"author":1,"featured_media":5623,"comment_status":"closed","ping_status":"open","sticky":false,"template":"","format":"standard","meta":{"ngg_post_thumbnail":0,"footnotes":""},"categories":[37],"tags":[],"acf":[],"yoast_head":"<!-- This site is optimized with the Yoast SEO plugin v23.5 - https:\/\/yoast.com\/wordpress\/plugins\/seo\/ -->\n<title>Les Adh\u00e9rents d&#8217;Intermarch\u00e9 font preuve de dynamisme - F\u00e9d\u00e9ration Belge de la Franchise<\/title>\n<meta name=\"robots\" content=\"index, follow, max-snippet:-1, max-image-preview:large, max-video-preview:-1\" \/>\n<link rel=\"canonical\" href=\"https:\/\/www.fbf-bff.be\/fr\/les-adherents-dintermarche-font-preuve-de-dynamisme\/\" \/>\n<meta property=\"og:locale\" content=\"fr_FR\" \/>\n<meta property=\"og:type\" content=\"article\" \/>\n<meta property=\"og:title\" content=\"Les Adh\u00e9rents d&#8217;Intermarch\u00e9 font preuve de dynamisme - F\u00e9d\u00e9ration Belge de la Franchise\" \/>\n<meta property=\"og:description\" content=\"Les Adh\u00e9rents belges (franchis\u00e9s dans le vocable de l&#039;enseigne Intermarch\u00e9) du Groupement des Mousquetaires, continuent \u00e0 faire preuve de dynamisme comme le prouve les derni\u00e8res r\u00e9novations de deux supermarch\u00e9s Intermarch\u00e9 \u00e0 Tournai dans le Hainaut et Gr\u00e2ce-Hollogne dans la province de Li\u00e8ge.\" \/>\n<meta property=\"og:url\" content=\"https:\/\/www.fbf-bff.be\/fr\/les-adherents-dintermarche-font-preuve-de-dynamisme\/\" \/>\n<meta property=\"og:site_name\" content=\"F\u00e9d\u00e9ration Belge de la Franchise\" \/>\n<meta property=\"article:published_time\" content=\"2018-06-12T10:59:48+00:00\" \/>\n<meta property=\"og:image\" content=\"https:\/\/www.fbf-bff.be\/wp-content\/uploads\/2021\/10\/Intermarche_reference-e1520506488582.jpg\" \/>\n\t<meta property=\"og:image:width\" content=\"200\" \/>\n\t<meta property=\"og:image:height\" content=\"63\" \/>\n\t<meta property=\"og:image:type\" content=\"image\/jpeg\" \/>\n<meta name=\"author\" content=\"fbf_admin\" \/>\n<meta name=\"twitter:card\" content=\"summary_large_image\" \/>\n<meta name=\"twitter:label1\" content=\"\u00c9crit par\" \/>\n\t<meta name=\"twitter:data1\" content=\"fbf_admin\" \/>\n\t<meta name=\"twitter:label2\" content=\"Dur\u00e9e de lecture estim\u00e9e\" \/>\n\t<meta name=\"twitter:data2\" content=\"2 minutes\" \/>\n<script type=\"application\/ld+json\" class=\"yoast-schema-graph\">{\"@context\":\"https:\/\/schema.org\",\"@graph\":[{\"@type\":\"WebPage\",\"@id\":\"https:\/\/www.fbf-bff.be\/fr\/les-adherents-dintermarche-font-preuve-de-dynamisme\/\",\"url\":\"https:\/\/www.fbf-bff.be\/fr\/les-adherents-dintermarche-font-preuve-de-dynamisme\/\",\"name\":\"Les Adh\u00e9rents d&#8217;Intermarch\u00e9 font preuve de dynamisme - F\u00e9d\u00e9ration Belge de la Franchise\",\"isPartOf\":{\"@id\":\"https:\/\/www.fbf-bff.be\/#website\"},\"primaryImageOfPage\":{\"@id\":\"https:\/\/www.fbf-bff.be\/fr\/les-adherents-dintermarche-font-preuve-de-dynamisme\/#primaryimage\"},\"image\":{\"@id\":\"https:\/\/www.fbf-bff.be\/fr\/les-adherents-dintermarche-font-preuve-de-dynamisme\/#primaryimage\"},\"thumbnailUrl\":\"https:\/\/www.fbf-bff.be\/wp-content\/uploads\/2021\/10\/Intermarche_reference-e1520506488582.jpg\",\"datePublished\":\"2018-06-12T10:59:48+00:00\",\"dateModified\":\"2018-06-12T10:59:48+00:00\",\"author\":{\"@id\":\"https:\/\/www.fbf-bff.be\/#\/schema\/person\/73a9cbee87288cba2b06e3fc29244fe7\"},\"breadcrumb\":{\"@id\":\"https:\/\/www.fbf-bff.be\/fr\/les-adherents-dintermarche-font-preuve-de-dynamisme\/#breadcrumb\"},\"inLanguage\":\"fr-FR\",\"potentialAction\":[{\"@type\":\"ReadAction\",\"target\":[\"https:\/\/www.fbf-bff.be\/fr\/les-adherents-dintermarche-font-preuve-de-dynamisme\/\"]}]},{\"@type\":\"ImageObject\",\"inLanguage\":\"fr-FR\",\"@id\":\"https:\/\/www.fbf-bff.be\/fr\/les-adherents-dintermarche-font-preuve-de-dynamisme\/#primaryimage\",\"url\":\"https:\/\/www.fbf-bff.be\/wp-content\/uploads\/2021\/10\/Intermarche_reference-e1520506488582.jpg\",\"contentUrl\":\"https:\/\/www.fbf-bff.be\/wp-content\/uploads\/2021\/10\/Intermarche_reference-e1520506488582.jpg\",\"width\":200,\"height\":63},{\"@type\":\"BreadcrumbList\",\"@id\":\"https:\/\/www.fbf-bff.be\/fr\/les-adherents-dintermarche-font-preuve-de-dynamisme\/#breadcrumb\",\"itemListElement\":[{\"@type\":\"ListItem\",\"position\":1,\"name\":\"Home\",\"item\":\"https:\/\/www.fbf-bff.be\/fr\/\"},{\"@type\":\"ListItem\",\"position\":2,\"name\":\"Les Adh\u00e9rents d&#8217;Intermarch\u00e9 font preuve de dynamisme\"}]},{\"@type\":\"WebSite\",\"@id\":\"https:\/\/www.fbf-bff.be\/#website\",\"url\":\"https:\/\/www.fbf-bff.be\/\",\"name\":\"F\u00e9d\u00e9ration Belge de la Franchise\",\"description\":\"Pour r\u00e9ussir ensemblee\",\"potentialAction\":[{\"@type\":\"SearchAction\",\"target\":{\"@type\":\"EntryPoint\",\"urlTemplate\":\"https:\/\/www.fbf-bff.be\/?s={search_term_string}\"},\"query-input\":{\"@type\":\"PropertyValueSpecification\",\"valueRequired\":true,\"valueName\":\"search_term_string\"}}],\"inLanguage\":\"fr-FR\"},{\"@type\":\"Person\",\"@id\":\"https:\/\/www.fbf-bff.be\/#\/schema\/person\/73a9cbee87288cba2b06e3fc29244fe7\",\"name\":\"fbf_admin\",\"image\":{\"@type\":\"ImageObject\",\"inLanguage\":\"fr-FR\",\"@id\":\"https:\/\/www.fbf-bff.be\/#\/schema\/person\/image\/\",\"url\":\"https:\/\/secure.gravatar.com\/avatar\/20f6483dbe2a69e0999ddcdd1744b7f7?s=96&d=mm&r=g\",\"contentUrl\":\"https:\/\/secure.gravatar.com\/avatar\/20f6483dbe2a69e0999ddcdd1744b7f7?s=96&d=mm&r=g\",\"caption\":\"fbf_admin\"}}]}<\/script>\n<!-- \/ Yoast SEO plugin. -->","yoast_head_json":{"title":"Les Adh\u00e9rents d&#8217;Intermarch\u00e9 font preuve de dynamisme - F\u00e9d\u00e9ration Belge de la Franchise","robots":{"index":"index","follow":"follow","max-snippet":"max-snippet:-1","max-image-preview":"max-image-preview:large","max-video-preview":"max-video-preview:-1"},"canonical":"https:\/\/www.fbf-bff.be\/fr\/les-adherents-dintermarche-font-preuve-de-dynamisme\/","og_locale":"fr_FR","og_type":"article","og_title":"Les Adh\u00e9rents d&#8217;Intermarch\u00e9 font preuve de dynamisme - F\u00e9d\u00e9ration Belge de la Franchise","og_description":"Les Adh\u00e9rents belges (franchis\u00e9s dans le vocable de l'enseigne Intermarch\u00e9) du Groupement des Mousquetaires, continuent \u00e0 faire preuve de dynamisme comme le prouve les derni\u00e8res r\u00e9novations de deux supermarch\u00e9s Intermarch\u00e9 \u00e0 Tournai dans le Hainaut et Gr\u00e2ce-Hollogne dans la province de Li\u00e8ge.","og_url":"https:\/\/www.fbf-bff.be\/fr\/les-adherents-dintermarche-font-preuve-de-dynamisme\/","og_site_name":"F\u00e9d\u00e9ration Belge de la Franchise","article_published_time":"2018-06-12T10:59:48+00:00","og_image":[{"width":200,"height":63,"url":"https:\/\/www.fbf-bff.be\/wp-content\/uploads\/2021\/10\/Intermarche_reference-e1520506488582.jpg","type":"image\/jpeg"}],"author":"fbf_admin","twitter_card":"summary_large_image","twitter_misc":{"\u00c9crit par":"fbf_admin","Dur\u00e9e de lecture estim\u00e9e":"2 minutes"},"schema":{"@context":"https:\/\/schema.org","@graph":[{"@type":"WebPage","@id":"https:\/\/www.fbf-bff.be\/fr\/les-adherents-dintermarche-font-preuve-de-dynamisme\/","url":"https:\/\/www.fbf-bff.be\/fr\/les-adherents-dintermarche-font-preuve-de-dynamisme\/","name":"Les Adh\u00e9rents d&#8217;Intermarch\u00e9 font preuve de dynamisme - F\u00e9d\u00e9ration Belge de la Franchise","isPartOf":{"@id":"https:\/\/www.fbf-bff.be\/#website"},"primaryImageOfPage":{"@id":"https:\/\/www.fbf-bff.be\/fr\/les-adherents-dintermarche-font-preuve-de-dynamisme\/#primaryimage"},"image":{"@id":"https:\/\/www.fbf-bff.be\/fr\/les-adherents-dintermarche-font-preuve-de-dynamisme\/#primaryimage"},"thumbnailUrl":"https:\/\/www.fbf-bff.be\/wp-content\/uploads\/2021\/10\/Intermarche_reference-e1520506488582.jpg","datePublished":"2018-06-12T10:59:48+00:00","dateModified":"2018-06-12T10:59:48+00:00","author":{"@id":"https:\/\/www.fbf-bff.be\/#\/schema\/person\/73a9cbee87288cba2b06e3fc29244fe7"},"breadcrumb":{"@id":"https:\/\/www.fbf-bff.be\/fr\/les-adherents-dintermarche-font-preuve-de-dynamisme\/#breadcrumb"},"inLanguage":"fr-FR","potentialAction":[{"@type":"ReadAction","target":["https:\/\/www.fbf-bff.be\/fr\/les-adherents-dintermarche-font-preuve-de-dynamisme\/"]}]},{"@type":"ImageObject","inLanguage":"fr-FR","@id":"https:\/\/www.fbf-bff.be\/fr\/les-adherents-dintermarche-font-preuve-de-dynamisme\/#primaryimage","url":"https:\/\/www.fbf-bff.be\/wp-content\/uploads\/2021\/10\/Intermarche_reference-e1520506488582.jpg","contentUrl":"https:\/\/www.fbf-bff.be\/wp-content\/uploads\/2021\/10\/Intermarche_reference-e1520506488582.jpg","width":200,"height":63},{"@type":"BreadcrumbList","@id":"https:\/\/www.fbf-bff.be\/fr\/les-adherents-dintermarche-font-preuve-de-dynamisme\/#breadcrumb","itemListElement":[{"@type":"ListItem","position":1,"name":"Home","item":"https:\/\/www.fbf-bff.be\/fr\/"},{"@type":"ListItem","position":2,"name":"Les Adh\u00e9rents d&#8217;Intermarch\u00e9 font preuve de dynamisme"}]},{"@type":"WebSite","@id":"https:\/\/www.fbf-bff.be\/#website","url":"https:\/\/www.fbf-bff.be\/","name":"F\u00e9d\u00e9ration Belge de la Franchise","description":"Pour r\u00e9ussir ensemblee","potentialAction":[{"@type":"SearchAction","target":{"@type":"EntryPoint","urlTemplate":"https:\/\/www.fbf-bff.be\/?s={search_term_string}"},"query-input":{"@type":"PropertyValueSpecification","valueRequired":true,"valueName":"search_term_string"}}],"inLanguage":"fr-FR"},{"@type":"Person","@id":"https:\/\/www.fbf-bff.be\/#\/schema\/person\/73a9cbee87288cba2b06e3fc29244fe7","name":"fbf_admin","image":{"@type":"ImageObject","inLanguage":"fr-FR","@id":"https:\/\/www.fbf-bff.be\/#\/schema\/person\/image\/","url":"https:\/\/secure.gravatar.com\/avatar\/20f6483dbe2a69e0999ddcdd1744b7f7?s=96&d=mm&r=g","contentUrl":"https:\/\/secure.gravatar.com\/avatar\/20f6483dbe2a69e0999ddcdd1744b7f7?s=96&d=mm&r=g","caption":"fbf_admin"}}]}},"_links":{"self":[{"href":"https:\/\/www.fbf-bff.be\/fr\/wp-json\/wp\/v2\/posts\/9170"}],"collection":[{"href":"https:\/\/www.fbf-bff.be\/fr\/wp-json\/wp\/v2\/posts"}],"about":[{"href":"https:\/\/www.fbf-bff.be\/fr\/wp-json\/wp\/v2\/types\/post"}],"author":[{"embeddable":true,"href":"https:\/\/www.fbf-bff.be\/fr\/wp-json\/wp\/v2\/users\/1"}],"replies":[{"embeddable":true,"href":"https:\/\/www.fbf-bff.be\/fr\/wp-json\/wp\/v2\/comments?post=9170"}],"version-history":[{"count":0,"href":"https:\/\/www.fbf-bff.be\/fr\/wp-json\/wp\/v2\/posts\/9170\/revisions"}],"wp:featuredmedia":[{"embeddable":true,"href":"https:\/\/www.fbf-bff.be\/fr\/wp-json\/wp\/v2\/media\/5623"}],"wp:attachment":[{"href":"https:\/\/www.fbf-bff.be\/fr\/wp-json\/wp\/v2\/media?parent=9170"}],"wp:term":[{"taxonomy":"category","embeddable":true,"href":"https:\/\/www.fbf-bff.be\/fr\/wp-json\/wp\/v2\/categories?post=9170"},{"taxonomy":"post_tag","embeddable":true,"href":"https:\/\/www.fbf-bff.be\/fr\/wp-json\/wp\/v2\/tags?post=9170"}],"curies":[{"name":"wp","href":"https:\/\/api.w.org\/{rel}","templated":true}]}}