{"id":9095,"date":"2018-04-11T16:26:52","date_gmt":"2018-04-11T14:26:52","guid":{"rendered":"https:\/\/www.fbf-bff.be\/carrefour-ouvre-une-nouvelle-franchise-market-willebroeck\/"},"modified":"2018-04-11T16:26:52","modified_gmt":"2018-04-11T14:26:52","slug":"carrefour-ouvre-une-nouvelle-franchise-market-willebroeck","status":"publish","type":"post","link":"https:\/\/www.fbf-bff.be\/fr\/carrefour-ouvre-une-nouvelle-franchise-market-willebroeck\/","title":{"rendered":"Carrefour ouvre une nouvelle franchise Market \u00e0 Willebroeck"},"content":{"rendered":"<p style=\"font-weight: 400\">Carrefour avait termin\u00e9 l&rsquo;ann\u00e9e 2017 avec 11 ouvertures\u00a0supermarch\u00e9s franchis\u00e9s\u00a0Market :\u00a0 2 nouveaux Market Groupe Mestdagh (Libramont et La Monnaie \u00e0 Bruxelles)\u00a0 et en Flandre 3 nouveaux magasins (Riemst, Vorst Laakdal et Waregem) et la reprise de 6 magasins du groupe Ahold Delhaize existants ou au stade de projet (Berendrecht, Lokeren, Eeklo, Boortmeerbeek et Lille).<\/p>\r\nPour cette ann\u00e9e 2018, Carrefour Belgique annonce l&rsquo;ouverture d&rsquo;une dizaine de\u00a0supermarch\u00e9s franchis\u00e9s\u00a0Market. D\u00e9but f\u00e9vrier, un premier Market ouvrait ses portes dans l&rsquo;agglom\u00e9ration bruxelloise \u00e0 Anderlecht et ce 11 avril 2018, c&rsquo;est \u00e0 Willebroeck\u00a0(Dendermondsesteenweg\u00a0167) dans la province d&rsquo;Anvers que s&rsquo;ouvre un second supermarch\u00e9\u00a0Market franchis\u00e9 .\r\n\r\n<strong>Une franchise Market 2.0<\/strong>\r\n\r\nCe supermarch\u00e9 de proximit\u00e9 d&rsquo;une surface de vente de 1.575 m\u00b2 avec un parking de 118 emplacements, un emplacement couvert pour v\u00e9los et un point de retrait Carrefour-Drive, est sous la direction du\u00a0<strong>franchis\u00e9<\/strong>\u00a0 Murat G\u00fcngor.\r\n\r\nLe franchis\u00e9 est assist\u00e9 dans sa gestion quotidienne par une importante \u00e9quipe de 35 collaborateurs dont la majorit\u00e9 d&rsquo;entre eux habite dans la r\u00e9gion.\r\n\r\nDans ce Market am\u00e9nag\u00e9 selon le concept de la derni\u00e8re g\u00e9n\u00e9ration de l&rsquo;enseigne avec de larges all\u00e9es, des meubles de faible hauteur pour une meilleure circulation et vision de l&rsquo;ensemble des rayons, un \u00e9clairage led et des couleurs douces, le frais est mis en avant et l&rsquo;assortiment de produits bio, di\u00e9t\u00e9tiques, sans gluten et sucre est \u00e9largi.\r\n\r\nPour plus d\u2019information sur le concept de franchise de Carrefour Market,<a href=\"https:\/\/franchisingbelgium.be\/formule\/carrefour-market\/?lang=fr\" target=\"_blank\" rel=\"noopener noreferrer\">\u00a0<u>cliquez ici.<\/u><\/a>\r\n\r\n<strong>rli.<\/strong>","protected":false},"excerpt":{"rendered":"<p>Carrefour avait termin\u00e9 l&rsquo;ann\u00e9e 2017 avec 11 ouvertures supermarch\u00e9s franchis\u00e9s Market :  2 nouveaux Market Groupe Mestdagh (Libramont et La Monnaie \u00e0 Bruxelles)  et en Flandre 3 nouveaux magasins (Riemst, Vorst Laakdal et Waregem) et la reprise de 6 magasins du groupe Ahold Delhaize existants ou au stade de projet (Berendrecht, Lokeren, Eeklo, Boortmeerbeek et Lille).<\/p>\n","protected":false},"author":1,"featured_media":4750,"comment_status":"closed","ping_status":"open","sticky":false,"template":"","format":"standard","meta":{"ngg_post_thumbnail":0,"footnotes":""},"categories":[37],"tags":[],"acf":[],"yoast_head":"<!-- This site is optimized with the Yoast SEO plugin v23.5 - https:\/\/yoast.com\/wordpress\/plugins\/seo\/ -->\n<title>Carrefour ouvre une nouvelle franchise Market \u00e0 Willebroeck - F\u00e9d\u00e9ration Belge de la Franchise<\/title>\n<meta name=\"robots\" content=\"index, follow, max-snippet:-1, max-image-preview:large, max-video-preview:-1\" \/>\n<link rel=\"canonical\" href=\"https:\/\/www.fbf-bff.be\/fr\/carrefour-ouvre-une-nouvelle-franchise-market-willebroeck\/\" \/>\n<meta property=\"og:locale\" content=\"fr_FR\" \/>\n<meta property=\"og:type\" content=\"article\" \/>\n<meta property=\"og:title\" content=\"Carrefour ouvre une nouvelle franchise Market \u00e0 Willebroeck - F\u00e9d\u00e9ration Belge de la Franchise\" \/>\n<meta property=\"og:description\" content=\"Carrefour avait termin\u00e9 l&#039;ann\u00e9e 2017 avec 11 ouvertures supermarch\u00e9s franchis\u00e9s Market : 2 nouveaux Market Groupe Mestdagh (Libramont et La Monnaie \u00e0 Bruxelles) et en Flandre 3 nouveaux magasins (Riemst, Vorst Laakdal et Waregem) et la reprise de 6 magasins du groupe Ahold Delhaize existants ou au stade de projet (Berendrecht, Lokeren, Eeklo, Boortmeerbeek et Lille).\" \/>\n<meta property=\"og:url\" content=\"https:\/\/www.fbf-bff.be\/fr\/carrefour-ouvre-une-nouvelle-franchise-market-willebroeck\/\" \/>\n<meta property=\"og:site_name\" content=\"F\u00e9d\u00e9ration Belge de la Franchise\" \/>\n<meta property=\"article:published_time\" content=\"2018-04-11T14:26:52+00:00\" \/>\n<meta property=\"og:image\" content=\"https:\/\/www.fbf-bff.be\/wp-content\/uploads\/2021\/10\/Logo_Market_vertikaal-1.jpg\" \/>\n\t<meta property=\"og:image:width\" content=\"600\" \/>\n\t<meta property=\"og:image:height\" content=\"498\" \/>\n\t<meta property=\"og:image:type\" content=\"image\/jpeg\" \/>\n<meta name=\"author\" content=\"fbf_admin\" \/>\n<meta name=\"twitter:card\" content=\"summary_large_image\" \/>\n<meta name=\"twitter:label1\" content=\"\u00c9crit par\" \/>\n\t<meta name=\"twitter:data1\" content=\"fbf_admin\" \/>\n\t<meta name=\"twitter:label2\" content=\"Dur\u00e9e de lecture estim\u00e9e\" \/>\n\t<meta name=\"twitter:data2\" content=\"1 minute\" \/>\n<script type=\"application\/ld+json\" class=\"yoast-schema-graph\">{\"@context\":\"https:\/\/schema.org\",\"@graph\":[{\"@type\":\"WebPage\",\"@id\":\"https:\/\/www.fbf-bff.be\/fr\/carrefour-ouvre-une-nouvelle-franchise-market-willebroeck\/\",\"url\":\"https:\/\/www.fbf-bff.be\/fr\/carrefour-ouvre-une-nouvelle-franchise-market-willebroeck\/\",\"name\":\"Carrefour ouvre une nouvelle franchise Market \u00e0 Willebroeck - F\u00e9d\u00e9ration Belge de la Franchise\",\"isPartOf\":{\"@id\":\"https:\/\/www.fbf-bff.be\/#website\"},\"primaryImageOfPage\":{\"@id\":\"https:\/\/www.fbf-bff.be\/fr\/carrefour-ouvre-une-nouvelle-franchise-market-willebroeck\/#primaryimage\"},\"image\":{\"@id\":\"https:\/\/www.fbf-bff.be\/fr\/carrefour-ouvre-une-nouvelle-franchise-market-willebroeck\/#primaryimage\"},\"thumbnailUrl\":\"https:\/\/www.fbf-bff.be\/wp-content\/uploads\/2021\/10\/Logo_Market_vertikaal-1.jpg\",\"datePublished\":\"2018-04-11T14:26:52+00:00\",\"dateModified\":\"2018-04-11T14:26:52+00:00\",\"author\":{\"@id\":\"https:\/\/www.fbf-bff.be\/#\/schema\/person\/73a9cbee87288cba2b06e3fc29244fe7\"},\"breadcrumb\":{\"@id\":\"https:\/\/www.fbf-bff.be\/fr\/carrefour-ouvre-une-nouvelle-franchise-market-willebroeck\/#breadcrumb\"},\"inLanguage\":\"fr-FR\",\"potentialAction\":[{\"@type\":\"ReadAction\",\"target\":[\"https:\/\/www.fbf-bff.be\/fr\/carrefour-ouvre-une-nouvelle-franchise-market-willebroeck\/\"]}]},{\"@type\":\"ImageObject\",\"inLanguage\":\"fr-FR\",\"@id\":\"https:\/\/www.fbf-bff.be\/fr\/carrefour-ouvre-une-nouvelle-franchise-market-willebroeck\/#primaryimage\",\"url\":\"https:\/\/www.fbf-bff.be\/wp-content\/uploads\/2021\/10\/Logo_Market_vertikaal-1.jpg\",\"contentUrl\":\"https:\/\/www.fbf-bff.be\/wp-content\/uploads\/2021\/10\/Logo_Market_vertikaal-1.jpg\",\"width\":600,\"height\":498},{\"@type\":\"BreadcrumbList\",\"@id\":\"https:\/\/www.fbf-bff.be\/fr\/carrefour-ouvre-une-nouvelle-franchise-market-willebroeck\/#breadcrumb\",\"itemListElement\":[{\"@type\":\"ListItem\",\"position\":1,\"name\":\"Home\",\"item\":\"https:\/\/www.fbf-bff.be\/fr\/\"},{\"@type\":\"ListItem\",\"position\":2,\"name\":\"Carrefour ouvre une nouvelle franchise Market \u00e0 Willebroeck\"}]},{\"@type\":\"WebSite\",\"@id\":\"https:\/\/www.fbf-bff.be\/#website\",\"url\":\"https:\/\/www.fbf-bff.be\/\",\"name\":\"F\u00e9d\u00e9ration Belge de la Franchise\",\"description\":\"Pour r\u00e9ussir ensemblee\",\"potentialAction\":[{\"@type\":\"SearchAction\",\"target\":{\"@type\":\"EntryPoint\",\"urlTemplate\":\"https:\/\/www.fbf-bff.be\/?s={search_term_string}\"},\"query-input\":{\"@type\":\"PropertyValueSpecification\",\"valueRequired\":true,\"valueName\":\"search_term_string\"}}],\"inLanguage\":\"fr-FR\"},{\"@type\":\"Person\",\"@id\":\"https:\/\/www.fbf-bff.be\/#\/schema\/person\/73a9cbee87288cba2b06e3fc29244fe7\",\"name\":\"fbf_admin\",\"image\":{\"@type\":\"ImageObject\",\"inLanguage\":\"fr-FR\",\"@id\":\"https:\/\/www.fbf-bff.be\/#\/schema\/person\/image\/\",\"url\":\"https:\/\/secure.gravatar.com\/avatar\/20f6483dbe2a69e0999ddcdd1744b7f7?s=96&d=mm&r=g\",\"contentUrl\":\"https:\/\/secure.gravatar.com\/avatar\/20f6483dbe2a69e0999ddcdd1744b7f7?s=96&d=mm&r=g\",\"caption\":\"fbf_admin\"}}]}<\/script>\n<!-- \/ Yoast SEO plugin. -->","yoast_head_json":{"title":"Carrefour ouvre une nouvelle franchise Market \u00e0 Willebroeck - F\u00e9d\u00e9ration Belge de la Franchise","robots":{"index":"index","follow":"follow","max-snippet":"max-snippet:-1","max-image-preview":"max-image-preview:large","max-video-preview":"max-video-preview:-1"},"canonical":"https:\/\/www.fbf-bff.be\/fr\/carrefour-ouvre-une-nouvelle-franchise-market-willebroeck\/","og_locale":"fr_FR","og_type":"article","og_title":"Carrefour ouvre une nouvelle franchise Market \u00e0 Willebroeck - F\u00e9d\u00e9ration Belge de la Franchise","og_description":"Carrefour avait termin\u00e9 l'ann\u00e9e 2017 avec 11 ouvertures supermarch\u00e9s franchis\u00e9s Market : 2 nouveaux Market Groupe Mestdagh (Libramont et La Monnaie \u00e0 Bruxelles) et en Flandre 3 nouveaux magasins (Riemst, Vorst Laakdal et Waregem) et la reprise de 6 magasins du groupe Ahold Delhaize existants ou au stade de projet (Berendrecht, Lokeren, Eeklo, Boortmeerbeek et Lille).","og_url":"https:\/\/www.fbf-bff.be\/fr\/carrefour-ouvre-une-nouvelle-franchise-market-willebroeck\/","og_site_name":"F\u00e9d\u00e9ration Belge de la Franchise","article_published_time":"2018-04-11T14:26:52+00:00","og_image":[{"width":600,"height":498,"url":"https:\/\/www.fbf-bff.be\/wp-content\/uploads\/2021\/10\/Logo_Market_vertikaal-1.jpg","type":"image\/jpeg"}],"author":"fbf_admin","twitter_card":"summary_large_image","twitter_misc":{"\u00c9crit par":"fbf_admin","Dur\u00e9e de lecture estim\u00e9e":"1 minute"},"schema":{"@context":"https:\/\/schema.org","@graph":[{"@type":"WebPage","@id":"https:\/\/www.fbf-bff.be\/fr\/carrefour-ouvre-une-nouvelle-franchise-market-willebroeck\/","url":"https:\/\/www.fbf-bff.be\/fr\/carrefour-ouvre-une-nouvelle-franchise-market-willebroeck\/","name":"Carrefour ouvre une nouvelle franchise Market \u00e0 Willebroeck - F\u00e9d\u00e9ration Belge de la Franchise","isPartOf":{"@id":"https:\/\/www.fbf-bff.be\/#website"},"primaryImageOfPage":{"@id":"https:\/\/www.fbf-bff.be\/fr\/carrefour-ouvre-une-nouvelle-franchise-market-willebroeck\/#primaryimage"},"image":{"@id":"https:\/\/www.fbf-bff.be\/fr\/carrefour-ouvre-une-nouvelle-franchise-market-willebroeck\/#primaryimage"},"thumbnailUrl":"https:\/\/www.fbf-bff.be\/wp-content\/uploads\/2021\/10\/Logo_Market_vertikaal-1.jpg","datePublished":"2018-04-11T14:26:52+00:00","dateModified":"2018-04-11T14:26:52+00:00","author":{"@id":"https:\/\/www.fbf-bff.be\/#\/schema\/person\/73a9cbee87288cba2b06e3fc29244fe7"},"breadcrumb":{"@id":"https:\/\/www.fbf-bff.be\/fr\/carrefour-ouvre-une-nouvelle-franchise-market-willebroeck\/#breadcrumb"},"inLanguage":"fr-FR","potentialAction":[{"@type":"ReadAction","target":["https:\/\/www.fbf-bff.be\/fr\/carrefour-ouvre-une-nouvelle-franchise-market-willebroeck\/"]}]},{"@type":"ImageObject","inLanguage":"fr-FR","@id":"https:\/\/www.fbf-bff.be\/fr\/carrefour-ouvre-une-nouvelle-franchise-market-willebroeck\/#primaryimage","url":"https:\/\/www.fbf-bff.be\/wp-content\/uploads\/2021\/10\/Logo_Market_vertikaal-1.jpg","contentUrl":"https:\/\/www.fbf-bff.be\/wp-content\/uploads\/2021\/10\/Logo_Market_vertikaal-1.jpg","width":600,"height":498},{"@type":"BreadcrumbList","@id":"https:\/\/www.fbf-bff.be\/fr\/carrefour-ouvre-une-nouvelle-franchise-market-willebroeck\/#breadcrumb","itemListElement":[{"@type":"ListItem","position":1,"name":"Home","item":"https:\/\/www.fbf-bff.be\/fr\/"},{"@type":"ListItem","position":2,"name":"Carrefour ouvre une nouvelle franchise Market \u00e0 Willebroeck"}]},{"@type":"WebSite","@id":"https:\/\/www.fbf-bff.be\/#website","url":"https:\/\/www.fbf-bff.be\/","name":"F\u00e9d\u00e9ration Belge de la Franchise","description":"Pour r\u00e9ussir ensemblee","potentialAction":[{"@type":"SearchAction","target":{"@type":"EntryPoint","urlTemplate":"https:\/\/www.fbf-bff.be\/?s={search_term_string}"},"query-input":{"@type":"PropertyValueSpecification","valueRequired":true,"valueName":"search_term_string"}}],"inLanguage":"fr-FR"},{"@type":"Person","@id":"https:\/\/www.fbf-bff.be\/#\/schema\/person\/73a9cbee87288cba2b06e3fc29244fe7","name":"fbf_admin","image":{"@type":"ImageObject","inLanguage":"fr-FR","@id":"https:\/\/www.fbf-bff.be\/#\/schema\/person\/image\/","url":"https:\/\/secure.gravatar.com\/avatar\/20f6483dbe2a69e0999ddcdd1744b7f7?s=96&d=mm&r=g","contentUrl":"https:\/\/secure.gravatar.com\/avatar\/20f6483dbe2a69e0999ddcdd1744b7f7?s=96&d=mm&r=g","caption":"fbf_admin"}}]}},"_links":{"self":[{"href":"https:\/\/www.fbf-bff.be\/fr\/wp-json\/wp\/v2\/posts\/9095"}],"collection":[{"href":"https:\/\/www.fbf-bff.be\/fr\/wp-json\/wp\/v2\/posts"}],"about":[{"href":"https:\/\/www.fbf-bff.be\/fr\/wp-json\/wp\/v2\/types\/post"}],"author":[{"embeddable":true,"href":"https:\/\/www.fbf-bff.be\/fr\/wp-json\/wp\/v2\/users\/1"}],"replies":[{"embeddable":true,"href":"https:\/\/www.fbf-bff.be\/fr\/wp-json\/wp\/v2\/comments?post=9095"}],"version-history":[{"count":0,"href":"https:\/\/www.fbf-bff.be\/fr\/wp-json\/wp\/v2\/posts\/9095\/revisions"}],"wp:featuredmedia":[{"embeddable":true,"href":"https:\/\/www.fbf-bff.be\/fr\/wp-json\/wp\/v2\/media\/4750"}],"wp:attachment":[{"href":"https:\/\/www.fbf-bff.be\/fr\/wp-json\/wp\/v2\/media?parent=9095"}],"wp:term":[{"taxonomy":"category","embeddable":true,"href":"https:\/\/www.fbf-bff.be\/fr\/wp-json\/wp\/v2\/categories?post=9095"},{"taxonomy":"post_tag","embeddable":true,"href":"https:\/\/www.fbf-bff.be\/fr\/wp-json\/wp\/v2\/tags?post=9095"}],"curies":[{"name":"wp","href":"https:\/\/api.w.org\/{rel}","templated":true}]}}