{"id":9088,"date":"2018-03-21T15:41:05","date_gmt":"2018-03-21T14:41:05","guid":{"rendered":"https:\/\/www.fbf-bff.be\/le-reseau-d-franchise-mcdonalds-belgique-fete-ses-40-ans-et-devoile-ses-ambitions-pour-le-futur\/"},"modified":"2018-03-21T15:41:05","modified_gmt":"2018-03-21T14:41:05","slug":"le-reseau-d-franchise-mcdonalds-belgique-fete-ses-40-ans-et-devoile-ses-ambitions-pour-le-futur","status":"publish","type":"post","link":"https:\/\/www.fbf-bff.be\/fr\/le-reseau-d-franchise-mcdonalds-belgique-fete-ses-40-ans-et-devoile-ses-ambitions-pour-le-futur\/","title":{"rendered":"Le r\u00e9seau de franchise McDonald&#8217;s Belgique f\u00eate ses 40 ans et d\u00e9voile ses ambitions pour le futur"},"content":{"rendered":"<h4>Le r\u00e9seau de franchise\u00a0<strong>McDonald\u2019s f\u00eate ses 40 ans en Belgique. A l\u2019occasion de cet anniversaire, McDonald\u2019s Belgique et ses franchis\u00e9s ont d\u00e9cid\u00e9 de fixer de nouvelles ambitions pour les 5 prochaines ann\u00e9es en termes de d\u00e9veloppement, d\u2019emploi et d\u2019environnement. Des th\u00e9matiques qui leur tiennent particuli\u00e8rement \u00e0 c\u0153ur et qui sont indissociables du d\u00e9veloppement de l\u2019entreprise sur le march\u00e9 belge.<\/strong><\/h4>\r\nL\u2019histoire du r\u00e9seau de franchise McDonald\u2019s Belgique a commenc\u00e9 il y a 40 ans avec l\u2019ouverture le 21 mars 1978 d\u2019un premier restaurant sur la place de la Bourse \u00e0 Bruxelles. Aujourd\u2019hui, 40 ans plus tard, le r\u00e9seau de franchise McDonald\u2019s Belgique ce sont 80 restaurants sous la direction de 24 franchis\u00e9s et pr\u00e8s de 4.500 collaborateurs.\u00a0<em>\u00ab\u00a024 styles de management diff\u00e9rents r\u00e9unis sous des valeurs communes centr\u00e9es sur l\u2019humain, tant au niveau des collaborateurs que des clients. Les franchis\u00e9s sont de v\u00e9ritables entrepreneurs locaux, moteurs de notre croissance. Ils connaissent parfaitement leur r\u00e9gion, sont proches de leurs \u00e9quipes et clients et collaborent \u00e9troitement avec les instances locales.<\/em>\r\n<h3><strong>Nouvelles ambitions pour 2023<\/strong><\/h3>\r\nA l\u2019occasion de son 40<sup>\u00e8me\u00a0<\/sup>anniversaire, McDonald\u2019s Belgique et ses franchis\u00e9s ont d\u00e9cid\u00e9 d\u2019\u00e9tablir de nouvelles ambitions pour l\u2019avenir sur une s\u00e9rie de th\u00e9matiques qui leur tiennent particuli\u00e8rement \u00e0 c\u0153ur\u00a0: le d\u00e9veloppement, l\u2019emploi et l\u2019environnement.\r\n\r\nD\u2019ici \u00e0 2023, ils ont l\u2019ambition de\u00a0<strong>cr\u00e9er 2.000 nouveaux postes de travail<\/strong>, tous assortis de formations d\u00e8s le premier jour de travail.\r\n\r\nHasard du calendrier, les collaborateurs du r\u00e9seau de franchise McDonald\u2019s Belgique viennent juste d\u2019accorder une belle reconnaissance \u00e0 leur entreprise puisqe McDonald\u2019s Belgique occupe la 3<sup>i\u00e8me<\/sup>\u00a0place du classement\u00a0<strong>\u00ab Best Workplaces \u00bb<\/strong>\u00a0de la Vlerick Business School.\r\n\r\nMcDonald\u2019s Belgique et ses franchis\u00e9s ont \u00e9galement l\u2019ambition de\u00a0<strong>diminuer de 20% les d\u00e9chets sauvages\u00a0<\/strong>dans leur environnement, et ce gr\u00e2ce au nettoyage des alentours des restaurants, \u00e0 la sensibilisation des \u00e9quipes et des clients et aux collaborations locales avec les communes .\r\n\r\nLa durabilit\u00e9 constitue un \u00e9l\u00e9ment important pour le r\u00e9seau de franchise McDonald\u2019s Belgique qui continue d\u2019adopter des mesures.","protected":false},"excerpt":{"rendered":"<p>Le r\u00e9seau de franchise McDonald\u2019s f\u00eate ses 40 ans en Belgique.<\/p>\n","protected":false},"author":1,"featured_media":3494,"comment_status":"closed","ping_status":"open","sticky":false,"template":"","format":"standard","meta":{"ngg_post_thumbnail":0,"footnotes":""},"categories":[37],"tags":[],"acf":[],"yoast_head":"<!-- This site is optimized with the Yoast SEO plugin v23.5 - https:\/\/yoast.com\/wordpress\/plugins\/seo\/ -->\n<title>Le r\u00e9seau de franchise McDonald&#8217;s Belgique f\u00eate ses 40 ans et d\u00e9voile ses ambitions pour le futur - F\u00e9d\u00e9ration Belge de la Franchise<\/title>\n<meta name=\"robots\" content=\"index, follow, max-snippet:-1, max-image-preview:large, max-video-preview:-1\" \/>\n<link rel=\"canonical\" href=\"https:\/\/www.fbf-bff.be\/fr\/le-reseau-d-franchise-mcdonalds-belgique-fete-ses-40-ans-et-devoile-ses-ambitions-pour-le-futur\/\" \/>\n<meta property=\"og:locale\" content=\"fr_FR\" \/>\n<meta property=\"og:type\" content=\"article\" \/>\n<meta property=\"og:title\" content=\"Le r\u00e9seau de franchise McDonald&#8217;s Belgique f\u00eate ses 40 ans et d\u00e9voile ses ambitions pour le futur - F\u00e9d\u00e9ration Belge de la Franchise\" \/>\n<meta property=\"og:description\" content=\"Le r\u00e9seau de franchise McDonald\u2019s f\u00eate ses 40 ans en Belgique.\" \/>\n<meta property=\"og:url\" content=\"https:\/\/www.fbf-bff.be\/fr\/le-reseau-d-franchise-mcdonalds-belgique-fete-ses-40-ans-et-devoile-ses-ambitions-pour-le-futur\/\" \/>\n<meta property=\"og:site_name\" content=\"F\u00e9d\u00e9ration Belge de la Franchise\" \/>\n<meta property=\"article:published_time\" content=\"2018-03-21T14:41:05+00:00\" \/>\n<meta property=\"og:image\" content=\"https:\/\/www.fbf-bff.be\/wp-content\/uploads\/2021\/10\/mcdo.jpg\" \/>\n\t<meta property=\"og:image:width\" content=\"542\" \/>\n\t<meta property=\"og:image:height\" content=\"496\" \/>\n\t<meta property=\"og:image:type\" content=\"image\/jpeg\" \/>\n<meta name=\"author\" content=\"fbf_admin\" \/>\n<meta name=\"twitter:card\" content=\"summary_large_image\" \/>\n<meta name=\"twitter:label1\" content=\"\u00c9crit par\" \/>\n\t<meta name=\"twitter:data1\" content=\"fbf_admin\" \/>\n\t<meta name=\"twitter:label2\" content=\"Dur\u00e9e de lecture estim\u00e9e\" \/>\n\t<meta name=\"twitter:data2\" content=\"2 minutes\" \/>\n<script type=\"application\/ld+json\" class=\"yoast-schema-graph\">{\"@context\":\"https:\/\/schema.org\",\"@graph\":[{\"@type\":\"WebPage\",\"@id\":\"https:\/\/www.fbf-bff.be\/fr\/le-reseau-d-franchise-mcdonalds-belgique-fete-ses-40-ans-et-devoile-ses-ambitions-pour-le-futur\/\",\"url\":\"https:\/\/www.fbf-bff.be\/fr\/le-reseau-d-franchise-mcdonalds-belgique-fete-ses-40-ans-et-devoile-ses-ambitions-pour-le-futur\/\",\"name\":\"Le r\u00e9seau de franchise McDonald&#8217;s Belgique f\u00eate ses 40 ans et d\u00e9voile ses ambitions pour le futur - F\u00e9d\u00e9ration Belge de la Franchise\",\"isPartOf\":{\"@id\":\"https:\/\/www.fbf-bff.be\/#website\"},\"primaryImageOfPage\":{\"@id\":\"https:\/\/www.fbf-bff.be\/fr\/le-reseau-d-franchise-mcdonalds-belgique-fete-ses-40-ans-et-devoile-ses-ambitions-pour-le-futur\/#primaryimage\"},\"image\":{\"@id\":\"https:\/\/www.fbf-bff.be\/fr\/le-reseau-d-franchise-mcdonalds-belgique-fete-ses-40-ans-et-devoile-ses-ambitions-pour-le-futur\/#primaryimage\"},\"thumbnailUrl\":\"https:\/\/www.fbf-bff.be\/wp-content\/uploads\/2021\/10\/mcdo.jpg\",\"datePublished\":\"2018-03-21T14:41:05+00:00\",\"dateModified\":\"2018-03-21T14:41:05+00:00\",\"author\":{\"@id\":\"https:\/\/www.fbf-bff.be\/#\/schema\/person\/73a9cbee87288cba2b06e3fc29244fe7\"},\"breadcrumb\":{\"@id\":\"https:\/\/www.fbf-bff.be\/fr\/le-reseau-d-franchise-mcdonalds-belgique-fete-ses-40-ans-et-devoile-ses-ambitions-pour-le-futur\/#breadcrumb\"},\"inLanguage\":\"fr-FR\",\"potentialAction\":[{\"@type\":\"ReadAction\",\"target\":[\"https:\/\/www.fbf-bff.be\/fr\/le-reseau-d-franchise-mcdonalds-belgique-fete-ses-40-ans-et-devoile-ses-ambitions-pour-le-futur\/\"]}]},{\"@type\":\"ImageObject\",\"inLanguage\":\"fr-FR\",\"@id\":\"https:\/\/www.fbf-bff.be\/fr\/le-reseau-d-franchise-mcdonalds-belgique-fete-ses-40-ans-et-devoile-ses-ambitions-pour-le-futur\/#primaryimage\",\"url\":\"https:\/\/www.fbf-bff.be\/wp-content\/uploads\/2021\/10\/mcdo.jpg\",\"contentUrl\":\"https:\/\/www.fbf-bff.be\/wp-content\/uploads\/2021\/10\/mcdo.jpg\",\"width\":542,\"height\":496},{\"@type\":\"BreadcrumbList\",\"@id\":\"https:\/\/www.fbf-bff.be\/fr\/le-reseau-d-franchise-mcdonalds-belgique-fete-ses-40-ans-et-devoile-ses-ambitions-pour-le-futur\/#breadcrumb\",\"itemListElement\":[{\"@type\":\"ListItem\",\"position\":1,\"name\":\"Home\",\"item\":\"https:\/\/www.fbf-bff.be\/fr\/\"},{\"@type\":\"ListItem\",\"position\":2,\"name\":\"Le r\u00e9seau de franchise McDonald&#8217;s Belgique f\u00eate ses 40 ans et d\u00e9voile ses ambitions pour le futur\"}]},{\"@type\":\"WebSite\",\"@id\":\"https:\/\/www.fbf-bff.be\/#website\",\"url\":\"https:\/\/www.fbf-bff.be\/\",\"name\":\"F\u00e9d\u00e9ration Belge de la Franchise\",\"description\":\"Pour r\u00e9ussir ensemblee\",\"potentialAction\":[{\"@type\":\"SearchAction\",\"target\":{\"@type\":\"EntryPoint\",\"urlTemplate\":\"https:\/\/www.fbf-bff.be\/?s={search_term_string}\"},\"query-input\":{\"@type\":\"PropertyValueSpecification\",\"valueRequired\":true,\"valueName\":\"search_term_string\"}}],\"inLanguage\":\"fr-FR\"},{\"@type\":\"Person\",\"@id\":\"https:\/\/www.fbf-bff.be\/#\/schema\/person\/73a9cbee87288cba2b06e3fc29244fe7\",\"name\":\"fbf_admin\",\"image\":{\"@type\":\"ImageObject\",\"inLanguage\":\"fr-FR\",\"@id\":\"https:\/\/www.fbf-bff.be\/#\/schema\/person\/image\/\",\"url\":\"https:\/\/secure.gravatar.com\/avatar\/20f6483dbe2a69e0999ddcdd1744b7f7?s=96&d=mm&r=g\",\"contentUrl\":\"https:\/\/secure.gravatar.com\/avatar\/20f6483dbe2a69e0999ddcdd1744b7f7?s=96&d=mm&r=g\",\"caption\":\"fbf_admin\"}}]}<\/script>\n<!-- \/ Yoast SEO plugin. -->","yoast_head_json":{"title":"Le r\u00e9seau de franchise McDonald&#8217;s Belgique f\u00eate ses 40 ans et d\u00e9voile ses ambitions pour le futur - F\u00e9d\u00e9ration Belge de la Franchise","robots":{"index":"index","follow":"follow","max-snippet":"max-snippet:-1","max-image-preview":"max-image-preview:large","max-video-preview":"max-video-preview:-1"},"canonical":"https:\/\/www.fbf-bff.be\/fr\/le-reseau-d-franchise-mcdonalds-belgique-fete-ses-40-ans-et-devoile-ses-ambitions-pour-le-futur\/","og_locale":"fr_FR","og_type":"article","og_title":"Le r\u00e9seau de franchise McDonald&#8217;s Belgique f\u00eate ses 40 ans et d\u00e9voile ses ambitions pour le futur - F\u00e9d\u00e9ration Belge de la Franchise","og_description":"Le r\u00e9seau de franchise McDonald\u2019s f\u00eate ses 40 ans en Belgique.","og_url":"https:\/\/www.fbf-bff.be\/fr\/le-reseau-d-franchise-mcdonalds-belgique-fete-ses-40-ans-et-devoile-ses-ambitions-pour-le-futur\/","og_site_name":"F\u00e9d\u00e9ration Belge de la Franchise","article_published_time":"2018-03-21T14:41:05+00:00","og_image":[{"width":542,"height":496,"url":"https:\/\/www.fbf-bff.be\/wp-content\/uploads\/2021\/10\/mcdo.jpg","type":"image\/jpeg"}],"author":"fbf_admin","twitter_card":"summary_large_image","twitter_misc":{"\u00c9crit par":"fbf_admin","Dur\u00e9e de lecture estim\u00e9e":"2 minutes"},"schema":{"@context":"https:\/\/schema.org","@graph":[{"@type":"WebPage","@id":"https:\/\/www.fbf-bff.be\/fr\/le-reseau-d-franchise-mcdonalds-belgique-fete-ses-40-ans-et-devoile-ses-ambitions-pour-le-futur\/","url":"https:\/\/www.fbf-bff.be\/fr\/le-reseau-d-franchise-mcdonalds-belgique-fete-ses-40-ans-et-devoile-ses-ambitions-pour-le-futur\/","name":"Le r\u00e9seau de franchise McDonald&#8217;s Belgique f\u00eate ses 40 ans et d\u00e9voile ses ambitions pour le futur - F\u00e9d\u00e9ration Belge de la Franchise","isPartOf":{"@id":"https:\/\/www.fbf-bff.be\/#website"},"primaryImageOfPage":{"@id":"https:\/\/www.fbf-bff.be\/fr\/le-reseau-d-franchise-mcdonalds-belgique-fete-ses-40-ans-et-devoile-ses-ambitions-pour-le-futur\/#primaryimage"},"image":{"@id":"https:\/\/www.fbf-bff.be\/fr\/le-reseau-d-franchise-mcdonalds-belgique-fete-ses-40-ans-et-devoile-ses-ambitions-pour-le-futur\/#primaryimage"},"thumbnailUrl":"https:\/\/www.fbf-bff.be\/wp-content\/uploads\/2021\/10\/mcdo.jpg","datePublished":"2018-03-21T14:41:05+00:00","dateModified":"2018-03-21T14:41:05+00:00","author":{"@id":"https:\/\/www.fbf-bff.be\/#\/schema\/person\/73a9cbee87288cba2b06e3fc29244fe7"},"breadcrumb":{"@id":"https:\/\/www.fbf-bff.be\/fr\/le-reseau-d-franchise-mcdonalds-belgique-fete-ses-40-ans-et-devoile-ses-ambitions-pour-le-futur\/#breadcrumb"},"inLanguage":"fr-FR","potentialAction":[{"@type":"ReadAction","target":["https:\/\/www.fbf-bff.be\/fr\/le-reseau-d-franchise-mcdonalds-belgique-fete-ses-40-ans-et-devoile-ses-ambitions-pour-le-futur\/"]}]},{"@type":"ImageObject","inLanguage":"fr-FR","@id":"https:\/\/www.fbf-bff.be\/fr\/le-reseau-d-franchise-mcdonalds-belgique-fete-ses-40-ans-et-devoile-ses-ambitions-pour-le-futur\/#primaryimage","url":"https:\/\/www.fbf-bff.be\/wp-content\/uploads\/2021\/10\/mcdo.jpg","contentUrl":"https:\/\/www.fbf-bff.be\/wp-content\/uploads\/2021\/10\/mcdo.jpg","width":542,"height":496},{"@type":"BreadcrumbList","@id":"https:\/\/www.fbf-bff.be\/fr\/le-reseau-d-franchise-mcdonalds-belgique-fete-ses-40-ans-et-devoile-ses-ambitions-pour-le-futur\/#breadcrumb","itemListElement":[{"@type":"ListItem","position":1,"name":"Home","item":"https:\/\/www.fbf-bff.be\/fr\/"},{"@type":"ListItem","position":2,"name":"Le r\u00e9seau de franchise McDonald&#8217;s Belgique f\u00eate ses 40 ans et d\u00e9voile ses ambitions pour le futur"}]},{"@type":"WebSite","@id":"https:\/\/www.fbf-bff.be\/#website","url":"https:\/\/www.fbf-bff.be\/","name":"F\u00e9d\u00e9ration Belge de la Franchise","description":"Pour r\u00e9ussir ensemblee","potentialAction":[{"@type":"SearchAction","target":{"@type":"EntryPoint","urlTemplate":"https:\/\/www.fbf-bff.be\/?s={search_term_string}"},"query-input":{"@type":"PropertyValueSpecification","valueRequired":true,"valueName":"search_term_string"}}],"inLanguage":"fr-FR"},{"@type":"Person","@id":"https:\/\/www.fbf-bff.be\/#\/schema\/person\/73a9cbee87288cba2b06e3fc29244fe7","name":"fbf_admin","image":{"@type":"ImageObject","inLanguage":"fr-FR","@id":"https:\/\/www.fbf-bff.be\/#\/schema\/person\/image\/","url":"https:\/\/secure.gravatar.com\/avatar\/20f6483dbe2a69e0999ddcdd1744b7f7?s=96&d=mm&r=g","contentUrl":"https:\/\/secure.gravatar.com\/avatar\/20f6483dbe2a69e0999ddcdd1744b7f7?s=96&d=mm&r=g","caption":"fbf_admin"}}]}},"_links":{"self":[{"href":"https:\/\/www.fbf-bff.be\/fr\/wp-json\/wp\/v2\/posts\/9088"}],"collection":[{"href":"https:\/\/www.fbf-bff.be\/fr\/wp-json\/wp\/v2\/posts"}],"about":[{"href":"https:\/\/www.fbf-bff.be\/fr\/wp-json\/wp\/v2\/types\/post"}],"author":[{"embeddable":true,"href":"https:\/\/www.fbf-bff.be\/fr\/wp-json\/wp\/v2\/users\/1"}],"replies":[{"embeddable":true,"href":"https:\/\/www.fbf-bff.be\/fr\/wp-json\/wp\/v2\/comments?post=9088"}],"version-history":[{"count":0,"href":"https:\/\/www.fbf-bff.be\/fr\/wp-json\/wp\/v2\/posts\/9088\/revisions"}],"wp:featuredmedia":[{"embeddable":true,"href":"https:\/\/www.fbf-bff.be\/fr\/wp-json\/wp\/v2\/media\/3494"}],"wp:attachment":[{"href":"https:\/\/www.fbf-bff.be\/fr\/wp-json\/wp\/v2\/media?parent=9088"}],"wp:term":[{"taxonomy":"category","embeddable":true,"href":"https:\/\/www.fbf-bff.be\/fr\/wp-json\/wp\/v2\/categories?post=9088"},{"taxonomy":"post_tag","embeddable":true,"href":"https:\/\/www.fbf-bff.be\/fr\/wp-json\/wp\/v2\/tags?post=9088"}],"curies":[{"name":"wp","href":"https:\/\/api.w.org\/{rel}","templated":true}]}}