{"id":9066,"date":"2018-02-21T10:25:31","date_gmt":"2018-02-21T09:25:31","guid":{"rendered":"https:\/\/www.fbf-bff.be\/le-spar-franchise-de-zingem-rouvre-ses-portes-apres-renovation-complete\/"},"modified":"2018-02-21T10:25:31","modified_gmt":"2018-02-21T09:25:31","slug":"le-spar-franchise-de-zingem-rouvre-ses-portes-apres-renovation-complete","status":"publish","type":"post","link":"https:\/\/www.fbf-bff.be\/fr\/le-spar-franchise-de-zingem-rouvre-ses-portes-apres-renovation-complete\/","title":{"rendered":"Le Spar franchis\u00e9 de Zingem rouvre ses portes apr\u00e8s r\u00e9novation compl\u00e8te"},"content":{"rendered":"<h4><strong>Ce jeudi 22 f\u00e9vrier, le magasin franchis\u00e9 Spar de Zingem en Flandre orientale rouvre ses portes apr\u00e8s avoir subi une r\u00e9novation compl\u00e8te dans le style de la nouvelle g\u00e9n\u00e9ration des supermarch\u00e9s de proximit\u00e9 Spar de Retail Partners Colruyt Group.<\/strong><\/h4>\r\n<a href=\"https:\/\/www.fbf-bff.be\/wp-content\/uploads\/2021\/10\/unnamed-2-1.jpg\"><img loading=\"lazy\" decoding=\"async\" class=\"alignnone size-medium wp-image-13305\" src=\"https:\/\/www.fbf-bff.be\/wp-content\/uploads\/2021\/10\/unnamed-2-300x116-1.jpg\" alt=\"\" width=\"300\" height=\"116\" \/><\/a>\r\n\r\nLe\u00a0magasin franchis\u00e9\u00a0Spar de Zingem\u00a0a ferm\u00e9 ses portes du 12 au 21 f\u00e9vrier pour r\u00e9novation. Le dernier rafra\u00eechissement du magasin datait d\u2019une douzaine d\u2019ann\u00e9es. Le couple d\u2019exploitants franchis\u00e9s\u00a0Sabine Nachtergaele et Dirk De Marez : \u00abTout ce qui se trouvait \u00e0 l\u2019int\u00e9rieur a \u00e9t\u00e9 compl\u00e8tement d\u00e9mont\u00e9 et tout a \u00e9t\u00e9 renouvel\u00e9 en profondeur. Les entr\u00e9e et sortie sont d\u00e9sormais s\u00e9par\u00e9es. La r\u00e9partition des rayons et le sens du circuit ont aussi compl\u00e8tement chang\u00e9. Une chose est s\u00fbre : les r\u00e9novations ne vont pas passer inaper\u00e7ues. \u00bb Quant au b\u00e2timent, il a \u00e9t\u00e9 construit en b\u00e9ton cellulaire et il est surmont\u00e9 de panneaux solaires qui produisent environ 30 % de la consommation \u00e9lectrique du magasin.\r\n<h4>Des franchis\u00e9s avec\u00a030 ans d\u2019exp\u00e9rience<\/h4>\r\nSabine a appris le m\u00e9tier sous l\u2019aile de son p\u00e8re en 1987. \u00c0 l\u2019\u00e9poque, leur magasin \u00e9tait situ\u00e9 \u00e0 500 m\u00e8tres de l\u00e0, \u00e0 l\u2019endroit de l\u2019actuelle pharmacie. En 1993, ils ont d\u00e9cid\u00e9 de recommencer \u00e0 z\u00e9ro et de construire un tout nouveau b\u00e2timent avec un plus grand parking. Sabine est la cheville ouvri\u00e8re du magasin et s\u2019occupe de la gestion au quotidien. Dirk traite les aspects administratifs et techniques et vient de temps \u00e0 autre pr\u00eater main forte \u00e0 la boucherie.\r\n\r\n\u00ab Le client est roi \u00bb, telle est la devise du Spar de Zingem. \u00ab Nous mettons tout en \u0153uvre pour satisfaire nos clients. Nous essayons de cr\u00e9er une ambiance chaleureuse \u00bb, explique Dirk. \u00ab La plupart de nos clients sont des riverains que nous appelons par leur nom. Presque tous nos collaborateurs peuvent t\u00e9moigner d\u2019une longue carri\u00e8re dans notre magasin. Ils nous connaissent et savent ce qui est important pour nous. Une seule r\u00e8gle en vigueur chez nous : ne jamais proposer quelque chose qu\u2019on n\u2019ach\u00e8terait pas soi-m\u00eame. Simple mais efficace ! \u00bb.\r\n\r\n<strong>\u00c0 propos de Spar Colruyt Group<\/strong>\r\n\r\nLes magasins Spar Colruyt Group sont d\u2019agr\u00e9ables supermarch\u00e9s de proximit\u00e9 exploit\u00e9s par des franchis\u00e9s ind\u00e9pendants qui connaissent bien leur m\u00e9tier. Chaque magasin doit son caract\u00e8re unique aux accents que lui conf\u00e8re chaque exploitant. Les supermarch\u00e9s se trouvent dans des centres urbains ou ruraux et se distinguent par la fra\u00eecheur de leurs produits, la passion pour l\u2019art du bien-manger et le niveau attractif des prix. La superficie des magasins est de 300 \u00e0 1 200 m<sup>2<\/sup>. Retail Partners Colruyt Group est le d\u00e9tenteur de la licence de Spar en Belgique. L\u2019organisation collabore avec plus de 200 entrepreneurs Spar ind\u00e9pendants : au r\u00e9approvisionnement des magasins s\u2019ajoutent un support complet et un mod\u00e8le de concertation unique bas\u00e9 sur le partenariat.\r\n\r\nPour plus d\u2019information sur le concept de franchise de Spar,\u00a0<a href=\"https:\/\/franchisingbelgium.be\/formule\/spar\/?lang=fr\" target=\"_blank\" rel=\"noopener noreferrer\"><u>cliquez ici.<\/u><\/a>","protected":false},"excerpt":{"rendered":"<p>Ce jeudi 22 f\u00e9vrier, le magasin franchis\u00e9 Spar de Zingem en Flandre orientale rouvre ses portes apr\u00e8s avoir subi une r\u00e9novation compl\u00e8te dans le style de la nouvelle g\u00e9n\u00e9ration des supermarch\u00e9s de proximit\u00e9 Spar de Retail Partners Colruyt Group.<\/p>\n","protected":false},"author":1,"featured_media":4634,"comment_status":"closed","ping_status":"open","sticky":false,"template":"","format":"standard","meta":{"ngg_post_thumbnail":0,"footnotes":""},"categories":[37],"tags":[],"acf":[],"yoast_head":"<!-- This site is optimized with the Yoast SEO plugin v23.5 - https:\/\/yoast.com\/wordpress\/plugins\/seo\/ -->\n<title>Le Spar franchis\u00e9 de Zingem rouvre ses portes apr\u00e8s r\u00e9novation compl\u00e8te - F\u00e9d\u00e9ration Belge de la Franchise<\/title>\n<meta name=\"robots\" content=\"index, follow, max-snippet:-1, max-image-preview:large, max-video-preview:-1\" \/>\n<link rel=\"canonical\" href=\"https:\/\/www.fbf-bff.be\/fr\/le-spar-franchise-de-zingem-rouvre-ses-portes-apres-renovation-complete\/\" \/>\n<meta property=\"og:locale\" content=\"fr_FR\" \/>\n<meta property=\"og:type\" content=\"article\" \/>\n<meta property=\"og:title\" content=\"Le Spar franchis\u00e9 de Zingem rouvre ses portes apr\u00e8s r\u00e9novation compl\u00e8te - F\u00e9d\u00e9ration Belge de la Franchise\" \/>\n<meta property=\"og:description\" content=\"Ce jeudi 22 f\u00e9vrier, le magasin franchis\u00e9 Spar de Zingem en Flandre orientale rouvre ses portes apr\u00e8s avoir subi une r\u00e9novation compl\u00e8te dans le style de la nouvelle g\u00e9n\u00e9ration des supermarch\u00e9s de proximit\u00e9 Spar de Retail Partners Colruyt Group.\" \/>\n<meta property=\"og:url\" content=\"https:\/\/www.fbf-bff.be\/fr\/le-spar-franchise-de-zingem-rouvre-ses-portes-apres-renovation-complete\/\" \/>\n<meta property=\"og:site_name\" content=\"F\u00e9d\u00e9ration Belge de la Franchise\" \/>\n<meta property=\"article:published_time\" content=\"2018-02-21T09:25:31+00:00\" \/>\n<meta property=\"og:image\" content=\"https:\/\/www.fbf-bff.be\/wp-content\/uploads\/2021\/10\/Spar-1.jpg\" \/>\n\t<meta property=\"og:image:width\" content=\"1200\" \/>\n\t<meta property=\"og:image:height\" content=\"628\" \/>\n\t<meta property=\"og:image:type\" content=\"image\/jpeg\" \/>\n<meta name=\"author\" content=\"fbf_admin\" \/>\n<meta name=\"twitter:card\" content=\"summary_large_image\" \/>\n<meta name=\"twitter:label1\" content=\"\u00c9crit par\" \/>\n\t<meta name=\"twitter:data1\" content=\"fbf_admin\" \/>\n\t<meta name=\"twitter:label2\" content=\"Dur\u00e9e de lecture estim\u00e9e\" \/>\n\t<meta name=\"twitter:data2\" content=\"3 minutes\" \/>\n<script type=\"application\/ld+json\" class=\"yoast-schema-graph\">{\"@context\":\"https:\/\/schema.org\",\"@graph\":[{\"@type\":\"WebPage\",\"@id\":\"https:\/\/www.fbf-bff.be\/fr\/le-spar-franchise-de-zingem-rouvre-ses-portes-apres-renovation-complete\/\",\"url\":\"https:\/\/www.fbf-bff.be\/fr\/le-spar-franchise-de-zingem-rouvre-ses-portes-apres-renovation-complete\/\",\"name\":\"Le Spar franchis\u00e9 de Zingem rouvre ses portes apr\u00e8s r\u00e9novation compl\u00e8te - F\u00e9d\u00e9ration Belge de la Franchise\",\"isPartOf\":{\"@id\":\"https:\/\/www.fbf-bff.be\/#website\"},\"primaryImageOfPage\":{\"@id\":\"https:\/\/www.fbf-bff.be\/fr\/le-spar-franchise-de-zingem-rouvre-ses-portes-apres-renovation-complete\/#primaryimage\"},\"image\":{\"@id\":\"https:\/\/www.fbf-bff.be\/fr\/le-spar-franchise-de-zingem-rouvre-ses-portes-apres-renovation-complete\/#primaryimage\"},\"thumbnailUrl\":\"https:\/\/www.fbf-bff.be\/wp-content\/uploads\/2021\/10\/Spar-1.jpg\",\"datePublished\":\"2018-02-21T09:25:31+00:00\",\"dateModified\":\"2018-02-21T09:25:31+00:00\",\"author\":{\"@id\":\"https:\/\/www.fbf-bff.be\/#\/schema\/person\/73a9cbee87288cba2b06e3fc29244fe7\"},\"breadcrumb\":{\"@id\":\"https:\/\/www.fbf-bff.be\/fr\/le-spar-franchise-de-zingem-rouvre-ses-portes-apres-renovation-complete\/#breadcrumb\"},\"inLanguage\":\"fr-FR\",\"potentialAction\":[{\"@type\":\"ReadAction\",\"target\":[\"https:\/\/www.fbf-bff.be\/fr\/le-spar-franchise-de-zingem-rouvre-ses-portes-apres-renovation-complete\/\"]}]},{\"@type\":\"ImageObject\",\"inLanguage\":\"fr-FR\",\"@id\":\"https:\/\/www.fbf-bff.be\/fr\/le-spar-franchise-de-zingem-rouvre-ses-portes-apres-renovation-complete\/#primaryimage\",\"url\":\"https:\/\/www.fbf-bff.be\/wp-content\/uploads\/2021\/10\/Spar-1.jpg\",\"contentUrl\":\"https:\/\/www.fbf-bff.be\/wp-content\/uploads\/2021\/10\/Spar-1.jpg\",\"width\":1200,\"height\":628},{\"@type\":\"BreadcrumbList\",\"@id\":\"https:\/\/www.fbf-bff.be\/fr\/le-spar-franchise-de-zingem-rouvre-ses-portes-apres-renovation-complete\/#breadcrumb\",\"itemListElement\":[{\"@type\":\"ListItem\",\"position\":1,\"name\":\"Home\",\"item\":\"https:\/\/www.fbf-bff.be\/fr\/\"},{\"@type\":\"ListItem\",\"position\":2,\"name\":\"Le Spar franchis\u00e9 de Zingem rouvre ses portes apr\u00e8s r\u00e9novation compl\u00e8te\"}]},{\"@type\":\"WebSite\",\"@id\":\"https:\/\/www.fbf-bff.be\/#website\",\"url\":\"https:\/\/www.fbf-bff.be\/\",\"name\":\"F\u00e9d\u00e9ration Belge de la Franchise\",\"description\":\"Pour r\u00e9ussir ensemblee\",\"potentialAction\":[{\"@type\":\"SearchAction\",\"target\":{\"@type\":\"EntryPoint\",\"urlTemplate\":\"https:\/\/www.fbf-bff.be\/?s={search_term_string}\"},\"query-input\":{\"@type\":\"PropertyValueSpecification\",\"valueRequired\":true,\"valueName\":\"search_term_string\"}}],\"inLanguage\":\"fr-FR\"},{\"@type\":\"Person\",\"@id\":\"https:\/\/www.fbf-bff.be\/#\/schema\/person\/73a9cbee87288cba2b06e3fc29244fe7\",\"name\":\"fbf_admin\",\"image\":{\"@type\":\"ImageObject\",\"inLanguage\":\"fr-FR\",\"@id\":\"https:\/\/www.fbf-bff.be\/#\/schema\/person\/image\/\",\"url\":\"https:\/\/secure.gravatar.com\/avatar\/20f6483dbe2a69e0999ddcdd1744b7f7?s=96&d=mm&r=g\",\"contentUrl\":\"https:\/\/secure.gravatar.com\/avatar\/20f6483dbe2a69e0999ddcdd1744b7f7?s=96&d=mm&r=g\",\"caption\":\"fbf_admin\"}}]}<\/script>\n<!-- \/ Yoast SEO plugin. -->","yoast_head_json":{"title":"Le Spar franchis\u00e9 de Zingem rouvre ses portes apr\u00e8s r\u00e9novation compl\u00e8te - F\u00e9d\u00e9ration Belge de la Franchise","robots":{"index":"index","follow":"follow","max-snippet":"max-snippet:-1","max-image-preview":"max-image-preview:large","max-video-preview":"max-video-preview:-1"},"canonical":"https:\/\/www.fbf-bff.be\/fr\/le-spar-franchise-de-zingem-rouvre-ses-portes-apres-renovation-complete\/","og_locale":"fr_FR","og_type":"article","og_title":"Le Spar franchis\u00e9 de Zingem rouvre ses portes apr\u00e8s r\u00e9novation compl\u00e8te - F\u00e9d\u00e9ration Belge de la Franchise","og_description":"Ce jeudi 22 f\u00e9vrier, le magasin franchis\u00e9 Spar de Zingem en Flandre orientale rouvre ses portes apr\u00e8s avoir subi une r\u00e9novation compl\u00e8te dans le style de la nouvelle g\u00e9n\u00e9ration des supermarch\u00e9s de proximit\u00e9 Spar de Retail Partners Colruyt Group.","og_url":"https:\/\/www.fbf-bff.be\/fr\/le-spar-franchise-de-zingem-rouvre-ses-portes-apres-renovation-complete\/","og_site_name":"F\u00e9d\u00e9ration Belge de la Franchise","article_published_time":"2018-02-21T09:25:31+00:00","og_image":[{"width":1200,"height":628,"url":"https:\/\/www.fbf-bff.be\/wp-content\/uploads\/2021\/10\/Spar-1.jpg","type":"image\/jpeg"}],"author":"fbf_admin","twitter_card":"summary_large_image","twitter_misc":{"\u00c9crit par":"fbf_admin","Dur\u00e9e de lecture estim\u00e9e":"3 minutes"},"schema":{"@context":"https:\/\/schema.org","@graph":[{"@type":"WebPage","@id":"https:\/\/www.fbf-bff.be\/fr\/le-spar-franchise-de-zingem-rouvre-ses-portes-apres-renovation-complete\/","url":"https:\/\/www.fbf-bff.be\/fr\/le-spar-franchise-de-zingem-rouvre-ses-portes-apres-renovation-complete\/","name":"Le Spar franchis\u00e9 de Zingem rouvre ses portes apr\u00e8s r\u00e9novation compl\u00e8te - F\u00e9d\u00e9ration Belge de la Franchise","isPartOf":{"@id":"https:\/\/www.fbf-bff.be\/#website"},"primaryImageOfPage":{"@id":"https:\/\/www.fbf-bff.be\/fr\/le-spar-franchise-de-zingem-rouvre-ses-portes-apres-renovation-complete\/#primaryimage"},"image":{"@id":"https:\/\/www.fbf-bff.be\/fr\/le-spar-franchise-de-zingem-rouvre-ses-portes-apres-renovation-complete\/#primaryimage"},"thumbnailUrl":"https:\/\/www.fbf-bff.be\/wp-content\/uploads\/2021\/10\/Spar-1.jpg","datePublished":"2018-02-21T09:25:31+00:00","dateModified":"2018-02-21T09:25:31+00:00","author":{"@id":"https:\/\/www.fbf-bff.be\/#\/schema\/person\/73a9cbee87288cba2b06e3fc29244fe7"},"breadcrumb":{"@id":"https:\/\/www.fbf-bff.be\/fr\/le-spar-franchise-de-zingem-rouvre-ses-portes-apres-renovation-complete\/#breadcrumb"},"inLanguage":"fr-FR","potentialAction":[{"@type":"ReadAction","target":["https:\/\/www.fbf-bff.be\/fr\/le-spar-franchise-de-zingem-rouvre-ses-portes-apres-renovation-complete\/"]}]},{"@type":"ImageObject","inLanguage":"fr-FR","@id":"https:\/\/www.fbf-bff.be\/fr\/le-spar-franchise-de-zingem-rouvre-ses-portes-apres-renovation-complete\/#primaryimage","url":"https:\/\/www.fbf-bff.be\/wp-content\/uploads\/2021\/10\/Spar-1.jpg","contentUrl":"https:\/\/www.fbf-bff.be\/wp-content\/uploads\/2021\/10\/Spar-1.jpg","width":1200,"height":628},{"@type":"BreadcrumbList","@id":"https:\/\/www.fbf-bff.be\/fr\/le-spar-franchise-de-zingem-rouvre-ses-portes-apres-renovation-complete\/#breadcrumb","itemListElement":[{"@type":"ListItem","position":1,"name":"Home","item":"https:\/\/www.fbf-bff.be\/fr\/"},{"@type":"ListItem","position":2,"name":"Le Spar franchis\u00e9 de Zingem rouvre ses portes apr\u00e8s r\u00e9novation compl\u00e8te"}]},{"@type":"WebSite","@id":"https:\/\/www.fbf-bff.be\/#website","url":"https:\/\/www.fbf-bff.be\/","name":"F\u00e9d\u00e9ration Belge de la Franchise","description":"Pour r\u00e9ussir ensemblee","potentialAction":[{"@type":"SearchAction","target":{"@type":"EntryPoint","urlTemplate":"https:\/\/www.fbf-bff.be\/?s={search_term_string}"},"query-input":{"@type":"PropertyValueSpecification","valueRequired":true,"valueName":"search_term_string"}}],"inLanguage":"fr-FR"},{"@type":"Person","@id":"https:\/\/www.fbf-bff.be\/#\/schema\/person\/73a9cbee87288cba2b06e3fc29244fe7","name":"fbf_admin","image":{"@type":"ImageObject","inLanguage":"fr-FR","@id":"https:\/\/www.fbf-bff.be\/#\/schema\/person\/image\/","url":"https:\/\/secure.gravatar.com\/avatar\/20f6483dbe2a69e0999ddcdd1744b7f7?s=96&d=mm&r=g","contentUrl":"https:\/\/secure.gravatar.com\/avatar\/20f6483dbe2a69e0999ddcdd1744b7f7?s=96&d=mm&r=g","caption":"fbf_admin"}}]}},"_links":{"self":[{"href":"https:\/\/www.fbf-bff.be\/fr\/wp-json\/wp\/v2\/posts\/9066"}],"collection":[{"href":"https:\/\/www.fbf-bff.be\/fr\/wp-json\/wp\/v2\/posts"}],"about":[{"href":"https:\/\/www.fbf-bff.be\/fr\/wp-json\/wp\/v2\/types\/post"}],"author":[{"embeddable":true,"href":"https:\/\/www.fbf-bff.be\/fr\/wp-json\/wp\/v2\/users\/1"}],"replies":[{"embeddable":true,"href":"https:\/\/www.fbf-bff.be\/fr\/wp-json\/wp\/v2\/comments?post=9066"}],"version-history":[{"count":0,"href":"https:\/\/www.fbf-bff.be\/fr\/wp-json\/wp\/v2\/posts\/9066\/revisions"}],"wp:featuredmedia":[{"embeddable":true,"href":"https:\/\/www.fbf-bff.be\/fr\/wp-json\/wp\/v2\/media\/4634"}],"wp:attachment":[{"href":"https:\/\/www.fbf-bff.be\/fr\/wp-json\/wp\/v2\/media?parent=9066"}],"wp:term":[{"taxonomy":"category","embeddable":true,"href":"https:\/\/www.fbf-bff.be\/fr\/wp-json\/wp\/v2\/categories?post=9066"},{"taxonomy":"post_tag","embeddable":true,"href":"https:\/\/www.fbf-bff.be\/fr\/wp-json\/wp\/v2\/tags?post=9066"}],"curies":[{"name":"wp","href":"https:\/\/api.w.org\/{rel}","templated":true}]}}