{"id":9064,"date":"2018-02-20T23:39:24","date_gmt":"2018-02-20T22:39:24","guid":{"rendered":"https:\/\/www.fbf-bff.be\/ouverture-dun-carrefour-express-franchise-schaerbeek\/"},"modified":"2018-02-20T23:39:24","modified_gmt":"2018-02-20T22:39:24","slug":"ouverture-dun-carrefour-express-franchise-schaerbeek","status":"publish","type":"post","link":"https:\/\/www.fbf-bff.be\/fr\/ouverture-dun-carrefour-express-franchise-schaerbeek\/","title":{"rendered":"Ouverture d&#8217;un Carrefour Express franchis\u00e9 \u00e0 Schaerbeek"},"content":{"rendered":"<strong>Deuxi\u00e8me franchise Express ouverte en f\u00e9vrier !<\/strong>\r\n\r\nCarrefour\u00a0ouvre son deuxi\u00e8me supermarch\u00e9 franchis\u00e9 Express en moins d&rsquo;un mois, ce 14 f\u00e9vrier 2018 \u00e0 Schaerbeek\u00a0.\r\n\r\nCe magasin de proximit\u00e9 Express de 188 m\u00b2, situ\u00e9 au lieu dit la Cage aux Ours, est sous la direction des\u00a0franchis\u00e9s Semra Koyuncu et Sahin Polat.\r\n\r\n<strong><a href=\"https:\/\/www.fbf-bff.be\/wp-content\/uploads\/2021\/10\/image002-5-min.png\"><img loading=\"lazy\" decoding=\"async\" class=\"alignnone size-medium wp-image-13309\" src=\"https:\/\/www.fbf-bff.be\/wp-content\/uploads\/2021\/10\/image002-5-min-300x279-1.png\" alt=\"\" width=\"300\" height=\"279\" \/><\/a><\/strong>\r\n\r\n<strong>Une franchise Express du dernier concept<\/strong>\r\n\r\nCet Express de la derni\u00e8re g\u00e9n\u00e9ration propose comme tous les nouveaux\u00a0magasins franchis\u00e9s Express, une large vari\u00e9t\u00e9 de solutions de repas pr\u00eates \u00e0 l&#8217;emploi pour tous les moments de la journ\u00e9e\u00a0et des\u00a0services tels que: jus d&rsquo;orange frais press\u00e9 sur place, des cartes de t\u00e9l\u00e9phone et de iTunes, le Lotto,..\r\n\r\nLes clients y trouveront aussi un large \u00e9ventail de produits de base et tous les indispensables en \u00e9picerie et droguerie, tant de marques Carrefour que nationales.\r\n\r\nPour plus d\u2019information sur le concept de franchise Express,\u00a0<a href=\"https:\/\/franchisingbelgium.be\/formule\/carrefour-express\/?lang=fr\" target=\"_blank\" rel=\"noopener noreferrer\"><u>cliquez ici.<\/u><\/a>\r\n\r\n<strong>rli.<\/strong>","protected":false},"excerpt":{"rendered":"<p>Carrefour ouvre son deuxi\u00e8me supermarch\u00e9 franchis\u00e9 Express en moins d&rsquo;un mois, ce 14 f\u00e9vrier 2018 \u00e0 Schaerbeek .<\/p>\n","protected":false},"author":1,"featured_media":4725,"comment_status":"closed","ping_status":"open","sticky":false,"template":"","format":"standard","meta":{"ngg_post_thumbnail":0,"footnotes":""},"categories":[37],"tags":[],"acf":[],"yoast_head":"<!-- This site is optimized with the Yoast SEO plugin v23.5 - https:\/\/yoast.com\/wordpress\/plugins\/seo\/ -->\n<title>Ouverture d&#8217;un Carrefour Express franchis\u00e9 \u00e0 Schaerbeek - F\u00e9d\u00e9ration Belge de la Franchise<\/title>\n<meta name=\"robots\" content=\"index, follow, max-snippet:-1, max-image-preview:large, max-video-preview:-1\" \/>\n<link rel=\"canonical\" href=\"https:\/\/www.fbf-bff.be\/fr\/ouverture-dun-carrefour-express-franchise-schaerbeek\/\" \/>\n<meta property=\"og:locale\" content=\"fr_FR\" \/>\n<meta property=\"og:type\" content=\"article\" \/>\n<meta property=\"og:title\" content=\"Ouverture d&#8217;un Carrefour Express franchis\u00e9 \u00e0 Schaerbeek - F\u00e9d\u00e9ration Belge de la Franchise\" \/>\n<meta property=\"og:description\" content=\"Carrefour ouvre son deuxi\u00e8me supermarch\u00e9 franchis\u00e9 Express en moins d&#039;un mois, ce 14 f\u00e9vrier 2018 \u00e0 Schaerbeek .\" \/>\n<meta property=\"og:url\" content=\"https:\/\/www.fbf-bff.be\/fr\/ouverture-dun-carrefour-express-franchise-schaerbeek\/\" \/>\n<meta property=\"og:site_name\" content=\"F\u00e9d\u00e9ration Belge de la Franchise\" \/>\n<meta property=\"article:published_time\" content=\"2018-02-20T22:39:24+00:00\" \/>\n<meta property=\"og:image\" content=\"https:\/\/www.fbf-bff.be\/wp-content\/uploads\/2021\/10\/carrefour-express.jpg\" \/>\n\t<meta property=\"og:image:width\" content=\"1200\" \/>\n\t<meta property=\"og:image:height\" content=\"628\" \/>\n\t<meta property=\"og:image:type\" content=\"image\/jpeg\" \/>\n<meta name=\"author\" content=\"fbf_admin\" \/>\n<meta name=\"twitter:card\" content=\"summary_large_image\" \/>\n<meta name=\"twitter:label1\" content=\"\u00c9crit par\" \/>\n\t<meta name=\"twitter:data1\" content=\"fbf_admin\" \/>\n\t<meta name=\"twitter:label2\" content=\"Dur\u00e9e de lecture estim\u00e9e\" \/>\n\t<meta name=\"twitter:data2\" content=\"1 minute\" \/>\n<script type=\"application\/ld+json\" class=\"yoast-schema-graph\">{\"@context\":\"https:\/\/schema.org\",\"@graph\":[{\"@type\":\"WebPage\",\"@id\":\"https:\/\/www.fbf-bff.be\/fr\/ouverture-dun-carrefour-express-franchise-schaerbeek\/\",\"url\":\"https:\/\/www.fbf-bff.be\/fr\/ouverture-dun-carrefour-express-franchise-schaerbeek\/\",\"name\":\"Ouverture d&#8217;un Carrefour Express franchis\u00e9 \u00e0 Schaerbeek - F\u00e9d\u00e9ration Belge de la Franchise\",\"isPartOf\":{\"@id\":\"https:\/\/www.fbf-bff.be\/#website\"},\"primaryImageOfPage\":{\"@id\":\"https:\/\/www.fbf-bff.be\/fr\/ouverture-dun-carrefour-express-franchise-schaerbeek\/#primaryimage\"},\"image\":{\"@id\":\"https:\/\/www.fbf-bff.be\/fr\/ouverture-dun-carrefour-express-franchise-schaerbeek\/#primaryimage\"},\"thumbnailUrl\":\"https:\/\/www.fbf-bff.be\/wp-content\/uploads\/2021\/10\/carrefour-express.jpg\",\"datePublished\":\"2018-02-20T22:39:24+00:00\",\"dateModified\":\"2018-02-20T22:39:24+00:00\",\"author\":{\"@id\":\"https:\/\/www.fbf-bff.be\/#\/schema\/person\/73a9cbee87288cba2b06e3fc29244fe7\"},\"breadcrumb\":{\"@id\":\"https:\/\/www.fbf-bff.be\/fr\/ouverture-dun-carrefour-express-franchise-schaerbeek\/#breadcrumb\"},\"inLanguage\":\"fr-FR\",\"potentialAction\":[{\"@type\":\"ReadAction\",\"target\":[\"https:\/\/www.fbf-bff.be\/fr\/ouverture-dun-carrefour-express-franchise-schaerbeek\/\"]}]},{\"@type\":\"ImageObject\",\"inLanguage\":\"fr-FR\",\"@id\":\"https:\/\/www.fbf-bff.be\/fr\/ouverture-dun-carrefour-express-franchise-schaerbeek\/#primaryimage\",\"url\":\"https:\/\/www.fbf-bff.be\/wp-content\/uploads\/2021\/10\/carrefour-express.jpg\",\"contentUrl\":\"https:\/\/www.fbf-bff.be\/wp-content\/uploads\/2021\/10\/carrefour-express.jpg\",\"width\":1200,\"height\":628},{\"@type\":\"BreadcrumbList\",\"@id\":\"https:\/\/www.fbf-bff.be\/fr\/ouverture-dun-carrefour-express-franchise-schaerbeek\/#breadcrumb\",\"itemListElement\":[{\"@type\":\"ListItem\",\"position\":1,\"name\":\"Home\",\"item\":\"https:\/\/www.fbf-bff.be\/fr\/\"},{\"@type\":\"ListItem\",\"position\":2,\"name\":\"Ouverture d&#8217;un Carrefour Express franchis\u00e9 \u00e0 Schaerbeek\"}]},{\"@type\":\"WebSite\",\"@id\":\"https:\/\/www.fbf-bff.be\/#website\",\"url\":\"https:\/\/www.fbf-bff.be\/\",\"name\":\"F\u00e9d\u00e9ration Belge de la Franchise\",\"description\":\"Pour r\u00e9ussir ensemblee\",\"potentialAction\":[{\"@type\":\"SearchAction\",\"target\":{\"@type\":\"EntryPoint\",\"urlTemplate\":\"https:\/\/www.fbf-bff.be\/?s={search_term_string}\"},\"query-input\":{\"@type\":\"PropertyValueSpecification\",\"valueRequired\":true,\"valueName\":\"search_term_string\"}}],\"inLanguage\":\"fr-FR\"},{\"@type\":\"Person\",\"@id\":\"https:\/\/www.fbf-bff.be\/#\/schema\/person\/73a9cbee87288cba2b06e3fc29244fe7\",\"name\":\"fbf_admin\",\"image\":{\"@type\":\"ImageObject\",\"inLanguage\":\"fr-FR\",\"@id\":\"https:\/\/www.fbf-bff.be\/#\/schema\/person\/image\/\",\"url\":\"https:\/\/secure.gravatar.com\/avatar\/20f6483dbe2a69e0999ddcdd1744b7f7?s=96&d=mm&r=g\",\"contentUrl\":\"https:\/\/secure.gravatar.com\/avatar\/20f6483dbe2a69e0999ddcdd1744b7f7?s=96&d=mm&r=g\",\"caption\":\"fbf_admin\"}}]}<\/script>\n<!-- \/ Yoast SEO plugin. -->","yoast_head_json":{"title":"Ouverture d&#8217;un Carrefour Express franchis\u00e9 \u00e0 Schaerbeek - F\u00e9d\u00e9ration Belge de la Franchise","robots":{"index":"index","follow":"follow","max-snippet":"max-snippet:-1","max-image-preview":"max-image-preview:large","max-video-preview":"max-video-preview:-1"},"canonical":"https:\/\/www.fbf-bff.be\/fr\/ouverture-dun-carrefour-express-franchise-schaerbeek\/","og_locale":"fr_FR","og_type":"article","og_title":"Ouverture d&#8217;un Carrefour Express franchis\u00e9 \u00e0 Schaerbeek - F\u00e9d\u00e9ration Belge de la Franchise","og_description":"Carrefour ouvre son deuxi\u00e8me supermarch\u00e9 franchis\u00e9 Express en moins d'un mois, ce 14 f\u00e9vrier 2018 \u00e0 Schaerbeek .","og_url":"https:\/\/www.fbf-bff.be\/fr\/ouverture-dun-carrefour-express-franchise-schaerbeek\/","og_site_name":"F\u00e9d\u00e9ration Belge de la Franchise","article_published_time":"2018-02-20T22:39:24+00:00","og_image":[{"width":1200,"height":628,"url":"https:\/\/www.fbf-bff.be\/wp-content\/uploads\/2021\/10\/carrefour-express.jpg","type":"image\/jpeg"}],"author":"fbf_admin","twitter_card":"summary_large_image","twitter_misc":{"\u00c9crit par":"fbf_admin","Dur\u00e9e de lecture estim\u00e9e":"1 minute"},"schema":{"@context":"https:\/\/schema.org","@graph":[{"@type":"WebPage","@id":"https:\/\/www.fbf-bff.be\/fr\/ouverture-dun-carrefour-express-franchise-schaerbeek\/","url":"https:\/\/www.fbf-bff.be\/fr\/ouverture-dun-carrefour-express-franchise-schaerbeek\/","name":"Ouverture d&#8217;un Carrefour Express franchis\u00e9 \u00e0 Schaerbeek - F\u00e9d\u00e9ration Belge de la Franchise","isPartOf":{"@id":"https:\/\/www.fbf-bff.be\/#website"},"primaryImageOfPage":{"@id":"https:\/\/www.fbf-bff.be\/fr\/ouverture-dun-carrefour-express-franchise-schaerbeek\/#primaryimage"},"image":{"@id":"https:\/\/www.fbf-bff.be\/fr\/ouverture-dun-carrefour-express-franchise-schaerbeek\/#primaryimage"},"thumbnailUrl":"https:\/\/www.fbf-bff.be\/wp-content\/uploads\/2021\/10\/carrefour-express.jpg","datePublished":"2018-02-20T22:39:24+00:00","dateModified":"2018-02-20T22:39:24+00:00","author":{"@id":"https:\/\/www.fbf-bff.be\/#\/schema\/person\/73a9cbee87288cba2b06e3fc29244fe7"},"breadcrumb":{"@id":"https:\/\/www.fbf-bff.be\/fr\/ouverture-dun-carrefour-express-franchise-schaerbeek\/#breadcrumb"},"inLanguage":"fr-FR","potentialAction":[{"@type":"ReadAction","target":["https:\/\/www.fbf-bff.be\/fr\/ouverture-dun-carrefour-express-franchise-schaerbeek\/"]}]},{"@type":"ImageObject","inLanguage":"fr-FR","@id":"https:\/\/www.fbf-bff.be\/fr\/ouverture-dun-carrefour-express-franchise-schaerbeek\/#primaryimage","url":"https:\/\/www.fbf-bff.be\/wp-content\/uploads\/2021\/10\/carrefour-express.jpg","contentUrl":"https:\/\/www.fbf-bff.be\/wp-content\/uploads\/2021\/10\/carrefour-express.jpg","width":1200,"height":628},{"@type":"BreadcrumbList","@id":"https:\/\/www.fbf-bff.be\/fr\/ouverture-dun-carrefour-express-franchise-schaerbeek\/#breadcrumb","itemListElement":[{"@type":"ListItem","position":1,"name":"Home","item":"https:\/\/www.fbf-bff.be\/fr\/"},{"@type":"ListItem","position":2,"name":"Ouverture d&#8217;un Carrefour Express franchis\u00e9 \u00e0 Schaerbeek"}]},{"@type":"WebSite","@id":"https:\/\/www.fbf-bff.be\/#website","url":"https:\/\/www.fbf-bff.be\/","name":"F\u00e9d\u00e9ration Belge de la Franchise","description":"Pour r\u00e9ussir ensemblee","potentialAction":[{"@type":"SearchAction","target":{"@type":"EntryPoint","urlTemplate":"https:\/\/www.fbf-bff.be\/?s={search_term_string}"},"query-input":{"@type":"PropertyValueSpecification","valueRequired":true,"valueName":"search_term_string"}}],"inLanguage":"fr-FR"},{"@type":"Person","@id":"https:\/\/www.fbf-bff.be\/#\/schema\/person\/73a9cbee87288cba2b06e3fc29244fe7","name":"fbf_admin","image":{"@type":"ImageObject","inLanguage":"fr-FR","@id":"https:\/\/www.fbf-bff.be\/#\/schema\/person\/image\/","url":"https:\/\/secure.gravatar.com\/avatar\/20f6483dbe2a69e0999ddcdd1744b7f7?s=96&d=mm&r=g","contentUrl":"https:\/\/secure.gravatar.com\/avatar\/20f6483dbe2a69e0999ddcdd1744b7f7?s=96&d=mm&r=g","caption":"fbf_admin"}}]}},"_links":{"self":[{"href":"https:\/\/www.fbf-bff.be\/fr\/wp-json\/wp\/v2\/posts\/9064"}],"collection":[{"href":"https:\/\/www.fbf-bff.be\/fr\/wp-json\/wp\/v2\/posts"}],"about":[{"href":"https:\/\/www.fbf-bff.be\/fr\/wp-json\/wp\/v2\/types\/post"}],"author":[{"embeddable":true,"href":"https:\/\/www.fbf-bff.be\/fr\/wp-json\/wp\/v2\/users\/1"}],"replies":[{"embeddable":true,"href":"https:\/\/www.fbf-bff.be\/fr\/wp-json\/wp\/v2\/comments?post=9064"}],"version-history":[{"count":0,"href":"https:\/\/www.fbf-bff.be\/fr\/wp-json\/wp\/v2\/posts\/9064\/revisions"}],"wp:featuredmedia":[{"embeddable":true,"href":"https:\/\/www.fbf-bff.be\/fr\/wp-json\/wp\/v2\/media\/4725"}],"wp:attachment":[{"href":"https:\/\/www.fbf-bff.be\/fr\/wp-json\/wp\/v2\/media?parent=9064"}],"wp:term":[{"taxonomy":"category","embeddable":true,"href":"https:\/\/www.fbf-bff.be\/fr\/wp-json\/wp\/v2\/categories?post=9064"},{"taxonomy":"post_tag","embeddable":true,"href":"https:\/\/www.fbf-bff.be\/fr\/wp-json\/wp\/v2\/tags?post=9064"}],"curies":[{"name":"wp","href":"https:\/\/api.w.org\/{rel}","templated":true}]}}