{"id":8984,"date":"2017-11-28T11:30:18","date_gmt":"2017-11-28T10:30:18","guid":{"rendered":"https:\/\/www.fbf-bff.be\/nouvelle-franchise-carrefour-express-oostkamp\/"},"modified":"2017-11-28T11:30:18","modified_gmt":"2017-11-28T10:30:18","slug":"nouvelle-franchise-carrefour-express-oostkamp","status":"publish","type":"post","link":"https:\/\/www.fbf-bff.be\/fr\/nouvelle-franchise-carrefour-express-oostkamp\/","title":{"rendered":"Nouvelle franchise Carrefour Express \u00e0 Oostkamp"},"content":{"rendered":"<a href=\"https:\/\/www.fbf-bff.be\/wp-content\/uploads\/2021\/10\/image001-5.png\"><img loading=\"lazy\" decoding=\"async\" class=\"alignnone size-medium wp-image-12632\" src=\"https:\/\/www.fbf-bff.be\/wp-content\/uploads\/2021\/10\/image001-5-300x225-1.png\" alt=\"\" width=\"300\" height=\"225\" \/><\/a>\r\n\r\nLe 22 novembre,\u00a0un nouvel magasin franchis\u00e9 Express \u00e0\u00a0ouvert \u00e0\u00a0Oostkamp\u00a0avec\u00a0une surface de vente de 273 m\u00b2\u00a0sous la direction de la franchis\u00e9e Rosaline Pieters,\u00a0un\u00a0premier magasin\u00a0franchis\u00e9\u00a0de Carrefour Belgique dans cette commune proche de Bruges.\r\n\r\n<a href=\"https:\/\/www.fbf-bff.be\/wp-content\/uploads\/2021\/10\/unnamed-2.png\"><img loading=\"lazy\" decoding=\"async\" class=\"alignnone size-full wp-image-12633\" src=\"https:\/\/www.fbf-bff.be\/wp-content\/uploads\/2021\/10\/unnamed-2.png\" alt=\"\" width=\"225\" height=\"149\" \/><\/a>\r\n\r\nCet\u00a0Express\u00a0de la derni\u00e8re g\u00e9n\u00e9ration adapte son offre id\u00e9alement aux attentes de sa client\u00e8le locale. Chaque rayon \u00e0 son identit\u00e9 propre pour plus de lisibilit\u00e9, les larges all\u00e9es et les meubles de faible hauteur donnent une visibilit\u00e9 panoramique sur tout le magasin, pour un confort optimal d&rsquo;achat pour la client\u00e8le.\r\n\r\n&nbsp;\r\n\r\nOutre le choix de plats pr\u00e9par\u00e9s, on y trouve\u00a0un assortiment de produits de base d&rsquo;\u00e9picerie et de droguerie, un corner \u00ab\u00a0gin &amp; cocktail\u00a0\u00bb et un large choix de produits bio, sans sucre et sans gluten.\r\n\r\n&nbsp;\r\n\r\nDe nombreux services sont aussi disponibles dans cet Express franchis\u00e9 : wifi gratuit et un coin pour recharger son smartphone ou sa tablette, des viennoiseries cuites sur place,\u00a0une machine \u00e0 caf\u00e9,\u00a0du jus d&rsquo;orange frais press\u00e9, pour permettre aux clients de prendre leur petits-d\u00e9jeuners sur place, un bar \u00e0 soupe,\u00a0un micro ondes,\u00a0et une biblioth\u00e8que avec des livres \u00e0 consulter.\r\n\r\n<strong>rli.<\/strong>\r\n\r\nPour avoir plus d\u2019information sur le concept de franchise d\u2019Express,\u00a0<a href=\"https:\/\/franchisingbelgium.be\/formule\/carrefour-express\/?lang=fr\" target=\"_blank\" rel=\"noopener noreferrer\"><u>cliquez Ici<\/u><\/a>\r\n<table>\r\n<tbody>\r\n<tr>\r\n<td style=\"font-weight: 400\" width=\"55\"><\/td>\r\n<td style=\"font-weight: 400\" width=\"470\"><\/td>\r\n<\/tr>\r\n<\/tbody>\r\n<\/table>","protected":false},"excerpt":{"rendered":"<p>Le 22 novembre, un nouvel magasin franchis\u00e9 Express \u00e0 ouvert \u00e0 Oostkamp avec une surface de vente de 273 m\u00b2 sous la direction de la franchis\u00e9e Rosaline Pieters, un premier magasin franchis\u00e9 de Carrefour Belgique dans cette commune proche de Bruges.<\/p>\n","protected":false},"author":1,"featured_media":4725,"comment_status":"closed","ping_status":"open","sticky":false,"template":"","format":"standard","meta":{"ngg_post_thumbnail":0,"footnotes":""},"categories":[37],"tags":[],"acf":[],"yoast_head":"<!-- This site is optimized with the Yoast SEO plugin v23.5 - https:\/\/yoast.com\/wordpress\/plugins\/seo\/ -->\n<title>Nouvelle franchise Carrefour Express \u00e0 Oostkamp - F\u00e9d\u00e9ration Belge de la Franchise<\/title>\n<meta name=\"robots\" content=\"index, follow, max-snippet:-1, max-image-preview:large, max-video-preview:-1\" \/>\n<link rel=\"canonical\" href=\"https:\/\/www.fbf-bff.be\/fr\/nouvelle-franchise-carrefour-express-oostkamp\/\" \/>\n<meta property=\"og:locale\" content=\"fr_FR\" \/>\n<meta property=\"og:type\" content=\"article\" \/>\n<meta property=\"og:title\" content=\"Nouvelle franchise Carrefour Express \u00e0 Oostkamp - F\u00e9d\u00e9ration Belge de la Franchise\" \/>\n<meta property=\"og:description\" content=\"Le 22 novembre, un nouvel magasin franchis\u00e9 Express \u00e0 ouvert \u00e0 Oostkamp avec une surface de vente de 273 m\u00b2 sous la direction de la franchis\u00e9e Rosaline Pieters, un premier magasin franchis\u00e9 de Carrefour Belgique dans cette commune proche de Bruges.\" \/>\n<meta property=\"og:url\" content=\"https:\/\/www.fbf-bff.be\/fr\/nouvelle-franchise-carrefour-express-oostkamp\/\" \/>\n<meta property=\"og:site_name\" content=\"F\u00e9d\u00e9ration Belge de la Franchise\" \/>\n<meta property=\"article:published_time\" content=\"2017-11-28T10:30:18+00:00\" \/>\n<meta property=\"og:image\" content=\"https:\/\/www.fbf-bff.be\/wp-content\/uploads\/2021\/10\/carrefour-express.jpg\" \/>\n\t<meta property=\"og:image:width\" content=\"1200\" \/>\n\t<meta property=\"og:image:height\" content=\"628\" \/>\n\t<meta property=\"og:image:type\" content=\"image\/jpeg\" \/>\n<meta name=\"author\" content=\"fbf_admin\" \/>\n<meta name=\"twitter:card\" content=\"summary_large_image\" \/>\n<meta name=\"twitter:label1\" content=\"\u00c9crit par\" \/>\n\t<meta name=\"twitter:data1\" content=\"fbf_admin\" \/>\n\t<meta name=\"twitter:label2\" content=\"Dur\u00e9e de lecture estim\u00e9e\" \/>\n\t<meta name=\"twitter:data2\" content=\"1 minute\" \/>\n<script type=\"application\/ld+json\" class=\"yoast-schema-graph\">{\"@context\":\"https:\/\/schema.org\",\"@graph\":[{\"@type\":\"WebPage\",\"@id\":\"https:\/\/www.fbf-bff.be\/fr\/nouvelle-franchise-carrefour-express-oostkamp\/\",\"url\":\"https:\/\/www.fbf-bff.be\/fr\/nouvelle-franchise-carrefour-express-oostkamp\/\",\"name\":\"Nouvelle franchise Carrefour Express \u00e0 Oostkamp - F\u00e9d\u00e9ration Belge de la Franchise\",\"isPartOf\":{\"@id\":\"https:\/\/www.fbf-bff.be\/#website\"},\"primaryImageOfPage\":{\"@id\":\"https:\/\/www.fbf-bff.be\/fr\/nouvelle-franchise-carrefour-express-oostkamp\/#primaryimage\"},\"image\":{\"@id\":\"https:\/\/www.fbf-bff.be\/fr\/nouvelle-franchise-carrefour-express-oostkamp\/#primaryimage\"},\"thumbnailUrl\":\"https:\/\/www.fbf-bff.be\/wp-content\/uploads\/2021\/10\/carrefour-express.jpg\",\"datePublished\":\"2017-11-28T10:30:18+00:00\",\"dateModified\":\"2017-11-28T10:30:18+00:00\",\"author\":{\"@id\":\"https:\/\/www.fbf-bff.be\/#\/schema\/person\/73a9cbee87288cba2b06e3fc29244fe7\"},\"breadcrumb\":{\"@id\":\"https:\/\/www.fbf-bff.be\/fr\/nouvelle-franchise-carrefour-express-oostkamp\/#breadcrumb\"},\"inLanguage\":\"fr-FR\",\"potentialAction\":[{\"@type\":\"ReadAction\",\"target\":[\"https:\/\/www.fbf-bff.be\/fr\/nouvelle-franchise-carrefour-express-oostkamp\/\"]}]},{\"@type\":\"ImageObject\",\"inLanguage\":\"fr-FR\",\"@id\":\"https:\/\/www.fbf-bff.be\/fr\/nouvelle-franchise-carrefour-express-oostkamp\/#primaryimage\",\"url\":\"https:\/\/www.fbf-bff.be\/wp-content\/uploads\/2021\/10\/carrefour-express.jpg\",\"contentUrl\":\"https:\/\/www.fbf-bff.be\/wp-content\/uploads\/2021\/10\/carrefour-express.jpg\",\"width\":1200,\"height\":628},{\"@type\":\"BreadcrumbList\",\"@id\":\"https:\/\/www.fbf-bff.be\/fr\/nouvelle-franchise-carrefour-express-oostkamp\/#breadcrumb\",\"itemListElement\":[{\"@type\":\"ListItem\",\"position\":1,\"name\":\"Home\",\"item\":\"https:\/\/www.fbf-bff.be\/fr\/\"},{\"@type\":\"ListItem\",\"position\":2,\"name\":\"Nouvelle franchise Carrefour Express \u00e0 Oostkamp\"}]},{\"@type\":\"WebSite\",\"@id\":\"https:\/\/www.fbf-bff.be\/#website\",\"url\":\"https:\/\/www.fbf-bff.be\/\",\"name\":\"F\u00e9d\u00e9ration Belge de la Franchise\",\"description\":\"Pour r\u00e9ussir ensemblee\",\"potentialAction\":[{\"@type\":\"SearchAction\",\"target\":{\"@type\":\"EntryPoint\",\"urlTemplate\":\"https:\/\/www.fbf-bff.be\/?s={search_term_string}\"},\"query-input\":{\"@type\":\"PropertyValueSpecification\",\"valueRequired\":true,\"valueName\":\"search_term_string\"}}],\"inLanguage\":\"fr-FR\"},{\"@type\":\"Person\",\"@id\":\"https:\/\/www.fbf-bff.be\/#\/schema\/person\/73a9cbee87288cba2b06e3fc29244fe7\",\"name\":\"fbf_admin\",\"image\":{\"@type\":\"ImageObject\",\"inLanguage\":\"fr-FR\",\"@id\":\"https:\/\/www.fbf-bff.be\/#\/schema\/person\/image\/\",\"url\":\"https:\/\/secure.gravatar.com\/avatar\/20f6483dbe2a69e0999ddcdd1744b7f7?s=96&d=mm&r=g\",\"contentUrl\":\"https:\/\/secure.gravatar.com\/avatar\/20f6483dbe2a69e0999ddcdd1744b7f7?s=96&d=mm&r=g\",\"caption\":\"fbf_admin\"}}]}<\/script>\n<!-- \/ Yoast SEO plugin. -->","yoast_head_json":{"title":"Nouvelle franchise Carrefour Express \u00e0 Oostkamp - F\u00e9d\u00e9ration Belge de la Franchise","robots":{"index":"index","follow":"follow","max-snippet":"max-snippet:-1","max-image-preview":"max-image-preview:large","max-video-preview":"max-video-preview:-1"},"canonical":"https:\/\/www.fbf-bff.be\/fr\/nouvelle-franchise-carrefour-express-oostkamp\/","og_locale":"fr_FR","og_type":"article","og_title":"Nouvelle franchise Carrefour Express \u00e0 Oostkamp - F\u00e9d\u00e9ration Belge de la Franchise","og_description":"Le 22 novembre, un nouvel magasin franchis\u00e9 Express \u00e0 ouvert \u00e0 Oostkamp avec une surface de vente de 273 m\u00b2 sous la direction de la franchis\u00e9e Rosaline Pieters, un premier magasin franchis\u00e9 de Carrefour Belgique dans cette commune proche de Bruges.","og_url":"https:\/\/www.fbf-bff.be\/fr\/nouvelle-franchise-carrefour-express-oostkamp\/","og_site_name":"F\u00e9d\u00e9ration Belge de la Franchise","article_published_time":"2017-11-28T10:30:18+00:00","og_image":[{"width":1200,"height":628,"url":"https:\/\/www.fbf-bff.be\/wp-content\/uploads\/2021\/10\/carrefour-express.jpg","type":"image\/jpeg"}],"author":"fbf_admin","twitter_card":"summary_large_image","twitter_misc":{"\u00c9crit par":"fbf_admin","Dur\u00e9e de lecture estim\u00e9e":"1 minute"},"schema":{"@context":"https:\/\/schema.org","@graph":[{"@type":"WebPage","@id":"https:\/\/www.fbf-bff.be\/fr\/nouvelle-franchise-carrefour-express-oostkamp\/","url":"https:\/\/www.fbf-bff.be\/fr\/nouvelle-franchise-carrefour-express-oostkamp\/","name":"Nouvelle franchise Carrefour Express \u00e0 Oostkamp - F\u00e9d\u00e9ration Belge de la Franchise","isPartOf":{"@id":"https:\/\/www.fbf-bff.be\/#website"},"primaryImageOfPage":{"@id":"https:\/\/www.fbf-bff.be\/fr\/nouvelle-franchise-carrefour-express-oostkamp\/#primaryimage"},"image":{"@id":"https:\/\/www.fbf-bff.be\/fr\/nouvelle-franchise-carrefour-express-oostkamp\/#primaryimage"},"thumbnailUrl":"https:\/\/www.fbf-bff.be\/wp-content\/uploads\/2021\/10\/carrefour-express.jpg","datePublished":"2017-11-28T10:30:18+00:00","dateModified":"2017-11-28T10:30:18+00:00","author":{"@id":"https:\/\/www.fbf-bff.be\/#\/schema\/person\/73a9cbee87288cba2b06e3fc29244fe7"},"breadcrumb":{"@id":"https:\/\/www.fbf-bff.be\/fr\/nouvelle-franchise-carrefour-express-oostkamp\/#breadcrumb"},"inLanguage":"fr-FR","potentialAction":[{"@type":"ReadAction","target":["https:\/\/www.fbf-bff.be\/fr\/nouvelle-franchise-carrefour-express-oostkamp\/"]}]},{"@type":"ImageObject","inLanguage":"fr-FR","@id":"https:\/\/www.fbf-bff.be\/fr\/nouvelle-franchise-carrefour-express-oostkamp\/#primaryimage","url":"https:\/\/www.fbf-bff.be\/wp-content\/uploads\/2021\/10\/carrefour-express.jpg","contentUrl":"https:\/\/www.fbf-bff.be\/wp-content\/uploads\/2021\/10\/carrefour-express.jpg","width":1200,"height":628},{"@type":"BreadcrumbList","@id":"https:\/\/www.fbf-bff.be\/fr\/nouvelle-franchise-carrefour-express-oostkamp\/#breadcrumb","itemListElement":[{"@type":"ListItem","position":1,"name":"Home","item":"https:\/\/www.fbf-bff.be\/fr\/"},{"@type":"ListItem","position":2,"name":"Nouvelle franchise Carrefour Express \u00e0 Oostkamp"}]},{"@type":"WebSite","@id":"https:\/\/www.fbf-bff.be\/#website","url":"https:\/\/www.fbf-bff.be\/","name":"F\u00e9d\u00e9ration Belge de la Franchise","description":"Pour r\u00e9ussir ensemblee","potentialAction":[{"@type":"SearchAction","target":{"@type":"EntryPoint","urlTemplate":"https:\/\/www.fbf-bff.be\/?s={search_term_string}"},"query-input":{"@type":"PropertyValueSpecification","valueRequired":true,"valueName":"search_term_string"}}],"inLanguage":"fr-FR"},{"@type":"Person","@id":"https:\/\/www.fbf-bff.be\/#\/schema\/person\/73a9cbee87288cba2b06e3fc29244fe7","name":"fbf_admin","image":{"@type":"ImageObject","inLanguage":"fr-FR","@id":"https:\/\/www.fbf-bff.be\/#\/schema\/person\/image\/","url":"https:\/\/secure.gravatar.com\/avatar\/20f6483dbe2a69e0999ddcdd1744b7f7?s=96&d=mm&r=g","contentUrl":"https:\/\/secure.gravatar.com\/avatar\/20f6483dbe2a69e0999ddcdd1744b7f7?s=96&d=mm&r=g","caption":"fbf_admin"}}]}},"_links":{"self":[{"href":"https:\/\/www.fbf-bff.be\/fr\/wp-json\/wp\/v2\/posts\/8984"}],"collection":[{"href":"https:\/\/www.fbf-bff.be\/fr\/wp-json\/wp\/v2\/posts"}],"about":[{"href":"https:\/\/www.fbf-bff.be\/fr\/wp-json\/wp\/v2\/types\/post"}],"author":[{"embeddable":true,"href":"https:\/\/www.fbf-bff.be\/fr\/wp-json\/wp\/v2\/users\/1"}],"replies":[{"embeddable":true,"href":"https:\/\/www.fbf-bff.be\/fr\/wp-json\/wp\/v2\/comments?post=8984"}],"version-history":[{"count":0,"href":"https:\/\/www.fbf-bff.be\/fr\/wp-json\/wp\/v2\/posts\/8984\/revisions"}],"wp:featuredmedia":[{"embeddable":true,"href":"https:\/\/www.fbf-bff.be\/fr\/wp-json\/wp\/v2\/media\/4725"}],"wp:attachment":[{"href":"https:\/\/www.fbf-bff.be\/fr\/wp-json\/wp\/v2\/media?parent=8984"}],"wp:term":[{"taxonomy":"category","embeddable":true,"href":"https:\/\/www.fbf-bff.be\/fr\/wp-json\/wp\/v2\/categories?post=8984"},{"taxonomy":"post_tag","embeddable":true,"href":"https:\/\/www.fbf-bff.be\/fr\/wp-json\/wp\/v2\/tags?post=8984"}],"curies":[{"name":"wp","href":"https:\/\/api.w.org\/{rel}","templated":true}]}}