{"id":8954,"date":"2017-11-01T19:01:30","date_gmt":"2017-11-01T18:01:30","guid":{"rendered":"https:\/\/www.fbf-bff.be\/le-magasin-de-mobalpa-de-gedinne-relocalise-2\/"},"modified":"2017-11-01T19:01:30","modified_gmt":"2017-11-01T18:01:30","slug":"le-magasin-de-mobalpa-de-gedinne-relocalise-2","status":"publish","type":"post","link":"https:\/\/www.fbf-bff.be\/fr\/le-magasin-de-mobalpa-de-gedinne-relocalise-2\/","title":{"rendered":"Le magasin de Mobalpa de Gedinne relocalis\u00e9"},"content":{"rendered":"Le magasin de Gedinne de l&rsquo;enseigne fran\u00e7aise\u00a0Mobalpa\u00a0du Groupe Fournier, le sp\u00e9cialiste de la cuisine, de la salle de bain et des rangements, a \u00e9t\u00e9 relocalis\u00e9 le 13 octobre 2017.\r\n\r\nCe nouveau point de vente de 280 m\u00b2 en concession, situ\u00e9 Station 38 \u00e0 Gedinne dans la province de Namur, pr\u00e9sente le dernier concept de magasin de l&rsquo;enseigne\u00a0avec un showroom modul\u00e9 comme un appartement o\u00f9 on trouve 8 mod\u00e8les de cuisines.\r\n\r\nEn f\u00e9vrier 2016,\u00a0Mobalpa\u00a0a ouvert ses deux premi\u00e8res franchises belges \u00e0 Woluw\u00e9-Saint-Etienne et Wauthier-Braine. L&rsquo;enseigne se d\u00e9veloppait jusqu&rsquo;alors uniquement sous forme de concessions.\r\n\r\nLe r\u00e9seau belge de Mobalpa aujourd&rsquo;hui compte 20 magasins y compris les deux franchises.\r\n\r\nPour avoir plus d\u2019information sur le concept de franchise de Mobalpa,\u00a0<a href=\"https:\/\/franchisingbelgium.be\/formule\/mobalpa\/?lang=fr\" target=\"_blank\" rel=\"noopener noreferrer\"><u>cliquez ici.<\/u><\/a>","protected":false},"excerpt":{"rendered":"<p>Le magasin de Gedinne de l&rsquo;enseigne fran\u00e7aise Mobalpa du Groupe Fournier, le sp\u00e9cialiste de la cuisine, de la salle de bain et des rangements, a \u00e9t\u00e9 relocalis\u00e9 le 13 octobre 2017.<\/p>\n","protected":false},"author":1,"featured_media":4616,"comment_status":"closed","ping_status":"open","sticky":false,"template":"","format":"standard","meta":{"ngg_post_thumbnail":0,"footnotes":""},"categories":[37],"tags":[],"acf":[],"yoast_head":"<!-- This site is optimized with the Yoast SEO plugin v23.5 - https:\/\/yoast.com\/wordpress\/plugins\/seo\/ -->\n<title>Le magasin de Mobalpa de Gedinne relocalis\u00e9 - F\u00e9d\u00e9ration Belge de la Franchise<\/title>\n<meta name=\"robots\" content=\"index, follow, max-snippet:-1, max-image-preview:large, max-video-preview:-1\" \/>\n<link rel=\"canonical\" href=\"https:\/\/www.fbf-bff.be\/fr\/le-magasin-de-mobalpa-de-gedinne-relocalise-2\/\" \/>\n<meta property=\"og:locale\" content=\"fr_FR\" \/>\n<meta property=\"og:type\" content=\"article\" \/>\n<meta property=\"og:title\" content=\"Le magasin de Mobalpa de Gedinne relocalis\u00e9 - F\u00e9d\u00e9ration Belge de la Franchise\" \/>\n<meta property=\"og:description\" content=\"Le magasin de Gedinne de l&#039;enseigne fran\u00e7aise Mobalpa du Groupe Fournier, le sp\u00e9cialiste de la cuisine, de la salle de bain et des rangements, a \u00e9t\u00e9 relocalis\u00e9 le 13 octobre 2017.\" \/>\n<meta property=\"og:url\" content=\"https:\/\/www.fbf-bff.be\/fr\/le-magasin-de-mobalpa-de-gedinne-relocalise-2\/\" \/>\n<meta property=\"og:site_name\" content=\"F\u00e9d\u00e9ration Belge de la Franchise\" \/>\n<meta property=\"article:published_time\" content=\"2017-11-01T18:01:30+00:00\" \/>\n<meta property=\"og:image\" content=\"https:\/\/www.fbf-bff.be\/wp-content\/uploads\/2021\/10\/Mobalpa-1.jpg\" \/>\n\t<meta property=\"og:image:width\" content=\"1200\" \/>\n\t<meta property=\"og:image:height\" content=\"628\" \/>\n\t<meta property=\"og:image:type\" content=\"image\/jpeg\" \/>\n<meta name=\"author\" content=\"fbf_admin\" \/>\n<meta name=\"twitter:card\" content=\"summary_large_image\" \/>\n<meta name=\"twitter:label1\" content=\"\u00c9crit par\" \/>\n\t<meta name=\"twitter:data1\" content=\"fbf_admin\" \/>\n\t<meta name=\"twitter:label2\" content=\"Dur\u00e9e de lecture estim\u00e9e\" \/>\n\t<meta name=\"twitter:data2\" content=\"1 minute\" \/>\n<script type=\"application\/ld+json\" class=\"yoast-schema-graph\">{\"@context\":\"https:\/\/schema.org\",\"@graph\":[{\"@type\":\"WebPage\",\"@id\":\"https:\/\/www.fbf-bff.be\/fr\/le-magasin-de-mobalpa-de-gedinne-relocalise-2\/\",\"url\":\"https:\/\/www.fbf-bff.be\/fr\/le-magasin-de-mobalpa-de-gedinne-relocalise-2\/\",\"name\":\"Le magasin de Mobalpa de Gedinne relocalis\u00e9 - F\u00e9d\u00e9ration Belge de la Franchise\",\"isPartOf\":{\"@id\":\"https:\/\/www.fbf-bff.be\/#website\"},\"primaryImageOfPage\":{\"@id\":\"https:\/\/www.fbf-bff.be\/fr\/le-magasin-de-mobalpa-de-gedinne-relocalise-2\/#primaryimage\"},\"image\":{\"@id\":\"https:\/\/www.fbf-bff.be\/fr\/le-magasin-de-mobalpa-de-gedinne-relocalise-2\/#primaryimage\"},\"thumbnailUrl\":\"https:\/\/www.fbf-bff.be\/wp-content\/uploads\/2021\/10\/Mobalpa-1.jpg\",\"datePublished\":\"2017-11-01T18:01:30+00:00\",\"dateModified\":\"2017-11-01T18:01:30+00:00\",\"author\":{\"@id\":\"https:\/\/www.fbf-bff.be\/#\/schema\/person\/73a9cbee87288cba2b06e3fc29244fe7\"},\"breadcrumb\":{\"@id\":\"https:\/\/www.fbf-bff.be\/fr\/le-magasin-de-mobalpa-de-gedinne-relocalise-2\/#breadcrumb\"},\"inLanguage\":\"fr-FR\",\"potentialAction\":[{\"@type\":\"ReadAction\",\"target\":[\"https:\/\/www.fbf-bff.be\/fr\/le-magasin-de-mobalpa-de-gedinne-relocalise-2\/\"]}]},{\"@type\":\"ImageObject\",\"inLanguage\":\"fr-FR\",\"@id\":\"https:\/\/www.fbf-bff.be\/fr\/le-magasin-de-mobalpa-de-gedinne-relocalise-2\/#primaryimage\",\"url\":\"https:\/\/www.fbf-bff.be\/wp-content\/uploads\/2021\/10\/Mobalpa-1.jpg\",\"contentUrl\":\"https:\/\/www.fbf-bff.be\/wp-content\/uploads\/2021\/10\/Mobalpa-1.jpg\",\"width\":1200,\"height\":628},{\"@type\":\"BreadcrumbList\",\"@id\":\"https:\/\/www.fbf-bff.be\/fr\/le-magasin-de-mobalpa-de-gedinne-relocalise-2\/#breadcrumb\",\"itemListElement\":[{\"@type\":\"ListItem\",\"position\":1,\"name\":\"Home\",\"item\":\"https:\/\/www.fbf-bff.be\/fr\/\"},{\"@type\":\"ListItem\",\"position\":2,\"name\":\"Le magasin de Mobalpa de Gedinne relocalis\u00e9\"}]},{\"@type\":\"WebSite\",\"@id\":\"https:\/\/www.fbf-bff.be\/#website\",\"url\":\"https:\/\/www.fbf-bff.be\/\",\"name\":\"F\u00e9d\u00e9ration Belge de la Franchise\",\"description\":\"Pour r\u00e9ussir ensemblee\",\"potentialAction\":[{\"@type\":\"SearchAction\",\"target\":{\"@type\":\"EntryPoint\",\"urlTemplate\":\"https:\/\/www.fbf-bff.be\/?s={search_term_string}\"},\"query-input\":{\"@type\":\"PropertyValueSpecification\",\"valueRequired\":true,\"valueName\":\"search_term_string\"}}],\"inLanguage\":\"fr-FR\"},{\"@type\":\"Person\",\"@id\":\"https:\/\/www.fbf-bff.be\/#\/schema\/person\/73a9cbee87288cba2b06e3fc29244fe7\",\"name\":\"fbf_admin\",\"image\":{\"@type\":\"ImageObject\",\"inLanguage\":\"fr-FR\",\"@id\":\"https:\/\/www.fbf-bff.be\/#\/schema\/person\/image\/\",\"url\":\"https:\/\/secure.gravatar.com\/avatar\/20f6483dbe2a69e0999ddcdd1744b7f7?s=96&d=mm&r=g\",\"contentUrl\":\"https:\/\/secure.gravatar.com\/avatar\/20f6483dbe2a69e0999ddcdd1744b7f7?s=96&d=mm&r=g\",\"caption\":\"fbf_admin\"}}]}<\/script>\n<!-- \/ Yoast SEO plugin. -->","yoast_head_json":{"title":"Le magasin de Mobalpa de Gedinne relocalis\u00e9 - F\u00e9d\u00e9ration Belge de la Franchise","robots":{"index":"index","follow":"follow","max-snippet":"max-snippet:-1","max-image-preview":"max-image-preview:large","max-video-preview":"max-video-preview:-1"},"canonical":"https:\/\/www.fbf-bff.be\/fr\/le-magasin-de-mobalpa-de-gedinne-relocalise-2\/","og_locale":"fr_FR","og_type":"article","og_title":"Le magasin de Mobalpa de Gedinne relocalis\u00e9 - F\u00e9d\u00e9ration Belge de la Franchise","og_description":"Le magasin de Gedinne de l'enseigne fran\u00e7aise Mobalpa du Groupe Fournier, le sp\u00e9cialiste de la cuisine, de la salle de bain et des rangements, a \u00e9t\u00e9 relocalis\u00e9 le 13 octobre 2017.","og_url":"https:\/\/www.fbf-bff.be\/fr\/le-magasin-de-mobalpa-de-gedinne-relocalise-2\/","og_site_name":"F\u00e9d\u00e9ration Belge de la Franchise","article_published_time":"2017-11-01T18:01:30+00:00","og_image":[{"width":1200,"height":628,"url":"https:\/\/www.fbf-bff.be\/wp-content\/uploads\/2021\/10\/Mobalpa-1.jpg","type":"image\/jpeg"}],"author":"fbf_admin","twitter_card":"summary_large_image","twitter_misc":{"\u00c9crit par":"fbf_admin","Dur\u00e9e de lecture estim\u00e9e":"1 minute"},"schema":{"@context":"https:\/\/schema.org","@graph":[{"@type":"WebPage","@id":"https:\/\/www.fbf-bff.be\/fr\/le-magasin-de-mobalpa-de-gedinne-relocalise-2\/","url":"https:\/\/www.fbf-bff.be\/fr\/le-magasin-de-mobalpa-de-gedinne-relocalise-2\/","name":"Le magasin de Mobalpa de Gedinne relocalis\u00e9 - F\u00e9d\u00e9ration Belge de la Franchise","isPartOf":{"@id":"https:\/\/www.fbf-bff.be\/#website"},"primaryImageOfPage":{"@id":"https:\/\/www.fbf-bff.be\/fr\/le-magasin-de-mobalpa-de-gedinne-relocalise-2\/#primaryimage"},"image":{"@id":"https:\/\/www.fbf-bff.be\/fr\/le-magasin-de-mobalpa-de-gedinne-relocalise-2\/#primaryimage"},"thumbnailUrl":"https:\/\/www.fbf-bff.be\/wp-content\/uploads\/2021\/10\/Mobalpa-1.jpg","datePublished":"2017-11-01T18:01:30+00:00","dateModified":"2017-11-01T18:01:30+00:00","author":{"@id":"https:\/\/www.fbf-bff.be\/#\/schema\/person\/73a9cbee87288cba2b06e3fc29244fe7"},"breadcrumb":{"@id":"https:\/\/www.fbf-bff.be\/fr\/le-magasin-de-mobalpa-de-gedinne-relocalise-2\/#breadcrumb"},"inLanguage":"fr-FR","potentialAction":[{"@type":"ReadAction","target":["https:\/\/www.fbf-bff.be\/fr\/le-magasin-de-mobalpa-de-gedinne-relocalise-2\/"]}]},{"@type":"ImageObject","inLanguage":"fr-FR","@id":"https:\/\/www.fbf-bff.be\/fr\/le-magasin-de-mobalpa-de-gedinne-relocalise-2\/#primaryimage","url":"https:\/\/www.fbf-bff.be\/wp-content\/uploads\/2021\/10\/Mobalpa-1.jpg","contentUrl":"https:\/\/www.fbf-bff.be\/wp-content\/uploads\/2021\/10\/Mobalpa-1.jpg","width":1200,"height":628},{"@type":"BreadcrumbList","@id":"https:\/\/www.fbf-bff.be\/fr\/le-magasin-de-mobalpa-de-gedinne-relocalise-2\/#breadcrumb","itemListElement":[{"@type":"ListItem","position":1,"name":"Home","item":"https:\/\/www.fbf-bff.be\/fr\/"},{"@type":"ListItem","position":2,"name":"Le magasin de Mobalpa de Gedinne relocalis\u00e9"}]},{"@type":"WebSite","@id":"https:\/\/www.fbf-bff.be\/#website","url":"https:\/\/www.fbf-bff.be\/","name":"F\u00e9d\u00e9ration Belge de la Franchise","description":"Pour r\u00e9ussir ensemblee","potentialAction":[{"@type":"SearchAction","target":{"@type":"EntryPoint","urlTemplate":"https:\/\/www.fbf-bff.be\/?s={search_term_string}"},"query-input":{"@type":"PropertyValueSpecification","valueRequired":true,"valueName":"search_term_string"}}],"inLanguage":"fr-FR"},{"@type":"Person","@id":"https:\/\/www.fbf-bff.be\/#\/schema\/person\/73a9cbee87288cba2b06e3fc29244fe7","name":"fbf_admin","image":{"@type":"ImageObject","inLanguage":"fr-FR","@id":"https:\/\/www.fbf-bff.be\/#\/schema\/person\/image\/","url":"https:\/\/secure.gravatar.com\/avatar\/20f6483dbe2a69e0999ddcdd1744b7f7?s=96&d=mm&r=g","contentUrl":"https:\/\/secure.gravatar.com\/avatar\/20f6483dbe2a69e0999ddcdd1744b7f7?s=96&d=mm&r=g","caption":"fbf_admin"}}]}},"_links":{"self":[{"href":"https:\/\/www.fbf-bff.be\/fr\/wp-json\/wp\/v2\/posts\/8954"}],"collection":[{"href":"https:\/\/www.fbf-bff.be\/fr\/wp-json\/wp\/v2\/posts"}],"about":[{"href":"https:\/\/www.fbf-bff.be\/fr\/wp-json\/wp\/v2\/types\/post"}],"author":[{"embeddable":true,"href":"https:\/\/www.fbf-bff.be\/fr\/wp-json\/wp\/v2\/users\/1"}],"replies":[{"embeddable":true,"href":"https:\/\/www.fbf-bff.be\/fr\/wp-json\/wp\/v2\/comments?post=8954"}],"version-history":[{"count":0,"href":"https:\/\/www.fbf-bff.be\/fr\/wp-json\/wp\/v2\/posts\/8954\/revisions"}],"wp:featuredmedia":[{"embeddable":true,"href":"https:\/\/www.fbf-bff.be\/fr\/wp-json\/wp\/v2\/media\/4616"}],"wp:attachment":[{"href":"https:\/\/www.fbf-bff.be\/fr\/wp-json\/wp\/v2\/media?parent=8954"}],"wp:term":[{"taxonomy":"category","embeddable":true,"href":"https:\/\/www.fbf-bff.be\/fr\/wp-json\/wp\/v2\/categories?post=8954"},{"taxonomy":"post_tag","embeddable":true,"href":"https:\/\/www.fbf-bff.be\/fr\/wp-json\/wp\/v2\/tags?post=8954"}],"curies":[{"name":"wp","href":"https:\/\/api.w.org\/{rel}","templated":true}]}}