{"id":8874,"date":"2017-09-04T12:58:01","date_gmt":"2017-09-04T10:58:01","guid":{"rendered":"https:\/\/www.fbf-bff.be\/11919\/"},"modified":"2017-09-04T12:58:01","modified_gmt":"2017-09-04T10:58:01","slug":"11919","status":"publish","type":"post","link":"https:\/\/www.fbf-bff.be\/fr\/11919\/","title":{"rendered":"Mestdagh rouvre officiellement les portes de son magasin situ\u00e9 \u00e0 Uccle ce  lundi 4 septembre apr\u00e8s des travaux de r\u00e9novation"},"content":{"rendered":"<p style=\"text-align: left\">Apr\u00e8s deux semaines de fermeture, 2 semaines de finition et une v\u00e9ritable m\u00e9tamorphose, le Carrefour Market \u2013 Groupe Mestdagh d\u2019Uccle rouvre ses portes ce lundi 4 septembre.\r\nLes clients peuvent y d\u00e9couvrir un plus large choix de produits, principalement des produits frais, BIO et v\u00e9g\u00e9tariens ainsi qu\u2019une s\u00e9lection de produits pr\u00eats \u00e0 consommer.<\/p>\r\n<p style=\"text-align: left\">\r\n<strong>Un immense march\u00e9 du frais\r\n<\/strong>\r\nComme dans tous les \u00ab Market \u00bb, le client trouvera un riche assortiment de fruits, de l\u00e9gumes, de fromages, de laitages, mais aussi une grande vari\u00e9t\u00e9 de viandes de qualit\u00e9 et un \u00e9ventail de poissons fra\u00eechement emball\u00e9s et livr\u00e9s quotidiennement. Les \u00ab market \u00bb du Groupe Mestdagh sont des supermarch\u00e9s de proximit\u00e9 avec un service et un accueil de qualit\u00e9 ainsi qu\u2019une gamme comp\u00e9titive ax\u00e9e sur les produits frais et un premier choix en boucherie, boulangerie et fruits et l\u00e9gumes. Nous voulons \u00eatre reconnus pour la qualit\u00e9 de notre service et de nos rayons frais. En frais, le v\u00e9g\u00e9tarien est boost\u00e9 et le bio passe \u00e0 la taille XL. Ce sont plus de 500 produits BIO r\u00e9partis en fruits et l\u00e9gumes, en boucherie, en charcuterie, en cr\u00e8merie et en \u00e9picerie. Tout cela avec la mise en avant de produits de qualit\u00e9 haut de gamme pour les plus exigeants.<\/p>\r\n<p style=\"text-align: left\">\r\n<a href=\"https:\/\/www.fbf-bff.be\/wp-content\/uploads\/2021\/10\/VDK-2-min.jpg\"><img loading=\"lazy\" decoding=\"async\" class=\"alignnone size-medium wp-image-11921\" src=\"https:\/\/www.fbf-bff.be\/wp-content\/uploads\/2021\/10\/VDK-2-min-300x201-1.jpg\" alt=\"\" width=\"300\" height=\"201\" \/><\/a><\/p>\r\n<p style=\"text-align: left\">\r\n<strong>Des produits pr\u00eats \u00e0 consommer\r\n<\/strong>\r\nNous avons int\u00e9gr\u00e9 un circuit court \u00e0 l&rsquo;entr\u00e9e du magasin, pour raccourcir le trajet des clients press\u00e9s \u00e0 la pause de midi: easy break (sp\u00e9cialit\u00e9s, wraps, etc.), sushis, gamme gastronome, traiteur frais emball\u00e9, portions p\u00e2tisserie, portions fromage, ap\u00e9ro-time, produits locaux en frais, presse, boissons fra\u00eeches et machine \u00e0 jus. C&rsquo;est une autre nouveaut\u00e9 de notre magasin d&rsquo;Uccle: un stand avec des produits pr\u00eats \u00e0 r\u00e9chauffer, en pizza et r\u00f4tisserie d\u00e9coup\u00e9e aussi des baguettes garnies. Les articles peuvent \u00eatre cuits ou pass\u00e9s au grill d\u00e8s la sortie des caisses, o\u00f9 des appareils sont install\u00e9s pour nos clients. Il suffit de suivre les instructions: en trente secondes, c&rsquo;est fait. Des tabourets permettent m\u00eame de d\u00e9guster sur place, comme au snack.<\/p>\r\n<p style=\"text-align: left\"><a href=\"https:\/\/www.fbf-bff.be\/wp-content\/uploads\/2021\/10\/Pizza-Sandwich-min.jpg\"><img loading=\"lazy\" decoding=\"async\" class=\"alignnone size-medium wp-image-11920\" src=\"https:\/\/www.fbf-bff.be\/wp-content\/uploads\/2021\/10\/Pizza-Sandwich-min-300x201-1.jpg\" alt=\"\" width=\"300\" height=\"201\" \/><\/a><\/p>\r\n<p style=\"text-align: left\">\r\n<strong>File unique aux caisses\r\n<\/strong>\r\nApr\u00e8s nos supermarch\u00e9s de Li\u00e8ge et Ville 2 qui ont adopt\u00e9 le concept de file unique aux caisses, celui d\u2019Uccle s&rsquo;en est empar\u00e9 pour r\u00e9pondre aux besoins d&rsquo;une majorit\u00e9 de clients avec de petits paniers. Ca r\u00e9duit le sentiment d&rsquo;attente et \u00e7a fluidifie les passages en caisse, particuli\u00e8rement aux heures de pointe. Gr\u00e2ce \u00e0 l&rsquo;implantation d&rsquo;un circuit court, le client\r\ntrouve facilement et rapidement tout ce qu&rsquo;il cherche pour manger.<\/p>\r\n<p style=\"text-align: left\">Pour en savoir plus sur le r\u00e9seau de franchise de Mestdagh, cliquez ici.<\/p>","protected":false},"excerpt":{"rendered":"<p>Apr\u00e8s deux semaines de fermeture, 2 semaines de finition et une v\u00e9ritable m\u00e9tamorphose,<br \/>\nle Carrefour Market \u2013 Groupe Mestdagh d\u2019Uccle rouvre ses portes ce lundi 4 septembre.<\/p>\n","protected":false},"author":1,"featured_media":4983,"comment_status":"closed","ping_status":"open","sticky":false,"template":"","format":"standard","meta":{"ngg_post_thumbnail":0,"footnotes":""},"categories":[37],"tags":[],"acf":[],"yoast_head":"<!-- This site is optimized with the Yoast SEO plugin v23.5 - https:\/\/yoast.com\/wordpress\/plugins\/seo\/ -->\n<title>Mestdagh rouvre officiellement les portes de son magasin situ\u00e9 \u00e0 Uccle ce lundi 4 septembre apr\u00e8s des travaux de r\u00e9novation - F\u00e9d\u00e9ration Belge de la Franchise<\/title>\n<meta name=\"robots\" content=\"index, follow, max-snippet:-1, max-image-preview:large, max-video-preview:-1\" \/>\n<link rel=\"canonical\" href=\"https:\/\/www.fbf-bff.be\/fr\/11919\/\" \/>\n<meta property=\"og:locale\" content=\"fr_FR\" \/>\n<meta property=\"og:type\" content=\"article\" \/>\n<meta property=\"og:title\" content=\"Mestdagh rouvre officiellement les portes de son magasin situ\u00e9 \u00e0 Uccle ce lundi 4 septembre apr\u00e8s des travaux de r\u00e9novation - F\u00e9d\u00e9ration Belge de la Franchise\" \/>\n<meta property=\"og:description\" content=\"Apr\u00e8s deux semaines de fermeture, 2 semaines de finition et une v\u00e9ritable m\u00e9tamorphose, le Carrefour Market \u2013 Groupe Mestdagh d\u2019Uccle rouvre ses portes ce lundi 4 septembre.\" \/>\n<meta property=\"og:url\" content=\"https:\/\/www.fbf-bff.be\/fr\/11919\/\" \/>\n<meta property=\"og:site_name\" content=\"F\u00e9d\u00e9ration Belge de la Franchise\" \/>\n<meta property=\"article:published_time\" content=\"2017-09-04T10:58:01+00:00\" \/>\n<meta property=\"og:image\" content=\"https:\/\/www.fbf-bff.be\/wp-content\/uploads\/2021\/10\/Logo-Market-Groupe-Mestdagh-Blanc.jpg\" \/>\n\t<meta property=\"og:image:width\" content=\"1920\" \/>\n\t<meta property=\"og:image:height\" content=\"537\" \/>\n\t<meta property=\"og:image:type\" content=\"image\/jpeg\" \/>\n<meta name=\"author\" content=\"fbf_admin\" \/>\n<meta name=\"twitter:card\" content=\"summary_large_image\" \/>\n<meta name=\"twitter:label1\" content=\"\u00c9crit par\" \/>\n\t<meta name=\"twitter:data1\" content=\"fbf_admin\" \/>\n\t<meta name=\"twitter:label2\" content=\"Dur\u00e9e de lecture estim\u00e9e\" \/>\n\t<meta name=\"twitter:data2\" content=\"2 minutes\" \/>\n<script type=\"application\/ld+json\" class=\"yoast-schema-graph\">{\"@context\":\"https:\/\/schema.org\",\"@graph\":[{\"@type\":\"WebPage\",\"@id\":\"https:\/\/www.fbf-bff.be\/fr\/11919\/\",\"url\":\"https:\/\/www.fbf-bff.be\/fr\/11919\/\",\"name\":\"Mestdagh rouvre officiellement les portes de son magasin situ\u00e9 \u00e0 Uccle ce lundi 4 septembre apr\u00e8s des travaux de r\u00e9novation - F\u00e9d\u00e9ration Belge de la Franchise\",\"isPartOf\":{\"@id\":\"https:\/\/www.fbf-bff.be\/#website\"},\"primaryImageOfPage\":{\"@id\":\"https:\/\/www.fbf-bff.be\/fr\/11919\/#primaryimage\"},\"image\":{\"@id\":\"https:\/\/www.fbf-bff.be\/fr\/11919\/#primaryimage\"},\"thumbnailUrl\":\"https:\/\/www.fbf-bff.be\/wp-content\/uploads\/2021\/10\/Logo-Market-Groupe-Mestdagh-Blanc.jpg\",\"datePublished\":\"2017-09-04T10:58:01+00:00\",\"dateModified\":\"2017-09-04T10:58:01+00:00\",\"author\":{\"@id\":\"https:\/\/www.fbf-bff.be\/#\/schema\/person\/73a9cbee87288cba2b06e3fc29244fe7\"},\"breadcrumb\":{\"@id\":\"https:\/\/www.fbf-bff.be\/fr\/11919\/#breadcrumb\"},\"inLanguage\":\"fr-FR\",\"potentialAction\":[{\"@type\":\"ReadAction\",\"target\":[\"https:\/\/www.fbf-bff.be\/fr\/11919\/\"]}]},{\"@type\":\"ImageObject\",\"inLanguage\":\"fr-FR\",\"@id\":\"https:\/\/www.fbf-bff.be\/fr\/11919\/#primaryimage\",\"url\":\"https:\/\/www.fbf-bff.be\/wp-content\/uploads\/2021\/10\/Logo-Market-Groupe-Mestdagh-Blanc.jpg\",\"contentUrl\":\"https:\/\/www.fbf-bff.be\/wp-content\/uploads\/2021\/10\/Logo-Market-Groupe-Mestdagh-Blanc.jpg\",\"width\":1920,\"height\":537},{\"@type\":\"BreadcrumbList\",\"@id\":\"https:\/\/www.fbf-bff.be\/fr\/11919\/#breadcrumb\",\"itemListElement\":[{\"@type\":\"ListItem\",\"position\":1,\"name\":\"Home\",\"item\":\"https:\/\/www.fbf-bff.be\/fr\/\"},{\"@type\":\"ListItem\",\"position\":2,\"name\":\"Mestdagh rouvre officiellement les portes de son magasin situ\u00e9 \u00e0 Uccle ce lundi 4 septembre apr\u00e8s des travaux de r\u00e9novation\"}]},{\"@type\":\"WebSite\",\"@id\":\"https:\/\/www.fbf-bff.be\/#website\",\"url\":\"https:\/\/www.fbf-bff.be\/\",\"name\":\"F\u00e9d\u00e9ration Belge de la Franchise\",\"description\":\"Pour r\u00e9ussir ensemblee\",\"potentialAction\":[{\"@type\":\"SearchAction\",\"target\":{\"@type\":\"EntryPoint\",\"urlTemplate\":\"https:\/\/www.fbf-bff.be\/?s={search_term_string}\"},\"query-input\":{\"@type\":\"PropertyValueSpecification\",\"valueRequired\":true,\"valueName\":\"search_term_string\"}}],\"inLanguage\":\"fr-FR\"},{\"@type\":\"Person\",\"@id\":\"https:\/\/www.fbf-bff.be\/#\/schema\/person\/73a9cbee87288cba2b06e3fc29244fe7\",\"name\":\"fbf_admin\",\"image\":{\"@type\":\"ImageObject\",\"inLanguage\":\"fr-FR\",\"@id\":\"https:\/\/www.fbf-bff.be\/#\/schema\/person\/image\/\",\"url\":\"https:\/\/secure.gravatar.com\/avatar\/20f6483dbe2a69e0999ddcdd1744b7f7?s=96&d=mm&r=g\",\"contentUrl\":\"https:\/\/secure.gravatar.com\/avatar\/20f6483dbe2a69e0999ddcdd1744b7f7?s=96&d=mm&r=g\",\"caption\":\"fbf_admin\"}}]}<\/script>\n<!-- \/ Yoast SEO plugin. -->","yoast_head_json":{"title":"Mestdagh rouvre officiellement les portes de son magasin situ\u00e9 \u00e0 Uccle ce lundi 4 septembre apr\u00e8s des travaux de r\u00e9novation - F\u00e9d\u00e9ration Belge de la Franchise","robots":{"index":"index","follow":"follow","max-snippet":"max-snippet:-1","max-image-preview":"max-image-preview:large","max-video-preview":"max-video-preview:-1"},"canonical":"https:\/\/www.fbf-bff.be\/fr\/11919\/","og_locale":"fr_FR","og_type":"article","og_title":"Mestdagh rouvre officiellement les portes de son magasin situ\u00e9 \u00e0 Uccle ce lundi 4 septembre apr\u00e8s des travaux de r\u00e9novation - F\u00e9d\u00e9ration Belge de la Franchise","og_description":"Apr\u00e8s deux semaines de fermeture, 2 semaines de finition et une v\u00e9ritable m\u00e9tamorphose, le Carrefour Market \u2013 Groupe Mestdagh d\u2019Uccle rouvre ses portes ce lundi 4 septembre.","og_url":"https:\/\/www.fbf-bff.be\/fr\/11919\/","og_site_name":"F\u00e9d\u00e9ration Belge de la Franchise","article_published_time":"2017-09-04T10:58:01+00:00","og_image":[{"width":1920,"height":537,"url":"https:\/\/www.fbf-bff.be\/wp-content\/uploads\/2021\/10\/Logo-Market-Groupe-Mestdagh-Blanc.jpg","type":"image\/jpeg"}],"author":"fbf_admin","twitter_card":"summary_large_image","twitter_misc":{"\u00c9crit par":"fbf_admin","Dur\u00e9e de lecture estim\u00e9e":"2 minutes"},"schema":{"@context":"https:\/\/schema.org","@graph":[{"@type":"WebPage","@id":"https:\/\/www.fbf-bff.be\/fr\/11919\/","url":"https:\/\/www.fbf-bff.be\/fr\/11919\/","name":"Mestdagh rouvre officiellement les portes de son magasin situ\u00e9 \u00e0 Uccle ce lundi 4 septembre apr\u00e8s des travaux de r\u00e9novation - F\u00e9d\u00e9ration Belge de la Franchise","isPartOf":{"@id":"https:\/\/www.fbf-bff.be\/#website"},"primaryImageOfPage":{"@id":"https:\/\/www.fbf-bff.be\/fr\/11919\/#primaryimage"},"image":{"@id":"https:\/\/www.fbf-bff.be\/fr\/11919\/#primaryimage"},"thumbnailUrl":"https:\/\/www.fbf-bff.be\/wp-content\/uploads\/2021\/10\/Logo-Market-Groupe-Mestdagh-Blanc.jpg","datePublished":"2017-09-04T10:58:01+00:00","dateModified":"2017-09-04T10:58:01+00:00","author":{"@id":"https:\/\/www.fbf-bff.be\/#\/schema\/person\/73a9cbee87288cba2b06e3fc29244fe7"},"breadcrumb":{"@id":"https:\/\/www.fbf-bff.be\/fr\/11919\/#breadcrumb"},"inLanguage":"fr-FR","potentialAction":[{"@type":"ReadAction","target":["https:\/\/www.fbf-bff.be\/fr\/11919\/"]}]},{"@type":"ImageObject","inLanguage":"fr-FR","@id":"https:\/\/www.fbf-bff.be\/fr\/11919\/#primaryimage","url":"https:\/\/www.fbf-bff.be\/wp-content\/uploads\/2021\/10\/Logo-Market-Groupe-Mestdagh-Blanc.jpg","contentUrl":"https:\/\/www.fbf-bff.be\/wp-content\/uploads\/2021\/10\/Logo-Market-Groupe-Mestdagh-Blanc.jpg","width":1920,"height":537},{"@type":"BreadcrumbList","@id":"https:\/\/www.fbf-bff.be\/fr\/11919\/#breadcrumb","itemListElement":[{"@type":"ListItem","position":1,"name":"Home","item":"https:\/\/www.fbf-bff.be\/fr\/"},{"@type":"ListItem","position":2,"name":"Mestdagh rouvre officiellement les portes de son magasin situ\u00e9 \u00e0 Uccle ce lundi 4 septembre apr\u00e8s des travaux de r\u00e9novation"}]},{"@type":"WebSite","@id":"https:\/\/www.fbf-bff.be\/#website","url":"https:\/\/www.fbf-bff.be\/","name":"F\u00e9d\u00e9ration Belge de la Franchise","description":"Pour r\u00e9ussir ensemblee","potentialAction":[{"@type":"SearchAction","target":{"@type":"EntryPoint","urlTemplate":"https:\/\/www.fbf-bff.be\/?s={search_term_string}"},"query-input":{"@type":"PropertyValueSpecification","valueRequired":true,"valueName":"search_term_string"}}],"inLanguage":"fr-FR"},{"@type":"Person","@id":"https:\/\/www.fbf-bff.be\/#\/schema\/person\/73a9cbee87288cba2b06e3fc29244fe7","name":"fbf_admin","image":{"@type":"ImageObject","inLanguage":"fr-FR","@id":"https:\/\/www.fbf-bff.be\/#\/schema\/person\/image\/","url":"https:\/\/secure.gravatar.com\/avatar\/20f6483dbe2a69e0999ddcdd1744b7f7?s=96&d=mm&r=g","contentUrl":"https:\/\/secure.gravatar.com\/avatar\/20f6483dbe2a69e0999ddcdd1744b7f7?s=96&d=mm&r=g","caption":"fbf_admin"}}]}},"_links":{"self":[{"href":"https:\/\/www.fbf-bff.be\/fr\/wp-json\/wp\/v2\/posts\/8874"}],"collection":[{"href":"https:\/\/www.fbf-bff.be\/fr\/wp-json\/wp\/v2\/posts"}],"about":[{"href":"https:\/\/www.fbf-bff.be\/fr\/wp-json\/wp\/v2\/types\/post"}],"author":[{"embeddable":true,"href":"https:\/\/www.fbf-bff.be\/fr\/wp-json\/wp\/v2\/users\/1"}],"replies":[{"embeddable":true,"href":"https:\/\/www.fbf-bff.be\/fr\/wp-json\/wp\/v2\/comments?post=8874"}],"version-history":[{"count":0,"href":"https:\/\/www.fbf-bff.be\/fr\/wp-json\/wp\/v2\/posts\/8874\/revisions"}],"wp:featuredmedia":[{"embeddable":true,"href":"https:\/\/www.fbf-bff.be\/fr\/wp-json\/wp\/v2\/media\/4983"}],"wp:attachment":[{"href":"https:\/\/www.fbf-bff.be\/fr\/wp-json\/wp\/v2\/media?parent=8874"}],"wp:term":[{"taxonomy":"category","embeddable":true,"href":"https:\/\/www.fbf-bff.be\/fr\/wp-json\/wp\/v2\/categories?post=8874"},{"taxonomy":"post_tag","embeddable":true,"href":"https:\/\/www.fbf-bff.be\/fr\/wp-json\/wp\/v2\/tags?post=8874"}],"curies":[{"name":"wp","href":"https:\/\/api.w.org\/{rel}","templated":true}]}}