{"id":8669,"date":"2017-03-23T09:31:30","date_gmt":"2017-03-23T08:31:30","guid":{"rendered":"https:\/\/www.fbf-bff.be\/rendez-vous-chez-mcdonalds-pour-le-mcmorning\/"},"modified":"2017-03-23T09:31:30","modified_gmt":"2017-03-23T08:31:30","slug":"rendez-vous-chez-mcdonalds-pour-le-mcmorning","status":"publish","type":"post","link":"https:\/\/www.fbf-bff.be\/fr\/rendez-vous-chez-mcdonalds-pour-le-mcmorning\/","title":{"rendered":"Rendez-vous chez McDonald&#8217;s pour le McMorning"},"content":{"rendered":"<strong>Rien de tel qu\u2019un bon petit-d\u00e9jeuner pour d\u00e9marrer la journ\u00e9e du bon pied.\u00a0 <\/strong><strong>Le r\u00e9seau de franchise <\/strong><strong>McDonald\u2019s Belgique donne rendez-vous \u00e0 ses clients d\u00e8s le r\u00e9veil et propose maintenant une offre \u00ab\u00a0petit-d\u00e9jeuner\u00a0\u00bb plus \u00e9tendue.\u00a0<\/strong>\r\n\r\n<strong>Cinq formules gourmandes \u00e0 prix tout doux.<\/strong>\r\n\r\nLa gamme McMorning du r\u00e9seau de franchise McDo se composera de 5 menus gourmands\u00a0:\r\n<ul>\r\n \t<li>French Breakfast\u00a0: caf\u00e9 ou th\u00e9 + croissant ou pain au chocolat<\/li>\r\n \t<li>Belgian Breakfast\u00a0: caf\u00e9 ou th\u00e9 + pistolet avec Nutella ou confiture<\/li>\r\n \t<li>Belgian Breakfast\u00a0: caf\u00e9 ou th\u00e9 + pistolet avec jambon ou fromage<\/li>\r\n \t<li>English Breakfast\u00a0: caf\u00e9 ou th\u00e9 + Bacon McMuffin &amp; Egg<\/li>\r\n \t<li>American Breakfast\u00a0: caf\u00e9 ou th\u00e9 + 3 pancakes avec sirop d\u2019\u00e9rables<\/li>\r\n \t<li>Deluxe Breakfast\u00a0: caf\u00e9 ou th\u00e9 + Tropicana + 3 tranches de bacon + \u0153ufs brouill\u00e9s + McMuffin + Hash Brown<\/li>\r\n<\/ul>\r\nPetite ou grande faim\u00a0? Les clients pourront \u00e9galement opter pour un petit-d\u00e9jeuner \u00e0 la carte et composer leur menu au gr\u00e9 de leurs envies. Ils pourront aussi se laisser tenter par un Yaourt Cruesli ou un Yaourt Cruesli &amp; salade de fruits.\r\n\r\nMcDo invite \u00e0 la gourmandise d\u00e8s le petit-d\u00e9jeuner et propose une vari\u00e9t\u00e9 de douceurs accompagn\u00e9es d\u2019un caf\u00e9 savoureux et \u00e9quitable Segafredo. Le caf\u00e9 Segafredo propos\u00e9 par McDo est 100% Arabica, fra\u00eechement moulu et issu de fermes certifi\u00e9 \u00ab Rainforest Alliance \u00bb.\r\n\r\nL\u2019offre McMorning sera disponible dans les restaurants franchis\u00e9s belges participants. Pour la liste compl\u00e8te des restaurants belges participants, rendez-vous sur\u00a0<a href=\"http:\/\/www.mcdonalds.be\/\" class=\"broken_link\">www.mcdonalds.be<\/a>.","protected":false},"excerpt":{"rendered":"<p>Rien de tel qu\u2019un bon petit-d\u00e9jeuner pour d\u00e9marrer la journ\u00e9e du bon pied.  Le r\u00e9seau de franchise McDonald\u2019s Belgique donne rendez-vous \u00e0 ses clients d\u00e8s le r\u00e9veil et propose maintenant une offre \u00ab\u00a0petit-d\u00e9jeuner\u00a0\u00bb plus \u00e9tendue.<\/p>\n","protected":false},"author":1,"featured_media":4324,"comment_status":"closed","ping_status":"open","sticky":false,"template":"","format":"standard","meta":{"ngg_post_thumbnail":0,"footnotes":""},"categories":[37],"tags":[],"acf":[],"yoast_head":"<!-- This site is optimized with the Yoast SEO plugin v23.5 - https:\/\/yoast.com\/wordpress\/plugins\/seo\/ -->\n<title>Rendez-vous chez McDonald&#8217;s pour le McMorning - F\u00e9d\u00e9ration Belge de la Franchise<\/title>\n<meta name=\"robots\" content=\"index, follow, max-snippet:-1, max-image-preview:large, max-video-preview:-1\" \/>\n<link rel=\"canonical\" href=\"https:\/\/www.fbf-bff.be\/fr\/rendez-vous-chez-mcdonalds-pour-le-mcmorning\/\" \/>\n<meta property=\"og:locale\" content=\"fr_FR\" \/>\n<meta property=\"og:type\" content=\"article\" \/>\n<meta property=\"og:title\" content=\"Rendez-vous chez McDonald&#8217;s pour le McMorning - F\u00e9d\u00e9ration Belge de la Franchise\" \/>\n<meta property=\"og:description\" content=\"Rien de tel qu\u2019un bon petit-d\u00e9jeuner pour d\u00e9marrer la journ\u00e9e du bon pied. Le r\u00e9seau de franchise McDonald\u2019s Belgique donne rendez-vous \u00e0 ses clients d\u00e8s le r\u00e9veil et propose maintenant une offre &quot;petit-d\u00e9jeuner&quot; plus \u00e9tendue.\" \/>\n<meta property=\"og:url\" content=\"https:\/\/www.fbf-bff.be\/fr\/rendez-vous-chez-mcdonalds-pour-le-mcmorning\/\" \/>\n<meta property=\"og:site_name\" content=\"F\u00e9d\u00e9ration Belge de la Franchise\" \/>\n<meta property=\"article:published_time\" content=\"2017-03-23T08:31:30+00:00\" \/>\n<meta property=\"og:image\" content=\"https:\/\/www.fbf-bff.be\/wp-content\/uploads\/2021\/10\/mcmorning.jpg\" \/>\n\t<meta property=\"og:image:width\" content=\"854\" \/>\n\t<meta property=\"og:image:height\" content=\"374\" \/>\n\t<meta property=\"og:image:type\" content=\"image\/jpeg\" \/>\n<meta name=\"author\" content=\"fbf_admin\" \/>\n<meta name=\"twitter:card\" content=\"summary_large_image\" \/>\n<meta name=\"twitter:label1\" content=\"\u00c9crit par\" \/>\n\t<meta name=\"twitter:data1\" content=\"fbf_admin\" \/>\n\t<meta name=\"twitter:label2\" content=\"Dur\u00e9e de lecture estim\u00e9e\" \/>\n\t<meta name=\"twitter:data2\" content=\"1 minute\" \/>\n<script type=\"application\/ld+json\" class=\"yoast-schema-graph\">{\"@context\":\"https:\/\/schema.org\",\"@graph\":[{\"@type\":\"WebPage\",\"@id\":\"https:\/\/www.fbf-bff.be\/fr\/rendez-vous-chez-mcdonalds-pour-le-mcmorning\/\",\"url\":\"https:\/\/www.fbf-bff.be\/fr\/rendez-vous-chez-mcdonalds-pour-le-mcmorning\/\",\"name\":\"Rendez-vous chez McDonald&#8217;s pour le McMorning - F\u00e9d\u00e9ration Belge de la Franchise\",\"isPartOf\":{\"@id\":\"https:\/\/www.fbf-bff.be\/#website\"},\"primaryImageOfPage\":{\"@id\":\"https:\/\/www.fbf-bff.be\/fr\/rendez-vous-chez-mcdonalds-pour-le-mcmorning\/#primaryimage\"},\"image\":{\"@id\":\"https:\/\/www.fbf-bff.be\/fr\/rendez-vous-chez-mcdonalds-pour-le-mcmorning\/#primaryimage\"},\"thumbnailUrl\":\"https:\/\/www.fbf-bff.be\/wp-content\/uploads\/2021\/10\/mcmorning.jpg\",\"datePublished\":\"2017-03-23T08:31:30+00:00\",\"dateModified\":\"2017-03-23T08:31:30+00:00\",\"author\":{\"@id\":\"https:\/\/www.fbf-bff.be\/#\/schema\/person\/73a9cbee87288cba2b06e3fc29244fe7\"},\"breadcrumb\":{\"@id\":\"https:\/\/www.fbf-bff.be\/fr\/rendez-vous-chez-mcdonalds-pour-le-mcmorning\/#breadcrumb\"},\"inLanguage\":\"fr-FR\",\"potentialAction\":[{\"@type\":\"ReadAction\",\"target\":[\"https:\/\/www.fbf-bff.be\/fr\/rendez-vous-chez-mcdonalds-pour-le-mcmorning\/\"]}]},{\"@type\":\"ImageObject\",\"inLanguage\":\"fr-FR\",\"@id\":\"https:\/\/www.fbf-bff.be\/fr\/rendez-vous-chez-mcdonalds-pour-le-mcmorning\/#primaryimage\",\"url\":\"https:\/\/www.fbf-bff.be\/wp-content\/uploads\/2021\/10\/mcmorning.jpg\",\"contentUrl\":\"https:\/\/www.fbf-bff.be\/wp-content\/uploads\/2021\/10\/mcmorning.jpg\",\"width\":854,\"height\":374},{\"@type\":\"BreadcrumbList\",\"@id\":\"https:\/\/www.fbf-bff.be\/fr\/rendez-vous-chez-mcdonalds-pour-le-mcmorning\/#breadcrumb\",\"itemListElement\":[{\"@type\":\"ListItem\",\"position\":1,\"name\":\"Home\",\"item\":\"https:\/\/www.fbf-bff.be\/fr\/\"},{\"@type\":\"ListItem\",\"position\":2,\"name\":\"Rendez-vous chez McDonald&#8217;s pour le McMorning\"}]},{\"@type\":\"WebSite\",\"@id\":\"https:\/\/www.fbf-bff.be\/#website\",\"url\":\"https:\/\/www.fbf-bff.be\/\",\"name\":\"F\u00e9d\u00e9ration Belge de la Franchise\",\"description\":\"Pour r\u00e9ussir ensemblee\",\"potentialAction\":[{\"@type\":\"SearchAction\",\"target\":{\"@type\":\"EntryPoint\",\"urlTemplate\":\"https:\/\/www.fbf-bff.be\/?s={search_term_string}\"},\"query-input\":{\"@type\":\"PropertyValueSpecification\",\"valueRequired\":true,\"valueName\":\"search_term_string\"}}],\"inLanguage\":\"fr-FR\"},{\"@type\":\"Person\",\"@id\":\"https:\/\/www.fbf-bff.be\/#\/schema\/person\/73a9cbee87288cba2b06e3fc29244fe7\",\"name\":\"fbf_admin\",\"image\":{\"@type\":\"ImageObject\",\"inLanguage\":\"fr-FR\",\"@id\":\"https:\/\/www.fbf-bff.be\/#\/schema\/person\/image\/\",\"url\":\"https:\/\/secure.gravatar.com\/avatar\/20f6483dbe2a69e0999ddcdd1744b7f7?s=96&d=mm&r=g\",\"contentUrl\":\"https:\/\/secure.gravatar.com\/avatar\/20f6483dbe2a69e0999ddcdd1744b7f7?s=96&d=mm&r=g\",\"caption\":\"fbf_admin\"}}]}<\/script>\n<!-- \/ Yoast SEO plugin. -->","yoast_head_json":{"title":"Rendez-vous chez McDonald&#8217;s pour le McMorning - F\u00e9d\u00e9ration Belge de la Franchise","robots":{"index":"index","follow":"follow","max-snippet":"max-snippet:-1","max-image-preview":"max-image-preview:large","max-video-preview":"max-video-preview:-1"},"canonical":"https:\/\/www.fbf-bff.be\/fr\/rendez-vous-chez-mcdonalds-pour-le-mcmorning\/","og_locale":"fr_FR","og_type":"article","og_title":"Rendez-vous chez McDonald&#8217;s pour le McMorning - F\u00e9d\u00e9ration Belge de la Franchise","og_description":"Rien de tel qu\u2019un bon petit-d\u00e9jeuner pour d\u00e9marrer la journ\u00e9e du bon pied. Le r\u00e9seau de franchise McDonald\u2019s Belgique donne rendez-vous \u00e0 ses clients d\u00e8s le r\u00e9veil et propose maintenant une offre \"petit-d\u00e9jeuner\" plus \u00e9tendue.","og_url":"https:\/\/www.fbf-bff.be\/fr\/rendez-vous-chez-mcdonalds-pour-le-mcmorning\/","og_site_name":"F\u00e9d\u00e9ration Belge de la Franchise","article_published_time":"2017-03-23T08:31:30+00:00","og_image":[{"width":854,"height":374,"url":"https:\/\/www.fbf-bff.be\/wp-content\/uploads\/2021\/10\/mcmorning.jpg","type":"image\/jpeg"}],"author":"fbf_admin","twitter_card":"summary_large_image","twitter_misc":{"\u00c9crit par":"fbf_admin","Dur\u00e9e de lecture estim\u00e9e":"1 minute"},"schema":{"@context":"https:\/\/schema.org","@graph":[{"@type":"WebPage","@id":"https:\/\/www.fbf-bff.be\/fr\/rendez-vous-chez-mcdonalds-pour-le-mcmorning\/","url":"https:\/\/www.fbf-bff.be\/fr\/rendez-vous-chez-mcdonalds-pour-le-mcmorning\/","name":"Rendez-vous chez McDonald&#8217;s pour le McMorning - F\u00e9d\u00e9ration Belge de la Franchise","isPartOf":{"@id":"https:\/\/www.fbf-bff.be\/#website"},"primaryImageOfPage":{"@id":"https:\/\/www.fbf-bff.be\/fr\/rendez-vous-chez-mcdonalds-pour-le-mcmorning\/#primaryimage"},"image":{"@id":"https:\/\/www.fbf-bff.be\/fr\/rendez-vous-chez-mcdonalds-pour-le-mcmorning\/#primaryimage"},"thumbnailUrl":"https:\/\/www.fbf-bff.be\/wp-content\/uploads\/2021\/10\/mcmorning.jpg","datePublished":"2017-03-23T08:31:30+00:00","dateModified":"2017-03-23T08:31:30+00:00","author":{"@id":"https:\/\/www.fbf-bff.be\/#\/schema\/person\/73a9cbee87288cba2b06e3fc29244fe7"},"breadcrumb":{"@id":"https:\/\/www.fbf-bff.be\/fr\/rendez-vous-chez-mcdonalds-pour-le-mcmorning\/#breadcrumb"},"inLanguage":"fr-FR","potentialAction":[{"@type":"ReadAction","target":["https:\/\/www.fbf-bff.be\/fr\/rendez-vous-chez-mcdonalds-pour-le-mcmorning\/"]}]},{"@type":"ImageObject","inLanguage":"fr-FR","@id":"https:\/\/www.fbf-bff.be\/fr\/rendez-vous-chez-mcdonalds-pour-le-mcmorning\/#primaryimage","url":"https:\/\/www.fbf-bff.be\/wp-content\/uploads\/2021\/10\/mcmorning.jpg","contentUrl":"https:\/\/www.fbf-bff.be\/wp-content\/uploads\/2021\/10\/mcmorning.jpg","width":854,"height":374},{"@type":"BreadcrumbList","@id":"https:\/\/www.fbf-bff.be\/fr\/rendez-vous-chez-mcdonalds-pour-le-mcmorning\/#breadcrumb","itemListElement":[{"@type":"ListItem","position":1,"name":"Home","item":"https:\/\/www.fbf-bff.be\/fr\/"},{"@type":"ListItem","position":2,"name":"Rendez-vous chez McDonald&#8217;s pour le McMorning"}]},{"@type":"WebSite","@id":"https:\/\/www.fbf-bff.be\/#website","url":"https:\/\/www.fbf-bff.be\/","name":"F\u00e9d\u00e9ration Belge de la Franchise","description":"Pour r\u00e9ussir ensemblee","potentialAction":[{"@type":"SearchAction","target":{"@type":"EntryPoint","urlTemplate":"https:\/\/www.fbf-bff.be\/?s={search_term_string}"},"query-input":{"@type":"PropertyValueSpecification","valueRequired":true,"valueName":"search_term_string"}}],"inLanguage":"fr-FR"},{"@type":"Person","@id":"https:\/\/www.fbf-bff.be\/#\/schema\/person\/73a9cbee87288cba2b06e3fc29244fe7","name":"fbf_admin","image":{"@type":"ImageObject","inLanguage":"fr-FR","@id":"https:\/\/www.fbf-bff.be\/#\/schema\/person\/image\/","url":"https:\/\/secure.gravatar.com\/avatar\/20f6483dbe2a69e0999ddcdd1744b7f7?s=96&d=mm&r=g","contentUrl":"https:\/\/secure.gravatar.com\/avatar\/20f6483dbe2a69e0999ddcdd1744b7f7?s=96&d=mm&r=g","caption":"fbf_admin"}}]}},"_links":{"self":[{"href":"https:\/\/www.fbf-bff.be\/fr\/wp-json\/wp\/v2\/posts\/8669"}],"collection":[{"href":"https:\/\/www.fbf-bff.be\/fr\/wp-json\/wp\/v2\/posts"}],"about":[{"href":"https:\/\/www.fbf-bff.be\/fr\/wp-json\/wp\/v2\/types\/post"}],"author":[{"embeddable":true,"href":"https:\/\/www.fbf-bff.be\/fr\/wp-json\/wp\/v2\/users\/1"}],"replies":[{"embeddable":true,"href":"https:\/\/www.fbf-bff.be\/fr\/wp-json\/wp\/v2\/comments?post=8669"}],"version-history":[{"count":0,"href":"https:\/\/www.fbf-bff.be\/fr\/wp-json\/wp\/v2\/posts\/8669\/revisions"}],"wp:featuredmedia":[{"embeddable":true,"href":"https:\/\/www.fbf-bff.be\/fr\/wp-json\/wp\/v2\/media\/4324"}],"wp:attachment":[{"href":"https:\/\/www.fbf-bff.be\/fr\/wp-json\/wp\/v2\/media?parent=8669"}],"wp:term":[{"taxonomy":"category","embeddable":true,"href":"https:\/\/www.fbf-bff.be\/fr\/wp-json\/wp\/v2\/categories?post=8669"},{"taxonomy":"post_tag","embeddable":true,"href":"https:\/\/www.fbf-bff.be\/fr\/wp-json\/wp\/v2\/tags?post=8669"}],"curies":[{"name":"wp","href":"https:\/\/api.w.org\/{rel}","templated":true}]}}