{"id":8630,"date":"2017-03-07T10:46:31","date_gmt":"2017-03-07T09:46:31","guid":{"rendered":"https:\/\/www.fbf-bff.be\/nouveau-magasin-franchise-spar-colruyt-group-audenaerde\/"},"modified":"2017-03-07T10:46:31","modified_gmt":"2017-03-07T09:46:31","slug":"nouveau-magasin-franchise-spar-colruyt-group-audenaerde","status":"publish","type":"post","link":"https:\/\/www.fbf-bff.be\/fr\/nouveau-magasin-franchise-spar-colruyt-group-audenaerde\/","title":{"rendered":"Nouveau magasin franchis\u00e9 Spar Colruyt Group \u00e0 Audenaerde"},"content":{"rendered":"Le jeudi 9 mars, le magasin Spar Colruyt Group d\u2019Audenaerde rouvre ses portes apr\u00e8s 1,5 semaine de travaux de transformation. Les nouveaux franchiseurs sontFrank Lamon et Inge de Clercq qui exploitent aussi le Spar de Kerkhove.\r\n<h4><a href=\"https:\/\/www.fbf-bff.be\/wp-content\/uploads\/2021\/10\/Spar_Oudenaarde.jpg\"><img loading=\"lazy\" decoding=\"async\" class=\"alignnone size-medium wp-image-9919\" src=\"https:\/\/www.fbf-bff.be\/wp-content\/uploads\/2021\/10\/Spar_Oudenaarde-300x116-1.jpg\" alt=\"\" width=\"300\" height=\"116\" \/><\/a><\/h4>\r\n<h4>Deuxi\u00e8me magasin Spar<\/h4>\r\nPour les franchiseurs Frank et Inge, le Spar d\u2019Audenaerde est leur deuxi\u00e8me magasin. Ils exploitent depuis presque 20 ans le Spar de Kerkhove, \u00e0 une dizaine de km de l\u00e0. Un magasin qu\u2019ils ont repris du p\u00e8re de Frank. Toute sa famille a d\u2019ailleurs un pass\u00e9 dans le commerce de d\u00e9tail\u00a0: <em>\u00ab\u00a0Mes trois oncles et mes grands-parents tenaient aussi un magasin de proximit\u00e9\u00a0\u00bb<\/em>, dit-il.<em>\u00ab\u00a0Nous habitions au-dessus d\u2019un autre magasin de mon p\u00e8re \u00e0 Renaix. J\u2019ai vraiment ce m\u00e9tier dans les veines. C\u2019est ma s\u0153ur qui exploite actuellement le magasin de Renaix\u00a0\u00bb<\/em>. Les nouveauxfranchiseurs esp\u00e8rent que leur deuxi\u00e8me magasin enregistrera un succ\u00e8s tout aussi grand.<em>\u00ab\u00a0Nous accordons \u00e9norm\u00e9ment d\u2019importance au contact chaleureux et personnel avec nos clients. Nous misons surtout sur les habitants des quartiers environnants, les passants et les \u00e9l\u00e8ves se rendant aux cours.\u00a0\u00bb<\/em>\r\n<h4>Rafra\u00eechissement complet du magasin<\/h4>\r\nLe magasin franchis\u00e9 de Spar d\u2019Audenaerde a ferm\u00e9 ses portes pendant 1,5 semaine pour les travaux de rafra\u00eechissement n\u00e9cessaires et l\u2019installation de nouveaux meubles r\u00e9frig\u00e9r\u00e9s notamment. La r\u00e9partition des rayons dans le magasin est en grande partie rest\u00e9e identique. Le magasin a une superficie d\u2019environ 600 m\u00e8tres carr\u00e9s et dispose de 25 places de parking disponibles.\u00a0 6 collaborateurs fixes et quelques \u00e9tudiants jobistes pr\u00eateront main forte aux entrepreneurs ind\u00e9pendants. La fa\u00e7ade arbore le logo r\u00e9nov\u00e9 de Spar Colruyt Group.\r\n\r\nPour plus d\u2019information sur le concept de franchise de Spar, <a href=\"https:\/\/franchisingbelgium.be\/formule\/spar\/?lang=fr\" target=\"_blank\" rel=\"noopener\"><u>cliquez ici.<\/u><\/a>","protected":false},"excerpt":{"rendered":"<p>Le jeudi 9 mars, le magasin Spar Colruyt Group d\u2019Audenaerde rouvre ses portes apr\u00e8s 1,5 semaine de travaux de transformation. Les nouveaux franchiseurs sontFrank Lamon et Inge de Clercq qui exploitent aussi le Spar de Kerkhove.<\/p>\n","protected":false},"author":1,"featured_media":3684,"comment_status":"closed","ping_status":"open","sticky":false,"template":"","format":"standard","meta":{"ngg_post_thumbnail":0,"footnotes":""},"categories":[37],"tags":[],"acf":[],"yoast_head":"<!-- This site is optimized with the Yoast SEO plugin v23.5 - https:\/\/yoast.com\/wordpress\/plugins\/seo\/ -->\n<title>Nouveau magasin franchis\u00e9 Spar Colruyt Group \u00e0 Audenaerde - F\u00e9d\u00e9ration Belge de la Franchise<\/title>\n<meta name=\"robots\" content=\"index, follow, max-snippet:-1, max-image-preview:large, max-video-preview:-1\" \/>\n<link rel=\"canonical\" href=\"https:\/\/www.fbf-bff.be\/fr\/nouveau-magasin-franchise-spar-colruyt-group-audenaerde\/\" \/>\n<meta property=\"og:locale\" content=\"fr_FR\" \/>\n<meta property=\"og:type\" content=\"article\" \/>\n<meta property=\"og:title\" content=\"Nouveau magasin franchis\u00e9 Spar Colruyt Group \u00e0 Audenaerde - F\u00e9d\u00e9ration Belge de la Franchise\" \/>\n<meta property=\"og:description\" content=\"Le jeudi 9 mars, le magasin Spar Colruyt Group d\u2019Audenaerde rouvre ses portes apr\u00e8s 1,5 semaine de travaux de transformation. Les nouveaux franchiseurs sontFrank Lamon et Inge de Clercq qui exploitent aussi le Spar de Kerkhove.\" \/>\n<meta property=\"og:url\" content=\"https:\/\/www.fbf-bff.be\/fr\/nouveau-magasin-franchise-spar-colruyt-group-audenaerde\/\" \/>\n<meta property=\"og:site_name\" content=\"F\u00e9d\u00e9ration Belge de la Franchise\" \/>\n<meta property=\"article:published_time\" content=\"2017-03-07T09:46:31+00:00\" \/>\n<meta property=\"og:image\" content=\"https:\/\/www.fbf-bff.be\/wp-content\/uploads\/2021\/10\/Spar_Logo_Portrait-1.jpg\" \/>\n\t<meta property=\"og:image:width\" content=\"1318\" \/>\n\t<meta property=\"og:image:height\" content=\"1920\" \/>\n\t<meta property=\"og:image:type\" content=\"image\/jpeg\" \/>\n<meta name=\"author\" content=\"fbf_admin\" \/>\n<meta name=\"twitter:card\" content=\"summary_large_image\" \/>\n<meta name=\"twitter:label1\" content=\"\u00c9crit par\" \/>\n\t<meta name=\"twitter:data1\" content=\"fbf_admin\" \/>\n\t<meta name=\"twitter:label2\" content=\"Dur\u00e9e de lecture estim\u00e9e\" \/>\n\t<meta name=\"twitter:data2\" content=\"1 minute\" \/>\n<script type=\"application\/ld+json\" class=\"yoast-schema-graph\">{\"@context\":\"https:\/\/schema.org\",\"@graph\":[{\"@type\":\"WebPage\",\"@id\":\"https:\/\/www.fbf-bff.be\/fr\/nouveau-magasin-franchise-spar-colruyt-group-audenaerde\/\",\"url\":\"https:\/\/www.fbf-bff.be\/fr\/nouveau-magasin-franchise-spar-colruyt-group-audenaerde\/\",\"name\":\"Nouveau magasin franchis\u00e9 Spar Colruyt Group \u00e0 Audenaerde - F\u00e9d\u00e9ration Belge de la Franchise\",\"isPartOf\":{\"@id\":\"https:\/\/www.fbf-bff.be\/#website\"},\"primaryImageOfPage\":{\"@id\":\"https:\/\/www.fbf-bff.be\/fr\/nouveau-magasin-franchise-spar-colruyt-group-audenaerde\/#primaryimage\"},\"image\":{\"@id\":\"https:\/\/www.fbf-bff.be\/fr\/nouveau-magasin-franchise-spar-colruyt-group-audenaerde\/#primaryimage\"},\"thumbnailUrl\":\"https:\/\/www.fbf-bff.be\/wp-content\/uploads\/2021\/10\/Spar_Logo_Portrait-1.jpg\",\"datePublished\":\"2017-03-07T09:46:31+00:00\",\"dateModified\":\"2017-03-07T09:46:31+00:00\",\"author\":{\"@id\":\"https:\/\/www.fbf-bff.be\/#\/schema\/person\/73a9cbee87288cba2b06e3fc29244fe7\"},\"breadcrumb\":{\"@id\":\"https:\/\/www.fbf-bff.be\/fr\/nouveau-magasin-franchise-spar-colruyt-group-audenaerde\/#breadcrumb\"},\"inLanguage\":\"fr-FR\",\"potentialAction\":[{\"@type\":\"ReadAction\",\"target\":[\"https:\/\/www.fbf-bff.be\/fr\/nouveau-magasin-franchise-spar-colruyt-group-audenaerde\/\"]}]},{\"@type\":\"ImageObject\",\"inLanguage\":\"fr-FR\",\"@id\":\"https:\/\/www.fbf-bff.be\/fr\/nouveau-magasin-franchise-spar-colruyt-group-audenaerde\/#primaryimage\",\"url\":\"https:\/\/www.fbf-bff.be\/wp-content\/uploads\/2021\/10\/Spar_Logo_Portrait-1.jpg\",\"contentUrl\":\"https:\/\/www.fbf-bff.be\/wp-content\/uploads\/2021\/10\/Spar_Logo_Portrait-1.jpg\",\"width\":1318,\"height\":1920},{\"@type\":\"BreadcrumbList\",\"@id\":\"https:\/\/www.fbf-bff.be\/fr\/nouveau-magasin-franchise-spar-colruyt-group-audenaerde\/#breadcrumb\",\"itemListElement\":[{\"@type\":\"ListItem\",\"position\":1,\"name\":\"Home\",\"item\":\"https:\/\/www.fbf-bff.be\/fr\/\"},{\"@type\":\"ListItem\",\"position\":2,\"name\":\"Nouveau magasin franchis\u00e9 Spar Colruyt Group \u00e0 Audenaerde\"}]},{\"@type\":\"WebSite\",\"@id\":\"https:\/\/www.fbf-bff.be\/#website\",\"url\":\"https:\/\/www.fbf-bff.be\/\",\"name\":\"F\u00e9d\u00e9ration Belge de la Franchise\",\"description\":\"Pour r\u00e9ussir ensemblee\",\"potentialAction\":[{\"@type\":\"SearchAction\",\"target\":{\"@type\":\"EntryPoint\",\"urlTemplate\":\"https:\/\/www.fbf-bff.be\/?s={search_term_string}\"},\"query-input\":{\"@type\":\"PropertyValueSpecification\",\"valueRequired\":true,\"valueName\":\"search_term_string\"}}],\"inLanguage\":\"fr-FR\"},{\"@type\":\"Person\",\"@id\":\"https:\/\/www.fbf-bff.be\/#\/schema\/person\/73a9cbee87288cba2b06e3fc29244fe7\",\"name\":\"fbf_admin\",\"image\":{\"@type\":\"ImageObject\",\"inLanguage\":\"fr-FR\",\"@id\":\"https:\/\/www.fbf-bff.be\/#\/schema\/person\/image\/\",\"url\":\"https:\/\/secure.gravatar.com\/avatar\/20f6483dbe2a69e0999ddcdd1744b7f7?s=96&d=mm&r=g\",\"contentUrl\":\"https:\/\/secure.gravatar.com\/avatar\/20f6483dbe2a69e0999ddcdd1744b7f7?s=96&d=mm&r=g\",\"caption\":\"fbf_admin\"}}]}<\/script>\n<!-- \/ Yoast SEO plugin. -->","yoast_head_json":{"title":"Nouveau magasin franchis\u00e9 Spar Colruyt Group \u00e0 Audenaerde - F\u00e9d\u00e9ration Belge de la Franchise","robots":{"index":"index","follow":"follow","max-snippet":"max-snippet:-1","max-image-preview":"max-image-preview:large","max-video-preview":"max-video-preview:-1"},"canonical":"https:\/\/www.fbf-bff.be\/fr\/nouveau-magasin-franchise-spar-colruyt-group-audenaerde\/","og_locale":"fr_FR","og_type":"article","og_title":"Nouveau magasin franchis\u00e9 Spar Colruyt Group \u00e0 Audenaerde - F\u00e9d\u00e9ration Belge de la Franchise","og_description":"Le jeudi 9 mars, le magasin Spar Colruyt Group d\u2019Audenaerde rouvre ses portes apr\u00e8s 1,5 semaine de travaux de transformation. Les nouveaux franchiseurs sontFrank Lamon et Inge de Clercq qui exploitent aussi le Spar de Kerkhove.","og_url":"https:\/\/www.fbf-bff.be\/fr\/nouveau-magasin-franchise-spar-colruyt-group-audenaerde\/","og_site_name":"F\u00e9d\u00e9ration Belge de la Franchise","article_published_time":"2017-03-07T09:46:31+00:00","og_image":[{"width":1318,"height":1920,"url":"https:\/\/www.fbf-bff.be\/wp-content\/uploads\/2021\/10\/Spar_Logo_Portrait-1.jpg","type":"image\/jpeg"}],"author":"fbf_admin","twitter_card":"summary_large_image","twitter_misc":{"\u00c9crit par":"fbf_admin","Dur\u00e9e de lecture estim\u00e9e":"1 minute"},"schema":{"@context":"https:\/\/schema.org","@graph":[{"@type":"WebPage","@id":"https:\/\/www.fbf-bff.be\/fr\/nouveau-magasin-franchise-spar-colruyt-group-audenaerde\/","url":"https:\/\/www.fbf-bff.be\/fr\/nouveau-magasin-franchise-spar-colruyt-group-audenaerde\/","name":"Nouveau magasin franchis\u00e9 Spar Colruyt Group \u00e0 Audenaerde - F\u00e9d\u00e9ration Belge de la Franchise","isPartOf":{"@id":"https:\/\/www.fbf-bff.be\/#website"},"primaryImageOfPage":{"@id":"https:\/\/www.fbf-bff.be\/fr\/nouveau-magasin-franchise-spar-colruyt-group-audenaerde\/#primaryimage"},"image":{"@id":"https:\/\/www.fbf-bff.be\/fr\/nouveau-magasin-franchise-spar-colruyt-group-audenaerde\/#primaryimage"},"thumbnailUrl":"https:\/\/www.fbf-bff.be\/wp-content\/uploads\/2021\/10\/Spar_Logo_Portrait-1.jpg","datePublished":"2017-03-07T09:46:31+00:00","dateModified":"2017-03-07T09:46:31+00:00","author":{"@id":"https:\/\/www.fbf-bff.be\/#\/schema\/person\/73a9cbee87288cba2b06e3fc29244fe7"},"breadcrumb":{"@id":"https:\/\/www.fbf-bff.be\/fr\/nouveau-magasin-franchise-spar-colruyt-group-audenaerde\/#breadcrumb"},"inLanguage":"fr-FR","potentialAction":[{"@type":"ReadAction","target":["https:\/\/www.fbf-bff.be\/fr\/nouveau-magasin-franchise-spar-colruyt-group-audenaerde\/"]}]},{"@type":"ImageObject","inLanguage":"fr-FR","@id":"https:\/\/www.fbf-bff.be\/fr\/nouveau-magasin-franchise-spar-colruyt-group-audenaerde\/#primaryimage","url":"https:\/\/www.fbf-bff.be\/wp-content\/uploads\/2021\/10\/Spar_Logo_Portrait-1.jpg","contentUrl":"https:\/\/www.fbf-bff.be\/wp-content\/uploads\/2021\/10\/Spar_Logo_Portrait-1.jpg","width":1318,"height":1920},{"@type":"BreadcrumbList","@id":"https:\/\/www.fbf-bff.be\/fr\/nouveau-magasin-franchise-spar-colruyt-group-audenaerde\/#breadcrumb","itemListElement":[{"@type":"ListItem","position":1,"name":"Home","item":"https:\/\/www.fbf-bff.be\/fr\/"},{"@type":"ListItem","position":2,"name":"Nouveau magasin franchis\u00e9 Spar Colruyt Group \u00e0 Audenaerde"}]},{"@type":"WebSite","@id":"https:\/\/www.fbf-bff.be\/#website","url":"https:\/\/www.fbf-bff.be\/","name":"F\u00e9d\u00e9ration Belge de la Franchise","description":"Pour r\u00e9ussir ensemblee","potentialAction":[{"@type":"SearchAction","target":{"@type":"EntryPoint","urlTemplate":"https:\/\/www.fbf-bff.be\/?s={search_term_string}"},"query-input":{"@type":"PropertyValueSpecification","valueRequired":true,"valueName":"search_term_string"}}],"inLanguage":"fr-FR"},{"@type":"Person","@id":"https:\/\/www.fbf-bff.be\/#\/schema\/person\/73a9cbee87288cba2b06e3fc29244fe7","name":"fbf_admin","image":{"@type":"ImageObject","inLanguage":"fr-FR","@id":"https:\/\/www.fbf-bff.be\/#\/schema\/person\/image\/","url":"https:\/\/secure.gravatar.com\/avatar\/20f6483dbe2a69e0999ddcdd1744b7f7?s=96&d=mm&r=g","contentUrl":"https:\/\/secure.gravatar.com\/avatar\/20f6483dbe2a69e0999ddcdd1744b7f7?s=96&d=mm&r=g","caption":"fbf_admin"}}]}},"_links":{"self":[{"href":"https:\/\/www.fbf-bff.be\/fr\/wp-json\/wp\/v2\/posts\/8630"}],"collection":[{"href":"https:\/\/www.fbf-bff.be\/fr\/wp-json\/wp\/v2\/posts"}],"about":[{"href":"https:\/\/www.fbf-bff.be\/fr\/wp-json\/wp\/v2\/types\/post"}],"author":[{"embeddable":true,"href":"https:\/\/www.fbf-bff.be\/fr\/wp-json\/wp\/v2\/users\/1"}],"replies":[{"embeddable":true,"href":"https:\/\/www.fbf-bff.be\/fr\/wp-json\/wp\/v2\/comments?post=8630"}],"version-history":[{"count":0,"href":"https:\/\/www.fbf-bff.be\/fr\/wp-json\/wp\/v2\/posts\/8630\/revisions"}],"wp:featuredmedia":[{"embeddable":true,"href":"https:\/\/www.fbf-bff.be\/fr\/wp-json\/wp\/v2\/media\/3684"}],"wp:attachment":[{"href":"https:\/\/www.fbf-bff.be\/fr\/wp-json\/wp\/v2\/media?parent=8630"}],"wp:term":[{"taxonomy":"category","embeddable":true,"href":"https:\/\/www.fbf-bff.be\/fr\/wp-json\/wp\/v2\/categories?post=8630"},{"taxonomy":"post_tag","embeddable":true,"href":"https:\/\/www.fbf-bff.be\/fr\/wp-json\/wp\/v2\/tags?post=8630"}],"curies":[{"name":"wp","href":"https:\/\/api.w.org\/{rel}","templated":true}]}}