{"id":8622,"date":"2017-03-01T13:15:45","date_gmt":"2017-03-01T12:15:45","guid":{"rendered":"https:\/\/www.fbf-bff.be\/ouverture-dun-carrefour-express-franchise-dans-lhopital-az-groeninge-de-courtrai-ce-1er-mars-2017\/"},"modified":"2017-03-01T13:15:45","modified_gmt":"2017-03-01T12:15:45","slug":"ouverture-dun-carrefour-express-franchise-dans-lhopital-az-groeninge-de-courtrai-ce-1er-mars-2017","status":"publish","type":"post","link":"https:\/\/www.fbf-bff.be\/fr\/ouverture-dun-carrefour-express-franchise-dans-lhopital-az-groeninge-de-courtrai-ce-1er-mars-2017\/","title":{"rendered":"Ouverture d&#8217;un Carrefour Express franchis\u00e9 dans l&#8217;h\u00f4pital AZ Groeninge de Courtrai ce 1er mars 2017"},"content":{"rendered":"<strong>Une premi\u00e8re : une franchise Carrefour Express dans un h\u00f4pital<\/strong>\r\n\r\nC&rsquo;est en effet la premi\u00e8re fois qu&rsquo;un magasin franchis\u00e9 Carrefour Express ouvre ses portes dans un h\u00f4pital en Flandre, en l&rsquo;occurrence dans l&rsquo;h\u00f4pital coutraisien AZ Groeninge (Kennedylaan 4).\r\n\r\n<a href=\"https:\/\/www.fbf-bff.be\/wp-content\/uploads\/2021\/10\/uz-2.jpg\"><img loading=\"lazy\" decoding=\"async\" class=\"alignnone size-medium wp-image-9816\" src=\"https:\/\/www.fbf-bff.be\/wp-content\/uploads\/2021\/10\/uz-2-300x263-1.jpg\" alt=\"\" width=\"300\" height=\"263\" \/><\/a>\r\n\r\nCe supermarch\u00e9 franchis\u00e9 Express d&rsquo;une surface de 250 m\u00b2, a int\u00e9gr\u00e9 la surface occup\u00e9e anciennement par le Shop2Be qui \u00e9tait exploit\u00e9 depuis 2012 par le nouveau franchis\u00e9 de l&rsquo;Express, Jan Cottenie (54).\r\n\r\nL&rsquo;Express proposera tant aux patients, visiteurs et quelque 3.000 membres du personnel de l&rsquo;h\u00f4pital, un large \u00e9ventail de plats pr\u00eats \u00e0 l&#8217;emploi pour tous les moments de consommation de la journ\u00e9e.\r\n\r\nLes clients y trouveront \u00e9galement un \u00e9ventail de produits de base et des produits sans sel, gluten et sucre, tout comme des produits bio. Le tabac et les cigarettes sont \u00e9videmment proscrits dans ce milieu hospitalier\r\n\r\nCe magasin franchis\u00e9 Express offre des services comme du jus d&rsquo;orange press\u00e9 sur place, une r\u00f4tisserie, un micro-ondes, du pain cuit sur place et des articles cadeaux pour offrir aux patients, des livres et un coin presse avec journaux, magazines, Lotto et cartes de t\u00e9l\u00e9phones, iTunes et De Lijn.\r\n\r\n<strong>Le groupe Delhaize ouvrait un Shop&amp;Go en 2002 \u00e0 l&rsquo;H\u00f4pital Erasme<\/strong>\r\n\r\nLe groupe Delhaize avait \u00e9t\u00e9 le premier \u00e0 ouvrir un magasin de proximit\u00e9 franchis\u00e9 Shop&amp;Go dans un milieu hospitalier. Ce magasin a ouvert en 2002 sur le site de l&rsquo;h\u00f4pital Erasme \u00e0 Anderlecht.\r\n\r\nEn 2013 il \u00e9tait \u00e9galement le premier \u00e0 ouvrir en Flandre un Shop&amp;Go dans l&rsquo;H\u00f4pital Universitaire d&rsquo;Anvers, en collaboration avec Sodexho.\r\n\r\nPour toute information compl\u00e9mentaire sur cette enseigne et sa franchise,<a href=\"https:\/\/franchisingbelgium.be\/formule\/carrefour-express\/?lang=fr\"> <u>cliquez <strong>ici<\/strong><\/u><\/a>\r\n\r\nrli.","protected":false},"excerpt":{"rendered":"<p>C&rsquo;est en effet la premi\u00e8re fois qu&rsquo;un magasin franchis\u00e9 Carrefour Express ouvre ses portes dans un h\u00f4pital en Flandre, en l&rsquo;occurrence dans l&rsquo;h\u00f4pital coutraisien AZ Groeninge (Kennedylaan 4).<\/p>\n","protected":false},"author":1,"featured_media":3602,"comment_status":"closed","ping_status":"open","sticky":false,"template":"","format":"standard","meta":{"ngg_post_thumbnail":0,"footnotes":""},"categories":[37],"tags":[],"acf":[],"yoast_head":"<!-- This site is optimized with the Yoast SEO plugin v23.5 - https:\/\/yoast.com\/wordpress\/plugins\/seo\/ -->\n<title>Ouverture d&#8217;un Carrefour Express franchis\u00e9 dans l&#8217;h\u00f4pital AZ Groeninge de Courtrai ce 1er mars 2017 - F\u00e9d\u00e9ration Belge de la Franchise<\/title>\n<meta name=\"robots\" content=\"index, follow, max-snippet:-1, max-image-preview:large, max-video-preview:-1\" \/>\n<link rel=\"canonical\" href=\"https:\/\/www.fbf-bff.be\/fr\/ouverture-dun-carrefour-express-franchise-dans-lhopital-az-groeninge-de-courtrai-ce-1er-mars-2017\/\" \/>\n<meta property=\"og:locale\" content=\"fr_FR\" \/>\n<meta property=\"og:type\" content=\"article\" \/>\n<meta property=\"og:title\" content=\"Ouverture d&#8217;un Carrefour Express franchis\u00e9 dans l&#8217;h\u00f4pital AZ Groeninge de Courtrai ce 1er mars 2017 - F\u00e9d\u00e9ration Belge de la Franchise\" \/>\n<meta property=\"og:description\" content=\"C&#039;est en effet la premi\u00e8re fois qu&#039;un magasin franchis\u00e9 Carrefour Express ouvre ses portes dans un h\u00f4pital en Flandre, en l&#039;occurrence dans l&#039;h\u00f4pital coutraisien AZ Groeninge (Kennedylaan 4).\" \/>\n<meta property=\"og:url\" content=\"https:\/\/www.fbf-bff.be\/fr\/ouverture-dun-carrefour-express-franchise-dans-lhopital-az-groeninge-de-courtrai-ce-1er-mars-2017\/\" \/>\n<meta property=\"og:site_name\" content=\"F\u00e9d\u00e9ration Belge de la Franchise\" \/>\n<meta property=\"article:published_time\" content=\"2017-03-01T12:15:45+00:00\" \/>\n<meta property=\"og:image\" content=\"https:\/\/www.fbf-bff.be\/wp-content\/uploads\/2021\/10\/CarrefourExpress_Logo.jpg\" \/>\n\t<meta property=\"og:image:width\" content=\"267\" \/>\n\t<meta property=\"og:image:height\" content=\"265\" \/>\n\t<meta property=\"og:image:type\" content=\"image\/jpeg\" \/>\n<meta name=\"author\" content=\"fbf_admin\" \/>\n<meta name=\"twitter:card\" content=\"summary_large_image\" \/>\n<meta name=\"twitter:label1\" content=\"\u00c9crit par\" \/>\n\t<meta name=\"twitter:data1\" content=\"fbf_admin\" \/>\n\t<meta name=\"twitter:label2\" content=\"Dur\u00e9e de lecture estim\u00e9e\" \/>\n\t<meta name=\"twitter:data2\" content=\"1 minute\" \/>\n<script type=\"application\/ld+json\" class=\"yoast-schema-graph\">{\"@context\":\"https:\/\/schema.org\",\"@graph\":[{\"@type\":\"WebPage\",\"@id\":\"https:\/\/www.fbf-bff.be\/fr\/ouverture-dun-carrefour-express-franchise-dans-lhopital-az-groeninge-de-courtrai-ce-1er-mars-2017\/\",\"url\":\"https:\/\/www.fbf-bff.be\/fr\/ouverture-dun-carrefour-express-franchise-dans-lhopital-az-groeninge-de-courtrai-ce-1er-mars-2017\/\",\"name\":\"Ouverture d&#8217;un Carrefour Express franchis\u00e9 dans l&#8217;h\u00f4pital AZ Groeninge de Courtrai ce 1er mars 2017 - F\u00e9d\u00e9ration Belge de la Franchise\",\"isPartOf\":{\"@id\":\"https:\/\/www.fbf-bff.be\/#website\"},\"primaryImageOfPage\":{\"@id\":\"https:\/\/www.fbf-bff.be\/fr\/ouverture-dun-carrefour-express-franchise-dans-lhopital-az-groeninge-de-courtrai-ce-1er-mars-2017\/#primaryimage\"},\"image\":{\"@id\":\"https:\/\/www.fbf-bff.be\/fr\/ouverture-dun-carrefour-express-franchise-dans-lhopital-az-groeninge-de-courtrai-ce-1er-mars-2017\/#primaryimage\"},\"thumbnailUrl\":\"https:\/\/www.fbf-bff.be\/wp-content\/uploads\/2021\/10\/CarrefourExpress_Logo.jpg\",\"datePublished\":\"2017-03-01T12:15:45+00:00\",\"dateModified\":\"2017-03-01T12:15:45+00:00\",\"author\":{\"@id\":\"https:\/\/www.fbf-bff.be\/#\/schema\/person\/73a9cbee87288cba2b06e3fc29244fe7\"},\"breadcrumb\":{\"@id\":\"https:\/\/www.fbf-bff.be\/fr\/ouverture-dun-carrefour-express-franchise-dans-lhopital-az-groeninge-de-courtrai-ce-1er-mars-2017\/#breadcrumb\"},\"inLanguage\":\"fr-FR\",\"potentialAction\":[{\"@type\":\"ReadAction\",\"target\":[\"https:\/\/www.fbf-bff.be\/fr\/ouverture-dun-carrefour-express-franchise-dans-lhopital-az-groeninge-de-courtrai-ce-1er-mars-2017\/\"]}]},{\"@type\":\"ImageObject\",\"inLanguage\":\"fr-FR\",\"@id\":\"https:\/\/www.fbf-bff.be\/fr\/ouverture-dun-carrefour-express-franchise-dans-lhopital-az-groeninge-de-courtrai-ce-1er-mars-2017\/#primaryimage\",\"url\":\"https:\/\/www.fbf-bff.be\/wp-content\/uploads\/2021\/10\/CarrefourExpress_Logo.jpg\",\"contentUrl\":\"https:\/\/www.fbf-bff.be\/wp-content\/uploads\/2021\/10\/CarrefourExpress_Logo.jpg\",\"width\":267,\"height\":265},{\"@type\":\"BreadcrumbList\",\"@id\":\"https:\/\/www.fbf-bff.be\/fr\/ouverture-dun-carrefour-express-franchise-dans-lhopital-az-groeninge-de-courtrai-ce-1er-mars-2017\/#breadcrumb\",\"itemListElement\":[{\"@type\":\"ListItem\",\"position\":1,\"name\":\"Home\",\"item\":\"https:\/\/www.fbf-bff.be\/fr\/\"},{\"@type\":\"ListItem\",\"position\":2,\"name\":\"Ouverture d&#8217;un Carrefour Express franchis\u00e9 dans l&#8217;h\u00f4pital AZ Groeninge de Courtrai ce 1er mars 2017\"}]},{\"@type\":\"WebSite\",\"@id\":\"https:\/\/www.fbf-bff.be\/#website\",\"url\":\"https:\/\/www.fbf-bff.be\/\",\"name\":\"F\u00e9d\u00e9ration Belge de la Franchise\",\"description\":\"Pour r\u00e9ussir ensemblee\",\"potentialAction\":[{\"@type\":\"SearchAction\",\"target\":{\"@type\":\"EntryPoint\",\"urlTemplate\":\"https:\/\/www.fbf-bff.be\/?s={search_term_string}\"},\"query-input\":{\"@type\":\"PropertyValueSpecification\",\"valueRequired\":true,\"valueName\":\"search_term_string\"}}],\"inLanguage\":\"fr-FR\"},{\"@type\":\"Person\",\"@id\":\"https:\/\/www.fbf-bff.be\/#\/schema\/person\/73a9cbee87288cba2b06e3fc29244fe7\",\"name\":\"fbf_admin\",\"image\":{\"@type\":\"ImageObject\",\"inLanguage\":\"fr-FR\",\"@id\":\"https:\/\/www.fbf-bff.be\/#\/schema\/person\/image\/\",\"url\":\"https:\/\/secure.gravatar.com\/avatar\/20f6483dbe2a69e0999ddcdd1744b7f7?s=96&d=mm&r=g\",\"contentUrl\":\"https:\/\/secure.gravatar.com\/avatar\/20f6483dbe2a69e0999ddcdd1744b7f7?s=96&d=mm&r=g\",\"caption\":\"fbf_admin\"}}]}<\/script>\n<!-- \/ Yoast SEO plugin. -->","yoast_head_json":{"title":"Ouverture d&#8217;un Carrefour Express franchis\u00e9 dans l&#8217;h\u00f4pital AZ Groeninge de Courtrai ce 1er mars 2017 - F\u00e9d\u00e9ration Belge de la Franchise","robots":{"index":"index","follow":"follow","max-snippet":"max-snippet:-1","max-image-preview":"max-image-preview:large","max-video-preview":"max-video-preview:-1"},"canonical":"https:\/\/www.fbf-bff.be\/fr\/ouverture-dun-carrefour-express-franchise-dans-lhopital-az-groeninge-de-courtrai-ce-1er-mars-2017\/","og_locale":"fr_FR","og_type":"article","og_title":"Ouverture d&#8217;un Carrefour Express franchis\u00e9 dans l&#8217;h\u00f4pital AZ Groeninge de Courtrai ce 1er mars 2017 - F\u00e9d\u00e9ration Belge de la Franchise","og_description":"C'est en effet la premi\u00e8re fois qu'un magasin franchis\u00e9 Carrefour Express ouvre ses portes dans un h\u00f4pital en Flandre, en l'occurrence dans l'h\u00f4pital coutraisien AZ Groeninge (Kennedylaan 4).","og_url":"https:\/\/www.fbf-bff.be\/fr\/ouverture-dun-carrefour-express-franchise-dans-lhopital-az-groeninge-de-courtrai-ce-1er-mars-2017\/","og_site_name":"F\u00e9d\u00e9ration Belge de la Franchise","article_published_time":"2017-03-01T12:15:45+00:00","og_image":[{"width":267,"height":265,"url":"https:\/\/www.fbf-bff.be\/wp-content\/uploads\/2021\/10\/CarrefourExpress_Logo.jpg","type":"image\/jpeg"}],"author":"fbf_admin","twitter_card":"summary_large_image","twitter_misc":{"\u00c9crit par":"fbf_admin","Dur\u00e9e de lecture estim\u00e9e":"1 minute"},"schema":{"@context":"https:\/\/schema.org","@graph":[{"@type":"WebPage","@id":"https:\/\/www.fbf-bff.be\/fr\/ouverture-dun-carrefour-express-franchise-dans-lhopital-az-groeninge-de-courtrai-ce-1er-mars-2017\/","url":"https:\/\/www.fbf-bff.be\/fr\/ouverture-dun-carrefour-express-franchise-dans-lhopital-az-groeninge-de-courtrai-ce-1er-mars-2017\/","name":"Ouverture d&#8217;un Carrefour Express franchis\u00e9 dans l&#8217;h\u00f4pital AZ Groeninge de Courtrai ce 1er mars 2017 - F\u00e9d\u00e9ration Belge de la Franchise","isPartOf":{"@id":"https:\/\/www.fbf-bff.be\/#website"},"primaryImageOfPage":{"@id":"https:\/\/www.fbf-bff.be\/fr\/ouverture-dun-carrefour-express-franchise-dans-lhopital-az-groeninge-de-courtrai-ce-1er-mars-2017\/#primaryimage"},"image":{"@id":"https:\/\/www.fbf-bff.be\/fr\/ouverture-dun-carrefour-express-franchise-dans-lhopital-az-groeninge-de-courtrai-ce-1er-mars-2017\/#primaryimage"},"thumbnailUrl":"https:\/\/www.fbf-bff.be\/wp-content\/uploads\/2021\/10\/CarrefourExpress_Logo.jpg","datePublished":"2017-03-01T12:15:45+00:00","dateModified":"2017-03-01T12:15:45+00:00","author":{"@id":"https:\/\/www.fbf-bff.be\/#\/schema\/person\/73a9cbee87288cba2b06e3fc29244fe7"},"breadcrumb":{"@id":"https:\/\/www.fbf-bff.be\/fr\/ouverture-dun-carrefour-express-franchise-dans-lhopital-az-groeninge-de-courtrai-ce-1er-mars-2017\/#breadcrumb"},"inLanguage":"fr-FR","potentialAction":[{"@type":"ReadAction","target":["https:\/\/www.fbf-bff.be\/fr\/ouverture-dun-carrefour-express-franchise-dans-lhopital-az-groeninge-de-courtrai-ce-1er-mars-2017\/"]}]},{"@type":"ImageObject","inLanguage":"fr-FR","@id":"https:\/\/www.fbf-bff.be\/fr\/ouverture-dun-carrefour-express-franchise-dans-lhopital-az-groeninge-de-courtrai-ce-1er-mars-2017\/#primaryimage","url":"https:\/\/www.fbf-bff.be\/wp-content\/uploads\/2021\/10\/CarrefourExpress_Logo.jpg","contentUrl":"https:\/\/www.fbf-bff.be\/wp-content\/uploads\/2021\/10\/CarrefourExpress_Logo.jpg","width":267,"height":265},{"@type":"BreadcrumbList","@id":"https:\/\/www.fbf-bff.be\/fr\/ouverture-dun-carrefour-express-franchise-dans-lhopital-az-groeninge-de-courtrai-ce-1er-mars-2017\/#breadcrumb","itemListElement":[{"@type":"ListItem","position":1,"name":"Home","item":"https:\/\/www.fbf-bff.be\/fr\/"},{"@type":"ListItem","position":2,"name":"Ouverture d&#8217;un Carrefour Express franchis\u00e9 dans l&#8217;h\u00f4pital AZ Groeninge de Courtrai ce 1er mars 2017"}]},{"@type":"WebSite","@id":"https:\/\/www.fbf-bff.be\/#website","url":"https:\/\/www.fbf-bff.be\/","name":"F\u00e9d\u00e9ration Belge de la Franchise","description":"Pour r\u00e9ussir ensemblee","potentialAction":[{"@type":"SearchAction","target":{"@type":"EntryPoint","urlTemplate":"https:\/\/www.fbf-bff.be\/?s={search_term_string}"},"query-input":{"@type":"PropertyValueSpecification","valueRequired":true,"valueName":"search_term_string"}}],"inLanguage":"fr-FR"},{"@type":"Person","@id":"https:\/\/www.fbf-bff.be\/#\/schema\/person\/73a9cbee87288cba2b06e3fc29244fe7","name":"fbf_admin","image":{"@type":"ImageObject","inLanguage":"fr-FR","@id":"https:\/\/www.fbf-bff.be\/#\/schema\/person\/image\/","url":"https:\/\/secure.gravatar.com\/avatar\/20f6483dbe2a69e0999ddcdd1744b7f7?s=96&d=mm&r=g","contentUrl":"https:\/\/secure.gravatar.com\/avatar\/20f6483dbe2a69e0999ddcdd1744b7f7?s=96&d=mm&r=g","caption":"fbf_admin"}}]}},"_links":{"self":[{"href":"https:\/\/www.fbf-bff.be\/fr\/wp-json\/wp\/v2\/posts\/8622"}],"collection":[{"href":"https:\/\/www.fbf-bff.be\/fr\/wp-json\/wp\/v2\/posts"}],"about":[{"href":"https:\/\/www.fbf-bff.be\/fr\/wp-json\/wp\/v2\/types\/post"}],"author":[{"embeddable":true,"href":"https:\/\/www.fbf-bff.be\/fr\/wp-json\/wp\/v2\/users\/1"}],"replies":[{"embeddable":true,"href":"https:\/\/www.fbf-bff.be\/fr\/wp-json\/wp\/v2\/comments?post=8622"}],"version-history":[{"count":0,"href":"https:\/\/www.fbf-bff.be\/fr\/wp-json\/wp\/v2\/posts\/8622\/revisions"}],"wp:featuredmedia":[{"embeddable":true,"href":"https:\/\/www.fbf-bff.be\/fr\/wp-json\/wp\/v2\/media\/3602"}],"wp:attachment":[{"href":"https:\/\/www.fbf-bff.be\/fr\/wp-json\/wp\/v2\/media?parent=8622"}],"wp:term":[{"taxonomy":"category","embeddable":true,"href":"https:\/\/www.fbf-bff.be\/fr\/wp-json\/wp\/v2\/categories?post=8622"},{"taxonomy":"post_tag","embeddable":true,"href":"https:\/\/www.fbf-bff.be\/fr\/wp-json\/wp\/v2\/tags?post=8622"}],"curies":[{"name":"wp","href":"https:\/\/api.w.org\/{rel}","templated":true}]}}