{"id":8518,"date":"2016-12-07T09:32:59","date_gmt":"2016-12-07T08:32:59","guid":{"rendered":"https:\/\/www.fbf-bff.be\/bagelstein-ouvre-sa-premiere-franchise-en-belgique\/"},"modified":"2016-12-07T09:32:59","modified_gmt":"2016-12-07T08:32:59","slug":"bagelstein-ouvre-sa-premiere-franchise-en-belgique","status":"publish","type":"post","link":"https:\/\/www.fbf-bff.be\/fr\/bagelstein-ouvre-sa-premiere-franchise-en-belgique\/","title":{"rendered":"Bagelstein ouvre sa premi\u00e8re franchise en Belgique"},"content":{"rendered":"<div>L&rsquo;enseigne fran\u00e7aise Bagelstein, sp\u00e9cialiste du bagel 100% frais, a ouvert le 30 novembre 2016 son premier point de vente franchis\u00e9 en Belgique, au 12 rue du Bailli, dans ce quartier commercial et anim\u00e9 de la commune d&rsquo;Ixelles, dans l&rsquo;agglom\u00e9ration bruxelloise.<\/div>\r\n<div><\/div>\r\n<div>Guillaume, le franchis\u00e9 se montrait satisfait apr\u00e8s ces premi\u00e8res journ\u00e9es d&rsquo;ouverture face \u00e0 l&rsquo;affluence dans son magasin d\u00e9cor\u00e9 de mani\u00e8re originale comme tous les autres points de vente de l&rsquo;enseigne.<\/div>\r\n<div><\/div>\r\n<div>Le magasin d&rsquo;une surface de 69 m\u00b2 avec une trentaine de places assises, est ouvert tous les jours de la semaine \u00e0 l&rsquo;exception du dimanche : du lundi au vendredi de 7h30 \u00e0 20h et le samedi de 8h \u00e0 20h.<\/div>\r\n<div><\/div>\r\n<div>Il s&rsquo;agit de la premi\u00e8re enseigne de bagel en Belgique qui fait partie d&rsquo;une cha\u00eene qui se d\u00e9veloppe via la franchise, les quelques autres magasins qui proposent des bagels dans la capitale sont tous des initiatives d&rsquo;ind\u00e9pendants qui ont d\u00e9velopp\u00e9 leur propre \u00e9tablissement.<\/div>\r\n<div><\/div>\r\n<div><a href=\"https:\/\/www.fbf-bff.be\/wp-content\/uploads\/2021\/10\/Bagelstein_Facade.jpg\"><img loading=\"lazy\" decoding=\"async\" class=\"alignnone size-medium wp-image-9076\" src=\"https:\/\/www.fbf-bff.be\/wp-content\/uploads\/2021\/10\/Bagelstein_Facade-300x225-1.jpg\" alt=\"bagelstein_facade\" width=\"300\" height=\"225\" \/><\/a><\/div>\r\n<div><\/div>\r\n<div><b>Une franchise qui cartonne<\/b><\/div>\r\n<div>L&rsquo;enseigne Bagelstein lanc\u00e9e par deux entrepreneurs,\u00a0Thierry Veil et Gilles Abecassis,\u00a0a fait ses d\u00e9buts avec une premi\u00e8re boutique ouverte en Alsace \u00e0 Strasbourg en janvier 2011.<\/div>\r\n<div><\/div>\r\n<div>Depuis lors, l&rsquo;enseigne s&rsquo;est d\u00e9velopp\u00e9e via la franchise avec l&rsquo;ouverture d&rsquo;un premier magasin franchis\u00e9 \u00e0 Paris en septembre 2012 . Aujourd&rsquo;hui le r\u00e9seau compte d\u00e9j\u00e0 plus de 75 restaurants en France, en Allemagne, au Luxembourg, en Suisse et maintenant en Belgique.<\/div>\r\n<div><\/div>\r\n<div>La premi\u00e8re franchise \u00e0 l&rsquo;international a ouvert ses portes chez nos voisins luxembourgeois en f\u00e9vrier 2015 et une seconde en Suisse cet \u00e9t\u00e9 dernier.<\/div>\r\n<div>\r\n<div><\/div>\r\n<div class=\"m_-7332348386372417007gmail-m_-8403040451658452862m_6303485105984299750m_8555156603843681468gmail-m_3542880912644320209gmail_signature\">\r\n<div dir=\"ltr\">\r\n<div dir=\"ltr\">\r\n<div>Les bagels de l&rsquo;enseigne sont 100% frais, produits tous les jours par ses boulangers et p\u00e2tissiers et livr\u00e9s tous les matins en restaurant. Le menu propose des , une dizaine de bagels sal\u00e9s aux noms originaux (Isidore, Hypolite, Gaston, L\u00e9ontine, Henriette,&#8230;) et des bagels sucr\u00e9s (Nutella, Caramel beurre sal\u00e9, Cr\u00e8me de sp\u00e9culoos, beurre de cacahu\u00e8tes, chocolat blanc ou confiture), des desserts \u00a0sans compter les bagels non garnis \u00e0 emporter.<\/div>\r\n<div><\/div>\r\n<div>La communication de l&rsquo;enseigne est d\u00e9cal\u00e9e, non-consensuelle et parfois quelque peu impertinente, une des marques de fabrique de Bagelstein.<\/div>\r\n<div>rli.<\/div>\r\n<\/div>\r\n<\/div>\r\n<\/div>\r\n<\/div>","protected":false},"excerpt":{"rendered":"<p>L&rsquo;enseigne fran\u00e7aise Bagelstein, sp\u00e9cialiste du bagel 100% frais, a ouvert le 30 novembre 2016 son premier point de vente franchis\u00e9 en Belgique, au 12 rue du Bailli, dans ce quartier commercial et anim\u00e9 de la commune d&rsquo;Ixelles, dans l&rsquo;agglom\u00e9ration bruxelloise.<\/p>\n","protected":false},"author":1,"featured_media":8519,"comment_status":"closed","ping_status":"open","sticky":false,"template":"","format":"standard","meta":{"ngg_post_thumbnail":0,"footnotes":""},"categories":[37],"tags":[],"acf":[],"yoast_head":"<!-- This site is optimized with the Yoast SEO plugin v23.5 - https:\/\/yoast.com\/wordpress\/plugins\/seo\/ -->\n<title>Bagelstein ouvre sa premi\u00e8re franchise en Belgique - F\u00e9d\u00e9ration Belge de la Franchise<\/title>\n<meta name=\"robots\" content=\"index, follow, max-snippet:-1, max-image-preview:large, max-video-preview:-1\" \/>\n<link rel=\"canonical\" href=\"https:\/\/www.fbf-bff.be\/fr\/bagelstein-ouvre-sa-premiere-franchise-en-belgique\/\" \/>\n<meta property=\"og:locale\" content=\"fr_FR\" \/>\n<meta property=\"og:type\" content=\"article\" \/>\n<meta property=\"og:title\" content=\"Bagelstein ouvre sa premi\u00e8re franchise en Belgique - F\u00e9d\u00e9ration Belge de la Franchise\" \/>\n<meta property=\"og:description\" content=\"L&#039;enseigne fran\u00e7aise Bagelstein, sp\u00e9cialiste du bagel 100% frais, a ouvert le 30 novembre 2016 son premier point de vente franchis\u00e9 en Belgique, au 12 rue du Bailli, dans ce quartier commercial et anim\u00e9 de la commune d&#039;Ixelles, dans l&#039;agglom\u00e9ration bruxelloise.\" \/>\n<meta property=\"og:url\" content=\"https:\/\/www.fbf-bff.be\/fr\/bagelstein-ouvre-sa-premiere-franchise-en-belgique\/\" \/>\n<meta property=\"og:site_name\" content=\"F\u00e9d\u00e9ration Belge de la Franchise\" \/>\n<meta property=\"article:published_time\" content=\"2016-12-07T08:32:59+00:00\" \/>\n<meta property=\"og:image\" content=\"https:\/\/www.fbf-bff.be\/wp-content\/uploads\/2021\/10\/Bagelstein_Logo-copy.jpg\" \/>\n\t<meta property=\"og:image:width\" content=\"334\" \/>\n\t<meta property=\"og:image:height\" content=\"308\" \/>\n\t<meta property=\"og:image:type\" content=\"image\/jpeg\" \/>\n<meta name=\"author\" content=\"fbf_admin\" \/>\n<meta name=\"twitter:card\" content=\"summary_large_image\" \/>\n<meta name=\"twitter:label1\" content=\"\u00c9crit par\" \/>\n\t<meta name=\"twitter:data1\" content=\"fbf_admin\" \/>\n\t<meta name=\"twitter:label2\" content=\"Dur\u00e9e de lecture estim\u00e9e\" \/>\n\t<meta name=\"twitter:data2\" content=\"2 minutes\" \/>\n<script type=\"application\/ld+json\" class=\"yoast-schema-graph\">{\"@context\":\"https:\/\/schema.org\",\"@graph\":[{\"@type\":\"WebPage\",\"@id\":\"https:\/\/www.fbf-bff.be\/fr\/bagelstein-ouvre-sa-premiere-franchise-en-belgique\/\",\"url\":\"https:\/\/www.fbf-bff.be\/fr\/bagelstein-ouvre-sa-premiere-franchise-en-belgique\/\",\"name\":\"Bagelstein ouvre sa premi\u00e8re franchise en Belgique - F\u00e9d\u00e9ration Belge de la Franchise\",\"isPartOf\":{\"@id\":\"https:\/\/www.fbf-bff.be\/#website\"},\"primaryImageOfPage\":{\"@id\":\"https:\/\/www.fbf-bff.be\/fr\/bagelstein-ouvre-sa-premiere-franchise-en-belgique\/#primaryimage\"},\"image\":{\"@id\":\"https:\/\/www.fbf-bff.be\/fr\/bagelstein-ouvre-sa-premiere-franchise-en-belgique\/#primaryimage\"},\"thumbnailUrl\":\"https:\/\/www.fbf-bff.be\/wp-content\/uploads\/2021\/10\/Bagelstein_Logo-copy.jpg\",\"datePublished\":\"2016-12-07T08:32:59+00:00\",\"dateModified\":\"2016-12-07T08:32:59+00:00\",\"author\":{\"@id\":\"https:\/\/www.fbf-bff.be\/#\/schema\/person\/73a9cbee87288cba2b06e3fc29244fe7\"},\"breadcrumb\":{\"@id\":\"https:\/\/www.fbf-bff.be\/fr\/bagelstein-ouvre-sa-premiere-franchise-en-belgique\/#breadcrumb\"},\"inLanguage\":\"fr-FR\",\"potentialAction\":[{\"@type\":\"ReadAction\",\"target\":[\"https:\/\/www.fbf-bff.be\/fr\/bagelstein-ouvre-sa-premiere-franchise-en-belgique\/\"]}]},{\"@type\":\"ImageObject\",\"inLanguage\":\"fr-FR\",\"@id\":\"https:\/\/www.fbf-bff.be\/fr\/bagelstein-ouvre-sa-premiere-franchise-en-belgique\/#primaryimage\",\"url\":\"https:\/\/www.fbf-bff.be\/wp-content\/uploads\/2021\/10\/Bagelstein_Logo-copy.jpg\",\"contentUrl\":\"https:\/\/www.fbf-bff.be\/wp-content\/uploads\/2021\/10\/Bagelstein_Logo-copy.jpg\",\"width\":334,\"height\":308},{\"@type\":\"BreadcrumbList\",\"@id\":\"https:\/\/www.fbf-bff.be\/fr\/bagelstein-ouvre-sa-premiere-franchise-en-belgique\/#breadcrumb\",\"itemListElement\":[{\"@type\":\"ListItem\",\"position\":1,\"name\":\"Home\",\"item\":\"https:\/\/www.fbf-bff.be\/fr\/\"},{\"@type\":\"ListItem\",\"position\":2,\"name\":\"Bagelstein ouvre sa premi\u00e8re franchise en Belgique\"}]},{\"@type\":\"WebSite\",\"@id\":\"https:\/\/www.fbf-bff.be\/#website\",\"url\":\"https:\/\/www.fbf-bff.be\/\",\"name\":\"F\u00e9d\u00e9ration Belge de la Franchise\",\"description\":\"Pour r\u00e9ussir ensemblee\",\"potentialAction\":[{\"@type\":\"SearchAction\",\"target\":{\"@type\":\"EntryPoint\",\"urlTemplate\":\"https:\/\/www.fbf-bff.be\/?s={search_term_string}\"},\"query-input\":{\"@type\":\"PropertyValueSpecification\",\"valueRequired\":true,\"valueName\":\"search_term_string\"}}],\"inLanguage\":\"fr-FR\"},{\"@type\":\"Person\",\"@id\":\"https:\/\/www.fbf-bff.be\/#\/schema\/person\/73a9cbee87288cba2b06e3fc29244fe7\",\"name\":\"fbf_admin\",\"image\":{\"@type\":\"ImageObject\",\"inLanguage\":\"fr-FR\",\"@id\":\"https:\/\/www.fbf-bff.be\/#\/schema\/person\/image\/\",\"url\":\"https:\/\/secure.gravatar.com\/avatar\/20f6483dbe2a69e0999ddcdd1744b7f7?s=96&d=mm&r=g\",\"contentUrl\":\"https:\/\/secure.gravatar.com\/avatar\/20f6483dbe2a69e0999ddcdd1744b7f7?s=96&d=mm&r=g\",\"caption\":\"fbf_admin\"}}]}<\/script>\n<!-- \/ Yoast SEO plugin. -->","yoast_head_json":{"title":"Bagelstein ouvre sa premi\u00e8re franchise en Belgique - F\u00e9d\u00e9ration Belge de la Franchise","robots":{"index":"index","follow":"follow","max-snippet":"max-snippet:-1","max-image-preview":"max-image-preview:large","max-video-preview":"max-video-preview:-1"},"canonical":"https:\/\/www.fbf-bff.be\/fr\/bagelstein-ouvre-sa-premiere-franchise-en-belgique\/","og_locale":"fr_FR","og_type":"article","og_title":"Bagelstein ouvre sa premi\u00e8re franchise en Belgique - F\u00e9d\u00e9ration Belge de la Franchise","og_description":"L'enseigne fran\u00e7aise Bagelstein, sp\u00e9cialiste du bagel 100% frais, a ouvert le 30 novembre 2016 son premier point de vente franchis\u00e9 en Belgique, au 12 rue du Bailli, dans ce quartier commercial et anim\u00e9 de la commune d'Ixelles, dans l'agglom\u00e9ration bruxelloise.","og_url":"https:\/\/www.fbf-bff.be\/fr\/bagelstein-ouvre-sa-premiere-franchise-en-belgique\/","og_site_name":"F\u00e9d\u00e9ration Belge de la Franchise","article_published_time":"2016-12-07T08:32:59+00:00","og_image":[{"width":334,"height":308,"url":"https:\/\/www.fbf-bff.be\/wp-content\/uploads\/2021\/10\/Bagelstein_Logo-copy.jpg","type":"image\/jpeg"}],"author":"fbf_admin","twitter_card":"summary_large_image","twitter_misc":{"\u00c9crit par":"fbf_admin","Dur\u00e9e de lecture estim\u00e9e":"2 minutes"},"schema":{"@context":"https:\/\/schema.org","@graph":[{"@type":"WebPage","@id":"https:\/\/www.fbf-bff.be\/fr\/bagelstein-ouvre-sa-premiere-franchise-en-belgique\/","url":"https:\/\/www.fbf-bff.be\/fr\/bagelstein-ouvre-sa-premiere-franchise-en-belgique\/","name":"Bagelstein ouvre sa premi\u00e8re franchise en Belgique - F\u00e9d\u00e9ration Belge de la Franchise","isPartOf":{"@id":"https:\/\/www.fbf-bff.be\/#website"},"primaryImageOfPage":{"@id":"https:\/\/www.fbf-bff.be\/fr\/bagelstein-ouvre-sa-premiere-franchise-en-belgique\/#primaryimage"},"image":{"@id":"https:\/\/www.fbf-bff.be\/fr\/bagelstein-ouvre-sa-premiere-franchise-en-belgique\/#primaryimage"},"thumbnailUrl":"https:\/\/www.fbf-bff.be\/wp-content\/uploads\/2021\/10\/Bagelstein_Logo-copy.jpg","datePublished":"2016-12-07T08:32:59+00:00","dateModified":"2016-12-07T08:32:59+00:00","author":{"@id":"https:\/\/www.fbf-bff.be\/#\/schema\/person\/73a9cbee87288cba2b06e3fc29244fe7"},"breadcrumb":{"@id":"https:\/\/www.fbf-bff.be\/fr\/bagelstein-ouvre-sa-premiere-franchise-en-belgique\/#breadcrumb"},"inLanguage":"fr-FR","potentialAction":[{"@type":"ReadAction","target":["https:\/\/www.fbf-bff.be\/fr\/bagelstein-ouvre-sa-premiere-franchise-en-belgique\/"]}]},{"@type":"ImageObject","inLanguage":"fr-FR","@id":"https:\/\/www.fbf-bff.be\/fr\/bagelstein-ouvre-sa-premiere-franchise-en-belgique\/#primaryimage","url":"https:\/\/www.fbf-bff.be\/wp-content\/uploads\/2021\/10\/Bagelstein_Logo-copy.jpg","contentUrl":"https:\/\/www.fbf-bff.be\/wp-content\/uploads\/2021\/10\/Bagelstein_Logo-copy.jpg","width":334,"height":308},{"@type":"BreadcrumbList","@id":"https:\/\/www.fbf-bff.be\/fr\/bagelstein-ouvre-sa-premiere-franchise-en-belgique\/#breadcrumb","itemListElement":[{"@type":"ListItem","position":1,"name":"Home","item":"https:\/\/www.fbf-bff.be\/fr\/"},{"@type":"ListItem","position":2,"name":"Bagelstein ouvre sa premi\u00e8re franchise en Belgique"}]},{"@type":"WebSite","@id":"https:\/\/www.fbf-bff.be\/#website","url":"https:\/\/www.fbf-bff.be\/","name":"F\u00e9d\u00e9ration Belge de la Franchise","description":"Pour r\u00e9ussir ensemblee","potentialAction":[{"@type":"SearchAction","target":{"@type":"EntryPoint","urlTemplate":"https:\/\/www.fbf-bff.be\/?s={search_term_string}"},"query-input":{"@type":"PropertyValueSpecification","valueRequired":true,"valueName":"search_term_string"}}],"inLanguage":"fr-FR"},{"@type":"Person","@id":"https:\/\/www.fbf-bff.be\/#\/schema\/person\/73a9cbee87288cba2b06e3fc29244fe7","name":"fbf_admin","image":{"@type":"ImageObject","inLanguage":"fr-FR","@id":"https:\/\/www.fbf-bff.be\/#\/schema\/person\/image\/","url":"https:\/\/secure.gravatar.com\/avatar\/20f6483dbe2a69e0999ddcdd1744b7f7?s=96&d=mm&r=g","contentUrl":"https:\/\/secure.gravatar.com\/avatar\/20f6483dbe2a69e0999ddcdd1744b7f7?s=96&d=mm&r=g","caption":"fbf_admin"}}]}},"_links":{"self":[{"href":"https:\/\/www.fbf-bff.be\/fr\/wp-json\/wp\/v2\/posts\/8518"}],"collection":[{"href":"https:\/\/www.fbf-bff.be\/fr\/wp-json\/wp\/v2\/posts"}],"about":[{"href":"https:\/\/www.fbf-bff.be\/fr\/wp-json\/wp\/v2\/types\/post"}],"author":[{"embeddable":true,"href":"https:\/\/www.fbf-bff.be\/fr\/wp-json\/wp\/v2\/users\/1"}],"replies":[{"embeddable":true,"href":"https:\/\/www.fbf-bff.be\/fr\/wp-json\/wp\/v2\/comments?post=8518"}],"version-history":[{"count":0,"href":"https:\/\/www.fbf-bff.be\/fr\/wp-json\/wp\/v2\/posts\/8518\/revisions"}],"wp:featuredmedia":[{"embeddable":true,"href":"https:\/\/www.fbf-bff.be\/fr\/wp-json\/wp\/v2\/media\/8519"}],"wp:attachment":[{"href":"https:\/\/www.fbf-bff.be\/fr\/wp-json\/wp\/v2\/media?parent=8518"}],"wp:term":[{"taxonomy":"category","embeddable":true,"href":"https:\/\/www.fbf-bff.be\/fr\/wp-json\/wp\/v2\/categories?post=8518"},{"taxonomy":"post_tag","embeddable":true,"href":"https:\/\/www.fbf-bff.be\/fr\/wp-json\/wp\/v2\/tags?post=8518"}],"curies":[{"name":"wp","href":"https:\/\/api.w.org\/{rel}","templated":true}]}}