{"id":8509,"date":"2016-12-05T10:20:14","date_gmt":"2016-12-05T09:20:14","guid":{"rendered":"https:\/\/www.fbf-bff.be\/le-concept-de-fitness-fit20-ouvre-son-5eme-studio-gand\/"},"modified":"2016-12-05T10:20:14","modified_gmt":"2016-12-05T09:20:14","slug":"le-concept-de-fitness-fit20-ouvre-son-5eme-studio-gand","status":"publish","type":"post","link":"https:\/\/www.fbf-bff.be\/fr\/le-concept-de-fitness-fit20-ouvre-son-5eme-studio-gand\/","title":{"rendered":"Le concept de fitness fit20 ouvre son 5\u00e8me studio \u00e0 Gand"},"content":{"rendered":"<div>Apr\u00e8s Kraainem, Anvers et Bruxelles (Ambiorix et Louise), la cha\u00eene de fitness fit 20 a inaugur\u00e9 un nouveau studio franchis\u00e9 dans le Maalcenter de Sint-Denijs-Westrem (Derbystraat 195), le 5\u00e8me de l&rsquo;enseigne de franchise en Belgique.<\/div>\r\n<div><\/div>\r\n<div>Ce studio de 120 m\u00b2 est \u00e9quip\u00e9 de huit appareils de fitness adapt\u00e9s au programme \u00a0HIT (High Intensity Training) qui caract\u00e9rise le concept de fit20 : accomplir six exercices au ralenti pendant 20 minutes par semaine, sur rendez-vous, dans un espace maintenu \u00e0 la temp\u00e9rature de 17\u00b0, sous le contr\u00f4le d&rsquo;un coach personnel. Ce qui permettra \u00e0 l&rsquo;utilisateur de ne pas transpirer et par cons\u00e9quent de ne pas devoir changer de v\u00eatements ou de se doucher.<\/div>\r\n<div><\/div>\r\n<div>Le studio fit20 de Sint-Denijs-Westrem est sous la direction des franchis\u00e9s gantois Luc Saeys et Pascale Verlinde, qui pensent d\u00e9j\u00e0 \u00e0 ouvrir deux autres studios dans un proche avenir \u00e0 Merelbeke et \u00e0 Genbrugge.<\/div>\r\n<div><b>\u00a0<\/b><\/div>\r\n<div><b><a href=\"https:\/\/www.fbf-bff.be\/wp-content\/uploads\/2021\/10\/Fit20_Gent.jpg\"><img loading=\"lazy\" decoding=\"async\" class=\"alignnone size-medium wp-image-9053\" src=\"https:\/\/www.fbf-bff.be\/wp-content\/uploads\/2021\/10\/Fit20_Gent-234x300-1.jpg\" alt=\"fit20_gent\" width=\"234\" height=\"300\" \/><\/a><\/b><\/div>\r\n<div><b>Une franchise en rapide expansion<\/b><\/div>\r\n<div><\/div>\r\n<div>fit20 a vu le jour aux Pays-Bas o\u00f9 la cha\u00eene compte aujourd&rsquo;hui plus de 70 studios. La franchise est arriv\u00e9e en Belgique dans le courant du mois d&rsquo;ao\u00fbt 2015. En quelques mois, les quatre premiers studios se sont ouverts et le master franchis\u00e9 pour la Belgique Marc God\u00a0se fixe un objectif de 150 studios dans notre pays dans les dix prochaines ann\u00e9es.<\/div>\r\n<div><\/div>\r\n<div>Sur la liste des villes prioritaires pour le d\u00e9veloppement, on trouve Courtrai, Hasselt, Louvain, Malines, Mons, Li\u00e8ge, Louvain et Namur.<\/div>\r\n<div><\/div>\r\n<div>Des partenariats sont \u00e9galement pr\u00e9vus avec des entreprises pour installer des studios au sein m\u00eame de celles-ci comme c&rsquo;est d\u00e9j\u00e0 le cas aux Pays-Bas o\u00f9 des soci\u00e9t\u00e9s comme Siemens, Ahold et Randstad disposent de leur propre centre.<\/div>","protected":false},"excerpt":{"rendered":"<p>Apr\u00e8s Kraainem, Anvers et Bruxelles (Ambiorix et Louise), la cha\u00eene de fitness fit 20 a inaugur\u00e9 un nouveau studio franchis\u00e9 dans le Maalcenter de Sint-Denijs-Westrem (Derbystraat 195), le 5\u00e8me de l&rsquo;enseigne de franchise en Belgique.<\/p>\n","protected":false},"author":1,"featured_media":3507,"comment_status":"closed","ping_status":"open","sticky":false,"template":"","format":"standard","meta":{"ngg_post_thumbnail":0,"footnotes":""},"categories":[37],"tags":[],"acf":[],"yoast_head":"<!-- This site is optimized with the Yoast SEO plugin v23.5 - https:\/\/yoast.com\/wordpress\/plugins\/seo\/ -->\n<title>Le concept de fitness fit20 ouvre son 5\u00e8me studio \u00e0 Gand - F\u00e9d\u00e9ration Belge de la Franchise<\/title>\n<meta name=\"robots\" content=\"index, follow, max-snippet:-1, max-image-preview:large, max-video-preview:-1\" \/>\n<link rel=\"canonical\" href=\"https:\/\/www.fbf-bff.be\/fr\/le-concept-de-fitness-fit20-ouvre-son-5eme-studio-gand\/\" \/>\n<meta property=\"og:locale\" content=\"fr_FR\" \/>\n<meta property=\"og:type\" content=\"article\" \/>\n<meta property=\"og:title\" content=\"Le concept de fitness fit20 ouvre son 5\u00e8me studio \u00e0 Gand - F\u00e9d\u00e9ration Belge de la Franchise\" \/>\n<meta property=\"og:description\" content=\"Apr\u00e8s Kraainem, Anvers et Bruxelles (Ambiorix et Louise), la cha\u00eene de fitness fit 20 a inaugur\u00e9 un nouveau studio franchis\u00e9 dans le Maalcenter de Sint-Denijs-Westrem (Derbystraat 195), le 5\u00e8me de l&#039;enseigne de franchise en Belgique.\" \/>\n<meta property=\"og:url\" content=\"https:\/\/www.fbf-bff.be\/fr\/le-concept-de-fitness-fit20-ouvre-son-5eme-studio-gand\/\" \/>\n<meta property=\"og:site_name\" content=\"F\u00e9d\u00e9ration Belge de la Franchise\" \/>\n<meta property=\"article:published_time\" content=\"2016-12-05T09:20:14+00:00\" \/>\n<meta property=\"og:image\" content=\"https:\/\/www.fbf-bff.be\/wp-content\/uploads\/2021\/10\/fit20.jpeg\" \/>\n\t<meta property=\"og:image:width\" content=\"348\" \/>\n\t<meta property=\"og:image:height\" content=\"145\" \/>\n\t<meta property=\"og:image:type\" content=\"image\/jpeg\" \/>\n<meta name=\"author\" content=\"fbf_admin\" \/>\n<meta name=\"twitter:card\" content=\"summary_large_image\" \/>\n<meta name=\"twitter:label1\" content=\"\u00c9crit par\" \/>\n\t<meta name=\"twitter:data1\" content=\"fbf_admin\" \/>\n\t<meta name=\"twitter:label2\" content=\"Dur\u00e9e de lecture estim\u00e9e\" \/>\n\t<meta name=\"twitter:data2\" content=\"1 minute\" \/>\n<script type=\"application\/ld+json\" class=\"yoast-schema-graph\">{\"@context\":\"https:\/\/schema.org\",\"@graph\":[{\"@type\":\"WebPage\",\"@id\":\"https:\/\/www.fbf-bff.be\/fr\/le-concept-de-fitness-fit20-ouvre-son-5eme-studio-gand\/\",\"url\":\"https:\/\/www.fbf-bff.be\/fr\/le-concept-de-fitness-fit20-ouvre-son-5eme-studio-gand\/\",\"name\":\"Le concept de fitness fit20 ouvre son 5\u00e8me studio \u00e0 Gand - F\u00e9d\u00e9ration Belge de la Franchise\",\"isPartOf\":{\"@id\":\"https:\/\/www.fbf-bff.be\/#website\"},\"primaryImageOfPage\":{\"@id\":\"https:\/\/www.fbf-bff.be\/fr\/le-concept-de-fitness-fit20-ouvre-son-5eme-studio-gand\/#primaryimage\"},\"image\":{\"@id\":\"https:\/\/www.fbf-bff.be\/fr\/le-concept-de-fitness-fit20-ouvre-son-5eme-studio-gand\/#primaryimage\"},\"thumbnailUrl\":\"https:\/\/www.fbf-bff.be\/wp-content\/uploads\/2021\/10\/fit20.jpeg\",\"datePublished\":\"2016-12-05T09:20:14+00:00\",\"dateModified\":\"2016-12-05T09:20:14+00:00\",\"author\":{\"@id\":\"https:\/\/www.fbf-bff.be\/#\/schema\/person\/73a9cbee87288cba2b06e3fc29244fe7\"},\"breadcrumb\":{\"@id\":\"https:\/\/www.fbf-bff.be\/fr\/le-concept-de-fitness-fit20-ouvre-son-5eme-studio-gand\/#breadcrumb\"},\"inLanguage\":\"fr-FR\",\"potentialAction\":[{\"@type\":\"ReadAction\",\"target\":[\"https:\/\/www.fbf-bff.be\/fr\/le-concept-de-fitness-fit20-ouvre-son-5eme-studio-gand\/\"]}]},{\"@type\":\"ImageObject\",\"inLanguage\":\"fr-FR\",\"@id\":\"https:\/\/www.fbf-bff.be\/fr\/le-concept-de-fitness-fit20-ouvre-son-5eme-studio-gand\/#primaryimage\",\"url\":\"https:\/\/www.fbf-bff.be\/wp-content\/uploads\/2021\/10\/fit20.jpeg\",\"contentUrl\":\"https:\/\/www.fbf-bff.be\/wp-content\/uploads\/2021\/10\/fit20.jpeg\",\"width\":348,\"height\":145},{\"@type\":\"BreadcrumbList\",\"@id\":\"https:\/\/www.fbf-bff.be\/fr\/le-concept-de-fitness-fit20-ouvre-son-5eme-studio-gand\/#breadcrumb\",\"itemListElement\":[{\"@type\":\"ListItem\",\"position\":1,\"name\":\"Home\",\"item\":\"https:\/\/www.fbf-bff.be\/fr\/\"},{\"@type\":\"ListItem\",\"position\":2,\"name\":\"Le concept de fitness fit20 ouvre son 5\u00e8me studio \u00e0 Gand\"}]},{\"@type\":\"WebSite\",\"@id\":\"https:\/\/www.fbf-bff.be\/#website\",\"url\":\"https:\/\/www.fbf-bff.be\/\",\"name\":\"F\u00e9d\u00e9ration Belge de la Franchise\",\"description\":\"Pour r\u00e9ussir ensemblee\",\"potentialAction\":[{\"@type\":\"SearchAction\",\"target\":{\"@type\":\"EntryPoint\",\"urlTemplate\":\"https:\/\/www.fbf-bff.be\/?s={search_term_string}\"},\"query-input\":{\"@type\":\"PropertyValueSpecification\",\"valueRequired\":true,\"valueName\":\"search_term_string\"}}],\"inLanguage\":\"fr-FR\"},{\"@type\":\"Person\",\"@id\":\"https:\/\/www.fbf-bff.be\/#\/schema\/person\/73a9cbee87288cba2b06e3fc29244fe7\",\"name\":\"fbf_admin\",\"image\":{\"@type\":\"ImageObject\",\"inLanguage\":\"fr-FR\",\"@id\":\"https:\/\/www.fbf-bff.be\/#\/schema\/person\/image\/\",\"url\":\"https:\/\/secure.gravatar.com\/avatar\/20f6483dbe2a69e0999ddcdd1744b7f7?s=96&d=mm&r=g\",\"contentUrl\":\"https:\/\/secure.gravatar.com\/avatar\/20f6483dbe2a69e0999ddcdd1744b7f7?s=96&d=mm&r=g\",\"caption\":\"fbf_admin\"}}]}<\/script>\n<!-- \/ Yoast SEO plugin. -->","yoast_head_json":{"title":"Le concept de fitness fit20 ouvre son 5\u00e8me studio \u00e0 Gand - F\u00e9d\u00e9ration Belge de la Franchise","robots":{"index":"index","follow":"follow","max-snippet":"max-snippet:-1","max-image-preview":"max-image-preview:large","max-video-preview":"max-video-preview:-1"},"canonical":"https:\/\/www.fbf-bff.be\/fr\/le-concept-de-fitness-fit20-ouvre-son-5eme-studio-gand\/","og_locale":"fr_FR","og_type":"article","og_title":"Le concept de fitness fit20 ouvre son 5\u00e8me studio \u00e0 Gand - F\u00e9d\u00e9ration Belge de la Franchise","og_description":"Apr\u00e8s Kraainem, Anvers et Bruxelles (Ambiorix et Louise), la cha\u00eene de fitness fit 20 a inaugur\u00e9 un nouveau studio franchis\u00e9 dans le Maalcenter de Sint-Denijs-Westrem (Derbystraat 195), le 5\u00e8me de l'enseigne de franchise en Belgique.","og_url":"https:\/\/www.fbf-bff.be\/fr\/le-concept-de-fitness-fit20-ouvre-son-5eme-studio-gand\/","og_site_name":"F\u00e9d\u00e9ration Belge de la Franchise","article_published_time":"2016-12-05T09:20:14+00:00","og_image":[{"width":348,"height":145,"url":"https:\/\/www.fbf-bff.be\/wp-content\/uploads\/2021\/10\/fit20.jpeg","type":"image\/jpeg"}],"author":"fbf_admin","twitter_card":"summary_large_image","twitter_misc":{"\u00c9crit par":"fbf_admin","Dur\u00e9e de lecture estim\u00e9e":"1 minute"},"schema":{"@context":"https:\/\/schema.org","@graph":[{"@type":"WebPage","@id":"https:\/\/www.fbf-bff.be\/fr\/le-concept-de-fitness-fit20-ouvre-son-5eme-studio-gand\/","url":"https:\/\/www.fbf-bff.be\/fr\/le-concept-de-fitness-fit20-ouvre-son-5eme-studio-gand\/","name":"Le concept de fitness fit20 ouvre son 5\u00e8me studio \u00e0 Gand - F\u00e9d\u00e9ration Belge de la Franchise","isPartOf":{"@id":"https:\/\/www.fbf-bff.be\/#website"},"primaryImageOfPage":{"@id":"https:\/\/www.fbf-bff.be\/fr\/le-concept-de-fitness-fit20-ouvre-son-5eme-studio-gand\/#primaryimage"},"image":{"@id":"https:\/\/www.fbf-bff.be\/fr\/le-concept-de-fitness-fit20-ouvre-son-5eme-studio-gand\/#primaryimage"},"thumbnailUrl":"https:\/\/www.fbf-bff.be\/wp-content\/uploads\/2021\/10\/fit20.jpeg","datePublished":"2016-12-05T09:20:14+00:00","dateModified":"2016-12-05T09:20:14+00:00","author":{"@id":"https:\/\/www.fbf-bff.be\/#\/schema\/person\/73a9cbee87288cba2b06e3fc29244fe7"},"breadcrumb":{"@id":"https:\/\/www.fbf-bff.be\/fr\/le-concept-de-fitness-fit20-ouvre-son-5eme-studio-gand\/#breadcrumb"},"inLanguage":"fr-FR","potentialAction":[{"@type":"ReadAction","target":["https:\/\/www.fbf-bff.be\/fr\/le-concept-de-fitness-fit20-ouvre-son-5eme-studio-gand\/"]}]},{"@type":"ImageObject","inLanguage":"fr-FR","@id":"https:\/\/www.fbf-bff.be\/fr\/le-concept-de-fitness-fit20-ouvre-son-5eme-studio-gand\/#primaryimage","url":"https:\/\/www.fbf-bff.be\/wp-content\/uploads\/2021\/10\/fit20.jpeg","contentUrl":"https:\/\/www.fbf-bff.be\/wp-content\/uploads\/2021\/10\/fit20.jpeg","width":348,"height":145},{"@type":"BreadcrumbList","@id":"https:\/\/www.fbf-bff.be\/fr\/le-concept-de-fitness-fit20-ouvre-son-5eme-studio-gand\/#breadcrumb","itemListElement":[{"@type":"ListItem","position":1,"name":"Home","item":"https:\/\/www.fbf-bff.be\/fr\/"},{"@type":"ListItem","position":2,"name":"Le concept de fitness fit20 ouvre son 5\u00e8me studio \u00e0 Gand"}]},{"@type":"WebSite","@id":"https:\/\/www.fbf-bff.be\/#website","url":"https:\/\/www.fbf-bff.be\/","name":"F\u00e9d\u00e9ration Belge de la Franchise","description":"Pour r\u00e9ussir ensemblee","potentialAction":[{"@type":"SearchAction","target":{"@type":"EntryPoint","urlTemplate":"https:\/\/www.fbf-bff.be\/?s={search_term_string}"},"query-input":{"@type":"PropertyValueSpecification","valueRequired":true,"valueName":"search_term_string"}}],"inLanguage":"fr-FR"},{"@type":"Person","@id":"https:\/\/www.fbf-bff.be\/#\/schema\/person\/73a9cbee87288cba2b06e3fc29244fe7","name":"fbf_admin","image":{"@type":"ImageObject","inLanguage":"fr-FR","@id":"https:\/\/www.fbf-bff.be\/#\/schema\/person\/image\/","url":"https:\/\/secure.gravatar.com\/avatar\/20f6483dbe2a69e0999ddcdd1744b7f7?s=96&d=mm&r=g","contentUrl":"https:\/\/secure.gravatar.com\/avatar\/20f6483dbe2a69e0999ddcdd1744b7f7?s=96&d=mm&r=g","caption":"fbf_admin"}}]}},"_links":{"self":[{"href":"https:\/\/www.fbf-bff.be\/fr\/wp-json\/wp\/v2\/posts\/8509"}],"collection":[{"href":"https:\/\/www.fbf-bff.be\/fr\/wp-json\/wp\/v2\/posts"}],"about":[{"href":"https:\/\/www.fbf-bff.be\/fr\/wp-json\/wp\/v2\/types\/post"}],"author":[{"embeddable":true,"href":"https:\/\/www.fbf-bff.be\/fr\/wp-json\/wp\/v2\/users\/1"}],"replies":[{"embeddable":true,"href":"https:\/\/www.fbf-bff.be\/fr\/wp-json\/wp\/v2\/comments?post=8509"}],"version-history":[{"count":0,"href":"https:\/\/www.fbf-bff.be\/fr\/wp-json\/wp\/v2\/posts\/8509\/revisions"}],"wp:featuredmedia":[{"embeddable":true,"href":"https:\/\/www.fbf-bff.be\/fr\/wp-json\/wp\/v2\/media\/3507"}],"wp:attachment":[{"href":"https:\/\/www.fbf-bff.be\/fr\/wp-json\/wp\/v2\/media?parent=8509"}],"wp:term":[{"taxonomy":"category","embeddable":true,"href":"https:\/\/www.fbf-bff.be\/fr\/wp-json\/wp\/v2\/categories?post=8509"},{"taxonomy":"post_tag","embeddable":true,"href":"https:\/\/www.fbf-bff.be\/fr\/wp-json\/wp\/v2\/tags?post=8509"}],"curies":[{"name":"wp","href":"https:\/\/api.w.org\/{rel}","templated":true}]}}