{"id":8486,"date":"2016-11-16T16:25:26","date_gmt":"2016-11-16T15:25:26","guid":{"rendered":"https:\/\/www.fbf-bff.be\/ixina-decroche-le-label-leader-du-service-2017-decerne-par-le-magazine-capital\/"},"modified":"2016-11-16T16:25:26","modified_gmt":"2016-11-16T15:25:26","slug":"ixina-decroche-le-label-leader-du-service-2017-decerne-par-le-magazine-capital","status":"publish","type":"post","link":"https:\/\/www.fbf-bff.be\/fr\/ixina-decroche-le-label-leader-du-service-2017-decerne-par-le-magazine-capital\/","title":{"rendered":"Ixina d\u00e9croche le label &#8220;leader du service 2017&#8221; d\u00e9cern\u00e9 par le magazine Capital"},"content":{"rendered":"L\u2019enseigne de cuisiniste Ixina vient de d\u00e9crocher le label \u00ab\u00a0leader du service 2017\u00a0\u00bb d\u00e9cern\u00e9 par le magazine Capital, dans son num\u00e9ro de novembre 2016.\r\n\r\n<em>\u00ab\u00a0Plus de 2\u00a0000 marques ont ainsi \u00e9t\u00e9 analys\u00e9es par un panel de 20\u00a0000 consommateurs fran\u00e7ais, couvrant plus de 175 secteurs d\u2019activit\u00e9. Les donn\u00e9es r\u00e9colt\u00e9es ont permis d\u2019\u00e9tablir le\u00a0palmar\u00e8s des leaders du service\u00a0dans leur secteur d\u2019activit\u00e9\u00a0\u00bb<\/em>, r\u00e9sume\u00a0<a title=\"Informations sur franchise Ixina\" href=\"http:\/\/www.lesechosdelafranchise.com\/franchise-ixina\" target=\"_blank\" data-saferedirecturl=\"https:\/\/www.google.com\/url?hl=fr&amp;q=http:\/\/www.lesechosdelafranchise.com\/franchise-ixina&amp;source=gmail&amp;ust=1479396249517000&amp;usg=AFQjCNHqj71mi_KNrNdJ7wdOu7wncEhWfA\" rel=\"noopener\">Ixina<\/a>, qui a \u00e9t\u00e9 r\u00e9compens\u00e9e dans le domaine des cuisinistes.\u00a0<em>\u00ab\u00a0V\u00e9ritable gage de qualit\u00e9, ce label vient r\u00e9compenser le travail quotidien de nos franchis\u00e9s sur le terrain. Chez Ixina, l\u2019accompagnement du client est primordial et nous faisons le n\u00e9cessaire pour r\u00e9pondre \u00e0 tous leurs besoins et satisfaire leur projet\u00a0\u00bb<\/em>, a notamment d\u00e9clar\u00e9 Thierry Tallet, le directeur g\u00e9n\u00e9ral d\u2019Ixina France.\r\n\r\nFiliale du groupe Franchise Business Division (FDB) qui poss\u00e8de \u00e9galement les enseignes Cuisines Plus\u00a0et Cuisines R\u00e9f\u00e9rences en France, le r\u00e9seau Ixina est pr\u00e9sent dans 28 pays avec pr\u00e8s de 400 points de vente.\r\n\r\nPour avoir plus d\u2019information sur Ixina, <u><a href=\"https:\/\/franchisingbelgium.be\/formule\/ixina\/?lang=fr\" target=\"_blank\" rel=\"noopener\">cliquez ici<\/a>.<\/u>","protected":false},"excerpt":{"rendered":"<p>L\u2019enseigne de cuisiniste Ixina vient de d\u00e9crocher le label \u00ab leader du service 2017 \u00bb d\u00e9cern\u00e9 par le magazine Capital, dans son num\u00e9ro de novembre 2016.<\/p>\n","protected":false},"author":1,"featured_media":4069,"comment_status":"closed","ping_status":"open","sticky":false,"template":"","format":"standard","meta":{"ngg_post_thumbnail":0,"footnotes":""},"categories":[37],"tags":[],"acf":[],"yoast_head":"<!-- This site is optimized with the Yoast SEO plugin v23.5 - https:\/\/yoast.com\/wordpress\/plugins\/seo\/ -->\n<title>Ixina d\u00e9croche le label &#8220;leader du service 2017&#8221; d\u00e9cern\u00e9 par le magazine Capital - F\u00e9d\u00e9ration Belge de la Franchise<\/title>\n<meta name=\"robots\" content=\"index, follow, max-snippet:-1, max-image-preview:large, max-video-preview:-1\" \/>\n<link rel=\"canonical\" href=\"https:\/\/www.fbf-bff.be\/fr\/ixina-decroche-le-label-leader-du-service-2017-decerne-par-le-magazine-capital\/\" \/>\n<meta property=\"og:locale\" content=\"fr_FR\" \/>\n<meta property=\"og:type\" content=\"article\" \/>\n<meta property=\"og:title\" content=\"Ixina d\u00e9croche le label &#8220;leader du service 2017&#8221; d\u00e9cern\u00e9 par le magazine Capital - F\u00e9d\u00e9ration Belge de la Franchise\" \/>\n<meta property=\"og:description\" content=\"L\u2019enseigne de cuisiniste Ixina vient de d\u00e9crocher le label \u00ab leader du service 2017 \u00bb d\u00e9cern\u00e9 par le magazine Capital, dans son num\u00e9ro de novembre 2016.\" \/>\n<meta property=\"og:url\" content=\"https:\/\/www.fbf-bff.be\/fr\/ixina-decroche-le-label-leader-du-service-2017-decerne-par-le-magazine-capital\/\" \/>\n<meta property=\"og:site_name\" content=\"F\u00e9d\u00e9ration Belge de la Franchise\" \/>\n<meta property=\"article:published_time\" content=\"2016-11-16T15:25:26+00:00\" \/>\n<meta property=\"og:image\" content=\"https:\/\/www.fbf-bff.be\/wp-content\/uploads\/2021\/10\/Ixina_Logo.png\" \/>\n\t<meta property=\"og:image:width\" content=\"220\" \/>\n\t<meta property=\"og:image:height\" content=\"165\" \/>\n\t<meta property=\"og:image:type\" content=\"image\/png\" \/>\n<meta name=\"author\" content=\"fbf_admin\" \/>\n<meta name=\"twitter:card\" content=\"summary_large_image\" \/>\n<meta name=\"twitter:label1\" content=\"\u00c9crit par\" \/>\n\t<meta name=\"twitter:data1\" content=\"fbf_admin\" \/>\n\t<meta name=\"twitter:label2\" content=\"Dur\u00e9e de lecture estim\u00e9e\" \/>\n\t<meta name=\"twitter:data2\" content=\"1 minute\" \/>\n<script type=\"application\/ld+json\" class=\"yoast-schema-graph\">{\"@context\":\"https:\/\/schema.org\",\"@graph\":[{\"@type\":\"WebPage\",\"@id\":\"https:\/\/www.fbf-bff.be\/fr\/ixina-decroche-le-label-leader-du-service-2017-decerne-par-le-magazine-capital\/\",\"url\":\"https:\/\/www.fbf-bff.be\/fr\/ixina-decroche-le-label-leader-du-service-2017-decerne-par-le-magazine-capital\/\",\"name\":\"Ixina d\u00e9croche le label &#8220;leader du service 2017&#8221; d\u00e9cern\u00e9 par le magazine Capital - F\u00e9d\u00e9ration Belge de la Franchise\",\"isPartOf\":{\"@id\":\"https:\/\/www.fbf-bff.be\/#website\"},\"primaryImageOfPage\":{\"@id\":\"https:\/\/www.fbf-bff.be\/fr\/ixina-decroche-le-label-leader-du-service-2017-decerne-par-le-magazine-capital\/#primaryimage\"},\"image\":{\"@id\":\"https:\/\/www.fbf-bff.be\/fr\/ixina-decroche-le-label-leader-du-service-2017-decerne-par-le-magazine-capital\/#primaryimage\"},\"thumbnailUrl\":\"https:\/\/www.fbf-bff.be\/wp-content\/uploads\/2021\/10\/Ixina_Logo.png\",\"datePublished\":\"2016-11-16T15:25:26+00:00\",\"dateModified\":\"2016-11-16T15:25:26+00:00\",\"author\":{\"@id\":\"https:\/\/www.fbf-bff.be\/#\/schema\/person\/73a9cbee87288cba2b06e3fc29244fe7\"},\"breadcrumb\":{\"@id\":\"https:\/\/www.fbf-bff.be\/fr\/ixina-decroche-le-label-leader-du-service-2017-decerne-par-le-magazine-capital\/#breadcrumb\"},\"inLanguage\":\"fr-FR\",\"potentialAction\":[{\"@type\":\"ReadAction\",\"target\":[\"https:\/\/www.fbf-bff.be\/fr\/ixina-decroche-le-label-leader-du-service-2017-decerne-par-le-magazine-capital\/\"]}]},{\"@type\":\"ImageObject\",\"inLanguage\":\"fr-FR\",\"@id\":\"https:\/\/www.fbf-bff.be\/fr\/ixina-decroche-le-label-leader-du-service-2017-decerne-par-le-magazine-capital\/#primaryimage\",\"url\":\"https:\/\/www.fbf-bff.be\/wp-content\/uploads\/2021\/10\/Ixina_Logo.png\",\"contentUrl\":\"https:\/\/www.fbf-bff.be\/wp-content\/uploads\/2021\/10\/Ixina_Logo.png\",\"width\":220,\"height\":165},{\"@type\":\"BreadcrumbList\",\"@id\":\"https:\/\/www.fbf-bff.be\/fr\/ixina-decroche-le-label-leader-du-service-2017-decerne-par-le-magazine-capital\/#breadcrumb\",\"itemListElement\":[{\"@type\":\"ListItem\",\"position\":1,\"name\":\"Home\",\"item\":\"https:\/\/www.fbf-bff.be\/fr\/\"},{\"@type\":\"ListItem\",\"position\":2,\"name\":\"Ixina d\u00e9croche le label &#8220;leader du service 2017&#8221; d\u00e9cern\u00e9 par le magazine Capital\"}]},{\"@type\":\"WebSite\",\"@id\":\"https:\/\/www.fbf-bff.be\/#website\",\"url\":\"https:\/\/www.fbf-bff.be\/\",\"name\":\"F\u00e9d\u00e9ration Belge de la Franchise\",\"description\":\"Pour r\u00e9ussir ensemblee\",\"potentialAction\":[{\"@type\":\"SearchAction\",\"target\":{\"@type\":\"EntryPoint\",\"urlTemplate\":\"https:\/\/www.fbf-bff.be\/?s={search_term_string}\"},\"query-input\":{\"@type\":\"PropertyValueSpecification\",\"valueRequired\":true,\"valueName\":\"search_term_string\"}}],\"inLanguage\":\"fr-FR\"},{\"@type\":\"Person\",\"@id\":\"https:\/\/www.fbf-bff.be\/#\/schema\/person\/73a9cbee87288cba2b06e3fc29244fe7\",\"name\":\"fbf_admin\",\"image\":{\"@type\":\"ImageObject\",\"inLanguage\":\"fr-FR\",\"@id\":\"https:\/\/www.fbf-bff.be\/#\/schema\/person\/image\/\",\"url\":\"https:\/\/secure.gravatar.com\/avatar\/20f6483dbe2a69e0999ddcdd1744b7f7?s=96&d=mm&r=g\",\"contentUrl\":\"https:\/\/secure.gravatar.com\/avatar\/20f6483dbe2a69e0999ddcdd1744b7f7?s=96&d=mm&r=g\",\"caption\":\"fbf_admin\"}}]}<\/script>\n<!-- \/ Yoast SEO plugin. -->","yoast_head_json":{"title":"Ixina d\u00e9croche le label &#8220;leader du service 2017&#8221; d\u00e9cern\u00e9 par le magazine Capital - F\u00e9d\u00e9ration Belge de la Franchise","robots":{"index":"index","follow":"follow","max-snippet":"max-snippet:-1","max-image-preview":"max-image-preview:large","max-video-preview":"max-video-preview:-1"},"canonical":"https:\/\/www.fbf-bff.be\/fr\/ixina-decroche-le-label-leader-du-service-2017-decerne-par-le-magazine-capital\/","og_locale":"fr_FR","og_type":"article","og_title":"Ixina d\u00e9croche le label &#8220;leader du service 2017&#8221; d\u00e9cern\u00e9 par le magazine Capital - F\u00e9d\u00e9ration Belge de la Franchise","og_description":"L\u2019enseigne de cuisiniste Ixina vient de d\u00e9crocher le label \u00ab leader du service 2017 \u00bb d\u00e9cern\u00e9 par le magazine Capital, dans son num\u00e9ro de novembre 2016.","og_url":"https:\/\/www.fbf-bff.be\/fr\/ixina-decroche-le-label-leader-du-service-2017-decerne-par-le-magazine-capital\/","og_site_name":"F\u00e9d\u00e9ration Belge de la Franchise","article_published_time":"2016-11-16T15:25:26+00:00","og_image":[{"width":220,"height":165,"url":"https:\/\/www.fbf-bff.be\/wp-content\/uploads\/2021\/10\/Ixina_Logo.png","type":"image\/png"}],"author":"fbf_admin","twitter_card":"summary_large_image","twitter_misc":{"\u00c9crit par":"fbf_admin","Dur\u00e9e de lecture estim\u00e9e":"1 minute"},"schema":{"@context":"https:\/\/schema.org","@graph":[{"@type":"WebPage","@id":"https:\/\/www.fbf-bff.be\/fr\/ixina-decroche-le-label-leader-du-service-2017-decerne-par-le-magazine-capital\/","url":"https:\/\/www.fbf-bff.be\/fr\/ixina-decroche-le-label-leader-du-service-2017-decerne-par-le-magazine-capital\/","name":"Ixina d\u00e9croche le label &#8220;leader du service 2017&#8221; d\u00e9cern\u00e9 par le magazine Capital - F\u00e9d\u00e9ration Belge de la Franchise","isPartOf":{"@id":"https:\/\/www.fbf-bff.be\/#website"},"primaryImageOfPage":{"@id":"https:\/\/www.fbf-bff.be\/fr\/ixina-decroche-le-label-leader-du-service-2017-decerne-par-le-magazine-capital\/#primaryimage"},"image":{"@id":"https:\/\/www.fbf-bff.be\/fr\/ixina-decroche-le-label-leader-du-service-2017-decerne-par-le-magazine-capital\/#primaryimage"},"thumbnailUrl":"https:\/\/www.fbf-bff.be\/wp-content\/uploads\/2021\/10\/Ixina_Logo.png","datePublished":"2016-11-16T15:25:26+00:00","dateModified":"2016-11-16T15:25:26+00:00","author":{"@id":"https:\/\/www.fbf-bff.be\/#\/schema\/person\/73a9cbee87288cba2b06e3fc29244fe7"},"breadcrumb":{"@id":"https:\/\/www.fbf-bff.be\/fr\/ixina-decroche-le-label-leader-du-service-2017-decerne-par-le-magazine-capital\/#breadcrumb"},"inLanguage":"fr-FR","potentialAction":[{"@type":"ReadAction","target":["https:\/\/www.fbf-bff.be\/fr\/ixina-decroche-le-label-leader-du-service-2017-decerne-par-le-magazine-capital\/"]}]},{"@type":"ImageObject","inLanguage":"fr-FR","@id":"https:\/\/www.fbf-bff.be\/fr\/ixina-decroche-le-label-leader-du-service-2017-decerne-par-le-magazine-capital\/#primaryimage","url":"https:\/\/www.fbf-bff.be\/wp-content\/uploads\/2021\/10\/Ixina_Logo.png","contentUrl":"https:\/\/www.fbf-bff.be\/wp-content\/uploads\/2021\/10\/Ixina_Logo.png","width":220,"height":165},{"@type":"BreadcrumbList","@id":"https:\/\/www.fbf-bff.be\/fr\/ixina-decroche-le-label-leader-du-service-2017-decerne-par-le-magazine-capital\/#breadcrumb","itemListElement":[{"@type":"ListItem","position":1,"name":"Home","item":"https:\/\/www.fbf-bff.be\/fr\/"},{"@type":"ListItem","position":2,"name":"Ixina d\u00e9croche le label &#8220;leader du service 2017&#8221; d\u00e9cern\u00e9 par le magazine Capital"}]},{"@type":"WebSite","@id":"https:\/\/www.fbf-bff.be\/#website","url":"https:\/\/www.fbf-bff.be\/","name":"F\u00e9d\u00e9ration Belge de la Franchise","description":"Pour r\u00e9ussir ensemblee","potentialAction":[{"@type":"SearchAction","target":{"@type":"EntryPoint","urlTemplate":"https:\/\/www.fbf-bff.be\/?s={search_term_string}"},"query-input":{"@type":"PropertyValueSpecification","valueRequired":true,"valueName":"search_term_string"}}],"inLanguage":"fr-FR"},{"@type":"Person","@id":"https:\/\/www.fbf-bff.be\/#\/schema\/person\/73a9cbee87288cba2b06e3fc29244fe7","name":"fbf_admin","image":{"@type":"ImageObject","inLanguage":"fr-FR","@id":"https:\/\/www.fbf-bff.be\/#\/schema\/person\/image\/","url":"https:\/\/secure.gravatar.com\/avatar\/20f6483dbe2a69e0999ddcdd1744b7f7?s=96&d=mm&r=g","contentUrl":"https:\/\/secure.gravatar.com\/avatar\/20f6483dbe2a69e0999ddcdd1744b7f7?s=96&d=mm&r=g","caption":"fbf_admin"}}]}},"_links":{"self":[{"href":"https:\/\/www.fbf-bff.be\/fr\/wp-json\/wp\/v2\/posts\/8486"}],"collection":[{"href":"https:\/\/www.fbf-bff.be\/fr\/wp-json\/wp\/v2\/posts"}],"about":[{"href":"https:\/\/www.fbf-bff.be\/fr\/wp-json\/wp\/v2\/types\/post"}],"author":[{"embeddable":true,"href":"https:\/\/www.fbf-bff.be\/fr\/wp-json\/wp\/v2\/users\/1"}],"replies":[{"embeddable":true,"href":"https:\/\/www.fbf-bff.be\/fr\/wp-json\/wp\/v2\/comments?post=8486"}],"version-history":[{"count":0,"href":"https:\/\/www.fbf-bff.be\/fr\/wp-json\/wp\/v2\/posts\/8486\/revisions"}],"wp:featuredmedia":[{"embeddable":true,"href":"https:\/\/www.fbf-bff.be\/fr\/wp-json\/wp\/v2\/media\/4069"}],"wp:attachment":[{"href":"https:\/\/www.fbf-bff.be\/fr\/wp-json\/wp\/v2\/media?parent=8486"}],"wp:term":[{"taxonomy":"category","embeddable":true,"href":"https:\/\/www.fbf-bff.be\/fr\/wp-json\/wp\/v2\/categories?post=8486"},{"taxonomy":"post_tag","embeddable":true,"href":"https:\/\/www.fbf-bff.be\/fr\/wp-json\/wp\/v2\/tags?post=8486"}],"curies":[{"name":"wp","href":"https:\/\/api.w.org\/{rel}","templated":true}]}}