{"id":8472,"date":"2016-10-31T11:05:34","date_gmt":"2016-10-31T10:05:34","guid":{"rendered":"https:\/\/www.fbf-bff.be\/la-compagnie-des-petits-et-paul-au-centre-commercial-docks-bruxsel\/"},"modified":"2016-10-31T11:05:34","modified_gmt":"2016-10-31T10:05:34","slug":"la-compagnie-des-petits-et-paul-au-centre-commercial-docks-bruxsel","status":"publish","type":"post","link":"https:\/\/www.fbf-bff.be\/fr\/la-compagnie-des-petits-et-paul-au-centre-commercial-docks-bruxsel\/","title":{"rendered":"La Compagnie des Petits et Paul au centre commercial Docks Bruxsel"},"content":{"rendered":"<strong>La Compagnie des Petits confirme sa pr\u00e9sence en r\u00e9gion bruxelloise<\/strong>\r\n\r\nL&rsquo;enseigne de franchise fran\u00e7aise La Compagnie des Petits, un des leaders sur le march\u00e9 fran\u00e7ais du pr\u00eat-\u00e0-porter pour enfants de 0 \u00e0 12 ans, \u00a0a ouvert une nouvelle boutique franchis\u00e9e (affiliation) le 19 octobre dans le nouveau centre commercial Docks Bruxsel.\r\n\r\nLe magasin d&rsquo;une surface de vente de 105 m\u00b2 situ\u00e9e au rez-de-chauss\u00e9e est le 11\u00e8me magasin du r\u00e9seau belge tenu par un ind\u00e9pendant qui dans ce cas est un affili\u00e9, le 5\u00e8me affili\u00e9 (les six autres magasins sont des franchises traditionnelles o\u00f9 le franchis\u00e9 est propri\u00e9taire de son stock).\r\n\r\nLe magasin des Docks est sous la direction de deux associ\u00e9es, Petra Gecer et Belgizar Yilmaz, toutes deux anciennes g\u00e9rantes de magasins Oka\u00efdi, autre enseigne fran\u00e7aise active dans le m\u00eame secteur.\r\n\r\nCe magasin est le troisi\u00e8me de l&rsquo;enseigne dans l&rsquo;agglom\u00e9ration bruxelloise apr\u00e8s ceux situ\u00e9s dans la galerie commer\u00e7ante de la Gare du Midi et et Chauss\u00e9e d&rsquo;Alsemberg \u00e0 Uccle.\r\n\r\nLe r\u00e9seau belgo-luxembourgeois de La Compagnie des Petits compte \u00e0 pr\u00e9sent 18 magasins.\r\n\r\nSi vous souhaitez de plus amples informations sur cette enseigne et sa franchise, <span style=\"text-decoration: underline\">cliquez ici<\/span>.\r\n\r\n<strong>La boulangerie Paul ouvre deux \u00e9tablissements dans le centre commercial<\/strong>\r\n\r\nLe premier d&rsquo;entre eux qui repr\u00e9sente la plus grande boulangerie Paul de Belgique avec 130 places assises (80 sur la terrasse et 50 \u00e0 l&rsquo;int\u00e9rieur) a ouvert ses portes.\r\n\r\n<a href=\"https:\/\/www.fbf-bff.be\/wp-content\/uploads\/2021\/10\/Paul_Docks-copy.jpg\"><img loading=\"lazy\" decoding=\"async\" class=\"alignnone size-medium wp-image-8898\" src=\"https:\/\/www.fbf-bff.be\/wp-content\/uploads\/2021\/10\/Paul_Docks-copy-300x277-1.jpg\" alt=\"paul_docks-copy\" width=\"300\" height=\"277\" \/><\/a>\r\n\r\nGr\u00e2ce \u00e0 des heures d&rsquo;ouverture sp\u00e9ciales \u00e9tendues jusqu&rsquo;\u00e0 22 heures, la cha\u00eene de boulangerie fran\u00e7aise s&rsquo;adapte \u00e0 la philosophie de Docks Bruxsel et pourra ainsi \u00e9galement s&rsquo;adresser aux spectateurs des derni\u00e8res s\u00e9ances du complexe cin\u00e9matographique situ\u00e9 sur le site des Docks Bruxsel.\r\n\r\nContrairement aux autres \u00e9tablissements de l&rsquo;enseigne Paul o\u00f9 il est uniquement possible de commander au comptoir pour consommer sur place ou emporter les produits, cet \u00e9tablissement propose \u00e9galement un service \u00e0 table\/\r\n\r\nL&rsquo;ouverture du second \u00e9tablissement au sein du centre commercial est pr\u00e9vue tr\u00e8s prochainement. Il sera davantage ax\u00e9 sur le service rapide et \u00e0 emporter.\r\n\r\nL&rsquo;enseigne de boulangerie Paul ouvre ainsi ses 20\u00e8me et 21\u00e8me \u00e9tablissements franchis\u00e9s en Belgique.\r\n\r\nLe master franchis\u00e9 Top Brands qui d\u00e9tient les droits de Paul sur le march\u00e9 belge, g\u00e8re \u00e9galement 211 points de vente de l&rsquo;enseigne Pizza Hut en Belgique et en France et plus r\u00e9cemment trois caf\u00e9s-lavoirs Wasbar.\r\n\r\nrli.","protected":false},"excerpt":{"rendered":"<p>La Compagnie des Petits confirme sa pr\u00e9sence en r\u00e9gion bruxelloise<\/p>\n<p>L&rsquo;enseigne de franchise fran\u00e7aise La Compagnie des Petits, un des leaders sur le march\u00e9 fran\u00e7ais du pr\u00eat-\u00e0-porter pour enfants de 0 \u00e0 12 ans,  a ouvert une nouvelle boutique franchis\u00e9e (affiliation) le 19 octobre dans le nouveau centre commercial Docks Bruxsel.<\/p>\n","protected":false},"author":1,"featured_media":4027,"comment_status":"closed","ping_status":"open","sticky":false,"template":"","format":"standard","meta":{"ngg_post_thumbnail":0,"footnotes":""},"categories":[37],"tags":[],"acf":[],"yoast_head":"<!-- This site is optimized with the Yoast SEO plugin v23.5 - https:\/\/yoast.com\/wordpress\/plugins\/seo\/ -->\n<title>La Compagnie des Petits et Paul au centre commercial Docks Bruxsel - F\u00e9d\u00e9ration Belge de la Franchise<\/title>\n<meta name=\"robots\" content=\"index, follow, max-snippet:-1, max-image-preview:large, max-video-preview:-1\" \/>\n<link rel=\"canonical\" href=\"https:\/\/www.fbf-bff.be\/fr\/la-compagnie-des-petits-et-paul-au-centre-commercial-docks-bruxsel\/\" \/>\n<meta property=\"og:locale\" content=\"fr_FR\" \/>\n<meta property=\"og:type\" content=\"article\" \/>\n<meta property=\"og:title\" content=\"La Compagnie des Petits et Paul au centre commercial Docks Bruxsel - F\u00e9d\u00e9ration Belge de la Franchise\" \/>\n<meta property=\"og:description\" content=\"La Compagnie des Petits confirme sa pr\u00e9sence en r\u00e9gion bruxelloise  L&#039;enseigne de franchise fran\u00e7aise La Compagnie des Petits, un des leaders sur le march\u00e9 fran\u00e7ais du pr\u00eat-\u00e0-porter pour enfants de 0 \u00e0 12 ans, a ouvert une nouvelle boutique franchis\u00e9e (affiliation) le 19 octobre dans le nouveau centre commercial Docks Bruxsel.\" \/>\n<meta property=\"og:url\" content=\"https:\/\/www.fbf-bff.be\/fr\/la-compagnie-des-petits-et-paul-au-centre-commercial-docks-bruxsel\/\" \/>\n<meta property=\"og:site_name\" content=\"F\u00e9d\u00e9ration Belge de la Franchise\" \/>\n<meta property=\"article:published_time\" content=\"2016-10-31T10:05:34+00:00\" \/>\n<meta property=\"og:image\" content=\"https:\/\/www.fbf-bff.be\/wp-content\/uploads\/2021\/10\/DocksBruxsel_Logo.jpg\" \/>\n\t<meta property=\"og:image:width\" content=\"167\" \/>\n\t<meta property=\"og:image:height\" content=\"79\" \/>\n\t<meta property=\"og:image:type\" content=\"image\/jpeg\" \/>\n<meta name=\"author\" content=\"fbf_admin\" \/>\n<meta name=\"twitter:card\" content=\"summary_large_image\" \/>\n<meta name=\"twitter:label1\" content=\"\u00c9crit par\" \/>\n\t<meta name=\"twitter:data1\" content=\"fbf_admin\" \/>\n\t<meta name=\"twitter:label2\" content=\"Dur\u00e9e de lecture estim\u00e9e\" \/>\n\t<meta name=\"twitter:data2\" content=\"2 minutes\" \/>\n<script type=\"application\/ld+json\" class=\"yoast-schema-graph\">{\"@context\":\"https:\/\/schema.org\",\"@graph\":[{\"@type\":\"WebPage\",\"@id\":\"https:\/\/www.fbf-bff.be\/fr\/la-compagnie-des-petits-et-paul-au-centre-commercial-docks-bruxsel\/\",\"url\":\"https:\/\/www.fbf-bff.be\/fr\/la-compagnie-des-petits-et-paul-au-centre-commercial-docks-bruxsel\/\",\"name\":\"La Compagnie des Petits et Paul au centre commercial Docks Bruxsel - F\u00e9d\u00e9ration Belge de la Franchise\",\"isPartOf\":{\"@id\":\"https:\/\/www.fbf-bff.be\/#website\"},\"primaryImageOfPage\":{\"@id\":\"https:\/\/www.fbf-bff.be\/fr\/la-compagnie-des-petits-et-paul-au-centre-commercial-docks-bruxsel\/#primaryimage\"},\"image\":{\"@id\":\"https:\/\/www.fbf-bff.be\/fr\/la-compagnie-des-petits-et-paul-au-centre-commercial-docks-bruxsel\/#primaryimage\"},\"thumbnailUrl\":\"https:\/\/www.fbf-bff.be\/wp-content\/uploads\/2021\/10\/DocksBruxsel_Logo.jpg\",\"datePublished\":\"2016-10-31T10:05:34+00:00\",\"dateModified\":\"2016-10-31T10:05:34+00:00\",\"author\":{\"@id\":\"https:\/\/www.fbf-bff.be\/#\/schema\/person\/73a9cbee87288cba2b06e3fc29244fe7\"},\"breadcrumb\":{\"@id\":\"https:\/\/www.fbf-bff.be\/fr\/la-compagnie-des-petits-et-paul-au-centre-commercial-docks-bruxsel\/#breadcrumb\"},\"inLanguage\":\"fr-FR\",\"potentialAction\":[{\"@type\":\"ReadAction\",\"target\":[\"https:\/\/www.fbf-bff.be\/fr\/la-compagnie-des-petits-et-paul-au-centre-commercial-docks-bruxsel\/\"]}]},{\"@type\":\"ImageObject\",\"inLanguage\":\"fr-FR\",\"@id\":\"https:\/\/www.fbf-bff.be\/fr\/la-compagnie-des-petits-et-paul-au-centre-commercial-docks-bruxsel\/#primaryimage\",\"url\":\"https:\/\/www.fbf-bff.be\/wp-content\/uploads\/2021\/10\/DocksBruxsel_Logo.jpg\",\"contentUrl\":\"https:\/\/www.fbf-bff.be\/wp-content\/uploads\/2021\/10\/DocksBruxsel_Logo.jpg\",\"width\":167,\"height\":79},{\"@type\":\"BreadcrumbList\",\"@id\":\"https:\/\/www.fbf-bff.be\/fr\/la-compagnie-des-petits-et-paul-au-centre-commercial-docks-bruxsel\/#breadcrumb\",\"itemListElement\":[{\"@type\":\"ListItem\",\"position\":1,\"name\":\"Home\",\"item\":\"https:\/\/www.fbf-bff.be\/fr\/\"},{\"@type\":\"ListItem\",\"position\":2,\"name\":\"La Compagnie des Petits et Paul au centre commercial Docks Bruxsel\"}]},{\"@type\":\"WebSite\",\"@id\":\"https:\/\/www.fbf-bff.be\/#website\",\"url\":\"https:\/\/www.fbf-bff.be\/\",\"name\":\"F\u00e9d\u00e9ration Belge de la Franchise\",\"description\":\"Pour r\u00e9ussir ensemblee\",\"potentialAction\":[{\"@type\":\"SearchAction\",\"target\":{\"@type\":\"EntryPoint\",\"urlTemplate\":\"https:\/\/www.fbf-bff.be\/?s={search_term_string}\"},\"query-input\":{\"@type\":\"PropertyValueSpecification\",\"valueRequired\":true,\"valueName\":\"search_term_string\"}}],\"inLanguage\":\"fr-FR\"},{\"@type\":\"Person\",\"@id\":\"https:\/\/www.fbf-bff.be\/#\/schema\/person\/73a9cbee87288cba2b06e3fc29244fe7\",\"name\":\"fbf_admin\",\"image\":{\"@type\":\"ImageObject\",\"inLanguage\":\"fr-FR\",\"@id\":\"https:\/\/www.fbf-bff.be\/#\/schema\/person\/image\/\",\"url\":\"https:\/\/secure.gravatar.com\/avatar\/20f6483dbe2a69e0999ddcdd1744b7f7?s=96&d=mm&r=g\",\"contentUrl\":\"https:\/\/secure.gravatar.com\/avatar\/20f6483dbe2a69e0999ddcdd1744b7f7?s=96&d=mm&r=g\",\"caption\":\"fbf_admin\"}}]}<\/script>\n<!-- \/ Yoast SEO plugin. -->","yoast_head_json":{"title":"La Compagnie des Petits et Paul au centre commercial Docks Bruxsel - F\u00e9d\u00e9ration Belge de la Franchise","robots":{"index":"index","follow":"follow","max-snippet":"max-snippet:-1","max-image-preview":"max-image-preview:large","max-video-preview":"max-video-preview:-1"},"canonical":"https:\/\/www.fbf-bff.be\/fr\/la-compagnie-des-petits-et-paul-au-centre-commercial-docks-bruxsel\/","og_locale":"fr_FR","og_type":"article","og_title":"La Compagnie des Petits et Paul au centre commercial Docks Bruxsel - F\u00e9d\u00e9ration Belge de la Franchise","og_description":"La Compagnie des Petits confirme sa pr\u00e9sence en r\u00e9gion bruxelloise  L'enseigne de franchise fran\u00e7aise La Compagnie des Petits, un des leaders sur le march\u00e9 fran\u00e7ais du pr\u00eat-\u00e0-porter pour enfants de 0 \u00e0 12 ans, a ouvert une nouvelle boutique franchis\u00e9e (affiliation) le 19 octobre dans le nouveau centre commercial Docks Bruxsel.","og_url":"https:\/\/www.fbf-bff.be\/fr\/la-compagnie-des-petits-et-paul-au-centre-commercial-docks-bruxsel\/","og_site_name":"F\u00e9d\u00e9ration Belge de la Franchise","article_published_time":"2016-10-31T10:05:34+00:00","og_image":[{"width":167,"height":79,"url":"https:\/\/www.fbf-bff.be\/wp-content\/uploads\/2021\/10\/DocksBruxsel_Logo.jpg","type":"image\/jpeg"}],"author":"fbf_admin","twitter_card":"summary_large_image","twitter_misc":{"\u00c9crit par":"fbf_admin","Dur\u00e9e de lecture estim\u00e9e":"2 minutes"},"schema":{"@context":"https:\/\/schema.org","@graph":[{"@type":"WebPage","@id":"https:\/\/www.fbf-bff.be\/fr\/la-compagnie-des-petits-et-paul-au-centre-commercial-docks-bruxsel\/","url":"https:\/\/www.fbf-bff.be\/fr\/la-compagnie-des-petits-et-paul-au-centre-commercial-docks-bruxsel\/","name":"La Compagnie des Petits et Paul au centre commercial Docks Bruxsel - F\u00e9d\u00e9ration Belge de la Franchise","isPartOf":{"@id":"https:\/\/www.fbf-bff.be\/#website"},"primaryImageOfPage":{"@id":"https:\/\/www.fbf-bff.be\/fr\/la-compagnie-des-petits-et-paul-au-centre-commercial-docks-bruxsel\/#primaryimage"},"image":{"@id":"https:\/\/www.fbf-bff.be\/fr\/la-compagnie-des-petits-et-paul-au-centre-commercial-docks-bruxsel\/#primaryimage"},"thumbnailUrl":"https:\/\/www.fbf-bff.be\/wp-content\/uploads\/2021\/10\/DocksBruxsel_Logo.jpg","datePublished":"2016-10-31T10:05:34+00:00","dateModified":"2016-10-31T10:05:34+00:00","author":{"@id":"https:\/\/www.fbf-bff.be\/#\/schema\/person\/73a9cbee87288cba2b06e3fc29244fe7"},"breadcrumb":{"@id":"https:\/\/www.fbf-bff.be\/fr\/la-compagnie-des-petits-et-paul-au-centre-commercial-docks-bruxsel\/#breadcrumb"},"inLanguage":"fr-FR","potentialAction":[{"@type":"ReadAction","target":["https:\/\/www.fbf-bff.be\/fr\/la-compagnie-des-petits-et-paul-au-centre-commercial-docks-bruxsel\/"]}]},{"@type":"ImageObject","inLanguage":"fr-FR","@id":"https:\/\/www.fbf-bff.be\/fr\/la-compagnie-des-petits-et-paul-au-centre-commercial-docks-bruxsel\/#primaryimage","url":"https:\/\/www.fbf-bff.be\/wp-content\/uploads\/2021\/10\/DocksBruxsel_Logo.jpg","contentUrl":"https:\/\/www.fbf-bff.be\/wp-content\/uploads\/2021\/10\/DocksBruxsel_Logo.jpg","width":167,"height":79},{"@type":"BreadcrumbList","@id":"https:\/\/www.fbf-bff.be\/fr\/la-compagnie-des-petits-et-paul-au-centre-commercial-docks-bruxsel\/#breadcrumb","itemListElement":[{"@type":"ListItem","position":1,"name":"Home","item":"https:\/\/www.fbf-bff.be\/fr\/"},{"@type":"ListItem","position":2,"name":"La Compagnie des Petits et Paul au centre commercial Docks Bruxsel"}]},{"@type":"WebSite","@id":"https:\/\/www.fbf-bff.be\/#website","url":"https:\/\/www.fbf-bff.be\/","name":"F\u00e9d\u00e9ration Belge de la Franchise","description":"Pour r\u00e9ussir ensemblee","potentialAction":[{"@type":"SearchAction","target":{"@type":"EntryPoint","urlTemplate":"https:\/\/www.fbf-bff.be\/?s={search_term_string}"},"query-input":{"@type":"PropertyValueSpecification","valueRequired":true,"valueName":"search_term_string"}}],"inLanguage":"fr-FR"},{"@type":"Person","@id":"https:\/\/www.fbf-bff.be\/#\/schema\/person\/73a9cbee87288cba2b06e3fc29244fe7","name":"fbf_admin","image":{"@type":"ImageObject","inLanguage":"fr-FR","@id":"https:\/\/www.fbf-bff.be\/#\/schema\/person\/image\/","url":"https:\/\/secure.gravatar.com\/avatar\/20f6483dbe2a69e0999ddcdd1744b7f7?s=96&d=mm&r=g","contentUrl":"https:\/\/secure.gravatar.com\/avatar\/20f6483dbe2a69e0999ddcdd1744b7f7?s=96&d=mm&r=g","caption":"fbf_admin"}}]}},"_links":{"self":[{"href":"https:\/\/www.fbf-bff.be\/fr\/wp-json\/wp\/v2\/posts\/8472"}],"collection":[{"href":"https:\/\/www.fbf-bff.be\/fr\/wp-json\/wp\/v2\/posts"}],"about":[{"href":"https:\/\/www.fbf-bff.be\/fr\/wp-json\/wp\/v2\/types\/post"}],"author":[{"embeddable":true,"href":"https:\/\/www.fbf-bff.be\/fr\/wp-json\/wp\/v2\/users\/1"}],"replies":[{"embeddable":true,"href":"https:\/\/www.fbf-bff.be\/fr\/wp-json\/wp\/v2\/comments?post=8472"}],"version-history":[{"count":0,"href":"https:\/\/www.fbf-bff.be\/fr\/wp-json\/wp\/v2\/posts\/8472\/revisions"}],"wp:featuredmedia":[{"embeddable":true,"href":"https:\/\/www.fbf-bff.be\/fr\/wp-json\/wp\/v2\/media\/4027"}],"wp:attachment":[{"href":"https:\/\/www.fbf-bff.be\/fr\/wp-json\/wp\/v2\/media?parent=8472"}],"wp:term":[{"taxonomy":"category","embeddable":true,"href":"https:\/\/www.fbf-bff.be\/fr\/wp-json\/wp\/v2\/categories?post=8472"},{"taxonomy":"post_tag","embeddable":true,"href":"https:\/\/www.fbf-bff.be\/fr\/wp-json\/wp\/v2\/tags?post=8472"}],"curies":[{"name":"wp","href":"https:\/\/api.w.org\/{rel}","templated":true}]}}