{"id":8462,"date":"2016-10-19T09:34:46","date_gmt":"2016-10-19T07:34:46","guid":{"rendered":"https:\/\/www.fbf-bff.be\/intermarche-rejoint-la-federation-belge-la-franchise-comme-membre-effectif\/"},"modified":"2016-10-19T09:34:46","modified_gmt":"2016-10-19T07:34:46","slug":"intermarche-rejoint-la-federation-belge-la-franchise-comme-membre-effectif","status":"publish","type":"post","link":"https:\/\/www.fbf-bff.be\/fr\/intermarche-rejoint-la-federation-belge-la-franchise-comme-membre-effectif\/","title":{"rendered":"Intermarch\u00e9 rejoint la F\u00e9d\u00e9ration Belge de la Franchise comme membre effectif"},"content":{"rendered":"La F\u00e9d\u00e9ration Belge de la Franchise est heureuse de vous annoncer que l&rsquo;enseigne fran\u00e7aise Intermarch\u00e9 du Groupement des Mousquetaires est d\u00e9sormais un membre effectif de la F\u00e9d\u00e9ration.\r\n\r\nAvec cette adh\u00e9sion Intermarch\u00e9 fait preuve qu&rsquo;ils suivent le Code Europ\u00e9en de D\u00e9ontologie et s\u2019efforce de maintenir une relation \u00e9quilibre entre franchiseur et le franchis\u00e9 dans une relation gagnant-gagnant. Tous les membres de la FBF ont souscrit ce code et sont reconnu comme des r\u00e9seaux de franchise qui se d\u00e9veloppent en conformit\u00e9 avec la franchise \u00e9thique et authentique.\r\n\r\nIntermarch\u00e9 est pr\u00e9sent\u00a0depuis 1991\u00a0en\u00a0Belgique\u00a0avec les deux enseignes alimentaires, Intermarch\u00e9 Contact (de 400 \u00e0 1.000 m\u00b2) et\u00a0Intermarch\u00e9 Super (de 1.000 \u00e0 4.000 m\u00b2)\u00a0\u00a0.\r\n\r\nLe Groupement des Mousquetaires est le plus important groupement europ\u00e9en d&rsquo;ind\u00e9pendants, appel\u00e9s \u00a0\u00bb adh\u00e9rents \u00a0\u00bb selon le vocable de l&rsquo;enseigne, avec plus de 4.000 points de vente dont 79 en\u00a0Belgique, exploit\u00e9s par une soixantaine d&rsquo;adh\u00e9rents.\r\n\r\nPour plus d\u2019info sur la franchise Intermarch\u00e9, <a href=\"https:\/\/franchisingbelgium.be\/formule\/intermarche\/?lang=fr\" target=\"_blank\" rel=\"noopener\"><u>cliquez ici.<\/u><\/a>\r\n\r\nrli.","protected":false},"excerpt":{"rendered":"<p>La F\u00e9d\u00e9ration Belge de la Franchise est heureuse de vous annoncer que l&rsquo;enseigne fran\u00e7aise Intermarch\u00e9 du Groupement des Mousquetaires est d\u00e9sormais un membre effectif de la F\u00e9d\u00e9ration.<\/p>\n","protected":false},"author":1,"featured_media":4002,"comment_status":"closed","ping_status":"open","sticky":false,"template":"","format":"standard","meta":{"ngg_post_thumbnail":0,"footnotes":""},"categories":[37],"tags":[],"acf":[],"yoast_head":"<!-- This site is optimized with the Yoast SEO plugin v23.5 - https:\/\/yoast.com\/wordpress\/plugins\/seo\/ -->\n<title>Intermarch\u00e9 rejoint la F\u00e9d\u00e9ration Belge de la Franchise comme membre effectif - F\u00e9d\u00e9ration Belge de la Franchise<\/title>\n<meta name=\"robots\" content=\"index, follow, max-snippet:-1, max-image-preview:large, max-video-preview:-1\" \/>\n<link rel=\"canonical\" href=\"https:\/\/www.fbf-bff.be\/fr\/intermarche-rejoint-la-federation-belge-la-franchise-comme-membre-effectif\/\" \/>\n<meta property=\"og:locale\" content=\"fr_FR\" \/>\n<meta property=\"og:type\" content=\"article\" \/>\n<meta property=\"og:title\" content=\"Intermarch\u00e9 rejoint la F\u00e9d\u00e9ration Belge de la Franchise comme membre effectif - F\u00e9d\u00e9ration Belge de la Franchise\" \/>\n<meta property=\"og:description\" content=\"La F\u00e9d\u00e9ration Belge de la Franchise est heureuse de vous annoncer que l&#039;enseigne fran\u00e7aise Intermarch\u00e9 du Groupement des Mousquetaires est d\u00e9sormais un membre effectif de la F\u00e9d\u00e9ration.\" \/>\n<meta property=\"og:url\" content=\"https:\/\/www.fbf-bff.be\/fr\/intermarche-rejoint-la-federation-belge-la-franchise-comme-membre-effectif\/\" \/>\n<meta property=\"og:site_name\" content=\"F\u00e9d\u00e9ration Belge de la Franchise\" \/>\n<meta property=\"article:published_time\" content=\"2016-10-19T07:34:46+00:00\" \/>\n<meta property=\"og:image\" content=\"https:\/\/www.fbf-bff.be\/wp-content\/uploads\/2021\/10\/Intermarche_Logo-1.png\" \/>\n\t<meta property=\"og:image:width\" content=\"640\" \/>\n\t<meta property=\"og:image:height\" content=\"201\" \/>\n\t<meta property=\"og:image:type\" content=\"image\/png\" \/>\n<meta name=\"author\" content=\"fbf_admin\" \/>\n<meta name=\"twitter:card\" content=\"summary_large_image\" \/>\n<meta name=\"twitter:label1\" content=\"\u00c9crit par\" \/>\n\t<meta name=\"twitter:data1\" content=\"fbf_admin\" \/>\n\t<meta name=\"twitter:label2\" content=\"Dur\u00e9e de lecture estim\u00e9e\" \/>\n\t<meta name=\"twitter:data2\" content=\"1 minute\" \/>\n<script type=\"application\/ld+json\" class=\"yoast-schema-graph\">{\"@context\":\"https:\/\/schema.org\",\"@graph\":[{\"@type\":\"WebPage\",\"@id\":\"https:\/\/www.fbf-bff.be\/fr\/intermarche-rejoint-la-federation-belge-la-franchise-comme-membre-effectif\/\",\"url\":\"https:\/\/www.fbf-bff.be\/fr\/intermarche-rejoint-la-federation-belge-la-franchise-comme-membre-effectif\/\",\"name\":\"Intermarch\u00e9 rejoint la F\u00e9d\u00e9ration Belge de la Franchise comme membre effectif - F\u00e9d\u00e9ration Belge de la Franchise\",\"isPartOf\":{\"@id\":\"https:\/\/www.fbf-bff.be\/#website\"},\"primaryImageOfPage\":{\"@id\":\"https:\/\/www.fbf-bff.be\/fr\/intermarche-rejoint-la-federation-belge-la-franchise-comme-membre-effectif\/#primaryimage\"},\"image\":{\"@id\":\"https:\/\/www.fbf-bff.be\/fr\/intermarche-rejoint-la-federation-belge-la-franchise-comme-membre-effectif\/#primaryimage\"},\"thumbnailUrl\":\"https:\/\/www.fbf-bff.be\/wp-content\/uploads\/2021\/10\/Intermarche_Logo-1.png\",\"datePublished\":\"2016-10-19T07:34:46+00:00\",\"dateModified\":\"2016-10-19T07:34:46+00:00\",\"author\":{\"@id\":\"https:\/\/www.fbf-bff.be\/#\/schema\/person\/73a9cbee87288cba2b06e3fc29244fe7\"},\"breadcrumb\":{\"@id\":\"https:\/\/www.fbf-bff.be\/fr\/intermarche-rejoint-la-federation-belge-la-franchise-comme-membre-effectif\/#breadcrumb\"},\"inLanguage\":\"fr-FR\",\"potentialAction\":[{\"@type\":\"ReadAction\",\"target\":[\"https:\/\/www.fbf-bff.be\/fr\/intermarche-rejoint-la-federation-belge-la-franchise-comme-membre-effectif\/\"]}]},{\"@type\":\"ImageObject\",\"inLanguage\":\"fr-FR\",\"@id\":\"https:\/\/www.fbf-bff.be\/fr\/intermarche-rejoint-la-federation-belge-la-franchise-comme-membre-effectif\/#primaryimage\",\"url\":\"https:\/\/www.fbf-bff.be\/wp-content\/uploads\/2021\/10\/Intermarche_Logo-1.png\",\"contentUrl\":\"https:\/\/www.fbf-bff.be\/wp-content\/uploads\/2021\/10\/Intermarche_Logo-1.png\",\"width\":640,\"height\":201},{\"@type\":\"BreadcrumbList\",\"@id\":\"https:\/\/www.fbf-bff.be\/fr\/intermarche-rejoint-la-federation-belge-la-franchise-comme-membre-effectif\/#breadcrumb\",\"itemListElement\":[{\"@type\":\"ListItem\",\"position\":1,\"name\":\"Home\",\"item\":\"https:\/\/www.fbf-bff.be\/fr\/\"},{\"@type\":\"ListItem\",\"position\":2,\"name\":\"Intermarch\u00e9 rejoint la F\u00e9d\u00e9ration Belge de la Franchise comme membre effectif\"}]},{\"@type\":\"WebSite\",\"@id\":\"https:\/\/www.fbf-bff.be\/#website\",\"url\":\"https:\/\/www.fbf-bff.be\/\",\"name\":\"F\u00e9d\u00e9ration Belge de la Franchise\",\"description\":\"Pour r\u00e9ussir ensemblee\",\"potentialAction\":[{\"@type\":\"SearchAction\",\"target\":{\"@type\":\"EntryPoint\",\"urlTemplate\":\"https:\/\/www.fbf-bff.be\/?s={search_term_string}\"},\"query-input\":{\"@type\":\"PropertyValueSpecification\",\"valueRequired\":true,\"valueName\":\"search_term_string\"}}],\"inLanguage\":\"fr-FR\"},{\"@type\":\"Person\",\"@id\":\"https:\/\/www.fbf-bff.be\/#\/schema\/person\/73a9cbee87288cba2b06e3fc29244fe7\",\"name\":\"fbf_admin\",\"image\":{\"@type\":\"ImageObject\",\"inLanguage\":\"fr-FR\",\"@id\":\"https:\/\/www.fbf-bff.be\/#\/schema\/person\/image\/\",\"url\":\"https:\/\/secure.gravatar.com\/avatar\/20f6483dbe2a69e0999ddcdd1744b7f7?s=96&d=mm&r=g\",\"contentUrl\":\"https:\/\/secure.gravatar.com\/avatar\/20f6483dbe2a69e0999ddcdd1744b7f7?s=96&d=mm&r=g\",\"caption\":\"fbf_admin\"}}]}<\/script>\n<!-- \/ Yoast SEO plugin. -->","yoast_head_json":{"title":"Intermarch\u00e9 rejoint la F\u00e9d\u00e9ration Belge de la Franchise comme membre effectif - F\u00e9d\u00e9ration Belge de la Franchise","robots":{"index":"index","follow":"follow","max-snippet":"max-snippet:-1","max-image-preview":"max-image-preview:large","max-video-preview":"max-video-preview:-1"},"canonical":"https:\/\/www.fbf-bff.be\/fr\/intermarche-rejoint-la-federation-belge-la-franchise-comme-membre-effectif\/","og_locale":"fr_FR","og_type":"article","og_title":"Intermarch\u00e9 rejoint la F\u00e9d\u00e9ration Belge de la Franchise comme membre effectif - F\u00e9d\u00e9ration Belge de la Franchise","og_description":"La F\u00e9d\u00e9ration Belge de la Franchise est heureuse de vous annoncer que l'enseigne fran\u00e7aise Intermarch\u00e9 du Groupement des Mousquetaires est d\u00e9sormais un membre effectif de la F\u00e9d\u00e9ration.","og_url":"https:\/\/www.fbf-bff.be\/fr\/intermarche-rejoint-la-federation-belge-la-franchise-comme-membre-effectif\/","og_site_name":"F\u00e9d\u00e9ration Belge de la Franchise","article_published_time":"2016-10-19T07:34:46+00:00","og_image":[{"width":640,"height":201,"url":"https:\/\/www.fbf-bff.be\/wp-content\/uploads\/2021\/10\/Intermarche_Logo-1.png","type":"image\/png"}],"author":"fbf_admin","twitter_card":"summary_large_image","twitter_misc":{"\u00c9crit par":"fbf_admin","Dur\u00e9e de lecture estim\u00e9e":"1 minute"},"schema":{"@context":"https:\/\/schema.org","@graph":[{"@type":"WebPage","@id":"https:\/\/www.fbf-bff.be\/fr\/intermarche-rejoint-la-federation-belge-la-franchise-comme-membre-effectif\/","url":"https:\/\/www.fbf-bff.be\/fr\/intermarche-rejoint-la-federation-belge-la-franchise-comme-membre-effectif\/","name":"Intermarch\u00e9 rejoint la F\u00e9d\u00e9ration Belge de la Franchise comme membre effectif - F\u00e9d\u00e9ration Belge de la Franchise","isPartOf":{"@id":"https:\/\/www.fbf-bff.be\/#website"},"primaryImageOfPage":{"@id":"https:\/\/www.fbf-bff.be\/fr\/intermarche-rejoint-la-federation-belge-la-franchise-comme-membre-effectif\/#primaryimage"},"image":{"@id":"https:\/\/www.fbf-bff.be\/fr\/intermarche-rejoint-la-federation-belge-la-franchise-comme-membre-effectif\/#primaryimage"},"thumbnailUrl":"https:\/\/www.fbf-bff.be\/wp-content\/uploads\/2021\/10\/Intermarche_Logo-1.png","datePublished":"2016-10-19T07:34:46+00:00","dateModified":"2016-10-19T07:34:46+00:00","author":{"@id":"https:\/\/www.fbf-bff.be\/#\/schema\/person\/73a9cbee87288cba2b06e3fc29244fe7"},"breadcrumb":{"@id":"https:\/\/www.fbf-bff.be\/fr\/intermarche-rejoint-la-federation-belge-la-franchise-comme-membre-effectif\/#breadcrumb"},"inLanguage":"fr-FR","potentialAction":[{"@type":"ReadAction","target":["https:\/\/www.fbf-bff.be\/fr\/intermarche-rejoint-la-federation-belge-la-franchise-comme-membre-effectif\/"]}]},{"@type":"ImageObject","inLanguage":"fr-FR","@id":"https:\/\/www.fbf-bff.be\/fr\/intermarche-rejoint-la-federation-belge-la-franchise-comme-membre-effectif\/#primaryimage","url":"https:\/\/www.fbf-bff.be\/wp-content\/uploads\/2021\/10\/Intermarche_Logo-1.png","contentUrl":"https:\/\/www.fbf-bff.be\/wp-content\/uploads\/2021\/10\/Intermarche_Logo-1.png","width":640,"height":201},{"@type":"BreadcrumbList","@id":"https:\/\/www.fbf-bff.be\/fr\/intermarche-rejoint-la-federation-belge-la-franchise-comme-membre-effectif\/#breadcrumb","itemListElement":[{"@type":"ListItem","position":1,"name":"Home","item":"https:\/\/www.fbf-bff.be\/fr\/"},{"@type":"ListItem","position":2,"name":"Intermarch\u00e9 rejoint la F\u00e9d\u00e9ration Belge de la Franchise comme membre effectif"}]},{"@type":"WebSite","@id":"https:\/\/www.fbf-bff.be\/#website","url":"https:\/\/www.fbf-bff.be\/","name":"F\u00e9d\u00e9ration Belge de la Franchise","description":"Pour r\u00e9ussir ensemblee","potentialAction":[{"@type":"SearchAction","target":{"@type":"EntryPoint","urlTemplate":"https:\/\/www.fbf-bff.be\/?s={search_term_string}"},"query-input":{"@type":"PropertyValueSpecification","valueRequired":true,"valueName":"search_term_string"}}],"inLanguage":"fr-FR"},{"@type":"Person","@id":"https:\/\/www.fbf-bff.be\/#\/schema\/person\/73a9cbee87288cba2b06e3fc29244fe7","name":"fbf_admin","image":{"@type":"ImageObject","inLanguage":"fr-FR","@id":"https:\/\/www.fbf-bff.be\/#\/schema\/person\/image\/","url":"https:\/\/secure.gravatar.com\/avatar\/20f6483dbe2a69e0999ddcdd1744b7f7?s=96&d=mm&r=g","contentUrl":"https:\/\/secure.gravatar.com\/avatar\/20f6483dbe2a69e0999ddcdd1744b7f7?s=96&d=mm&r=g","caption":"fbf_admin"}}]}},"_links":{"self":[{"href":"https:\/\/www.fbf-bff.be\/fr\/wp-json\/wp\/v2\/posts\/8462"}],"collection":[{"href":"https:\/\/www.fbf-bff.be\/fr\/wp-json\/wp\/v2\/posts"}],"about":[{"href":"https:\/\/www.fbf-bff.be\/fr\/wp-json\/wp\/v2\/types\/post"}],"author":[{"embeddable":true,"href":"https:\/\/www.fbf-bff.be\/fr\/wp-json\/wp\/v2\/users\/1"}],"replies":[{"embeddable":true,"href":"https:\/\/www.fbf-bff.be\/fr\/wp-json\/wp\/v2\/comments?post=8462"}],"version-history":[{"count":0,"href":"https:\/\/www.fbf-bff.be\/fr\/wp-json\/wp\/v2\/posts\/8462\/revisions"}],"wp:featuredmedia":[{"embeddable":true,"href":"https:\/\/www.fbf-bff.be\/fr\/wp-json\/wp\/v2\/media\/4002"}],"wp:attachment":[{"href":"https:\/\/www.fbf-bff.be\/fr\/wp-json\/wp\/v2\/media?parent=8462"}],"wp:term":[{"taxonomy":"category","embeddable":true,"href":"https:\/\/www.fbf-bff.be\/fr\/wp-json\/wp\/v2\/categories?post=8462"},{"taxonomy":"post_tag","embeddable":true,"href":"https:\/\/www.fbf-bff.be\/fr\/wp-json\/wp\/v2\/tags?post=8462"}],"curies":[{"name":"wp","href":"https:\/\/api.w.org\/{rel}","templated":true}]}}