{"id":8409,"date":"2016-09-21T10:11:06","date_gmt":"2016-09-21T08:11:06","guid":{"rendered":"https:\/\/www.fbf-bff.be\/une-premiere-franchise-farm-uccle\/"},"modified":"2016-09-21T10:11:06","modified_gmt":"2016-09-21T08:11:06","slug":"une-premiere-franchise-farm-uccle","status":"publish","type":"post","link":"https:\/\/www.fbf-bff.be\/fr\/une-premiere-franchise-farm-uccle\/","title":{"rendered":"Une premi\u00e8re franchise F\u00e4rm \u00e0 Uccle"},"content":{"rendered":"Effervescence ce 16 septembre 2016 au 546 de la rue Vanderkindere dans le quartier commer\u00e7ant de la Bascule \u00e0 Uccle dans l&rsquo;agglom\u00e9ration bruxelloise , et pour cause l&rsquo;inauguration du premier magasin franchis\u00e9 de l&rsquo;enseigne d&rsquo;\u00e9picerie bio et durable F\u00e4rm.  \r\n \r\nCe supermarch\u00e9 bio est le quatri\u00e8me magasin F\u00e4rm ouvert \u00e0 Bruxelles depuis la cr\u00e9ation de l&rsquo;enseigne en 2013 par Alexis Descampe et Baptiste Bataille, tous deux dipl\u00f4m\u00e9s en biologie et Fran\u00e7ois Stoop et Lionel Wouters. Les deux premiers avaient d\u00e9j\u00e0 ouvert une premi\u00e8re \u00e9picerie bio en 2009 \u00e0 Bruxelles.\r\n\r\n<a href=\"https:\/\/www.fbf-bff.be\/wp-content\/uploads\/2021\/10\/Farm_Sfeer.png\"><img loading=\"lazy\" decoding=\"async\" src=\"https:\/\/www.fbf-bff.be\/wp-content\/uploads\/2021\/10\/Farm_Sfeer-300x200-1.png\" alt=\"farm_sfeer\" width=\"300\" height=\"200\" class=\"alignnone size-medium wp-image-8550\" \/><\/a>\r\n \r\nLe concept de l&rsquo;enseigne est celui d&rsquo;un supermarch\u00e9 coop\u00e9ratif, urbain, bio et durable. La coop\u00e9rative compte aujourd&rsquo;hui 318 membres, des investisseurs (pr\u00e8s de 70%), les managers (moins de 20%) et pour le solde des collaborateurs et clients.\r\n \r\nLe magasin F\u00e4rm d&rsquo;Uccle d&rsquo;une surface de vente de 350 m\u00b2 avec 4.000 r\u00e9f\u00e9rences de produits, est sous la direction de deux jeunes franchis\u00e9s fran\u00e7ais, Jean-Louis Couderc (28) et Jean-Baptiste Lammin (31). Le premier est dipl\u00f4m\u00e9 en commerce et le second en herboristerie. On retrouve d&rsquo;ailleurs dans ce magasin une section d\u00e9di\u00e9e \u00e0 l&rsquo;herboristerie en vrac (400 plantes), une premi\u00e8re dans le r\u00e9seau F\u00e4rm.\r\n \r\nLes franchis\u00e9s sont accompagn\u00e9s actuellement d&rsquo;une \u00e9quipe de 8 collaborateurs.\r\n \r\nLe magasin F\u00e4rm d&rsquo;Uccle n&rsquo;est pas selon les d\u00e9clarations des fondateurs une franchise classique, mais un mod\u00e8le de franchise propre \u00e0 l&rsquo;enseigne bas\u00e9 sur plus de coop\u00e9ration.\r\n \r\nCe magasin a n\u00e9cessit\u00e9 un investissement de \u20ac 800.000, financ\u00e9 par emprunt bancaire, participation des coop\u00e9rateurs (44%) et des deux franchis\u00e9s. Cette franchise devrait \u00eatre la premi\u00e8re d&rsquo;une s\u00e9rie de 10 nouveaux points de vente en franchise et 2 en propre \u00e0 l&rsquo;horizon 2019, dans les villes de Bruxelles, Anvers, Gand, Li\u00e8ge et Namur. \r\n \r\nParmi les 4.000 r\u00e9f\u00e9rences de produits secs, 100 en fruits et l\u00e9gumes et 50 en fromagerie, 30 en viande et 120 en vrac, le magasin suit les segmentations de l&rsquo;enseigne : Dir\u00ebct pour les produits en provenance directe de producteurs, L\u00f6cal pour les produits belges et B\u00efo pour les produits bio et H\u00ebro pour les produits (444) qui rassemblent toutes ces segmentations.\r\n \r\nLe magasin s&rsquo;approvisionne en pains dans le magasin d&rsquo;Etterbeek (Hankar) qui a sa propre boulangerie et livre \u00e0 tous les magasins de l&rsquo;enseigne et \u00e0 d&rsquo;autres magasins bio; pour le service traiteur dans le magasin du centre (Sainte-Catherine) et le magasin Bascule fait de m\u00eame pour les autres magasins de l&rsquo;enseigne avec l&rsquo;herboristerie. \r\nrli.","protected":false},"excerpt":{"rendered":"<p>Effervescence ce 16 septembre 2016 au 546 de la rue Vanderkindere dans le quartier commer\u00e7ant de la Bascule \u00e0 Uccle dans l&rsquo;agglom\u00e9ration bruxelloise , et pour cause l&rsquo;inauguration du premier magasin franchis\u00e9 de l&rsquo;enseigne d&rsquo;\u00e9picerie bio et durable F\u00e4rm.  <\/p>\n","protected":false},"author":1,"featured_media":3961,"comment_status":"closed","ping_status":"open","sticky":false,"template":"","format":"standard","meta":{"ngg_post_thumbnail":0,"footnotes":""},"categories":[37],"tags":[],"acf":[],"yoast_head":"<!-- This site is optimized with the Yoast SEO plugin v23.5 - https:\/\/yoast.com\/wordpress\/plugins\/seo\/ -->\n<title>Une premi\u00e8re franchise F\u00e4rm \u00e0 Uccle - F\u00e9d\u00e9ration Belge de la Franchise<\/title>\n<meta name=\"robots\" content=\"index, follow, max-snippet:-1, max-image-preview:large, max-video-preview:-1\" \/>\n<link rel=\"canonical\" href=\"https:\/\/www.fbf-bff.be\/fr\/une-premiere-franchise-farm-uccle\/\" \/>\n<meta property=\"og:locale\" content=\"fr_FR\" \/>\n<meta property=\"og:type\" content=\"article\" \/>\n<meta property=\"og:title\" content=\"Une premi\u00e8re franchise F\u00e4rm \u00e0 Uccle - F\u00e9d\u00e9ration Belge de la Franchise\" \/>\n<meta property=\"og:description\" content=\"Effervescence ce 16 septembre 2016 au 546 de la rue Vanderkindere dans le quartier commer\u00e7ant de la Bascule \u00e0 Uccle dans l&#039;agglom\u00e9ration bruxelloise , et pour cause l&#039;inauguration du premier magasin franchis\u00e9 de l&#039;enseigne d&#039;\u00e9picerie bio et durable F\u00e4rm.\" \/>\n<meta property=\"og:url\" content=\"https:\/\/www.fbf-bff.be\/fr\/une-premiere-franchise-farm-uccle\/\" \/>\n<meta property=\"og:site_name\" content=\"F\u00e9d\u00e9ration Belge de la Franchise\" \/>\n<meta property=\"article:published_time\" content=\"2016-09-21T08:11:06+00:00\" \/>\n<meta property=\"og:image\" content=\"https:\/\/www.fbf-bff.be\/wp-content\/uploads\/2021\/10\/Farm_Logo.jpg\" \/>\n\t<meta property=\"og:image:width\" content=\"353\" \/>\n\t<meta property=\"og:image:height\" content=\"210\" \/>\n\t<meta property=\"og:image:type\" content=\"image\/jpeg\" \/>\n<meta name=\"author\" content=\"fbf_admin\" \/>\n<meta name=\"twitter:card\" content=\"summary_large_image\" \/>\n<meta name=\"twitter:label1\" content=\"\u00c9crit par\" \/>\n\t<meta name=\"twitter:data1\" content=\"fbf_admin\" \/>\n\t<meta name=\"twitter:label2\" content=\"Dur\u00e9e de lecture estim\u00e9e\" \/>\n\t<meta name=\"twitter:data2\" content=\"2 minutes\" \/>\n<script type=\"application\/ld+json\" class=\"yoast-schema-graph\">{\"@context\":\"https:\/\/schema.org\",\"@graph\":[{\"@type\":\"WebPage\",\"@id\":\"https:\/\/www.fbf-bff.be\/fr\/une-premiere-franchise-farm-uccle\/\",\"url\":\"https:\/\/www.fbf-bff.be\/fr\/une-premiere-franchise-farm-uccle\/\",\"name\":\"Une premi\u00e8re franchise F\u00e4rm \u00e0 Uccle - F\u00e9d\u00e9ration Belge de la Franchise\",\"isPartOf\":{\"@id\":\"https:\/\/www.fbf-bff.be\/#website\"},\"primaryImageOfPage\":{\"@id\":\"https:\/\/www.fbf-bff.be\/fr\/une-premiere-franchise-farm-uccle\/#primaryimage\"},\"image\":{\"@id\":\"https:\/\/www.fbf-bff.be\/fr\/une-premiere-franchise-farm-uccle\/#primaryimage\"},\"thumbnailUrl\":\"https:\/\/www.fbf-bff.be\/wp-content\/uploads\/2021\/10\/Farm_Logo.jpg\",\"datePublished\":\"2016-09-21T08:11:06+00:00\",\"dateModified\":\"2016-09-21T08:11:06+00:00\",\"author\":{\"@id\":\"https:\/\/www.fbf-bff.be\/#\/schema\/person\/73a9cbee87288cba2b06e3fc29244fe7\"},\"breadcrumb\":{\"@id\":\"https:\/\/www.fbf-bff.be\/fr\/une-premiere-franchise-farm-uccle\/#breadcrumb\"},\"inLanguage\":\"fr-FR\",\"potentialAction\":[{\"@type\":\"ReadAction\",\"target\":[\"https:\/\/www.fbf-bff.be\/fr\/une-premiere-franchise-farm-uccle\/\"]}]},{\"@type\":\"ImageObject\",\"inLanguage\":\"fr-FR\",\"@id\":\"https:\/\/www.fbf-bff.be\/fr\/une-premiere-franchise-farm-uccle\/#primaryimage\",\"url\":\"https:\/\/www.fbf-bff.be\/wp-content\/uploads\/2021\/10\/Farm_Logo.jpg\",\"contentUrl\":\"https:\/\/www.fbf-bff.be\/wp-content\/uploads\/2021\/10\/Farm_Logo.jpg\",\"width\":353,\"height\":210},{\"@type\":\"BreadcrumbList\",\"@id\":\"https:\/\/www.fbf-bff.be\/fr\/une-premiere-franchise-farm-uccle\/#breadcrumb\",\"itemListElement\":[{\"@type\":\"ListItem\",\"position\":1,\"name\":\"Home\",\"item\":\"https:\/\/www.fbf-bff.be\/fr\/\"},{\"@type\":\"ListItem\",\"position\":2,\"name\":\"Une premi\u00e8re franchise F\u00e4rm \u00e0 Uccle\"}]},{\"@type\":\"WebSite\",\"@id\":\"https:\/\/www.fbf-bff.be\/#website\",\"url\":\"https:\/\/www.fbf-bff.be\/\",\"name\":\"F\u00e9d\u00e9ration Belge de la Franchise\",\"description\":\"Pour r\u00e9ussir ensemblee\",\"potentialAction\":[{\"@type\":\"SearchAction\",\"target\":{\"@type\":\"EntryPoint\",\"urlTemplate\":\"https:\/\/www.fbf-bff.be\/?s={search_term_string}\"},\"query-input\":{\"@type\":\"PropertyValueSpecification\",\"valueRequired\":true,\"valueName\":\"search_term_string\"}}],\"inLanguage\":\"fr-FR\"},{\"@type\":\"Person\",\"@id\":\"https:\/\/www.fbf-bff.be\/#\/schema\/person\/73a9cbee87288cba2b06e3fc29244fe7\",\"name\":\"fbf_admin\",\"image\":{\"@type\":\"ImageObject\",\"inLanguage\":\"fr-FR\",\"@id\":\"https:\/\/www.fbf-bff.be\/#\/schema\/person\/image\/\",\"url\":\"https:\/\/secure.gravatar.com\/avatar\/20f6483dbe2a69e0999ddcdd1744b7f7?s=96&d=mm&r=g\",\"contentUrl\":\"https:\/\/secure.gravatar.com\/avatar\/20f6483dbe2a69e0999ddcdd1744b7f7?s=96&d=mm&r=g\",\"caption\":\"fbf_admin\"}}]}<\/script>\n<!-- \/ Yoast SEO plugin. -->","yoast_head_json":{"title":"Une premi\u00e8re franchise F\u00e4rm \u00e0 Uccle - F\u00e9d\u00e9ration Belge de la Franchise","robots":{"index":"index","follow":"follow","max-snippet":"max-snippet:-1","max-image-preview":"max-image-preview:large","max-video-preview":"max-video-preview:-1"},"canonical":"https:\/\/www.fbf-bff.be\/fr\/une-premiere-franchise-farm-uccle\/","og_locale":"fr_FR","og_type":"article","og_title":"Une premi\u00e8re franchise F\u00e4rm \u00e0 Uccle - F\u00e9d\u00e9ration Belge de la Franchise","og_description":"Effervescence ce 16 septembre 2016 au 546 de la rue Vanderkindere dans le quartier commer\u00e7ant de la Bascule \u00e0 Uccle dans l'agglom\u00e9ration bruxelloise , et pour cause l'inauguration du premier magasin franchis\u00e9 de l'enseigne d'\u00e9picerie bio et durable F\u00e4rm.","og_url":"https:\/\/www.fbf-bff.be\/fr\/une-premiere-franchise-farm-uccle\/","og_site_name":"F\u00e9d\u00e9ration Belge de la Franchise","article_published_time":"2016-09-21T08:11:06+00:00","og_image":[{"width":353,"height":210,"url":"https:\/\/www.fbf-bff.be\/wp-content\/uploads\/2021\/10\/Farm_Logo.jpg","type":"image\/jpeg"}],"author":"fbf_admin","twitter_card":"summary_large_image","twitter_misc":{"\u00c9crit par":"fbf_admin","Dur\u00e9e de lecture estim\u00e9e":"2 minutes"},"schema":{"@context":"https:\/\/schema.org","@graph":[{"@type":"WebPage","@id":"https:\/\/www.fbf-bff.be\/fr\/une-premiere-franchise-farm-uccle\/","url":"https:\/\/www.fbf-bff.be\/fr\/une-premiere-franchise-farm-uccle\/","name":"Une premi\u00e8re franchise F\u00e4rm \u00e0 Uccle - F\u00e9d\u00e9ration Belge de la Franchise","isPartOf":{"@id":"https:\/\/www.fbf-bff.be\/#website"},"primaryImageOfPage":{"@id":"https:\/\/www.fbf-bff.be\/fr\/une-premiere-franchise-farm-uccle\/#primaryimage"},"image":{"@id":"https:\/\/www.fbf-bff.be\/fr\/une-premiere-franchise-farm-uccle\/#primaryimage"},"thumbnailUrl":"https:\/\/www.fbf-bff.be\/wp-content\/uploads\/2021\/10\/Farm_Logo.jpg","datePublished":"2016-09-21T08:11:06+00:00","dateModified":"2016-09-21T08:11:06+00:00","author":{"@id":"https:\/\/www.fbf-bff.be\/#\/schema\/person\/73a9cbee87288cba2b06e3fc29244fe7"},"breadcrumb":{"@id":"https:\/\/www.fbf-bff.be\/fr\/une-premiere-franchise-farm-uccle\/#breadcrumb"},"inLanguage":"fr-FR","potentialAction":[{"@type":"ReadAction","target":["https:\/\/www.fbf-bff.be\/fr\/une-premiere-franchise-farm-uccle\/"]}]},{"@type":"ImageObject","inLanguage":"fr-FR","@id":"https:\/\/www.fbf-bff.be\/fr\/une-premiere-franchise-farm-uccle\/#primaryimage","url":"https:\/\/www.fbf-bff.be\/wp-content\/uploads\/2021\/10\/Farm_Logo.jpg","contentUrl":"https:\/\/www.fbf-bff.be\/wp-content\/uploads\/2021\/10\/Farm_Logo.jpg","width":353,"height":210},{"@type":"BreadcrumbList","@id":"https:\/\/www.fbf-bff.be\/fr\/une-premiere-franchise-farm-uccle\/#breadcrumb","itemListElement":[{"@type":"ListItem","position":1,"name":"Home","item":"https:\/\/www.fbf-bff.be\/fr\/"},{"@type":"ListItem","position":2,"name":"Une premi\u00e8re franchise F\u00e4rm \u00e0 Uccle"}]},{"@type":"WebSite","@id":"https:\/\/www.fbf-bff.be\/#website","url":"https:\/\/www.fbf-bff.be\/","name":"F\u00e9d\u00e9ration Belge de la Franchise","description":"Pour r\u00e9ussir ensemblee","potentialAction":[{"@type":"SearchAction","target":{"@type":"EntryPoint","urlTemplate":"https:\/\/www.fbf-bff.be\/?s={search_term_string}"},"query-input":{"@type":"PropertyValueSpecification","valueRequired":true,"valueName":"search_term_string"}}],"inLanguage":"fr-FR"},{"@type":"Person","@id":"https:\/\/www.fbf-bff.be\/#\/schema\/person\/73a9cbee87288cba2b06e3fc29244fe7","name":"fbf_admin","image":{"@type":"ImageObject","inLanguage":"fr-FR","@id":"https:\/\/www.fbf-bff.be\/#\/schema\/person\/image\/","url":"https:\/\/secure.gravatar.com\/avatar\/20f6483dbe2a69e0999ddcdd1744b7f7?s=96&d=mm&r=g","contentUrl":"https:\/\/secure.gravatar.com\/avatar\/20f6483dbe2a69e0999ddcdd1744b7f7?s=96&d=mm&r=g","caption":"fbf_admin"}}]}},"_links":{"self":[{"href":"https:\/\/www.fbf-bff.be\/fr\/wp-json\/wp\/v2\/posts\/8409"}],"collection":[{"href":"https:\/\/www.fbf-bff.be\/fr\/wp-json\/wp\/v2\/posts"}],"about":[{"href":"https:\/\/www.fbf-bff.be\/fr\/wp-json\/wp\/v2\/types\/post"}],"author":[{"embeddable":true,"href":"https:\/\/www.fbf-bff.be\/fr\/wp-json\/wp\/v2\/users\/1"}],"replies":[{"embeddable":true,"href":"https:\/\/www.fbf-bff.be\/fr\/wp-json\/wp\/v2\/comments?post=8409"}],"version-history":[{"count":0,"href":"https:\/\/www.fbf-bff.be\/fr\/wp-json\/wp\/v2\/posts\/8409\/revisions"}],"wp:featuredmedia":[{"embeddable":true,"href":"https:\/\/www.fbf-bff.be\/fr\/wp-json\/wp\/v2\/media\/3961"}],"wp:attachment":[{"href":"https:\/\/www.fbf-bff.be\/fr\/wp-json\/wp\/v2\/media?parent=8409"}],"wp:term":[{"taxonomy":"category","embeddable":true,"href":"https:\/\/www.fbf-bff.be\/fr\/wp-json\/wp\/v2\/categories?post=8409"},{"taxonomy":"post_tag","embeddable":true,"href":"https:\/\/www.fbf-bff.be\/fr\/wp-json\/wp\/v2\/tags?post=8409"}],"curies":[{"name":"wp","href":"https:\/\/api.w.org\/{rel}","templated":true}]}}