{"id":8307,"date":"2016-07-14T10:56:59","date_gmt":"2016-07-14T08:56:59","guid":{"rendered":"https:\/\/www.fbf-bff.be\/bilan-positif-pour-le-reseau-de-franchise-daniel-moquet\/"},"modified":"2016-07-14T10:56:59","modified_gmt":"2016-07-14T08:56:59","slug":"bilan-positif-pour-le-reseau-de-franchise-daniel-moquet","status":"publish","type":"post","link":"https:\/\/www.fbf-bff.be\/fr\/bilan-positif-pour-le-reseau-de-franchise-daniel-moquet\/","title":{"rendered":"Bilan positif \u00e0 la mi-ann\u00e9e pour le r\u00e9seau de franchise Daniel Moquet signe vos all\u00e9es"},"content":{"rendered":"La fin du premier semestre 2016 arrive, il est temps de faire un bilan de cette premi\u00e8re partie d\u2019ann\u00e9e, et on peut dire que tous les voyants sont au vert.\r\n\r\nDepuis le 1er janvier, 14 nouvelles entreprises ont vu le jour au sein du r\u00e9seau, dont une en Angleterre. L\u2019Angleterre est en effet devenue le deuxi\u00e8me pays, apr\u00e8s la Belgique, vers lequel nous exportons notre concept.\r\n\r\nConcernant l\u2019activit\u00e9 des entreprises d\u00e9j\u00e0 en place, les voyants sont \u00e9galement au vert. Apr\u00e8s des portes ouvertes de printemps particuli\u00e8rement r\u00e9ussies cette ann\u00e9e, les franchis\u00e9s, qui n\u2019ont pas \u00e9t\u00e9 en p\u00e9nurie de rendez-vous sont en train de vendre des chantiers qu\u2019ils effectueront sur les derniers mois de l\u2019ann\u00e9e. Cette avance leur offre une certaine s\u00e9r\u00e9nit\u00e9 pour la rentr\u00e9e.\r\n\r\nLa seconde partie de l\u2019ann\u00e9e s\u2019annonce tout aussi positive puisque 17 nouvelles entreprises verront le jour en septembre. \u00ab Notre objectif est bien s\u00fbr de garder notre rythme de d\u00e9veloppement, nous avons encore des secteurs disponibles principalement \u00e0 l\u2019est et dans le centre de la France, et nous continuons \u00e9galement \u00e0 \u00e9toffer notre pr\u00e9sence en Belgique \u00bb, affirme Pauline Moquet. \u00ab En mati\u00e8re de communication, nous continuons \u00e0 d\u00e9velopper notre image de marque, en reprenant notamment notre campagne de sponsoring t\u00e9l\u00e9 en septembre et octobre. Nous annoncerons \u00e9galement les portes ouvertes d\u2019automne \u00e0 la radio pour permettre aux franchis\u00e9s d\u2019avoir un maximum de visiteurs lors de cet \u00e9v\u00e8nement. \u00bb.\r\nAutant d\u2019\u00e9l\u00e9ments qui confirment la bonne sant\u00e9 du r\u00e9seau et de ses entreprises, et qui offrent de belles perspectives pour l\u2019avenir.\r\n \r\nSouhaitez-vous avoir plus d\u2019information de cette enseigne, <a href=\"https:\/\/franchisingbelgium.be\/formula\/daniel-moquet-signe-vos-allees\/?lang=fr\" target=\"_blank\" rel=\"noopener\" class=\"broken_link\">cliquez ici<\/a> ou sur le logo chez  \u201cles enseignes qui recrutent \u00bb  sur la <a href=\"https:\/\/franchisingbelgium.be\/?lang=fr\" target=\"_blank\" rel=\"noopener\">homepage<\/a> de notre site.","protected":false},"excerpt":{"rendered":"<p>La fin du premier semestre 2016 arrive, il est temps de faire un bilan de cette premi\u00e8re partie d\u2019ann\u00e9e, et on peut dire que tous les voyants sont au vert.<\/p>\n","protected":false},"author":1,"featured_media":4177,"comment_status":"closed","ping_status":"open","sticky":false,"template":"","format":"standard","meta":{"ngg_post_thumbnail":0,"footnotes":""},"categories":[37],"tags":[],"acf":[],"yoast_head":"<!-- This site is optimized with the Yoast SEO plugin v23.5 - https:\/\/yoast.com\/wordpress\/plugins\/seo\/ -->\n<title>Bilan positif \u00e0 la mi-ann\u00e9e pour le r\u00e9seau de franchise Daniel Moquet signe vos all\u00e9es - F\u00e9d\u00e9ration Belge de la Franchise<\/title>\n<meta name=\"robots\" content=\"index, follow, max-snippet:-1, max-image-preview:large, max-video-preview:-1\" \/>\n<link rel=\"canonical\" href=\"https:\/\/www.fbf-bff.be\/fr\/bilan-positif-pour-le-reseau-de-franchise-daniel-moquet\/\" \/>\n<meta property=\"og:locale\" content=\"fr_FR\" \/>\n<meta property=\"og:type\" content=\"article\" \/>\n<meta property=\"og:title\" content=\"Bilan positif \u00e0 la mi-ann\u00e9e pour le r\u00e9seau de franchise Daniel Moquet signe vos all\u00e9es - F\u00e9d\u00e9ration Belge de la Franchise\" \/>\n<meta property=\"og:description\" content=\"La fin du premier semestre 2016 arrive, il est temps de faire un bilan de cette premi\u00e8re partie d\u2019ann\u00e9e, et on peut dire que tous les voyants sont au vert.\" \/>\n<meta property=\"og:url\" content=\"https:\/\/www.fbf-bff.be\/fr\/bilan-positif-pour-le-reseau-de-franchise-daniel-moquet\/\" \/>\n<meta property=\"og:site_name\" content=\"F\u00e9d\u00e9ration Belge de la Franchise\" \/>\n<meta property=\"article:published_time\" content=\"2016-07-14T08:56:59+00:00\" \/>\n<meta property=\"og:image\" content=\"https:\/\/www.fbf-bff.be\/wp-content\/uploads\/2021\/10\/DanielMoquet_Logo.png\" \/>\n\t<meta property=\"og:image:width\" content=\"284\" \/>\n\t<meta property=\"og:image:height\" content=\"256\" \/>\n\t<meta property=\"og:image:type\" content=\"image\/png\" \/>\n<meta name=\"author\" content=\"fbf_admin\" \/>\n<meta name=\"twitter:card\" content=\"summary_large_image\" \/>\n<meta name=\"twitter:label1\" content=\"\u00c9crit par\" \/>\n\t<meta name=\"twitter:data1\" content=\"fbf_admin\" \/>\n\t<meta name=\"twitter:label2\" content=\"Dur\u00e9e de lecture estim\u00e9e\" \/>\n\t<meta name=\"twitter:data2\" content=\"2 minutes\" \/>\n<script type=\"application\/ld+json\" class=\"yoast-schema-graph\">{\"@context\":\"https:\/\/schema.org\",\"@graph\":[{\"@type\":\"WebPage\",\"@id\":\"https:\/\/www.fbf-bff.be\/fr\/bilan-positif-pour-le-reseau-de-franchise-daniel-moquet\/\",\"url\":\"https:\/\/www.fbf-bff.be\/fr\/bilan-positif-pour-le-reseau-de-franchise-daniel-moquet\/\",\"name\":\"Bilan positif \u00e0 la mi-ann\u00e9e pour le r\u00e9seau de franchise Daniel Moquet signe vos all\u00e9es - F\u00e9d\u00e9ration Belge de la Franchise\",\"isPartOf\":{\"@id\":\"https:\/\/www.fbf-bff.be\/#website\"},\"primaryImageOfPage\":{\"@id\":\"https:\/\/www.fbf-bff.be\/fr\/bilan-positif-pour-le-reseau-de-franchise-daniel-moquet\/#primaryimage\"},\"image\":{\"@id\":\"https:\/\/www.fbf-bff.be\/fr\/bilan-positif-pour-le-reseau-de-franchise-daniel-moquet\/#primaryimage\"},\"thumbnailUrl\":\"https:\/\/www.fbf-bff.be\/wp-content\/uploads\/2021\/10\/DanielMoquet_Logo.png\",\"datePublished\":\"2016-07-14T08:56:59+00:00\",\"dateModified\":\"2016-07-14T08:56:59+00:00\",\"author\":{\"@id\":\"https:\/\/www.fbf-bff.be\/#\/schema\/person\/73a9cbee87288cba2b06e3fc29244fe7\"},\"breadcrumb\":{\"@id\":\"https:\/\/www.fbf-bff.be\/fr\/bilan-positif-pour-le-reseau-de-franchise-daniel-moquet\/#breadcrumb\"},\"inLanguage\":\"fr-FR\",\"potentialAction\":[{\"@type\":\"ReadAction\",\"target\":[\"https:\/\/www.fbf-bff.be\/fr\/bilan-positif-pour-le-reseau-de-franchise-daniel-moquet\/\"]}]},{\"@type\":\"ImageObject\",\"inLanguage\":\"fr-FR\",\"@id\":\"https:\/\/www.fbf-bff.be\/fr\/bilan-positif-pour-le-reseau-de-franchise-daniel-moquet\/#primaryimage\",\"url\":\"https:\/\/www.fbf-bff.be\/wp-content\/uploads\/2021\/10\/DanielMoquet_Logo.png\",\"contentUrl\":\"https:\/\/www.fbf-bff.be\/wp-content\/uploads\/2021\/10\/DanielMoquet_Logo.png\",\"width\":284,\"height\":256},{\"@type\":\"BreadcrumbList\",\"@id\":\"https:\/\/www.fbf-bff.be\/fr\/bilan-positif-pour-le-reseau-de-franchise-daniel-moquet\/#breadcrumb\",\"itemListElement\":[{\"@type\":\"ListItem\",\"position\":1,\"name\":\"Home\",\"item\":\"https:\/\/www.fbf-bff.be\/fr\/\"},{\"@type\":\"ListItem\",\"position\":2,\"name\":\"Bilan positif \u00e0 la mi-ann\u00e9e pour le r\u00e9seau de franchise Daniel Moquet signe vos all\u00e9es\"}]},{\"@type\":\"WebSite\",\"@id\":\"https:\/\/www.fbf-bff.be\/#website\",\"url\":\"https:\/\/www.fbf-bff.be\/\",\"name\":\"F\u00e9d\u00e9ration Belge de la Franchise\",\"description\":\"Pour r\u00e9ussir ensemblee\",\"potentialAction\":[{\"@type\":\"SearchAction\",\"target\":{\"@type\":\"EntryPoint\",\"urlTemplate\":\"https:\/\/www.fbf-bff.be\/?s={search_term_string}\"},\"query-input\":{\"@type\":\"PropertyValueSpecification\",\"valueRequired\":true,\"valueName\":\"search_term_string\"}}],\"inLanguage\":\"fr-FR\"},{\"@type\":\"Person\",\"@id\":\"https:\/\/www.fbf-bff.be\/#\/schema\/person\/73a9cbee87288cba2b06e3fc29244fe7\",\"name\":\"fbf_admin\",\"image\":{\"@type\":\"ImageObject\",\"inLanguage\":\"fr-FR\",\"@id\":\"https:\/\/www.fbf-bff.be\/#\/schema\/person\/image\/\",\"url\":\"https:\/\/secure.gravatar.com\/avatar\/20f6483dbe2a69e0999ddcdd1744b7f7?s=96&d=mm&r=g\",\"contentUrl\":\"https:\/\/secure.gravatar.com\/avatar\/20f6483dbe2a69e0999ddcdd1744b7f7?s=96&d=mm&r=g\",\"caption\":\"fbf_admin\"}}]}<\/script>\n<!-- \/ Yoast SEO plugin. -->","yoast_head_json":{"title":"Bilan positif \u00e0 la mi-ann\u00e9e pour le r\u00e9seau de franchise Daniel Moquet signe vos all\u00e9es - F\u00e9d\u00e9ration Belge de la Franchise","robots":{"index":"index","follow":"follow","max-snippet":"max-snippet:-1","max-image-preview":"max-image-preview:large","max-video-preview":"max-video-preview:-1"},"canonical":"https:\/\/www.fbf-bff.be\/fr\/bilan-positif-pour-le-reseau-de-franchise-daniel-moquet\/","og_locale":"fr_FR","og_type":"article","og_title":"Bilan positif \u00e0 la mi-ann\u00e9e pour le r\u00e9seau de franchise Daniel Moquet signe vos all\u00e9es - F\u00e9d\u00e9ration Belge de la Franchise","og_description":"La fin du premier semestre 2016 arrive, il est temps de faire un bilan de cette premi\u00e8re partie d\u2019ann\u00e9e, et on peut dire que tous les voyants sont au vert.","og_url":"https:\/\/www.fbf-bff.be\/fr\/bilan-positif-pour-le-reseau-de-franchise-daniel-moquet\/","og_site_name":"F\u00e9d\u00e9ration Belge de la Franchise","article_published_time":"2016-07-14T08:56:59+00:00","og_image":[{"width":284,"height":256,"url":"https:\/\/www.fbf-bff.be\/wp-content\/uploads\/2021\/10\/DanielMoquet_Logo.png","type":"image\/png"}],"author":"fbf_admin","twitter_card":"summary_large_image","twitter_misc":{"\u00c9crit par":"fbf_admin","Dur\u00e9e de lecture estim\u00e9e":"2 minutes"},"schema":{"@context":"https:\/\/schema.org","@graph":[{"@type":"WebPage","@id":"https:\/\/www.fbf-bff.be\/fr\/bilan-positif-pour-le-reseau-de-franchise-daniel-moquet\/","url":"https:\/\/www.fbf-bff.be\/fr\/bilan-positif-pour-le-reseau-de-franchise-daniel-moquet\/","name":"Bilan positif \u00e0 la mi-ann\u00e9e pour le r\u00e9seau de franchise Daniel Moquet signe vos all\u00e9es - F\u00e9d\u00e9ration Belge de la Franchise","isPartOf":{"@id":"https:\/\/www.fbf-bff.be\/#website"},"primaryImageOfPage":{"@id":"https:\/\/www.fbf-bff.be\/fr\/bilan-positif-pour-le-reseau-de-franchise-daniel-moquet\/#primaryimage"},"image":{"@id":"https:\/\/www.fbf-bff.be\/fr\/bilan-positif-pour-le-reseau-de-franchise-daniel-moquet\/#primaryimage"},"thumbnailUrl":"https:\/\/www.fbf-bff.be\/wp-content\/uploads\/2021\/10\/DanielMoquet_Logo.png","datePublished":"2016-07-14T08:56:59+00:00","dateModified":"2016-07-14T08:56:59+00:00","author":{"@id":"https:\/\/www.fbf-bff.be\/#\/schema\/person\/73a9cbee87288cba2b06e3fc29244fe7"},"breadcrumb":{"@id":"https:\/\/www.fbf-bff.be\/fr\/bilan-positif-pour-le-reseau-de-franchise-daniel-moquet\/#breadcrumb"},"inLanguage":"fr-FR","potentialAction":[{"@type":"ReadAction","target":["https:\/\/www.fbf-bff.be\/fr\/bilan-positif-pour-le-reseau-de-franchise-daniel-moquet\/"]}]},{"@type":"ImageObject","inLanguage":"fr-FR","@id":"https:\/\/www.fbf-bff.be\/fr\/bilan-positif-pour-le-reseau-de-franchise-daniel-moquet\/#primaryimage","url":"https:\/\/www.fbf-bff.be\/wp-content\/uploads\/2021\/10\/DanielMoquet_Logo.png","contentUrl":"https:\/\/www.fbf-bff.be\/wp-content\/uploads\/2021\/10\/DanielMoquet_Logo.png","width":284,"height":256},{"@type":"BreadcrumbList","@id":"https:\/\/www.fbf-bff.be\/fr\/bilan-positif-pour-le-reseau-de-franchise-daniel-moquet\/#breadcrumb","itemListElement":[{"@type":"ListItem","position":1,"name":"Home","item":"https:\/\/www.fbf-bff.be\/fr\/"},{"@type":"ListItem","position":2,"name":"Bilan positif \u00e0 la mi-ann\u00e9e pour le r\u00e9seau de franchise Daniel Moquet signe vos all\u00e9es"}]},{"@type":"WebSite","@id":"https:\/\/www.fbf-bff.be\/#website","url":"https:\/\/www.fbf-bff.be\/","name":"F\u00e9d\u00e9ration Belge de la Franchise","description":"Pour r\u00e9ussir ensemblee","potentialAction":[{"@type":"SearchAction","target":{"@type":"EntryPoint","urlTemplate":"https:\/\/www.fbf-bff.be\/?s={search_term_string}"},"query-input":{"@type":"PropertyValueSpecification","valueRequired":true,"valueName":"search_term_string"}}],"inLanguage":"fr-FR"},{"@type":"Person","@id":"https:\/\/www.fbf-bff.be\/#\/schema\/person\/73a9cbee87288cba2b06e3fc29244fe7","name":"fbf_admin","image":{"@type":"ImageObject","inLanguage":"fr-FR","@id":"https:\/\/www.fbf-bff.be\/#\/schema\/person\/image\/","url":"https:\/\/secure.gravatar.com\/avatar\/20f6483dbe2a69e0999ddcdd1744b7f7?s=96&d=mm&r=g","contentUrl":"https:\/\/secure.gravatar.com\/avatar\/20f6483dbe2a69e0999ddcdd1744b7f7?s=96&d=mm&r=g","caption":"fbf_admin"}}]}},"_links":{"self":[{"href":"https:\/\/www.fbf-bff.be\/fr\/wp-json\/wp\/v2\/posts\/8307"}],"collection":[{"href":"https:\/\/www.fbf-bff.be\/fr\/wp-json\/wp\/v2\/posts"}],"about":[{"href":"https:\/\/www.fbf-bff.be\/fr\/wp-json\/wp\/v2\/types\/post"}],"author":[{"embeddable":true,"href":"https:\/\/www.fbf-bff.be\/fr\/wp-json\/wp\/v2\/users\/1"}],"replies":[{"embeddable":true,"href":"https:\/\/www.fbf-bff.be\/fr\/wp-json\/wp\/v2\/comments?post=8307"}],"version-history":[{"count":0,"href":"https:\/\/www.fbf-bff.be\/fr\/wp-json\/wp\/v2\/posts\/8307\/revisions"}],"wp:featuredmedia":[{"embeddable":true,"href":"https:\/\/www.fbf-bff.be\/fr\/wp-json\/wp\/v2\/media\/4177"}],"wp:attachment":[{"href":"https:\/\/www.fbf-bff.be\/fr\/wp-json\/wp\/v2\/media?parent=8307"}],"wp:term":[{"taxonomy":"category","embeddable":true,"href":"https:\/\/www.fbf-bff.be\/fr\/wp-json\/wp\/v2\/categories?post=8307"},{"taxonomy":"post_tag","embeddable":true,"href":"https:\/\/www.fbf-bff.be\/fr\/wp-json\/wp\/v2\/tags?post=8307"}],"curies":[{"name":"wp","href":"https:\/\/api.w.org\/{rel}","templated":true}]}}