{"id":8235,"date":"2016-05-12T09:39:58","date_gmt":"2016-05-12T07:39:58","guid":{"rendered":"https:\/\/www.fbf-bff.be\/ouverture-dune-nouvelle-franchise-brico-neerpelt\/"},"modified":"2016-05-12T09:39:58","modified_gmt":"2016-05-12T07:39:58","slug":"ouverture-dune-nouvelle-franchise-brico-neerpelt","status":"publish","type":"post","link":"https:\/\/www.fbf-bff.be\/fr\/ouverture-dune-nouvelle-franchise-brico-neerpelt\/","title":{"rendered":"Ouverture d&#8217;une nouvelle franchise Brico \u00e0 Neerpelt"},"content":{"rendered":"[vc_row][vc_column][vc_column_text]Ce vendredi 13 mai, un nouveau magasin franchis\u00e9 de Brico ouvre ses portes \u00e0 Neerpelt (Boseind 9) dans la province du Limbourg. Il s&rsquo;agit du 11\u00e8me magasin de l&rsquo;enseigne au Limbourg et le 132\u00e8me Brico en Belgique, sans compter les Brico City et Brico Plan-It.\r\n\r\nCe Brico d&rsquo;une surface de vente de 2.300 m\u00b2 y compris une surface de 400 m\u00b2 \u00e0 l&rsquo;ext\u00e9rieur, est sous la direction des multifranchis\u00e9s Sven et Debby Curinckx-Wyns qui exploitent d\u00e9j\u00e0 les magasins Brico de Heusden et de Beringen, apr\u00e8s avoir fait carri\u00e8re dans le groupe Akzo Nobel. Le couple est second\u00e9 par une \u00e9quipe de 10 collaborateurs.\r\n\r\nLe couple de franchis\u00e9s avait ouvert leur dernier Brico \u00e0 Beringen dans le centre commercial be-Mine 5, en novembre dernier .\r\n\r\nLe magasin offre de larges plages horaires d&rsquo;ouverture : de 8h30 \u00e0 19h30 (19h le samedi) en semaine et de 9h \u00e0 13h le dimanche.\r\n\r\nLe groupe Brico fait partie du groupe n\u00e9erlandais de DIY Maxeda qui comprend en Belgique outre les 132 Brico, 16 Brico City tous franchis\u00e9s, 11 Brico Plan-It et un Brico D\u00e9p\u00f4t.\r\nrli.[\/vc_column_text][\/vc_column][\/vc_row]","protected":false},"excerpt":{"rendered":"<p>Ce vendredi 13 mai, un nouveau magasin franchis\u00e9 de Brico ouvre ses portes \u00e0 Neerpelt (Boseind 9) dans la province du Limbourg. Il s&rsquo;agit du 11\u00e8me magasin de l&rsquo;enseigne au Limbourg et le 132\u00e8me Brico en Belgique, sans compter les Brico City et Brico Plan-It.<\/p>\n","protected":false},"author":1,"featured_media":0,"comment_status":"closed","ping_status":"open","sticky":false,"template":"","format":"standard","meta":{"ngg_post_thumbnail":0,"footnotes":""},"categories":[37],"tags":[],"acf":[],"yoast_head":"<!-- This site is optimized with the Yoast SEO plugin v23.5 - https:\/\/yoast.com\/wordpress\/plugins\/seo\/ -->\n<title>Ouverture d&#8217;une nouvelle franchise Brico \u00e0 Neerpelt - F\u00e9d\u00e9ration Belge de la Franchise<\/title>\n<meta name=\"robots\" content=\"index, follow, max-snippet:-1, max-image-preview:large, max-video-preview:-1\" \/>\n<link rel=\"canonical\" href=\"https:\/\/www.fbf-bff.be\/fr\/ouverture-dune-nouvelle-franchise-brico-neerpelt\/\" \/>\n<meta property=\"og:locale\" content=\"fr_FR\" \/>\n<meta property=\"og:type\" content=\"article\" \/>\n<meta property=\"og:title\" content=\"Ouverture d&#8217;une nouvelle franchise Brico \u00e0 Neerpelt - F\u00e9d\u00e9ration Belge de la Franchise\" \/>\n<meta property=\"og:description\" content=\"Ce vendredi 13 mai, un nouveau magasin franchis\u00e9 de Brico ouvre ses portes \u00e0 Neerpelt (Boseind 9) dans la province du Limbourg. Il s&#039;agit du 11\u00e8me magasin de l&#039;enseigne au Limbourg et le 132\u00e8me Brico en Belgique, sans compter les Brico City et Brico Plan-It.\" \/>\n<meta property=\"og:url\" content=\"https:\/\/www.fbf-bff.be\/fr\/ouverture-dune-nouvelle-franchise-brico-neerpelt\/\" \/>\n<meta property=\"og:site_name\" content=\"F\u00e9d\u00e9ration Belge de la Franchise\" \/>\n<meta property=\"article:published_time\" content=\"2016-05-12T07:39:58+00:00\" \/>\n<meta property=\"og:image\" content=\"https:\/\/www.fbf-bff.be\/wp-content\/uploads\/2017\/06\/fbf-bff-fb-cover.jpg\" \/>\n\t<meta property=\"og:image:width\" content=\"1200\" \/>\n\t<meta property=\"og:image:height\" content=\"630\" \/>\n\t<meta property=\"og:image:type\" content=\"image\/jpeg\" \/>\n<meta name=\"author\" content=\"fbf_admin\" \/>\n<meta name=\"twitter:card\" content=\"summary_large_image\" \/>\n<meta name=\"twitter:label1\" content=\"\u00c9crit par\" \/>\n\t<meta name=\"twitter:data1\" content=\"fbf_admin\" \/>\n\t<meta name=\"twitter:label2\" content=\"Dur\u00e9e de lecture estim\u00e9e\" \/>\n\t<meta name=\"twitter:data2\" content=\"1 minute\" \/>\n<script type=\"application\/ld+json\" class=\"yoast-schema-graph\">{\"@context\":\"https:\/\/schema.org\",\"@graph\":[{\"@type\":\"WebPage\",\"@id\":\"https:\/\/www.fbf-bff.be\/fr\/ouverture-dune-nouvelle-franchise-brico-neerpelt\/\",\"url\":\"https:\/\/www.fbf-bff.be\/fr\/ouverture-dune-nouvelle-franchise-brico-neerpelt\/\",\"name\":\"Ouverture d&#8217;une nouvelle franchise Brico \u00e0 Neerpelt - F\u00e9d\u00e9ration Belge de la Franchise\",\"isPartOf\":{\"@id\":\"https:\/\/www.fbf-bff.be\/#website\"},\"datePublished\":\"2016-05-12T07:39:58+00:00\",\"dateModified\":\"2016-05-12T07:39:58+00:00\",\"author\":{\"@id\":\"https:\/\/www.fbf-bff.be\/#\/schema\/person\/73a9cbee87288cba2b06e3fc29244fe7\"},\"breadcrumb\":{\"@id\":\"https:\/\/www.fbf-bff.be\/fr\/ouverture-dune-nouvelle-franchise-brico-neerpelt\/#breadcrumb\"},\"inLanguage\":\"fr-FR\",\"potentialAction\":[{\"@type\":\"ReadAction\",\"target\":[\"https:\/\/www.fbf-bff.be\/fr\/ouverture-dune-nouvelle-franchise-brico-neerpelt\/\"]}]},{\"@type\":\"BreadcrumbList\",\"@id\":\"https:\/\/www.fbf-bff.be\/fr\/ouverture-dune-nouvelle-franchise-brico-neerpelt\/#breadcrumb\",\"itemListElement\":[{\"@type\":\"ListItem\",\"position\":1,\"name\":\"Home\",\"item\":\"https:\/\/www.fbf-bff.be\/fr\/\"},{\"@type\":\"ListItem\",\"position\":2,\"name\":\"Ouverture d&#8217;une nouvelle franchise Brico \u00e0 Neerpelt\"}]},{\"@type\":\"WebSite\",\"@id\":\"https:\/\/www.fbf-bff.be\/#website\",\"url\":\"https:\/\/www.fbf-bff.be\/\",\"name\":\"F\u00e9d\u00e9ration Belge de la Franchise\",\"description\":\"Pour r\u00e9ussir ensemblee\",\"potentialAction\":[{\"@type\":\"SearchAction\",\"target\":{\"@type\":\"EntryPoint\",\"urlTemplate\":\"https:\/\/www.fbf-bff.be\/?s={search_term_string}\"},\"query-input\":{\"@type\":\"PropertyValueSpecification\",\"valueRequired\":true,\"valueName\":\"search_term_string\"}}],\"inLanguage\":\"fr-FR\"},{\"@type\":\"Person\",\"@id\":\"https:\/\/www.fbf-bff.be\/#\/schema\/person\/73a9cbee87288cba2b06e3fc29244fe7\",\"name\":\"fbf_admin\",\"image\":{\"@type\":\"ImageObject\",\"inLanguage\":\"fr-FR\",\"@id\":\"https:\/\/www.fbf-bff.be\/#\/schema\/person\/image\/\",\"url\":\"https:\/\/secure.gravatar.com\/avatar\/20f6483dbe2a69e0999ddcdd1744b7f7?s=96&d=mm&r=g\",\"contentUrl\":\"https:\/\/secure.gravatar.com\/avatar\/20f6483dbe2a69e0999ddcdd1744b7f7?s=96&d=mm&r=g\",\"caption\":\"fbf_admin\"}}]}<\/script>\n<!-- \/ Yoast SEO plugin. -->","yoast_head_json":{"title":"Ouverture d&#8217;une nouvelle franchise Brico \u00e0 Neerpelt - F\u00e9d\u00e9ration Belge de la Franchise","robots":{"index":"index","follow":"follow","max-snippet":"max-snippet:-1","max-image-preview":"max-image-preview:large","max-video-preview":"max-video-preview:-1"},"canonical":"https:\/\/www.fbf-bff.be\/fr\/ouverture-dune-nouvelle-franchise-brico-neerpelt\/","og_locale":"fr_FR","og_type":"article","og_title":"Ouverture d&#8217;une nouvelle franchise Brico \u00e0 Neerpelt - F\u00e9d\u00e9ration Belge de la Franchise","og_description":"Ce vendredi 13 mai, un nouveau magasin franchis\u00e9 de Brico ouvre ses portes \u00e0 Neerpelt (Boseind 9) dans la province du Limbourg. Il s'agit du 11\u00e8me magasin de l'enseigne au Limbourg et le 132\u00e8me Brico en Belgique, sans compter les Brico City et Brico Plan-It.","og_url":"https:\/\/www.fbf-bff.be\/fr\/ouverture-dune-nouvelle-franchise-brico-neerpelt\/","og_site_name":"F\u00e9d\u00e9ration Belge de la Franchise","article_published_time":"2016-05-12T07:39:58+00:00","og_image":[{"width":1200,"height":630,"url":"https:\/\/www.fbf-bff.be\/wp-content\/uploads\/2017\/06\/fbf-bff-fb-cover.jpg","type":"image\/jpeg"}],"author":"fbf_admin","twitter_card":"summary_large_image","twitter_misc":{"\u00c9crit par":"fbf_admin","Dur\u00e9e de lecture estim\u00e9e":"1 minute"},"schema":{"@context":"https:\/\/schema.org","@graph":[{"@type":"WebPage","@id":"https:\/\/www.fbf-bff.be\/fr\/ouverture-dune-nouvelle-franchise-brico-neerpelt\/","url":"https:\/\/www.fbf-bff.be\/fr\/ouverture-dune-nouvelle-franchise-brico-neerpelt\/","name":"Ouverture d&#8217;une nouvelle franchise Brico \u00e0 Neerpelt - F\u00e9d\u00e9ration Belge de la Franchise","isPartOf":{"@id":"https:\/\/www.fbf-bff.be\/#website"},"datePublished":"2016-05-12T07:39:58+00:00","dateModified":"2016-05-12T07:39:58+00:00","author":{"@id":"https:\/\/www.fbf-bff.be\/#\/schema\/person\/73a9cbee87288cba2b06e3fc29244fe7"},"breadcrumb":{"@id":"https:\/\/www.fbf-bff.be\/fr\/ouverture-dune-nouvelle-franchise-brico-neerpelt\/#breadcrumb"},"inLanguage":"fr-FR","potentialAction":[{"@type":"ReadAction","target":["https:\/\/www.fbf-bff.be\/fr\/ouverture-dune-nouvelle-franchise-brico-neerpelt\/"]}]},{"@type":"BreadcrumbList","@id":"https:\/\/www.fbf-bff.be\/fr\/ouverture-dune-nouvelle-franchise-brico-neerpelt\/#breadcrumb","itemListElement":[{"@type":"ListItem","position":1,"name":"Home","item":"https:\/\/www.fbf-bff.be\/fr\/"},{"@type":"ListItem","position":2,"name":"Ouverture d&#8217;une nouvelle franchise Brico \u00e0 Neerpelt"}]},{"@type":"WebSite","@id":"https:\/\/www.fbf-bff.be\/#website","url":"https:\/\/www.fbf-bff.be\/","name":"F\u00e9d\u00e9ration Belge de la Franchise","description":"Pour r\u00e9ussir ensemblee","potentialAction":[{"@type":"SearchAction","target":{"@type":"EntryPoint","urlTemplate":"https:\/\/www.fbf-bff.be\/?s={search_term_string}"},"query-input":{"@type":"PropertyValueSpecification","valueRequired":true,"valueName":"search_term_string"}}],"inLanguage":"fr-FR"},{"@type":"Person","@id":"https:\/\/www.fbf-bff.be\/#\/schema\/person\/73a9cbee87288cba2b06e3fc29244fe7","name":"fbf_admin","image":{"@type":"ImageObject","inLanguage":"fr-FR","@id":"https:\/\/www.fbf-bff.be\/#\/schema\/person\/image\/","url":"https:\/\/secure.gravatar.com\/avatar\/20f6483dbe2a69e0999ddcdd1744b7f7?s=96&d=mm&r=g","contentUrl":"https:\/\/secure.gravatar.com\/avatar\/20f6483dbe2a69e0999ddcdd1744b7f7?s=96&d=mm&r=g","caption":"fbf_admin"}}]}},"_links":{"self":[{"href":"https:\/\/www.fbf-bff.be\/fr\/wp-json\/wp\/v2\/posts\/8235"}],"collection":[{"href":"https:\/\/www.fbf-bff.be\/fr\/wp-json\/wp\/v2\/posts"}],"about":[{"href":"https:\/\/www.fbf-bff.be\/fr\/wp-json\/wp\/v2\/types\/post"}],"author":[{"embeddable":true,"href":"https:\/\/www.fbf-bff.be\/fr\/wp-json\/wp\/v2\/users\/1"}],"replies":[{"embeddable":true,"href":"https:\/\/www.fbf-bff.be\/fr\/wp-json\/wp\/v2\/comments?post=8235"}],"version-history":[{"count":0,"href":"https:\/\/www.fbf-bff.be\/fr\/wp-json\/wp\/v2\/posts\/8235\/revisions"}],"wp:attachment":[{"href":"https:\/\/www.fbf-bff.be\/fr\/wp-json\/wp\/v2\/media?parent=8235"}],"wp:term":[{"taxonomy":"category","embeddable":true,"href":"https:\/\/www.fbf-bff.be\/fr\/wp-json\/wp\/v2\/categories?post=8235"},{"taxonomy":"post_tag","embeddable":true,"href":"https:\/\/www.fbf-bff.be\/fr\/wp-json\/wp\/v2\/tags?post=8235"}],"curies":[{"name":"wp","href":"https:\/\/api.w.org\/{rel}","templated":true}]}}