{"id":8075,"date":"2016-02-22T09:00:24","date_gmt":"2016-02-22T08:00:24","guid":{"rendered":"https:\/\/www.fbf-bff.be\/changement-dans-lactionnariat-chez-charles-vogele\/"},"modified":"2016-02-22T09:00:24","modified_gmt":"2016-02-22T08:00:24","slug":"changement-dans-lactionnariat-chez-charles-vogele","status":"publish","type":"post","link":"https:\/\/www.fbf-bff.be\/fr\/changement-dans-lactionnariat-chez-charles-vogele\/","title":{"rendered":"Changement dans l&#8217;actionnariat chez Charles V\u00f6gele"},"content":{"rendered":"[vc_row][vc_column][vc_column_text]L&rsquo;enseigne de franchise Charles V\u00f6gele, le sp\u00e9cialiste suisse de la mode du pr\u00eat \u00e0 porter a annonc\u00e9 des changements au sein de son actionnariat.\r\n\r\nLe trust chypriote Aspen Trust Services d\u00e9tient d\u00e9sormais, pour le compte d&rsquo;Elarof Trust, 1,230.00 d&rsquo;actions au porteur du groupe Charles V\u00f6gele, soit 13,97% des droits de vote.\r\n\r\nUn fonds d&rsquo;investissement,suisse, Teleios Capital Partners, a pour sa part annonc\u00e9 la dissolution du groupe d&rsquo;actionnaires constitu\u00e9 autour de Teleios Global Opportunities Master Fund (Iles Cayman), 2B LLC (Delaware), Aspen Trust Services Limited et Arango Trading &amp; Finance (Tortola), selon un communiqu\u00e9.\r\n\r\nCe groupe est pass\u00e9 sous le seuil des 3% de participation dans Charles V\u00f6gele, alors qu&rsquo;il \u00e9tait mont\u00e9 en d\u00e9cembre \u00e0 15,02%.\r\n\r\nParmi les autres actionnaires de Charles V\u00f6gele figurent notamment Migros (5,86%), UBS (5,35% en positions d&rsquo;achat), Credit Suisse (5,26%).\r\n\r\nL&rsquo;enseigne Charles V\u00f6gele poss\u00e8de 763 succursales dans 8 pays dont la Belgique o\u00f9 elle est pr\u00e9sente avec 42 points de vente r\u00e9partis dans le payset parmi ceux-ci 3 franchis\u00e9 en Flandre dans les villes de Genk, Lommel et Tiel.\r\n\r\nCharles V\u00f6gele cherche \u00e0 \u00e9tendre son r\u00e9seau belge via la franchise. Pour des informations plus compl\u00e8tes sur l&rsquo;enseigne et sa franchise, <a href=\"https:\/\/franchisingbelgium.be\/formula\/charles-vogele\/?lang=fr\" target=\"_blank\" rel=\"noopener\">cliquez ici <\/a>ou sur son logo dans la rubrique \u201cles enseignes se d\u00e9veloppent et cherchent des candidats\u00a0\u00bb sur la <a href=\"https:\/\/franchisingbelgium.be\/?lang=fr\" target=\"_blank\" rel=\"noopener\">homepage<\/a>.[\/vc_column_text][\/vc_column][\/vc_row]","protected":false},"excerpt":{"rendered":"<p>[vc_row][vc_column][vc_column_text]L&rsquo;enseigne de franchise Charles V\u00f6gele, le sp\u00e9cialiste suisse de la mode du pr\u00eat \u00e0 porter a annonc\u00e9 des changements au sein de son actionnariat.<\/p>\n<p>Le trust chypriote Aspen Trust Services d\u00e9tient d\u00e9sormais, pour le compte d&rsquo;Elarof Trust, 1,230.00 d&rsquo;actions au porteur du groupe Charles V\u00f6gele, soit 13,97% des droits &#8230;<\/p>\n","protected":false},"author":1,"featured_media":8076,"comment_status":"closed","ping_status":"open","sticky":false,"template":"","format":"standard","meta":{"ngg_post_thumbnail":0,"footnotes":""},"categories":[37],"tags":[],"acf":[],"yoast_head":"<!-- This site is optimized with the Yoast SEO plugin v23.5 - https:\/\/yoast.com\/wordpress\/plugins\/seo\/ -->\n<title>Changement dans l&#8217;actionnariat chez Charles V\u00f6gele - F\u00e9d\u00e9ration Belge de la Franchise<\/title>\n<meta name=\"robots\" content=\"index, follow, max-snippet:-1, max-image-preview:large, max-video-preview:-1\" \/>\n<link rel=\"canonical\" href=\"https:\/\/www.fbf-bff.be\/fr\/changement-dans-lactionnariat-chez-charles-vogele\/\" \/>\n<meta property=\"og:locale\" content=\"fr_FR\" \/>\n<meta property=\"og:type\" content=\"article\" \/>\n<meta property=\"og:title\" content=\"Changement dans l&#8217;actionnariat chez Charles V\u00f6gele - F\u00e9d\u00e9ration Belge de la Franchise\" \/>\n<meta property=\"og:description\" content=\"[vc_row][vc_column][vc_column_text]L&rsquo;enseigne de franchise Charles V\u00f6gele, le sp\u00e9cialiste suisse de la mode du pr\u00eat \u00e0 porter a annonc\u00e9 des changements au sein de son actionnariat.  Le trust chypriote Aspen Trust Services d\u00e9tient d\u00e9sormais, pour le compte d&rsquo;Elarof Trust, 1,230.00 d&rsquo;actions au porteur du groupe Charles V\u00f6gele, soit 13,97% des droits ...\" \/>\n<meta property=\"og:url\" content=\"https:\/\/www.fbf-bff.be\/fr\/changement-dans-lactionnariat-chez-charles-vogele\/\" \/>\n<meta property=\"og:site_name\" content=\"F\u00e9d\u00e9ration Belge de la Franchise\" \/>\n<meta property=\"article:published_time\" content=\"2016-02-22T08:00:24+00:00\" \/>\n<meta property=\"og:image\" content=\"https:\/\/www.fbf-bff.be\/wp-content\/uploads\/2021\/10\/Pic_CharlesVogele_Facade_1.jpg\" \/>\n\t<meta property=\"og:image:width\" content=\"1200\" \/>\n\t<meta property=\"og:image:height\" content=\"685\" \/>\n\t<meta property=\"og:image:type\" content=\"image\/jpeg\" \/>\n<meta name=\"author\" content=\"fbf_admin\" \/>\n<meta name=\"twitter:card\" content=\"summary_large_image\" \/>\n<meta name=\"twitter:label1\" content=\"\u00c9crit par\" \/>\n\t<meta name=\"twitter:data1\" content=\"fbf_admin\" \/>\n\t<meta name=\"twitter:label2\" content=\"Dur\u00e9e de lecture estim\u00e9e\" \/>\n\t<meta name=\"twitter:data2\" content=\"1 minute\" \/>\n<script type=\"application\/ld+json\" class=\"yoast-schema-graph\">{\"@context\":\"https:\/\/schema.org\",\"@graph\":[{\"@type\":\"WebPage\",\"@id\":\"https:\/\/www.fbf-bff.be\/fr\/changement-dans-lactionnariat-chez-charles-vogele\/\",\"url\":\"https:\/\/www.fbf-bff.be\/fr\/changement-dans-lactionnariat-chez-charles-vogele\/\",\"name\":\"Changement dans l&#8217;actionnariat chez Charles V\u00f6gele - F\u00e9d\u00e9ration Belge de la Franchise\",\"isPartOf\":{\"@id\":\"https:\/\/www.fbf-bff.be\/#website\"},\"primaryImageOfPage\":{\"@id\":\"https:\/\/www.fbf-bff.be\/fr\/changement-dans-lactionnariat-chez-charles-vogele\/#primaryimage\"},\"image\":{\"@id\":\"https:\/\/www.fbf-bff.be\/fr\/changement-dans-lactionnariat-chez-charles-vogele\/#primaryimage\"},\"thumbnailUrl\":\"https:\/\/www.fbf-bff.be\/wp-content\/uploads\/2021\/10\/Pic_CharlesVogele_Facade_1.jpg\",\"datePublished\":\"2016-02-22T08:00:24+00:00\",\"dateModified\":\"2016-02-22T08:00:24+00:00\",\"author\":{\"@id\":\"https:\/\/www.fbf-bff.be\/#\/schema\/person\/73a9cbee87288cba2b06e3fc29244fe7\"},\"breadcrumb\":{\"@id\":\"https:\/\/www.fbf-bff.be\/fr\/changement-dans-lactionnariat-chez-charles-vogele\/#breadcrumb\"},\"inLanguage\":\"fr-FR\",\"potentialAction\":[{\"@type\":\"ReadAction\",\"target\":[\"https:\/\/www.fbf-bff.be\/fr\/changement-dans-lactionnariat-chez-charles-vogele\/\"]}]},{\"@type\":\"ImageObject\",\"inLanguage\":\"fr-FR\",\"@id\":\"https:\/\/www.fbf-bff.be\/fr\/changement-dans-lactionnariat-chez-charles-vogele\/#primaryimage\",\"url\":\"https:\/\/www.fbf-bff.be\/wp-content\/uploads\/2021\/10\/Pic_CharlesVogele_Facade_1.jpg\",\"contentUrl\":\"https:\/\/www.fbf-bff.be\/wp-content\/uploads\/2021\/10\/Pic_CharlesVogele_Facade_1.jpg\",\"width\":1200,\"height\":685},{\"@type\":\"BreadcrumbList\",\"@id\":\"https:\/\/www.fbf-bff.be\/fr\/changement-dans-lactionnariat-chez-charles-vogele\/#breadcrumb\",\"itemListElement\":[{\"@type\":\"ListItem\",\"position\":1,\"name\":\"Home\",\"item\":\"https:\/\/www.fbf-bff.be\/fr\/\"},{\"@type\":\"ListItem\",\"position\":2,\"name\":\"Changement dans l&#8217;actionnariat chez Charles V\u00f6gele\"}]},{\"@type\":\"WebSite\",\"@id\":\"https:\/\/www.fbf-bff.be\/#website\",\"url\":\"https:\/\/www.fbf-bff.be\/\",\"name\":\"F\u00e9d\u00e9ration Belge de la Franchise\",\"description\":\"Pour r\u00e9ussir ensemblee\",\"potentialAction\":[{\"@type\":\"SearchAction\",\"target\":{\"@type\":\"EntryPoint\",\"urlTemplate\":\"https:\/\/www.fbf-bff.be\/?s={search_term_string}\"},\"query-input\":{\"@type\":\"PropertyValueSpecification\",\"valueRequired\":true,\"valueName\":\"search_term_string\"}}],\"inLanguage\":\"fr-FR\"},{\"@type\":\"Person\",\"@id\":\"https:\/\/www.fbf-bff.be\/#\/schema\/person\/73a9cbee87288cba2b06e3fc29244fe7\",\"name\":\"fbf_admin\",\"image\":{\"@type\":\"ImageObject\",\"inLanguage\":\"fr-FR\",\"@id\":\"https:\/\/www.fbf-bff.be\/#\/schema\/person\/image\/\",\"url\":\"https:\/\/secure.gravatar.com\/avatar\/20f6483dbe2a69e0999ddcdd1744b7f7?s=96&d=mm&r=g\",\"contentUrl\":\"https:\/\/secure.gravatar.com\/avatar\/20f6483dbe2a69e0999ddcdd1744b7f7?s=96&d=mm&r=g\",\"caption\":\"fbf_admin\"}}]}<\/script>\n<!-- \/ Yoast SEO plugin. -->","yoast_head_json":{"title":"Changement dans l&#8217;actionnariat chez Charles V\u00f6gele - F\u00e9d\u00e9ration Belge de la Franchise","robots":{"index":"index","follow":"follow","max-snippet":"max-snippet:-1","max-image-preview":"max-image-preview:large","max-video-preview":"max-video-preview:-1"},"canonical":"https:\/\/www.fbf-bff.be\/fr\/changement-dans-lactionnariat-chez-charles-vogele\/","og_locale":"fr_FR","og_type":"article","og_title":"Changement dans l&#8217;actionnariat chez Charles V\u00f6gele - F\u00e9d\u00e9ration Belge de la Franchise","og_description":"[vc_row][vc_column][vc_column_text]L&rsquo;enseigne de franchise Charles V\u00f6gele, le sp\u00e9cialiste suisse de la mode du pr\u00eat \u00e0 porter a annonc\u00e9 des changements au sein de son actionnariat.  Le trust chypriote Aspen Trust Services d\u00e9tient d\u00e9sormais, pour le compte d&rsquo;Elarof Trust, 1,230.00 d&rsquo;actions au porteur du groupe Charles V\u00f6gele, soit 13,97% des droits ...","og_url":"https:\/\/www.fbf-bff.be\/fr\/changement-dans-lactionnariat-chez-charles-vogele\/","og_site_name":"F\u00e9d\u00e9ration Belge de la Franchise","article_published_time":"2016-02-22T08:00:24+00:00","og_image":[{"width":1200,"height":685,"url":"https:\/\/www.fbf-bff.be\/wp-content\/uploads\/2021\/10\/Pic_CharlesVogele_Facade_1.jpg","type":"image\/jpeg"}],"author":"fbf_admin","twitter_card":"summary_large_image","twitter_misc":{"\u00c9crit par":"fbf_admin","Dur\u00e9e de lecture estim\u00e9e":"1 minute"},"schema":{"@context":"https:\/\/schema.org","@graph":[{"@type":"WebPage","@id":"https:\/\/www.fbf-bff.be\/fr\/changement-dans-lactionnariat-chez-charles-vogele\/","url":"https:\/\/www.fbf-bff.be\/fr\/changement-dans-lactionnariat-chez-charles-vogele\/","name":"Changement dans l&#8217;actionnariat chez Charles V\u00f6gele - F\u00e9d\u00e9ration Belge de la Franchise","isPartOf":{"@id":"https:\/\/www.fbf-bff.be\/#website"},"primaryImageOfPage":{"@id":"https:\/\/www.fbf-bff.be\/fr\/changement-dans-lactionnariat-chez-charles-vogele\/#primaryimage"},"image":{"@id":"https:\/\/www.fbf-bff.be\/fr\/changement-dans-lactionnariat-chez-charles-vogele\/#primaryimage"},"thumbnailUrl":"https:\/\/www.fbf-bff.be\/wp-content\/uploads\/2021\/10\/Pic_CharlesVogele_Facade_1.jpg","datePublished":"2016-02-22T08:00:24+00:00","dateModified":"2016-02-22T08:00:24+00:00","author":{"@id":"https:\/\/www.fbf-bff.be\/#\/schema\/person\/73a9cbee87288cba2b06e3fc29244fe7"},"breadcrumb":{"@id":"https:\/\/www.fbf-bff.be\/fr\/changement-dans-lactionnariat-chez-charles-vogele\/#breadcrumb"},"inLanguage":"fr-FR","potentialAction":[{"@type":"ReadAction","target":["https:\/\/www.fbf-bff.be\/fr\/changement-dans-lactionnariat-chez-charles-vogele\/"]}]},{"@type":"ImageObject","inLanguage":"fr-FR","@id":"https:\/\/www.fbf-bff.be\/fr\/changement-dans-lactionnariat-chez-charles-vogele\/#primaryimage","url":"https:\/\/www.fbf-bff.be\/wp-content\/uploads\/2021\/10\/Pic_CharlesVogele_Facade_1.jpg","contentUrl":"https:\/\/www.fbf-bff.be\/wp-content\/uploads\/2021\/10\/Pic_CharlesVogele_Facade_1.jpg","width":1200,"height":685},{"@type":"BreadcrumbList","@id":"https:\/\/www.fbf-bff.be\/fr\/changement-dans-lactionnariat-chez-charles-vogele\/#breadcrumb","itemListElement":[{"@type":"ListItem","position":1,"name":"Home","item":"https:\/\/www.fbf-bff.be\/fr\/"},{"@type":"ListItem","position":2,"name":"Changement dans l&#8217;actionnariat chez Charles V\u00f6gele"}]},{"@type":"WebSite","@id":"https:\/\/www.fbf-bff.be\/#website","url":"https:\/\/www.fbf-bff.be\/","name":"F\u00e9d\u00e9ration Belge de la Franchise","description":"Pour r\u00e9ussir ensemblee","potentialAction":[{"@type":"SearchAction","target":{"@type":"EntryPoint","urlTemplate":"https:\/\/www.fbf-bff.be\/?s={search_term_string}"},"query-input":{"@type":"PropertyValueSpecification","valueRequired":true,"valueName":"search_term_string"}}],"inLanguage":"fr-FR"},{"@type":"Person","@id":"https:\/\/www.fbf-bff.be\/#\/schema\/person\/73a9cbee87288cba2b06e3fc29244fe7","name":"fbf_admin","image":{"@type":"ImageObject","inLanguage":"fr-FR","@id":"https:\/\/www.fbf-bff.be\/#\/schema\/person\/image\/","url":"https:\/\/secure.gravatar.com\/avatar\/20f6483dbe2a69e0999ddcdd1744b7f7?s=96&d=mm&r=g","contentUrl":"https:\/\/secure.gravatar.com\/avatar\/20f6483dbe2a69e0999ddcdd1744b7f7?s=96&d=mm&r=g","caption":"fbf_admin"}}]}},"_links":{"self":[{"href":"https:\/\/www.fbf-bff.be\/fr\/wp-json\/wp\/v2\/posts\/8075"}],"collection":[{"href":"https:\/\/www.fbf-bff.be\/fr\/wp-json\/wp\/v2\/posts"}],"about":[{"href":"https:\/\/www.fbf-bff.be\/fr\/wp-json\/wp\/v2\/types\/post"}],"author":[{"embeddable":true,"href":"https:\/\/www.fbf-bff.be\/fr\/wp-json\/wp\/v2\/users\/1"}],"replies":[{"embeddable":true,"href":"https:\/\/www.fbf-bff.be\/fr\/wp-json\/wp\/v2\/comments?post=8075"}],"version-history":[{"count":0,"href":"https:\/\/www.fbf-bff.be\/fr\/wp-json\/wp\/v2\/posts\/8075\/revisions"}],"wp:featuredmedia":[{"embeddable":true,"href":"https:\/\/www.fbf-bff.be\/fr\/wp-json\/wp\/v2\/media\/8076"}],"wp:attachment":[{"href":"https:\/\/www.fbf-bff.be\/fr\/wp-json\/wp\/v2\/media?parent=8075"}],"wp:term":[{"taxonomy":"category","embeddable":true,"href":"https:\/\/www.fbf-bff.be\/fr\/wp-json\/wp\/v2\/categories?post=8075"},{"taxonomy":"post_tag","embeddable":true,"href":"https:\/\/www.fbf-bff.be\/fr\/wp-json\/wp\/v2\/tags?post=8075"}],"curies":[{"name":"wp","href":"https:\/\/api.w.org\/{rel}","templated":true}]}}