{"id":8071,"date":"2016-02-17T00:00:00","date_gmt":"2016-02-16T23:00:00","guid":{"rendered":"https:\/\/www.fbf-bff.be\/un-nouveau-ceo-pour-lenseigne-en-franchise-match\/"},"modified":"2016-02-17T00:00:00","modified_gmt":"2016-02-16T23:00:00","slug":"un-nouveau-ceo-pour-lenseigne-en-franchise-match","status":"publish","type":"post","link":"https:\/\/www.fbf-bff.be\/fr\/un-nouveau-ceo-pour-lenseigne-en-franchise-match\/","title":{"rendered":"Un nouveau CEO pour l\u2019enseigne en franchise Match"},"content":{"rendered":"Alois Ooms, CEO de l\u2019enseigne de franchise Match et de Smatch Belux, quitte l\u2019entreprise apr\u00e8s seulement une ann\u00e9e et demie de bons et loyaux services.\u00a0 Au 1er mars, il sera remplac\u00e9 par St\u00e9phane De Rango.<div><br><\/div><div><span style=\"font-weight: bold\">Une diff\u00e9rence de vision<\/span><\/div><div>Ooms, un manager exp\u00e9riment\u00e9 qui a exerc\u00e9 des fonctions de haut niveau chez GB, Ahold et Metro Group, a \u00e9t\u00e9 engag\u00e9 en tant que CEO chez Match en juin 2014.\u00a0 Il a re\u00e7u la difficile mission de remettre la cha\u00eene sur les rails.\u00a0 Il a donn\u00e9 sa d\u00e9mission suite \u00e0 une divergence de vision avec l\u2019actionnaire \u00e0 propos de la<a class=\"L5m5asN320N0U\" href=\"#18112948\"> by Deal Top\u00a0\u00bb&gt; voie<img decoding=\"async\" src=\"http:\/\/cdncache-a.akamaihd.net\/items\/it\/img\/arrow-10x10.png\"><\/a> que Match Belux devrait suivre.<\/div><div>?<\/div><div>Un successeur a \u00e9t\u00e9 trouv\u00e9 en interne en la personne de St\u00e9phane De Rango.\u00a0 Il reprendra le flambeau le 1er mars.\u00a0 Son pr\u00e9d\u00e9cesseur restera encore \u00e0 disposition pendant un certain temps.<\/div><div>?<\/div><div>Les enseignes en franchise Match et Smatch poss\u00e8dent pr\u00e8s de 150 magasins en Belgique et au Luxembourg, dont 14 points de vente franchis\u00e9s.\u00a0 Ils font partie du groupe Louis Delhaize, dont font partie les hypermarch\u00e9s Cora, ainsi que les magasins de quartier louis delhaize et le r\u00e9seau de franchise D\u00e9litraiteur.<\/div><div>Source\u00a0: <a href=\"http:\/\/www.retaildetail.be\/fr\" target=\"_blank\" style=\"text-decoration: underline\" rel=\"noopener\">RD<\/a><\/div>","protected":false},"excerpt":{"rendered":"<p>Alois Ooms, CEO de l\u2019enseigne de franchise Match et de Smatch Belux, quitte l\u2019entreprise apr\u00e8s seulement une ann\u00e9e et demie de bons et loyaux services.  Au 1er mars, il sera remplac\u00e9 par St\u00e9phane De Rango.<\/p>\n","protected":false},"author":1,"featured_media":0,"comment_status":"closed","ping_status":"open","sticky":false,"template":"","format":"standard","meta":{"ngg_post_thumbnail":0,"footnotes":""},"categories":[41],"tags":[],"acf":[],"yoast_head":"<!-- This site is optimized with the Yoast SEO plugin v23.5 - https:\/\/yoast.com\/wordpress\/plugins\/seo\/ -->\n<title>Un nouveau CEO pour l\u2019enseigne en franchise Match - F\u00e9d\u00e9ration Belge de la Franchise<\/title>\n<meta name=\"robots\" content=\"index, follow, max-snippet:-1, max-image-preview:large, max-video-preview:-1\" \/>\n<link rel=\"canonical\" href=\"https:\/\/www.fbf-bff.be\/fr\/un-nouveau-ceo-pour-lenseigne-en-franchise-match\/\" \/>\n<meta property=\"og:locale\" content=\"fr_FR\" \/>\n<meta property=\"og:type\" content=\"article\" \/>\n<meta property=\"og:title\" content=\"Un nouveau CEO pour l\u2019enseigne en franchise Match - F\u00e9d\u00e9ration Belge de la Franchise\" \/>\n<meta property=\"og:description\" content=\"Alois Ooms, CEO de l\u2019enseigne de franchise Match et de Smatch Belux, quitte l\u2019entreprise apr\u00e8s seulement une ann\u00e9e et demie de bons et loyaux services. Au 1er mars, il sera remplac\u00e9 par St\u00e9phane De Rango.\" \/>\n<meta property=\"og:url\" content=\"https:\/\/www.fbf-bff.be\/fr\/un-nouveau-ceo-pour-lenseigne-en-franchise-match\/\" \/>\n<meta property=\"og:site_name\" content=\"F\u00e9d\u00e9ration Belge de la Franchise\" \/>\n<meta property=\"article:published_time\" content=\"2016-02-16T23:00:00+00:00\" \/>\n<meta property=\"og:image\" content=\"http:\/\/cdncache-a.akamaihd.net\/items\/it\/img\/arrow-10x10.png\" \/>\n<meta name=\"author\" content=\"fbf_admin\" \/>\n<meta name=\"twitter:card\" content=\"summary_large_image\" \/>\n<meta name=\"twitter:label1\" content=\"\u00c9crit par\" \/>\n\t<meta name=\"twitter:data1\" content=\"fbf_admin\" \/>\n\t<meta name=\"twitter:label2\" content=\"Dur\u00e9e de lecture estim\u00e9e\" \/>\n\t<meta name=\"twitter:data2\" content=\"1 minute\" \/>\n<script type=\"application\/ld+json\" class=\"yoast-schema-graph\">{\"@context\":\"https:\/\/schema.org\",\"@graph\":[{\"@type\":\"WebPage\",\"@id\":\"https:\/\/www.fbf-bff.be\/fr\/un-nouveau-ceo-pour-lenseigne-en-franchise-match\/\",\"url\":\"https:\/\/www.fbf-bff.be\/fr\/un-nouveau-ceo-pour-lenseigne-en-franchise-match\/\",\"name\":\"Un nouveau CEO pour l\u2019enseigne en franchise Match - F\u00e9d\u00e9ration Belge de la Franchise\",\"isPartOf\":{\"@id\":\"https:\/\/www.fbf-bff.be\/#website\"},\"primaryImageOfPage\":{\"@id\":\"https:\/\/www.fbf-bff.be\/fr\/un-nouveau-ceo-pour-lenseigne-en-franchise-match\/#primaryimage\"},\"image\":{\"@id\":\"https:\/\/www.fbf-bff.be\/fr\/un-nouveau-ceo-pour-lenseigne-en-franchise-match\/#primaryimage\"},\"thumbnailUrl\":\"http:\/\/cdncache-a.akamaihd.net\/items\/it\/img\/arrow-10x10.png\",\"datePublished\":\"2016-02-16T23:00:00+00:00\",\"dateModified\":\"2016-02-16T23:00:00+00:00\",\"author\":{\"@id\":\"https:\/\/www.fbf-bff.be\/#\/schema\/person\/73a9cbee87288cba2b06e3fc29244fe7\"},\"breadcrumb\":{\"@id\":\"https:\/\/www.fbf-bff.be\/fr\/un-nouveau-ceo-pour-lenseigne-en-franchise-match\/#breadcrumb\"},\"inLanguage\":\"fr-FR\",\"potentialAction\":[{\"@type\":\"ReadAction\",\"target\":[\"https:\/\/www.fbf-bff.be\/fr\/un-nouveau-ceo-pour-lenseigne-en-franchise-match\/\"]}]},{\"@type\":\"ImageObject\",\"inLanguage\":\"fr-FR\",\"@id\":\"https:\/\/www.fbf-bff.be\/fr\/un-nouveau-ceo-pour-lenseigne-en-franchise-match\/#primaryimage\",\"url\":\"http:\/\/cdncache-a.akamaihd.net\/items\/it\/img\/arrow-10x10.png\",\"contentUrl\":\"http:\/\/cdncache-a.akamaihd.net\/items\/it\/img\/arrow-10x10.png\"},{\"@type\":\"BreadcrumbList\",\"@id\":\"https:\/\/www.fbf-bff.be\/fr\/un-nouveau-ceo-pour-lenseigne-en-franchise-match\/#breadcrumb\",\"itemListElement\":[{\"@type\":\"ListItem\",\"position\":1,\"name\":\"Home\",\"item\":\"https:\/\/www.fbf-bff.be\/fr\/\"},{\"@type\":\"ListItem\",\"position\":2,\"name\":\"Un nouveau CEO pour l\u2019enseigne en franchise Match\"}]},{\"@type\":\"WebSite\",\"@id\":\"https:\/\/www.fbf-bff.be\/#website\",\"url\":\"https:\/\/www.fbf-bff.be\/\",\"name\":\"F\u00e9d\u00e9ration Belge de la Franchise\",\"description\":\"Pour r\u00e9ussir ensemblee\",\"potentialAction\":[{\"@type\":\"SearchAction\",\"target\":{\"@type\":\"EntryPoint\",\"urlTemplate\":\"https:\/\/www.fbf-bff.be\/?s={search_term_string}\"},\"query-input\":{\"@type\":\"PropertyValueSpecification\",\"valueRequired\":true,\"valueName\":\"search_term_string\"}}],\"inLanguage\":\"fr-FR\"},{\"@type\":\"Person\",\"@id\":\"https:\/\/www.fbf-bff.be\/#\/schema\/person\/73a9cbee87288cba2b06e3fc29244fe7\",\"name\":\"fbf_admin\",\"image\":{\"@type\":\"ImageObject\",\"inLanguage\":\"fr-FR\",\"@id\":\"https:\/\/www.fbf-bff.be\/#\/schema\/person\/image\/\",\"url\":\"https:\/\/secure.gravatar.com\/avatar\/20f6483dbe2a69e0999ddcdd1744b7f7?s=96&d=mm&r=g\",\"contentUrl\":\"https:\/\/secure.gravatar.com\/avatar\/20f6483dbe2a69e0999ddcdd1744b7f7?s=96&d=mm&r=g\",\"caption\":\"fbf_admin\"}}]}<\/script>\n<!-- \/ Yoast SEO plugin. -->","yoast_head_json":{"title":"Un nouveau CEO pour l\u2019enseigne en franchise Match - F\u00e9d\u00e9ration Belge de la Franchise","robots":{"index":"index","follow":"follow","max-snippet":"max-snippet:-1","max-image-preview":"max-image-preview:large","max-video-preview":"max-video-preview:-1"},"canonical":"https:\/\/www.fbf-bff.be\/fr\/un-nouveau-ceo-pour-lenseigne-en-franchise-match\/","og_locale":"fr_FR","og_type":"article","og_title":"Un nouveau CEO pour l\u2019enseigne en franchise Match - F\u00e9d\u00e9ration Belge de la Franchise","og_description":"Alois Ooms, CEO de l\u2019enseigne de franchise Match et de Smatch Belux, quitte l\u2019entreprise apr\u00e8s seulement une ann\u00e9e et demie de bons et loyaux services. Au 1er mars, il sera remplac\u00e9 par St\u00e9phane De Rango.","og_url":"https:\/\/www.fbf-bff.be\/fr\/un-nouveau-ceo-pour-lenseigne-en-franchise-match\/","og_site_name":"F\u00e9d\u00e9ration Belge de la Franchise","article_published_time":"2016-02-16T23:00:00+00:00","og_image":[{"url":"http:\/\/cdncache-a.akamaihd.net\/items\/it\/img\/arrow-10x10.png"}],"author":"fbf_admin","twitter_card":"summary_large_image","twitter_misc":{"\u00c9crit par":"fbf_admin","Dur\u00e9e de lecture estim\u00e9e":"1 minute"},"schema":{"@context":"https:\/\/schema.org","@graph":[{"@type":"WebPage","@id":"https:\/\/www.fbf-bff.be\/fr\/un-nouveau-ceo-pour-lenseigne-en-franchise-match\/","url":"https:\/\/www.fbf-bff.be\/fr\/un-nouveau-ceo-pour-lenseigne-en-franchise-match\/","name":"Un nouveau CEO pour l\u2019enseigne en franchise Match - F\u00e9d\u00e9ration Belge de la Franchise","isPartOf":{"@id":"https:\/\/www.fbf-bff.be\/#website"},"primaryImageOfPage":{"@id":"https:\/\/www.fbf-bff.be\/fr\/un-nouveau-ceo-pour-lenseigne-en-franchise-match\/#primaryimage"},"image":{"@id":"https:\/\/www.fbf-bff.be\/fr\/un-nouveau-ceo-pour-lenseigne-en-franchise-match\/#primaryimage"},"thumbnailUrl":"http:\/\/cdncache-a.akamaihd.net\/items\/it\/img\/arrow-10x10.png","datePublished":"2016-02-16T23:00:00+00:00","dateModified":"2016-02-16T23:00:00+00:00","author":{"@id":"https:\/\/www.fbf-bff.be\/#\/schema\/person\/73a9cbee87288cba2b06e3fc29244fe7"},"breadcrumb":{"@id":"https:\/\/www.fbf-bff.be\/fr\/un-nouveau-ceo-pour-lenseigne-en-franchise-match\/#breadcrumb"},"inLanguage":"fr-FR","potentialAction":[{"@type":"ReadAction","target":["https:\/\/www.fbf-bff.be\/fr\/un-nouveau-ceo-pour-lenseigne-en-franchise-match\/"]}]},{"@type":"ImageObject","inLanguage":"fr-FR","@id":"https:\/\/www.fbf-bff.be\/fr\/un-nouveau-ceo-pour-lenseigne-en-franchise-match\/#primaryimage","url":"http:\/\/cdncache-a.akamaihd.net\/items\/it\/img\/arrow-10x10.png","contentUrl":"http:\/\/cdncache-a.akamaihd.net\/items\/it\/img\/arrow-10x10.png"},{"@type":"BreadcrumbList","@id":"https:\/\/www.fbf-bff.be\/fr\/un-nouveau-ceo-pour-lenseigne-en-franchise-match\/#breadcrumb","itemListElement":[{"@type":"ListItem","position":1,"name":"Home","item":"https:\/\/www.fbf-bff.be\/fr\/"},{"@type":"ListItem","position":2,"name":"Un nouveau CEO pour l\u2019enseigne en franchise Match"}]},{"@type":"WebSite","@id":"https:\/\/www.fbf-bff.be\/#website","url":"https:\/\/www.fbf-bff.be\/","name":"F\u00e9d\u00e9ration Belge de la Franchise","description":"Pour r\u00e9ussir ensemblee","potentialAction":[{"@type":"SearchAction","target":{"@type":"EntryPoint","urlTemplate":"https:\/\/www.fbf-bff.be\/?s={search_term_string}"},"query-input":{"@type":"PropertyValueSpecification","valueRequired":true,"valueName":"search_term_string"}}],"inLanguage":"fr-FR"},{"@type":"Person","@id":"https:\/\/www.fbf-bff.be\/#\/schema\/person\/73a9cbee87288cba2b06e3fc29244fe7","name":"fbf_admin","image":{"@type":"ImageObject","inLanguage":"fr-FR","@id":"https:\/\/www.fbf-bff.be\/#\/schema\/person\/image\/","url":"https:\/\/secure.gravatar.com\/avatar\/20f6483dbe2a69e0999ddcdd1744b7f7?s=96&d=mm&r=g","contentUrl":"https:\/\/secure.gravatar.com\/avatar\/20f6483dbe2a69e0999ddcdd1744b7f7?s=96&d=mm&r=g","caption":"fbf_admin"}}]}},"_links":{"self":[{"href":"https:\/\/www.fbf-bff.be\/fr\/wp-json\/wp\/v2\/posts\/8071"}],"collection":[{"href":"https:\/\/www.fbf-bff.be\/fr\/wp-json\/wp\/v2\/posts"}],"about":[{"href":"https:\/\/www.fbf-bff.be\/fr\/wp-json\/wp\/v2\/types\/post"}],"author":[{"embeddable":true,"href":"https:\/\/www.fbf-bff.be\/fr\/wp-json\/wp\/v2\/users\/1"}],"replies":[{"embeddable":true,"href":"https:\/\/www.fbf-bff.be\/fr\/wp-json\/wp\/v2\/comments?post=8071"}],"version-history":[{"count":0,"href":"https:\/\/www.fbf-bff.be\/fr\/wp-json\/wp\/v2\/posts\/8071\/revisions"}],"wp:attachment":[{"href":"https:\/\/www.fbf-bff.be\/fr\/wp-json\/wp\/v2\/media?parent=8071"}],"wp:term":[{"taxonomy":"category","embeddable":true,"href":"https:\/\/www.fbf-bff.be\/fr\/wp-json\/wp\/v2\/categories?post=8071"},{"taxonomy":"post_tag","embeddable":true,"href":"https:\/\/www.fbf-bff.be\/fr\/wp-json\/wp\/v2\/tags?post=8071"}],"curies":[{"name":"wp","href":"https:\/\/api.w.org\/{rel}","templated":true}]}}