{"id":8070,"date":"2016-02-17T00:00:00","date_gmt":"2016-02-16T23:00:00","guid":{"rendered":"https:\/\/www.fbf-bff.be\/la-federation-belge-de-la-franchise%e2%80%a8cherche-des-franchises-pour-participer-activement%e2%80%a8au-comite-consultatif-des-franchises\/"},"modified":"2016-02-17T00:00:00","modified_gmt":"2016-02-16T23:00:00","slug":"la-federation-belge-de-la-franchise%e2%80%a8cherche-des-franchises-pour-participer-activement%e2%80%a8au-comite-consultatif-des-franchises","status":"publish","type":"post","link":"https:\/\/www.fbf-bff.be\/fr\/la-federation-belge-de-la-franchise%e2%80%a8cherche-des-franchises-pour-participer-activement%e2%80%a8au-comite-consultatif-des-franchises\/","title":{"rendered":"La F\u00e9d\u00e9ration Belge de la Franchise?cherche des franchis\u00e9s pour participer activement?au Comit\u00e9 Consultatif des Franchis\u00e9s."},"content":{"rendered":"\u00a0?La F\u00e9d\u00e9ration Belge de la Franchise pr\u00f4ne une gestion authentique et \u00e9thique du monde de la franchise. C\u2019est pour cette raison que non seulement les franchiseurs, mais \u00e9galement les franchis\u00e9s sont \u00e9cout\u00e9s et soutenus afin de stimuler une collaboration durable.?\u00a0?<div><br><\/div><div>La <a href=\"http:\/\/www.fbf-bff.be\/\" target=\"_blank\" style=\"text-decoration: underline\" rel=\"noopener\">FBF<\/a> a le souhait d\u2018inviter des franchis\u00e9s \u00e0 participer au Comit\u00e9 Consultatif des Franchis\u00e9s. Ce comit\u00e9 a pour objet de comprendre les besoins et de d\u00e9fendre les int\u00e9r\u00eats des franchis\u00e9s ; c\u2019est un lieu de discussion et d\u2019\u00e9change d\u2019exp\u00e9riences. ??<\/div><div><br><\/div><div>Le CCF est compos\u00e9 exclusivement de franchis\u00e9s. Il est pr\u00e9sid\u00e9 et anim\u00e9 par Mme Britta Rym (franchiseur Brico, Directrice R\u00e9seau), Administrateur \u00e0 la FBF.?Il va de soi qu\u2019une participation au CCF de franchis\u00e9s de diff\u00e9rents r\u00e9seaux, est un atout pour votre r\u00e9seau.??<\/div><div><br><\/div><div>Les r\u00e9unions du CCF se d\u00e9roulent 4 x par an avec une dur\u00e9e d\u2019environ 2 heures, au si\u00e8ge de la FBF \u00e0 Bruxelles. Un mandat est d\u00e9sign\u00e9 pour une dur\u00e9e de deux ans.?\u00a0?<\/div><div><br><\/div><div>Si vous, en tant que franchis\u00e9, \u00eates int\u00e9ress\u00e9 \u00e0 participer \u00e0 ce comit\u00e9, nous vous remercions de nous transmettre vos coordonn\u00e9es via l&rsquo;adresse info@fbf-bff.be, afin que nous puissions vous inviter \u00e0 notre prochain CCF.<\/div><div><br><\/div>","protected":false},"excerpt":{"rendered":"<p>\u00a0?La F\u00e9d\u00e9ration Belge de la Franchise pr\u00f4ne une gestion authentique et \u00e9thique du monde de la franchise. C\u2019est pour cette raison que non seulement les franchiseurs, mais \u00e9galement les franchis\u00e9s sont \u00e9cout\u00e9s et soutenus afin de stimuler une collaboration durable.?\u00a0<\/p>\n","protected":false},"author":1,"featured_media":0,"comment_status":"closed","ping_status":"open","sticky":false,"template":"","format":"standard","meta":{"ngg_post_thumbnail":0,"footnotes":""},"categories":[41],"tags":[],"acf":[],"yoast_head":"<!-- This site is optimized with the Yoast SEO plugin v23.5 - https:\/\/yoast.com\/wordpress\/plugins\/seo\/ -->\n<title>La F\u00e9d\u00e9ration Belge de la Franchise?cherche des franchis\u00e9s pour participer activement?au Comit\u00e9 Consultatif des Franchis\u00e9s. - F\u00e9d\u00e9ration Belge de la Franchise<\/title>\n<meta name=\"robots\" content=\"index, follow, max-snippet:-1, max-image-preview:large, max-video-preview:-1\" \/>\n<link rel=\"canonical\" href=\"https:\/\/www.fbf-bff.be\/fr\/la-federation-belge-de-la-franchise\u2028cherche-des-franchises-pour-participer-activement\u2028au-comite-consultatif-des-franchises\/\" \/>\n<meta property=\"og:locale\" content=\"fr_FR\" \/>\n<meta property=\"og:type\" content=\"article\" \/>\n<meta property=\"og:title\" content=\"La F\u00e9d\u00e9ration Belge de la Franchise?cherche des franchis\u00e9s pour participer activement?au Comit\u00e9 Consultatif des Franchis\u00e9s. - F\u00e9d\u00e9ration Belge de la Franchise\" \/>\n<meta property=\"og:description\" content=\"\u00a0?La F\u00e9d\u00e9ration Belge de la Franchise pr\u00f4ne une gestion authentique et \u00e9thique du monde de la franchise. C\u2019est pour cette raison que non seulement les franchiseurs, mais \u00e9galement les franchis\u00e9s sont \u00e9cout\u00e9s et soutenus afin de stimuler une collaboration durable.?\u00a0\" \/>\n<meta property=\"og:url\" content=\"https:\/\/www.fbf-bff.be\/fr\/la-federation-belge-de-la-franchise\u2028cherche-des-franchises-pour-participer-activement\u2028au-comite-consultatif-des-franchises\/\" \/>\n<meta property=\"og:site_name\" content=\"F\u00e9d\u00e9ration Belge de la Franchise\" \/>\n<meta property=\"article:published_time\" content=\"2016-02-16T23:00:00+00:00\" \/>\n<meta property=\"og:image\" content=\"https:\/\/www.fbf-bff.be\/wp-content\/uploads\/2017\/06\/fbf-bff-fb-cover.jpg\" \/>\n\t<meta property=\"og:image:width\" content=\"1200\" \/>\n\t<meta property=\"og:image:height\" content=\"630\" \/>\n\t<meta property=\"og:image:type\" content=\"image\/jpeg\" \/>\n<meta name=\"author\" content=\"fbf_admin\" \/>\n<meta name=\"twitter:card\" content=\"summary_large_image\" \/>\n<meta name=\"twitter:label1\" content=\"\u00c9crit par\" \/>\n\t<meta name=\"twitter:data1\" content=\"fbf_admin\" \/>\n\t<meta name=\"twitter:label2\" content=\"Dur\u00e9e de lecture estim\u00e9e\" \/>\n\t<meta name=\"twitter:data2\" content=\"1 minute\" \/>\n<script type=\"application\/ld+json\" class=\"yoast-schema-graph\">{\"@context\":\"https:\/\/schema.org\",\"@graph\":[{\"@type\":\"WebPage\",\"@id\":\"https:\/\/www.fbf-bff.be\/fr\/la-federation-belge-de-la-franchise%e2%80%a8cherche-des-franchises-pour-participer-activement%e2%80%a8au-comite-consultatif-des-franchises\/\",\"url\":\"https:\/\/www.fbf-bff.be\/fr\/la-federation-belge-de-la-franchise%e2%80%a8cherche-des-franchises-pour-participer-activement%e2%80%a8au-comite-consultatif-des-franchises\/\",\"name\":\"La F\u00e9d\u00e9ration Belge de la Franchise?cherche des franchis\u00e9s pour participer activement?au Comit\u00e9 Consultatif des Franchis\u00e9s. - F\u00e9d\u00e9ration Belge de la Franchise\",\"isPartOf\":{\"@id\":\"https:\/\/www.fbf-bff.be\/#website\"},\"datePublished\":\"2016-02-16T23:00:00+00:00\",\"dateModified\":\"2016-02-16T23:00:00+00:00\",\"author\":{\"@id\":\"https:\/\/www.fbf-bff.be\/#\/schema\/person\/73a9cbee87288cba2b06e3fc29244fe7\"},\"breadcrumb\":{\"@id\":\"https:\/\/www.fbf-bff.be\/fr\/la-federation-belge-de-la-franchise%e2%80%a8cherche-des-franchises-pour-participer-activement%e2%80%a8au-comite-consultatif-des-franchises\/#breadcrumb\"},\"inLanguage\":\"fr-FR\",\"potentialAction\":[{\"@type\":\"ReadAction\",\"target\":[\"https:\/\/www.fbf-bff.be\/fr\/la-federation-belge-de-la-franchise%e2%80%a8cherche-des-franchises-pour-participer-activement%e2%80%a8au-comite-consultatif-des-franchises\/\"]}]},{\"@type\":\"BreadcrumbList\",\"@id\":\"https:\/\/www.fbf-bff.be\/fr\/la-federation-belge-de-la-franchise%e2%80%a8cherche-des-franchises-pour-participer-activement%e2%80%a8au-comite-consultatif-des-franchises\/#breadcrumb\",\"itemListElement\":[{\"@type\":\"ListItem\",\"position\":1,\"name\":\"Home\",\"item\":\"https:\/\/www.fbf-bff.be\/fr\/\"},{\"@type\":\"ListItem\",\"position\":2,\"name\":\"La F\u00e9d\u00e9ration Belge de la Franchise?cherche des franchis\u00e9s pour participer activement?au Comit\u00e9 Consultatif des Franchis\u00e9s.\"}]},{\"@type\":\"WebSite\",\"@id\":\"https:\/\/www.fbf-bff.be\/#website\",\"url\":\"https:\/\/www.fbf-bff.be\/\",\"name\":\"F\u00e9d\u00e9ration Belge de la Franchise\",\"description\":\"Pour r\u00e9ussir ensemblee\",\"potentialAction\":[{\"@type\":\"SearchAction\",\"target\":{\"@type\":\"EntryPoint\",\"urlTemplate\":\"https:\/\/www.fbf-bff.be\/?s={search_term_string}\"},\"query-input\":{\"@type\":\"PropertyValueSpecification\",\"valueRequired\":true,\"valueName\":\"search_term_string\"}}],\"inLanguage\":\"fr-FR\"},{\"@type\":\"Person\",\"@id\":\"https:\/\/www.fbf-bff.be\/#\/schema\/person\/73a9cbee87288cba2b06e3fc29244fe7\",\"name\":\"fbf_admin\",\"image\":{\"@type\":\"ImageObject\",\"inLanguage\":\"fr-FR\",\"@id\":\"https:\/\/www.fbf-bff.be\/#\/schema\/person\/image\/\",\"url\":\"https:\/\/secure.gravatar.com\/avatar\/20f6483dbe2a69e0999ddcdd1744b7f7?s=96&d=mm&r=g\",\"contentUrl\":\"https:\/\/secure.gravatar.com\/avatar\/20f6483dbe2a69e0999ddcdd1744b7f7?s=96&d=mm&r=g\",\"caption\":\"fbf_admin\"}}]}<\/script>\n<!-- \/ Yoast SEO plugin. -->","yoast_head_json":{"title":"La F\u00e9d\u00e9ration Belge de la Franchise?cherche des franchis\u00e9s pour participer activement?au Comit\u00e9 Consultatif des Franchis\u00e9s. - F\u00e9d\u00e9ration Belge de la Franchise","robots":{"index":"index","follow":"follow","max-snippet":"max-snippet:-1","max-image-preview":"max-image-preview:large","max-video-preview":"max-video-preview:-1"},"canonical":"https:\/\/www.fbf-bff.be\/fr\/la-federation-belge-de-la-franchise\u2028cherche-des-franchises-pour-participer-activement\u2028au-comite-consultatif-des-franchises\/","og_locale":"fr_FR","og_type":"article","og_title":"La F\u00e9d\u00e9ration Belge de la Franchise?cherche des franchis\u00e9s pour participer activement?au Comit\u00e9 Consultatif des Franchis\u00e9s. - F\u00e9d\u00e9ration Belge de la Franchise","og_description":"\u00a0?La F\u00e9d\u00e9ration Belge de la Franchise pr\u00f4ne une gestion authentique et \u00e9thique du monde de la franchise. C\u2019est pour cette raison que non seulement les franchiseurs, mais \u00e9galement les franchis\u00e9s sont \u00e9cout\u00e9s et soutenus afin de stimuler une collaboration durable.?\u00a0","og_url":"https:\/\/www.fbf-bff.be\/fr\/la-federation-belge-de-la-franchise\u2028cherche-des-franchises-pour-participer-activement\u2028au-comite-consultatif-des-franchises\/","og_site_name":"F\u00e9d\u00e9ration Belge de la Franchise","article_published_time":"2016-02-16T23:00:00+00:00","og_image":[{"width":1200,"height":630,"url":"https:\/\/www.fbf-bff.be\/wp-content\/uploads\/2017\/06\/fbf-bff-fb-cover.jpg","type":"image\/jpeg"}],"author":"fbf_admin","twitter_card":"summary_large_image","twitter_misc":{"\u00c9crit par":"fbf_admin","Dur\u00e9e de lecture estim\u00e9e":"1 minute"},"schema":{"@context":"https:\/\/schema.org","@graph":[{"@type":"WebPage","@id":"https:\/\/www.fbf-bff.be\/fr\/la-federation-belge-de-la-franchise%e2%80%a8cherche-des-franchises-pour-participer-activement%e2%80%a8au-comite-consultatif-des-franchises\/","url":"https:\/\/www.fbf-bff.be\/fr\/la-federation-belge-de-la-franchise%e2%80%a8cherche-des-franchises-pour-participer-activement%e2%80%a8au-comite-consultatif-des-franchises\/","name":"La F\u00e9d\u00e9ration Belge de la Franchise?cherche des franchis\u00e9s pour participer activement?au Comit\u00e9 Consultatif des Franchis\u00e9s. - F\u00e9d\u00e9ration Belge de la Franchise","isPartOf":{"@id":"https:\/\/www.fbf-bff.be\/#website"},"datePublished":"2016-02-16T23:00:00+00:00","dateModified":"2016-02-16T23:00:00+00:00","author":{"@id":"https:\/\/www.fbf-bff.be\/#\/schema\/person\/73a9cbee87288cba2b06e3fc29244fe7"},"breadcrumb":{"@id":"https:\/\/www.fbf-bff.be\/fr\/la-federation-belge-de-la-franchise%e2%80%a8cherche-des-franchises-pour-participer-activement%e2%80%a8au-comite-consultatif-des-franchises\/#breadcrumb"},"inLanguage":"fr-FR","potentialAction":[{"@type":"ReadAction","target":["https:\/\/www.fbf-bff.be\/fr\/la-federation-belge-de-la-franchise%e2%80%a8cherche-des-franchises-pour-participer-activement%e2%80%a8au-comite-consultatif-des-franchises\/"]}]},{"@type":"BreadcrumbList","@id":"https:\/\/www.fbf-bff.be\/fr\/la-federation-belge-de-la-franchise%e2%80%a8cherche-des-franchises-pour-participer-activement%e2%80%a8au-comite-consultatif-des-franchises\/#breadcrumb","itemListElement":[{"@type":"ListItem","position":1,"name":"Home","item":"https:\/\/www.fbf-bff.be\/fr\/"},{"@type":"ListItem","position":2,"name":"La F\u00e9d\u00e9ration Belge de la Franchise?cherche des franchis\u00e9s pour participer activement?au Comit\u00e9 Consultatif des Franchis\u00e9s."}]},{"@type":"WebSite","@id":"https:\/\/www.fbf-bff.be\/#website","url":"https:\/\/www.fbf-bff.be\/","name":"F\u00e9d\u00e9ration Belge de la Franchise","description":"Pour r\u00e9ussir ensemblee","potentialAction":[{"@type":"SearchAction","target":{"@type":"EntryPoint","urlTemplate":"https:\/\/www.fbf-bff.be\/?s={search_term_string}"},"query-input":{"@type":"PropertyValueSpecification","valueRequired":true,"valueName":"search_term_string"}}],"inLanguage":"fr-FR"},{"@type":"Person","@id":"https:\/\/www.fbf-bff.be\/#\/schema\/person\/73a9cbee87288cba2b06e3fc29244fe7","name":"fbf_admin","image":{"@type":"ImageObject","inLanguage":"fr-FR","@id":"https:\/\/www.fbf-bff.be\/#\/schema\/person\/image\/","url":"https:\/\/secure.gravatar.com\/avatar\/20f6483dbe2a69e0999ddcdd1744b7f7?s=96&d=mm&r=g","contentUrl":"https:\/\/secure.gravatar.com\/avatar\/20f6483dbe2a69e0999ddcdd1744b7f7?s=96&d=mm&r=g","caption":"fbf_admin"}}]}},"_links":{"self":[{"href":"https:\/\/www.fbf-bff.be\/fr\/wp-json\/wp\/v2\/posts\/8070"}],"collection":[{"href":"https:\/\/www.fbf-bff.be\/fr\/wp-json\/wp\/v2\/posts"}],"about":[{"href":"https:\/\/www.fbf-bff.be\/fr\/wp-json\/wp\/v2\/types\/post"}],"author":[{"embeddable":true,"href":"https:\/\/www.fbf-bff.be\/fr\/wp-json\/wp\/v2\/users\/1"}],"replies":[{"embeddable":true,"href":"https:\/\/www.fbf-bff.be\/fr\/wp-json\/wp\/v2\/comments?post=8070"}],"version-history":[{"count":0,"href":"https:\/\/www.fbf-bff.be\/fr\/wp-json\/wp\/v2\/posts\/8070\/revisions"}],"wp:attachment":[{"href":"https:\/\/www.fbf-bff.be\/fr\/wp-json\/wp\/v2\/media?parent=8070"}],"wp:term":[{"taxonomy":"category","embeddable":true,"href":"https:\/\/www.fbf-bff.be\/fr\/wp-json\/wp\/v2\/categories?post=8070"},{"taxonomy":"post_tag","embeddable":true,"href":"https:\/\/www.fbf-bff.be\/fr\/wp-json\/wp\/v2\/tags?post=8070"}],"curies":[{"name":"wp","href":"https:\/\/api.w.org\/{rel}","templated":true}]}}