{"id":8068,"date":"2016-02-17T00:00:00","date_gmt":"2016-02-16T23:00:00","guid":{"rendered":"https:\/\/www.fbf-bff.be\/les-franchises-de-daniel-moquet-en-formation-annuelle\/"},"modified":"2016-02-17T00:00:00","modified_gmt":"2016-02-16T23:00:00","slug":"les-franchises-de-daniel-moquet-en-formation-annuelle","status":"publish","type":"post","link":"https:\/\/www.fbf-bff.be\/fr\/les-franchises-de-daniel-moquet-en-formation-annuelle\/","title":{"rendered":"Les franchis\u00e9s de Daniel Moquet en formation annuelle"},"content":{"rendered":"Comme tous les ans, janvier est le mois des formations, rien de mieux pour bien d\u00e9marrer l\u2019ann\u00e9e. Tous les franchis\u00e9s \u00e9taient convi\u00e9s aux formations annuelles, r\u00e9partis en 2 sessions de 2 jours, ils \u00e9taient 97% \u00e0 y participer. 2 th\u00e8mes sont propos\u00e9s\u00a0: vente et management. Pour chaque th\u00e8me, le programme se fait sur plusieurs ann\u00e9es. Le franchis\u00e9 alterne chaque ann\u00e9e entre ces 2 th\u00e8mes et passe au niveau sup\u00e9rieur. Ces formations sont donn\u00e9es par des professionnels qui passent au pr\u00e9alable du temps dans le r\u00e9seau pour adapter leur discours au secteur d\u2019activit\u00e9 et au m\u00e9tier des franchis\u00e9s. Pour certains, cela permet une remise \u00e0 niveau des connaissances, pour beaucoup, c\u2019est l\u2019occasion de se rem\u00e9morer les bonnes pratiques qu\u2019on oublie lorsqu\u2019on est absorb\u00e9 par le quotidien. \u00ab\u00a0Une fois encore, c\u2019est une occasion pour chacun de mettre \u00e0 jour ses connaissances, d\u2019\u00e9changer, de partager ses exp\u00e9riences. La formation \u00e9tant sur 2 jours, les repas et la soir\u00e9e permettent de passer de bons moments ensemble.\u00a0\u00bb pr\u00e9cise Daniel Moquet.<div><br><\/div><div><span style=\"font-weight: bold\">8 ouvertures en janvier<\/span><\/div><div>Depuis le d\u00e9but de l\u2019ann\u00e9e, 8 nouvelles entreprises ont vu le jour dans le r\u00e9seau Daniel Moquet signe vos all\u00e9es en France. Les nouveaux franchis\u00e9s re\u00e7oivent une formation initiale durant 6 semaines. Ces semaines sont divis\u00e9es en diff\u00e9rents th\u00e8mes de mani\u00e8re \u00e0 avoir une formation compl\u00e8te et \u00eatre op\u00e9rationnel pour ce nouveau challenge. Tous les aspects du m\u00e9tier sont vus dans les d\u00e9tails\u00a0: commercial, technique, mais aussi l\u2019organisation, la gestion, le management, en passant par l\u2019informatique et l\u2019administratif. Avec toutes ces comp\u00e9tences, les franchis\u00e9s sont arm\u00e9s pour se lancer dans l\u2019activit\u00e9 d\u2019am\u00e9nagement des all\u00e9es, cours et terrasses sereinement.<\/div><div>\u00a0<\/div><div>Souhaitez-vous avoir plus d\u2019information de cette enseigne, cliquez<span style=\"text-decoration: underline\"> <\/span><a href=\"https:\/\/franchisingbelgium.be\/formule\/daniel-moquet-signe-vos-allees\/?lang=fr\" target=\"_blank\" rel=\"noopener\"><span style=\"text-decoration: underline\">ici<\/span> <\/a>ou sur le logo chez\u00a0 \u201cles enseignes se d\u00e9veloppent et cherchent des candidats\u00a0\u00bb\u00a0 sur le <a href=\"https:\/\/franchisingbelgium.be\/fr\/\" target=\"_blank\" style=\"text-decoration: underline\" rel=\"noopener\">home page<\/a>.<\/div><div><br><\/div>","protected":false},"excerpt":{"rendered":"<p>Comme tous les ans, janvier est le mois des formations, rien de mieux pour bien d\u00e9marrer l\u2019ann\u00e9e. Tous les franchis\u00e9s \u00e9taient convi\u00e9s aux formations annuelles, r\u00e9partis en 2 sessions de 2 jours, ils \u00e9taient 97% \u00e0 y participer. 2 th\u00e8mes sont propos\u00e9s : vente et management. Pour chaque th\u00e8me, le programme se fait sur plusieurs ann\u00e9es. Le franchis\u00e9 alterne chaque ann\u00e9e entre ces 2 th\u00e8mes et passe au niveau sup\u00e9rieur.<\/p>\n","protected":false},"author":1,"featured_media":0,"comment_status":"closed","ping_status":"open","sticky":false,"template":"","format":"standard","meta":{"ngg_post_thumbnail":0,"footnotes":""},"categories":[41],"tags":[],"acf":[],"yoast_head":"<!-- This site is optimized with the Yoast SEO plugin v23.5 - https:\/\/yoast.com\/wordpress\/plugins\/seo\/ -->\n<title>Les franchis\u00e9s de Daniel Moquet en formation annuelle - F\u00e9d\u00e9ration Belge de la Franchise<\/title>\n<meta name=\"robots\" content=\"index, follow, max-snippet:-1, max-image-preview:large, max-video-preview:-1\" \/>\n<link rel=\"canonical\" href=\"https:\/\/www.fbf-bff.be\/fr\/les-franchises-de-daniel-moquet-en-formation-annuelle\/\" \/>\n<meta property=\"og:locale\" content=\"fr_FR\" \/>\n<meta property=\"og:type\" content=\"article\" \/>\n<meta property=\"og:title\" content=\"Les franchis\u00e9s de Daniel Moquet en formation annuelle - F\u00e9d\u00e9ration Belge de la Franchise\" \/>\n<meta property=\"og:description\" content=\"Comme tous les ans, janvier est le mois des formations, rien de mieux pour bien d\u00e9marrer l\u2019ann\u00e9e. Tous les franchis\u00e9s \u00e9taient convi\u00e9s aux formations annuelles, r\u00e9partis en 2 sessions de 2 jours, ils \u00e9taient 97% \u00e0 y participer. 2 th\u00e8mes sont propos\u00e9s : vente et management. Pour chaque th\u00e8me, le programme se fait sur plusieurs ann\u00e9es. Le franchis\u00e9 alterne chaque ann\u00e9e entre ces 2 th\u00e8mes et passe au niveau sup\u00e9rieur.\" \/>\n<meta property=\"og:url\" content=\"https:\/\/www.fbf-bff.be\/fr\/les-franchises-de-daniel-moquet-en-formation-annuelle\/\" \/>\n<meta property=\"og:site_name\" content=\"F\u00e9d\u00e9ration Belge de la Franchise\" \/>\n<meta property=\"article:published_time\" content=\"2016-02-16T23:00:00+00:00\" \/>\n<meta property=\"og:image\" content=\"https:\/\/www.fbf-bff.be\/wp-content\/uploads\/2017\/06\/fbf-bff-fb-cover.jpg\" \/>\n\t<meta property=\"og:image:width\" content=\"1200\" \/>\n\t<meta property=\"og:image:height\" content=\"630\" \/>\n\t<meta property=\"og:image:type\" content=\"image\/jpeg\" \/>\n<meta name=\"author\" content=\"fbf_admin\" \/>\n<meta name=\"twitter:card\" content=\"summary_large_image\" \/>\n<meta name=\"twitter:label1\" content=\"\u00c9crit par\" \/>\n\t<meta name=\"twitter:data1\" content=\"fbf_admin\" \/>\n\t<meta name=\"twitter:label2\" content=\"Dur\u00e9e de lecture estim\u00e9e\" \/>\n\t<meta name=\"twitter:data2\" content=\"2 minutes\" \/>\n<script type=\"application\/ld+json\" class=\"yoast-schema-graph\">{\"@context\":\"https:\/\/schema.org\",\"@graph\":[{\"@type\":\"WebPage\",\"@id\":\"https:\/\/www.fbf-bff.be\/fr\/les-franchises-de-daniel-moquet-en-formation-annuelle\/\",\"url\":\"https:\/\/www.fbf-bff.be\/fr\/les-franchises-de-daniel-moquet-en-formation-annuelle\/\",\"name\":\"Les franchis\u00e9s de Daniel Moquet en formation annuelle - F\u00e9d\u00e9ration Belge de la Franchise\",\"isPartOf\":{\"@id\":\"https:\/\/www.fbf-bff.be\/#website\"},\"datePublished\":\"2016-02-16T23:00:00+00:00\",\"dateModified\":\"2016-02-16T23:00:00+00:00\",\"author\":{\"@id\":\"https:\/\/www.fbf-bff.be\/#\/schema\/person\/73a9cbee87288cba2b06e3fc29244fe7\"},\"breadcrumb\":{\"@id\":\"https:\/\/www.fbf-bff.be\/fr\/les-franchises-de-daniel-moquet-en-formation-annuelle\/#breadcrumb\"},\"inLanguage\":\"fr-FR\",\"potentialAction\":[{\"@type\":\"ReadAction\",\"target\":[\"https:\/\/www.fbf-bff.be\/fr\/les-franchises-de-daniel-moquet-en-formation-annuelle\/\"]}]},{\"@type\":\"BreadcrumbList\",\"@id\":\"https:\/\/www.fbf-bff.be\/fr\/les-franchises-de-daniel-moquet-en-formation-annuelle\/#breadcrumb\",\"itemListElement\":[{\"@type\":\"ListItem\",\"position\":1,\"name\":\"Home\",\"item\":\"https:\/\/www.fbf-bff.be\/fr\/\"},{\"@type\":\"ListItem\",\"position\":2,\"name\":\"Les franchis\u00e9s de Daniel Moquet en formation annuelle\"}]},{\"@type\":\"WebSite\",\"@id\":\"https:\/\/www.fbf-bff.be\/#website\",\"url\":\"https:\/\/www.fbf-bff.be\/\",\"name\":\"F\u00e9d\u00e9ration Belge de la Franchise\",\"description\":\"Pour r\u00e9ussir ensemblee\",\"potentialAction\":[{\"@type\":\"SearchAction\",\"target\":{\"@type\":\"EntryPoint\",\"urlTemplate\":\"https:\/\/www.fbf-bff.be\/?s={search_term_string}\"},\"query-input\":{\"@type\":\"PropertyValueSpecification\",\"valueRequired\":true,\"valueName\":\"search_term_string\"}}],\"inLanguage\":\"fr-FR\"},{\"@type\":\"Person\",\"@id\":\"https:\/\/www.fbf-bff.be\/#\/schema\/person\/73a9cbee87288cba2b06e3fc29244fe7\",\"name\":\"fbf_admin\",\"image\":{\"@type\":\"ImageObject\",\"inLanguage\":\"fr-FR\",\"@id\":\"https:\/\/www.fbf-bff.be\/#\/schema\/person\/image\/\",\"url\":\"https:\/\/secure.gravatar.com\/avatar\/20f6483dbe2a69e0999ddcdd1744b7f7?s=96&d=mm&r=g\",\"contentUrl\":\"https:\/\/secure.gravatar.com\/avatar\/20f6483dbe2a69e0999ddcdd1744b7f7?s=96&d=mm&r=g\",\"caption\":\"fbf_admin\"}}]}<\/script>\n<!-- \/ Yoast SEO plugin. -->","yoast_head_json":{"title":"Les franchis\u00e9s de Daniel Moquet en formation annuelle - F\u00e9d\u00e9ration Belge de la Franchise","robots":{"index":"index","follow":"follow","max-snippet":"max-snippet:-1","max-image-preview":"max-image-preview:large","max-video-preview":"max-video-preview:-1"},"canonical":"https:\/\/www.fbf-bff.be\/fr\/les-franchises-de-daniel-moquet-en-formation-annuelle\/","og_locale":"fr_FR","og_type":"article","og_title":"Les franchis\u00e9s de Daniel Moquet en formation annuelle - F\u00e9d\u00e9ration Belge de la Franchise","og_description":"Comme tous les ans, janvier est le mois des formations, rien de mieux pour bien d\u00e9marrer l\u2019ann\u00e9e. Tous les franchis\u00e9s \u00e9taient convi\u00e9s aux formations annuelles, r\u00e9partis en 2 sessions de 2 jours, ils \u00e9taient 97% \u00e0 y participer. 2 th\u00e8mes sont propos\u00e9s : vente et management. Pour chaque th\u00e8me, le programme se fait sur plusieurs ann\u00e9es. Le franchis\u00e9 alterne chaque ann\u00e9e entre ces 2 th\u00e8mes et passe au niveau sup\u00e9rieur.","og_url":"https:\/\/www.fbf-bff.be\/fr\/les-franchises-de-daniel-moquet-en-formation-annuelle\/","og_site_name":"F\u00e9d\u00e9ration Belge de la Franchise","article_published_time":"2016-02-16T23:00:00+00:00","og_image":[{"width":1200,"height":630,"url":"https:\/\/www.fbf-bff.be\/wp-content\/uploads\/2017\/06\/fbf-bff-fb-cover.jpg","type":"image\/jpeg"}],"author":"fbf_admin","twitter_card":"summary_large_image","twitter_misc":{"\u00c9crit par":"fbf_admin","Dur\u00e9e de lecture estim\u00e9e":"2 minutes"},"schema":{"@context":"https:\/\/schema.org","@graph":[{"@type":"WebPage","@id":"https:\/\/www.fbf-bff.be\/fr\/les-franchises-de-daniel-moquet-en-formation-annuelle\/","url":"https:\/\/www.fbf-bff.be\/fr\/les-franchises-de-daniel-moquet-en-formation-annuelle\/","name":"Les franchis\u00e9s de Daniel Moquet en formation annuelle - F\u00e9d\u00e9ration Belge de la Franchise","isPartOf":{"@id":"https:\/\/www.fbf-bff.be\/#website"},"datePublished":"2016-02-16T23:00:00+00:00","dateModified":"2016-02-16T23:00:00+00:00","author":{"@id":"https:\/\/www.fbf-bff.be\/#\/schema\/person\/73a9cbee87288cba2b06e3fc29244fe7"},"breadcrumb":{"@id":"https:\/\/www.fbf-bff.be\/fr\/les-franchises-de-daniel-moquet-en-formation-annuelle\/#breadcrumb"},"inLanguage":"fr-FR","potentialAction":[{"@type":"ReadAction","target":["https:\/\/www.fbf-bff.be\/fr\/les-franchises-de-daniel-moquet-en-formation-annuelle\/"]}]},{"@type":"BreadcrumbList","@id":"https:\/\/www.fbf-bff.be\/fr\/les-franchises-de-daniel-moquet-en-formation-annuelle\/#breadcrumb","itemListElement":[{"@type":"ListItem","position":1,"name":"Home","item":"https:\/\/www.fbf-bff.be\/fr\/"},{"@type":"ListItem","position":2,"name":"Les franchis\u00e9s de Daniel Moquet en formation annuelle"}]},{"@type":"WebSite","@id":"https:\/\/www.fbf-bff.be\/#website","url":"https:\/\/www.fbf-bff.be\/","name":"F\u00e9d\u00e9ration Belge de la Franchise","description":"Pour r\u00e9ussir ensemblee","potentialAction":[{"@type":"SearchAction","target":{"@type":"EntryPoint","urlTemplate":"https:\/\/www.fbf-bff.be\/?s={search_term_string}"},"query-input":{"@type":"PropertyValueSpecification","valueRequired":true,"valueName":"search_term_string"}}],"inLanguage":"fr-FR"},{"@type":"Person","@id":"https:\/\/www.fbf-bff.be\/#\/schema\/person\/73a9cbee87288cba2b06e3fc29244fe7","name":"fbf_admin","image":{"@type":"ImageObject","inLanguage":"fr-FR","@id":"https:\/\/www.fbf-bff.be\/#\/schema\/person\/image\/","url":"https:\/\/secure.gravatar.com\/avatar\/20f6483dbe2a69e0999ddcdd1744b7f7?s=96&d=mm&r=g","contentUrl":"https:\/\/secure.gravatar.com\/avatar\/20f6483dbe2a69e0999ddcdd1744b7f7?s=96&d=mm&r=g","caption":"fbf_admin"}}]}},"_links":{"self":[{"href":"https:\/\/www.fbf-bff.be\/fr\/wp-json\/wp\/v2\/posts\/8068"}],"collection":[{"href":"https:\/\/www.fbf-bff.be\/fr\/wp-json\/wp\/v2\/posts"}],"about":[{"href":"https:\/\/www.fbf-bff.be\/fr\/wp-json\/wp\/v2\/types\/post"}],"author":[{"embeddable":true,"href":"https:\/\/www.fbf-bff.be\/fr\/wp-json\/wp\/v2\/users\/1"}],"replies":[{"embeddable":true,"href":"https:\/\/www.fbf-bff.be\/fr\/wp-json\/wp\/v2\/comments?post=8068"}],"version-history":[{"count":0,"href":"https:\/\/www.fbf-bff.be\/fr\/wp-json\/wp\/v2\/posts\/8068\/revisions"}],"wp:attachment":[{"href":"https:\/\/www.fbf-bff.be\/fr\/wp-json\/wp\/v2\/media?parent=8068"}],"wp:term":[{"taxonomy":"category","embeddable":true,"href":"https:\/\/www.fbf-bff.be\/fr\/wp-json\/wp\/v2\/categories?post=8068"},{"taxonomy":"post_tag","embeddable":true,"href":"https:\/\/www.fbf-bff.be\/fr\/wp-json\/wp\/v2\/tags?post=8068"}],"curies":[{"name":"wp","href":"https:\/\/api.w.org\/{rel}","templated":true}]}}