{"id":8067,"date":"2016-02-16T00:00:00","date_gmt":"2016-02-15T23:00:00","guid":{"rendered":"https:\/\/www.fbf-bff.be\/un-franchise-brico-city-convaincu-du-systeme-de-la-franchise\/"},"modified":"2016-02-16T00:00:00","modified_gmt":"2016-02-15T23:00:00","slug":"un-franchise-brico-city-convaincu-du-systeme-de-la-franchise","status":"publish","type":"post","link":"https:\/\/www.fbf-bff.be\/fr\/un-franchise-brico-city-convaincu-du-systeme-de-la-franchise\/","title":{"rendered":"Un franchis\u00e9 Brico City convaincu du syst\u00e8me de la franchise"},"content":{"rendered":"La trentaine, Julien Van den Bril, franchis\u00e9 du Brico City \u00e0 Watermael Boitsfort depuis 4 ans, a ouvert, en ao\u00fbt, un nouveau Brico en franchise \u00e0 Grez-Doiceau. D\u00e9couverte de ce persuad\u00e9 du syst\u00e8me de la franchise.\u00a0<div><br><\/div><div>\u00abOn b\u00e9n\u00e9fice de la notori\u00e9t\u00e9 du franchiseur en termes de marketing et de communication, tout en \u00e9tant ind\u00e9pendant et en g\u00e9rant son propre business. Ce syst\u00e8me me convient parfaitement.\u00bb, voici le cr\u00e9do de ce jeune franchis\u00e9. Si aujourd\u2019hui Julien Van den Bril semble avoir trouv\u00e9 chaussure \u00e0 son pied, ce n\u2019est pas d\u00fb au hasard, mais plut\u00f4t gr\u00e2ce \u00e0 sa volont\u00e9 de devenir son propre patron et son d\u00e9sir d\u2019entreprendre. Ayant travaill\u00e9 pendant cinq ann\u00e9es pour la distribution de Kellog\u2019s, l\u2019opportunit\u00e9 de devenir pour une premi\u00e8re fois franchis\u00e9 d\u2019un Delhaize Shop\u2019n Go s\u2019offre \u00e0 lui en 2009, offre qu\u2019il ne refuse pas. Mais le jeune homme voit en 2012 une nouvelle porte s\u2019ouvrir devant lui, une ancienne quincaillerie \u00e0 remettre. \u00ab\u00a0Je me suis dit pourquoi ne pas \u00a0transformer cette quincaillerie en un magasin de bricolage. J\u2019ai contact\u00e9 \u00e0 ce moment-l\u00e0, le service extension de Brico qui \u00e9tait en plein expansion de son concept de Brico City. Ils \u00e9taient int\u00e9ress\u00e9s, cela \u00e9t\u00e9 tr\u00e8s vite. J\u2019ai eu donc \u00e0 ce moment-l\u00e0 en plus du Delhaize, le Brico City \u00bb, explique le jeune homme.\u00a0<\/div><div><br><\/div><div><span style=\"font-weight: bold\">Un franchis\u00e9 100% Brico\u00a0<\/span><\/div><div>Voulant se d\u00e9tacher du milieu alimentaire et gr\u00e2ce \u00e0 ses bonnes relations avec son franchiseur, Julien Van den Bril se s\u00e9pare de son Delhaize, il y a une grosse ann\u00e9e pour se concentrer sur l\u2019ouverture d\u2019un second Brico \u00e0 Grez-Doiceau. \u00ab\u00a0Mes relations avec Brico sont excellentes. C\u2019est une relation tr\u00e8s ouverte, tr\u00e8s franche, tr\u00e8s agr\u00e9able. Je m\u2019entends, d\u2019ailleurs, tr\u00e8s bien avec les diff\u00e9rents responsables. On a des r\u00e9unions afin de voir ce qu\u2019il y a moyen d\u2019am\u00e9liorer ensemble \u00bb, relate le jeune homme. \u00a0L\u2019avenir, Julien le voit avec Brico, m\u00eame s\u2019il confie rester ouvert \u00e0 toute autre proposition\u00a0:\u00a0\u00ab\u00a0A moyen terme, je pense ouvrir un troisi\u00e8me point en franchise avec Brico. Mais si un autre franchiseur me propose quelque chose d\u2019int\u00e9ressant pourquoi pas.\u00a0\u00bb\u00a0<\/div><div><br><\/div><div>Souhaitez-vous avoir plus d\u2019information sur cette enseigne, cliquez <a href=\"https:\/\/franchisingbelgium.be\/formule\/bricobricocity\/\" target=\"_blank\" style=\"text-decoration: underline\" rel=\"noopener\">ici<\/a> ou sur le logo dans  \u201cles enseignes se d\u00e9veloppent et cherchent des candidats\u00a0\u00bb  sur la <a href=\"https:\/\/franchisingbelgium.be\/fr\/\" target=\"_blank\" style=\"text-decoration: underline\" rel=\"noopener\">homepage<\/a>.<\/div><div>S.P.\u00a0<\/div>","protected":false},"excerpt":{"rendered":"<p>La trentaine, Julien Van den Bril, franchis\u00e9 du Brico City \u00e0 Watermael Boitsfort depuis 4 ans, a ouvert, en ao\u00fbt, un nouveau Brico en franchise \u00e0 Grez-Doiceau. D\u00e9couverte de ce persuad\u00e9 du syst\u00e8me de la franchise.\u00a0<\/p>\n","protected":false},"author":1,"featured_media":0,"comment_status":"closed","ping_status":"open","sticky":false,"template":"","format":"standard","meta":{"ngg_post_thumbnail":0,"footnotes":""},"categories":[41],"tags":[],"acf":[],"yoast_head":"<!-- This site is optimized with the Yoast SEO plugin v23.5 - https:\/\/yoast.com\/wordpress\/plugins\/seo\/ -->\n<title>Un franchis\u00e9 Brico City convaincu du syst\u00e8me de la franchise - F\u00e9d\u00e9ration Belge de la Franchise<\/title>\n<meta name=\"robots\" content=\"index, follow, max-snippet:-1, max-image-preview:large, max-video-preview:-1\" \/>\n<link rel=\"canonical\" href=\"https:\/\/www.fbf-bff.be\/fr\/un-franchise-brico-city-convaincu-du-systeme-de-la-franchise\/\" \/>\n<meta property=\"og:locale\" content=\"fr_FR\" \/>\n<meta property=\"og:type\" content=\"article\" \/>\n<meta property=\"og:title\" content=\"Un franchis\u00e9 Brico City convaincu du syst\u00e8me de la franchise - F\u00e9d\u00e9ration Belge de la Franchise\" \/>\n<meta property=\"og:description\" content=\"La trentaine, Julien Van den Bril, franchis\u00e9 du Brico City \u00e0 Watermael Boitsfort depuis 4 ans, a ouvert, en ao\u00fbt, un nouveau Brico en franchise \u00e0 Grez-Doiceau. D\u00e9couverte de ce persuad\u00e9 du syst\u00e8me de la franchise.\u00a0\" \/>\n<meta property=\"og:url\" content=\"https:\/\/www.fbf-bff.be\/fr\/un-franchise-brico-city-convaincu-du-systeme-de-la-franchise\/\" \/>\n<meta property=\"og:site_name\" content=\"F\u00e9d\u00e9ration Belge de la Franchise\" \/>\n<meta property=\"article:published_time\" content=\"2016-02-15T23:00:00+00:00\" \/>\n<meta property=\"og:image\" content=\"https:\/\/www.fbf-bff.be\/wp-content\/uploads\/2017\/06\/fbf-bff-fb-cover.jpg\" \/>\n\t<meta property=\"og:image:width\" content=\"1200\" \/>\n\t<meta property=\"og:image:height\" content=\"630\" \/>\n\t<meta property=\"og:image:type\" content=\"image\/jpeg\" \/>\n<meta name=\"author\" content=\"fbf_admin\" \/>\n<meta name=\"twitter:card\" content=\"summary_large_image\" \/>\n<meta name=\"twitter:label1\" content=\"\u00c9crit par\" \/>\n\t<meta name=\"twitter:data1\" content=\"fbf_admin\" \/>\n\t<meta name=\"twitter:label2\" content=\"Dur\u00e9e de lecture estim\u00e9e\" \/>\n\t<meta name=\"twitter:data2\" content=\"2 minutes\" \/>\n<script type=\"application\/ld+json\" class=\"yoast-schema-graph\">{\"@context\":\"https:\/\/schema.org\",\"@graph\":[{\"@type\":\"WebPage\",\"@id\":\"https:\/\/www.fbf-bff.be\/fr\/un-franchise-brico-city-convaincu-du-systeme-de-la-franchise\/\",\"url\":\"https:\/\/www.fbf-bff.be\/fr\/un-franchise-brico-city-convaincu-du-systeme-de-la-franchise\/\",\"name\":\"Un franchis\u00e9 Brico City convaincu du syst\u00e8me de la franchise - F\u00e9d\u00e9ration Belge de la Franchise\",\"isPartOf\":{\"@id\":\"https:\/\/www.fbf-bff.be\/#website\"},\"datePublished\":\"2016-02-15T23:00:00+00:00\",\"dateModified\":\"2016-02-15T23:00:00+00:00\",\"author\":{\"@id\":\"https:\/\/www.fbf-bff.be\/#\/schema\/person\/73a9cbee87288cba2b06e3fc29244fe7\"},\"breadcrumb\":{\"@id\":\"https:\/\/www.fbf-bff.be\/fr\/un-franchise-brico-city-convaincu-du-systeme-de-la-franchise\/#breadcrumb\"},\"inLanguage\":\"fr-FR\",\"potentialAction\":[{\"@type\":\"ReadAction\",\"target\":[\"https:\/\/www.fbf-bff.be\/fr\/un-franchise-brico-city-convaincu-du-systeme-de-la-franchise\/\"]}]},{\"@type\":\"BreadcrumbList\",\"@id\":\"https:\/\/www.fbf-bff.be\/fr\/un-franchise-brico-city-convaincu-du-systeme-de-la-franchise\/#breadcrumb\",\"itemListElement\":[{\"@type\":\"ListItem\",\"position\":1,\"name\":\"Home\",\"item\":\"https:\/\/www.fbf-bff.be\/fr\/\"},{\"@type\":\"ListItem\",\"position\":2,\"name\":\"Un franchis\u00e9 Brico City convaincu du syst\u00e8me de la franchise\"}]},{\"@type\":\"WebSite\",\"@id\":\"https:\/\/www.fbf-bff.be\/#website\",\"url\":\"https:\/\/www.fbf-bff.be\/\",\"name\":\"F\u00e9d\u00e9ration Belge de la Franchise\",\"description\":\"Pour r\u00e9ussir ensemblee\",\"potentialAction\":[{\"@type\":\"SearchAction\",\"target\":{\"@type\":\"EntryPoint\",\"urlTemplate\":\"https:\/\/www.fbf-bff.be\/?s={search_term_string}\"},\"query-input\":{\"@type\":\"PropertyValueSpecification\",\"valueRequired\":true,\"valueName\":\"search_term_string\"}}],\"inLanguage\":\"fr-FR\"},{\"@type\":\"Person\",\"@id\":\"https:\/\/www.fbf-bff.be\/#\/schema\/person\/73a9cbee87288cba2b06e3fc29244fe7\",\"name\":\"fbf_admin\",\"image\":{\"@type\":\"ImageObject\",\"inLanguage\":\"fr-FR\",\"@id\":\"https:\/\/www.fbf-bff.be\/#\/schema\/person\/image\/\",\"url\":\"https:\/\/secure.gravatar.com\/avatar\/20f6483dbe2a69e0999ddcdd1744b7f7?s=96&d=mm&r=g\",\"contentUrl\":\"https:\/\/secure.gravatar.com\/avatar\/20f6483dbe2a69e0999ddcdd1744b7f7?s=96&d=mm&r=g\",\"caption\":\"fbf_admin\"}}]}<\/script>\n<!-- \/ Yoast SEO plugin. -->","yoast_head_json":{"title":"Un franchis\u00e9 Brico City convaincu du syst\u00e8me de la franchise - F\u00e9d\u00e9ration Belge de la Franchise","robots":{"index":"index","follow":"follow","max-snippet":"max-snippet:-1","max-image-preview":"max-image-preview:large","max-video-preview":"max-video-preview:-1"},"canonical":"https:\/\/www.fbf-bff.be\/fr\/un-franchise-brico-city-convaincu-du-systeme-de-la-franchise\/","og_locale":"fr_FR","og_type":"article","og_title":"Un franchis\u00e9 Brico City convaincu du syst\u00e8me de la franchise - F\u00e9d\u00e9ration Belge de la Franchise","og_description":"La trentaine, Julien Van den Bril, franchis\u00e9 du Brico City \u00e0 Watermael Boitsfort depuis 4 ans, a ouvert, en ao\u00fbt, un nouveau Brico en franchise \u00e0 Grez-Doiceau. D\u00e9couverte de ce persuad\u00e9 du syst\u00e8me de la franchise.\u00a0","og_url":"https:\/\/www.fbf-bff.be\/fr\/un-franchise-brico-city-convaincu-du-systeme-de-la-franchise\/","og_site_name":"F\u00e9d\u00e9ration Belge de la Franchise","article_published_time":"2016-02-15T23:00:00+00:00","og_image":[{"width":1200,"height":630,"url":"https:\/\/www.fbf-bff.be\/wp-content\/uploads\/2017\/06\/fbf-bff-fb-cover.jpg","type":"image\/jpeg"}],"author":"fbf_admin","twitter_card":"summary_large_image","twitter_misc":{"\u00c9crit par":"fbf_admin","Dur\u00e9e de lecture estim\u00e9e":"2 minutes"},"schema":{"@context":"https:\/\/schema.org","@graph":[{"@type":"WebPage","@id":"https:\/\/www.fbf-bff.be\/fr\/un-franchise-brico-city-convaincu-du-systeme-de-la-franchise\/","url":"https:\/\/www.fbf-bff.be\/fr\/un-franchise-brico-city-convaincu-du-systeme-de-la-franchise\/","name":"Un franchis\u00e9 Brico City convaincu du syst\u00e8me de la franchise - F\u00e9d\u00e9ration Belge de la Franchise","isPartOf":{"@id":"https:\/\/www.fbf-bff.be\/#website"},"datePublished":"2016-02-15T23:00:00+00:00","dateModified":"2016-02-15T23:00:00+00:00","author":{"@id":"https:\/\/www.fbf-bff.be\/#\/schema\/person\/73a9cbee87288cba2b06e3fc29244fe7"},"breadcrumb":{"@id":"https:\/\/www.fbf-bff.be\/fr\/un-franchise-brico-city-convaincu-du-systeme-de-la-franchise\/#breadcrumb"},"inLanguage":"fr-FR","potentialAction":[{"@type":"ReadAction","target":["https:\/\/www.fbf-bff.be\/fr\/un-franchise-brico-city-convaincu-du-systeme-de-la-franchise\/"]}]},{"@type":"BreadcrumbList","@id":"https:\/\/www.fbf-bff.be\/fr\/un-franchise-brico-city-convaincu-du-systeme-de-la-franchise\/#breadcrumb","itemListElement":[{"@type":"ListItem","position":1,"name":"Home","item":"https:\/\/www.fbf-bff.be\/fr\/"},{"@type":"ListItem","position":2,"name":"Un franchis\u00e9 Brico City convaincu du syst\u00e8me de la franchise"}]},{"@type":"WebSite","@id":"https:\/\/www.fbf-bff.be\/#website","url":"https:\/\/www.fbf-bff.be\/","name":"F\u00e9d\u00e9ration Belge de la Franchise","description":"Pour r\u00e9ussir ensemblee","potentialAction":[{"@type":"SearchAction","target":{"@type":"EntryPoint","urlTemplate":"https:\/\/www.fbf-bff.be\/?s={search_term_string}"},"query-input":{"@type":"PropertyValueSpecification","valueRequired":true,"valueName":"search_term_string"}}],"inLanguage":"fr-FR"},{"@type":"Person","@id":"https:\/\/www.fbf-bff.be\/#\/schema\/person\/73a9cbee87288cba2b06e3fc29244fe7","name":"fbf_admin","image":{"@type":"ImageObject","inLanguage":"fr-FR","@id":"https:\/\/www.fbf-bff.be\/#\/schema\/person\/image\/","url":"https:\/\/secure.gravatar.com\/avatar\/20f6483dbe2a69e0999ddcdd1744b7f7?s=96&d=mm&r=g","contentUrl":"https:\/\/secure.gravatar.com\/avatar\/20f6483dbe2a69e0999ddcdd1744b7f7?s=96&d=mm&r=g","caption":"fbf_admin"}}]}},"_links":{"self":[{"href":"https:\/\/www.fbf-bff.be\/fr\/wp-json\/wp\/v2\/posts\/8067"}],"collection":[{"href":"https:\/\/www.fbf-bff.be\/fr\/wp-json\/wp\/v2\/posts"}],"about":[{"href":"https:\/\/www.fbf-bff.be\/fr\/wp-json\/wp\/v2\/types\/post"}],"author":[{"embeddable":true,"href":"https:\/\/www.fbf-bff.be\/fr\/wp-json\/wp\/v2\/users\/1"}],"replies":[{"embeddable":true,"href":"https:\/\/www.fbf-bff.be\/fr\/wp-json\/wp\/v2\/comments?post=8067"}],"version-history":[{"count":0,"href":"https:\/\/www.fbf-bff.be\/fr\/wp-json\/wp\/v2\/posts\/8067\/revisions"}],"wp:attachment":[{"href":"https:\/\/www.fbf-bff.be\/fr\/wp-json\/wp\/v2\/media?parent=8067"}],"wp:term":[{"taxonomy":"category","embeddable":true,"href":"https:\/\/www.fbf-bff.be\/fr\/wp-json\/wp\/v2\/categories?post=8067"},{"taxonomy":"post_tag","embeddable":true,"href":"https:\/\/www.fbf-bff.be\/fr\/wp-json\/wp\/v2\/tags?post=8067"}],"curies":[{"name":"wp","href":"https:\/\/api.w.org\/{rel}","templated":true}]}}