{"id":8066,"date":"2016-02-15T00:00:00","date_gmt":"2016-02-14T23:00:00","guid":{"rendered":"https:\/\/www.fbf-bff.be\/point-chaud-ouvre-son-47eme-magasin-en-belgique\/"},"modified":"2016-02-15T00:00:00","modified_gmt":"2016-02-14T23:00:00","slug":"point-chaud-ouvre-son-47eme-magasin-en-belgique","status":"publish","type":"post","link":"https:\/\/www.fbf-bff.be\/fr\/point-chaud-ouvre-son-47eme-magasin-en-belgique\/","title":{"rendered":"Point Chaud ouvre son 47\u00e9me magasin en Belgique"},"content":{"rendered":"L&rsquo;enseigne Point Chaud ouvrira\u00a0le jeudi 18 f\u00e9vrier prochain\u00a0son 47e\u00a0magasin en Belgique.\u00a0Ce nouveau point de vente d&rsquo;une superficie totale de 289 m\u00b2\u00a0est situ\u00e9 \u00e0 Haccourt (Avenue Reine Fabiola 54, en face du Delhaize) en province de Li\u00e8ge. Un\u00a0vaste parking gratuit de 250 places se trouve\u00a0juste de l&rsquo;autre c\u00f4t\u00e9 de la rue, dans la zone commerciale.<div>\u00a0<\/div><div>Cette succursale comptera \u00e0 peu pr\u00e8s 80 places assises et sera \u00e9quip\u00e9 d\u2019un ameublement \u00ab\u00a0cosy\u00a0\u00bb pour assurer un maximum de confort \u00e0 la client\u00e8le d\u00e9sireuse de d\u00e9guster\u00a0les\u00a0produits sur place.<\/div><div>\u00a0<\/div><div>Il r\u00e9pondra aussi totalement au nouveau concept du r\u00e9seau avec les \u00e9quipements\u00a0dot\u00e9s des toutes derni\u00e8res technologies\u00a0:<\/div><div>\u00b7\u00a0 Syst\u00e8me de caisse automatis\u00e9,<\/div><div>\u00b7\u00a0 \u00c9crans LED aux comptoirs pour la diffusion de nos promotions et autre actions.<\/div><div>Ce Point Chaud Haccourt sera aussi dot\u00e9 du tout nouveau syst\u00e8me de fid\u00e9lit\u00e9 avec carte d\u2019identit\u00e9.<\/div><div><br><\/div><div>Souhaitez-vous avoir plus d\u2019information sur cette enseigne, cliquez <a href=\"https:\/\/franchisingbelgium.be\/formule\/point-chaud\/?lang=fr\" target=\"_blank\" style=\"text-decoration: underline\" rel=\"noopener\">ici<\/a> ou sur le logo dans  \u201cles enseignes se d\u00e9veloppent et cherchent des candidats\u00a0\u00bb  sur la <a href=\"https:\/\/franchisingbelgium.be\/fr\/\" target=\"_blank\" style=\"text-decoration: underline\" rel=\"noopener\">homepage<\/a>. <\/div>","protected":false},"excerpt":{"rendered":"<p>L&rsquo;enseigne Point Chaud ouvrira le jeudi 18 f\u00e9vrier prochain son 47e magasin en Belgique. Ce nouveau point de vente d&rsquo;une superficie totale de 289 m\u00b2 est situ\u00e9 \u00e0 Haccourt (Avenue Reine Fabiola 54, en face du Delhaize) en province de Li\u00e8ge. Un vaste parking gratuit de 250 places se trouve juste de l&rsquo;autre c\u00f4t\u00e9 de la rue, dans la zone commerciale.<\/p>\n","protected":false},"author":1,"featured_media":0,"comment_status":"closed","ping_status":"open","sticky":false,"template":"","format":"standard","meta":{"ngg_post_thumbnail":0,"footnotes":""},"categories":[41],"tags":[],"acf":[],"yoast_head":"<!-- This site is optimized with the Yoast SEO plugin v23.5 - https:\/\/yoast.com\/wordpress\/plugins\/seo\/ -->\n<title>Point Chaud ouvre son 47\u00e9me magasin en Belgique - F\u00e9d\u00e9ration Belge de la Franchise<\/title>\n<meta name=\"robots\" content=\"index, follow, max-snippet:-1, max-image-preview:large, max-video-preview:-1\" \/>\n<link rel=\"canonical\" href=\"https:\/\/www.fbf-bff.be\/fr\/point-chaud-ouvre-son-47eme-magasin-en-belgique\/\" \/>\n<meta property=\"og:locale\" content=\"fr_FR\" \/>\n<meta property=\"og:type\" content=\"article\" \/>\n<meta property=\"og:title\" content=\"Point Chaud ouvre son 47\u00e9me magasin en Belgique - F\u00e9d\u00e9ration Belge de la Franchise\" \/>\n<meta property=\"og:description\" content=\"L&#039;enseigne Point Chaud ouvrira le jeudi 18 f\u00e9vrier prochain son 47e magasin en Belgique. Ce nouveau point de vente d&#039;une superficie totale de 289 m\u00b2 est situ\u00e9 \u00e0 Haccourt (Avenue Reine Fabiola 54, en face du Delhaize) en province de Li\u00e8ge. Un vaste parking gratuit de 250 places se trouve juste de l&#039;autre c\u00f4t\u00e9 de la rue, dans la zone commerciale.\" \/>\n<meta property=\"og:url\" content=\"https:\/\/www.fbf-bff.be\/fr\/point-chaud-ouvre-son-47eme-magasin-en-belgique\/\" \/>\n<meta property=\"og:site_name\" content=\"F\u00e9d\u00e9ration Belge de la Franchise\" \/>\n<meta property=\"article:published_time\" content=\"2016-02-14T23:00:00+00:00\" \/>\n<meta property=\"og:image\" content=\"https:\/\/www.fbf-bff.be\/wp-content\/uploads\/2017\/06\/fbf-bff-fb-cover.jpg\" \/>\n\t<meta property=\"og:image:width\" content=\"1200\" \/>\n\t<meta property=\"og:image:height\" content=\"630\" \/>\n\t<meta property=\"og:image:type\" content=\"image\/jpeg\" \/>\n<meta name=\"author\" content=\"fbf_admin\" \/>\n<meta name=\"twitter:card\" content=\"summary_large_image\" \/>\n<meta name=\"twitter:label1\" content=\"\u00c9crit par\" \/>\n\t<meta name=\"twitter:data1\" content=\"fbf_admin\" \/>\n\t<meta name=\"twitter:label2\" content=\"Dur\u00e9e de lecture estim\u00e9e\" \/>\n\t<meta name=\"twitter:data2\" content=\"1 minute\" \/>\n<script type=\"application\/ld+json\" class=\"yoast-schema-graph\">{\"@context\":\"https:\/\/schema.org\",\"@graph\":[{\"@type\":\"WebPage\",\"@id\":\"https:\/\/www.fbf-bff.be\/fr\/point-chaud-ouvre-son-47eme-magasin-en-belgique\/\",\"url\":\"https:\/\/www.fbf-bff.be\/fr\/point-chaud-ouvre-son-47eme-magasin-en-belgique\/\",\"name\":\"Point Chaud ouvre son 47\u00e9me magasin en Belgique - F\u00e9d\u00e9ration Belge de la Franchise\",\"isPartOf\":{\"@id\":\"https:\/\/www.fbf-bff.be\/#website\"},\"datePublished\":\"2016-02-14T23:00:00+00:00\",\"dateModified\":\"2016-02-14T23:00:00+00:00\",\"author\":{\"@id\":\"https:\/\/www.fbf-bff.be\/#\/schema\/person\/73a9cbee87288cba2b06e3fc29244fe7\"},\"breadcrumb\":{\"@id\":\"https:\/\/www.fbf-bff.be\/fr\/point-chaud-ouvre-son-47eme-magasin-en-belgique\/#breadcrumb\"},\"inLanguage\":\"fr-FR\",\"potentialAction\":[{\"@type\":\"ReadAction\",\"target\":[\"https:\/\/www.fbf-bff.be\/fr\/point-chaud-ouvre-son-47eme-magasin-en-belgique\/\"]}]},{\"@type\":\"BreadcrumbList\",\"@id\":\"https:\/\/www.fbf-bff.be\/fr\/point-chaud-ouvre-son-47eme-magasin-en-belgique\/#breadcrumb\",\"itemListElement\":[{\"@type\":\"ListItem\",\"position\":1,\"name\":\"Home\",\"item\":\"https:\/\/www.fbf-bff.be\/fr\/\"},{\"@type\":\"ListItem\",\"position\":2,\"name\":\"Point Chaud ouvre son 47\u00e9me magasin en Belgique\"}]},{\"@type\":\"WebSite\",\"@id\":\"https:\/\/www.fbf-bff.be\/#website\",\"url\":\"https:\/\/www.fbf-bff.be\/\",\"name\":\"F\u00e9d\u00e9ration Belge de la Franchise\",\"description\":\"Pour r\u00e9ussir ensemblee\",\"potentialAction\":[{\"@type\":\"SearchAction\",\"target\":{\"@type\":\"EntryPoint\",\"urlTemplate\":\"https:\/\/www.fbf-bff.be\/?s={search_term_string}\"},\"query-input\":{\"@type\":\"PropertyValueSpecification\",\"valueRequired\":true,\"valueName\":\"search_term_string\"}}],\"inLanguage\":\"fr-FR\"},{\"@type\":\"Person\",\"@id\":\"https:\/\/www.fbf-bff.be\/#\/schema\/person\/73a9cbee87288cba2b06e3fc29244fe7\",\"name\":\"fbf_admin\",\"image\":{\"@type\":\"ImageObject\",\"inLanguage\":\"fr-FR\",\"@id\":\"https:\/\/www.fbf-bff.be\/#\/schema\/person\/image\/\",\"url\":\"https:\/\/secure.gravatar.com\/avatar\/20f6483dbe2a69e0999ddcdd1744b7f7?s=96&d=mm&r=g\",\"contentUrl\":\"https:\/\/secure.gravatar.com\/avatar\/20f6483dbe2a69e0999ddcdd1744b7f7?s=96&d=mm&r=g\",\"caption\":\"fbf_admin\"}}]}<\/script>\n<!-- \/ Yoast SEO plugin. -->","yoast_head_json":{"title":"Point Chaud ouvre son 47\u00e9me magasin en Belgique - F\u00e9d\u00e9ration Belge de la Franchise","robots":{"index":"index","follow":"follow","max-snippet":"max-snippet:-1","max-image-preview":"max-image-preview:large","max-video-preview":"max-video-preview:-1"},"canonical":"https:\/\/www.fbf-bff.be\/fr\/point-chaud-ouvre-son-47eme-magasin-en-belgique\/","og_locale":"fr_FR","og_type":"article","og_title":"Point Chaud ouvre son 47\u00e9me magasin en Belgique - F\u00e9d\u00e9ration Belge de la Franchise","og_description":"L'enseigne Point Chaud ouvrira le jeudi 18 f\u00e9vrier prochain son 47e magasin en Belgique. Ce nouveau point de vente d'une superficie totale de 289 m\u00b2 est situ\u00e9 \u00e0 Haccourt (Avenue Reine Fabiola 54, en face du Delhaize) en province de Li\u00e8ge. Un vaste parking gratuit de 250 places se trouve juste de l'autre c\u00f4t\u00e9 de la rue, dans la zone commerciale.","og_url":"https:\/\/www.fbf-bff.be\/fr\/point-chaud-ouvre-son-47eme-magasin-en-belgique\/","og_site_name":"F\u00e9d\u00e9ration Belge de la Franchise","article_published_time":"2016-02-14T23:00:00+00:00","og_image":[{"width":1200,"height":630,"url":"https:\/\/www.fbf-bff.be\/wp-content\/uploads\/2017\/06\/fbf-bff-fb-cover.jpg","type":"image\/jpeg"}],"author":"fbf_admin","twitter_card":"summary_large_image","twitter_misc":{"\u00c9crit par":"fbf_admin","Dur\u00e9e de lecture estim\u00e9e":"1 minute"},"schema":{"@context":"https:\/\/schema.org","@graph":[{"@type":"WebPage","@id":"https:\/\/www.fbf-bff.be\/fr\/point-chaud-ouvre-son-47eme-magasin-en-belgique\/","url":"https:\/\/www.fbf-bff.be\/fr\/point-chaud-ouvre-son-47eme-magasin-en-belgique\/","name":"Point Chaud ouvre son 47\u00e9me magasin en Belgique - F\u00e9d\u00e9ration Belge de la Franchise","isPartOf":{"@id":"https:\/\/www.fbf-bff.be\/#website"},"datePublished":"2016-02-14T23:00:00+00:00","dateModified":"2016-02-14T23:00:00+00:00","author":{"@id":"https:\/\/www.fbf-bff.be\/#\/schema\/person\/73a9cbee87288cba2b06e3fc29244fe7"},"breadcrumb":{"@id":"https:\/\/www.fbf-bff.be\/fr\/point-chaud-ouvre-son-47eme-magasin-en-belgique\/#breadcrumb"},"inLanguage":"fr-FR","potentialAction":[{"@type":"ReadAction","target":["https:\/\/www.fbf-bff.be\/fr\/point-chaud-ouvre-son-47eme-magasin-en-belgique\/"]}]},{"@type":"BreadcrumbList","@id":"https:\/\/www.fbf-bff.be\/fr\/point-chaud-ouvre-son-47eme-magasin-en-belgique\/#breadcrumb","itemListElement":[{"@type":"ListItem","position":1,"name":"Home","item":"https:\/\/www.fbf-bff.be\/fr\/"},{"@type":"ListItem","position":2,"name":"Point Chaud ouvre son 47\u00e9me magasin en Belgique"}]},{"@type":"WebSite","@id":"https:\/\/www.fbf-bff.be\/#website","url":"https:\/\/www.fbf-bff.be\/","name":"F\u00e9d\u00e9ration Belge de la Franchise","description":"Pour r\u00e9ussir ensemblee","potentialAction":[{"@type":"SearchAction","target":{"@type":"EntryPoint","urlTemplate":"https:\/\/www.fbf-bff.be\/?s={search_term_string}"},"query-input":{"@type":"PropertyValueSpecification","valueRequired":true,"valueName":"search_term_string"}}],"inLanguage":"fr-FR"},{"@type":"Person","@id":"https:\/\/www.fbf-bff.be\/#\/schema\/person\/73a9cbee87288cba2b06e3fc29244fe7","name":"fbf_admin","image":{"@type":"ImageObject","inLanguage":"fr-FR","@id":"https:\/\/www.fbf-bff.be\/#\/schema\/person\/image\/","url":"https:\/\/secure.gravatar.com\/avatar\/20f6483dbe2a69e0999ddcdd1744b7f7?s=96&d=mm&r=g","contentUrl":"https:\/\/secure.gravatar.com\/avatar\/20f6483dbe2a69e0999ddcdd1744b7f7?s=96&d=mm&r=g","caption":"fbf_admin"}}]}},"_links":{"self":[{"href":"https:\/\/www.fbf-bff.be\/fr\/wp-json\/wp\/v2\/posts\/8066"}],"collection":[{"href":"https:\/\/www.fbf-bff.be\/fr\/wp-json\/wp\/v2\/posts"}],"about":[{"href":"https:\/\/www.fbf-bff.be\/fr\/wp-json\/wp\/v2\/types\/post"}],"author":[{"embeddable":true,"href":"https:\/\/www.fbf-bff.be\/fr\/wp-json\/wp\/v2\/users\/1"}],"replies":[{"embeddable":true,"href":"https:\/\/www.fbf-bff.be\/fr\/wp-json\/wp\/v2\/comments?post=8066"}],"version-history":[{"count":0,"href":"https:\/\/www.fbf-bff.be\/fr\/wp-json\/wp\/v2\/posts\/8066\/revisions"}],"wp:attachment":[{"href":"https:\/\/www.fbf-bff.be\/fr\/wp-json\/wp\/v2\/media?parent=8066"}],"wp:term":[{"taxonomy":"category","embeddable":true,"href":"https:\/\/www.fbf-bff.be\/fr\/wp-json\/wp\/v2\/categories?post=8066"},{"taxonomy":"post_tag","embeddable":true,"href":"https:\/\/www.fbf-bff.be\/fr\/wp-json\/wp\/v2\/tags?post=8066"}],"curies":[{"name":"wp","href":"https:\/\/api.w.org\/{rel}","templated":true}]}}