{"id":8062,"date":"2016-02-10T00:00:00","date_gmt":"2016-02-09T23:00:00","guid":{"rendered":"https:\/\/www.fbf-bff.be\/yves-rocher-recrute-via-franchising-belgium-be\/"},"modified":"2016-02-10T00:00:00","modified_gmt":"2016-02-09T23:00:00","slug":"yves-rocher-recrute-via-franchising-belgium-be","status":"publish","type":"post","link":"https:\/\/www.fbf-bff.be\/fr\/yves-rocher-recrute-via-franchising-belgium-be\/","title":{"rendered":"Yves Rocher recrute via Franchising-Belgium.be"},"content":{"rendered":"L&rsquo;enseigne fran\u00e7aise de franchise Yves Rocher\u00a0dont la marque devenue synonyme de cosm\u00e9tique v\u00e9g\u00e9tale\u00ae est sp\u00e9cialis\u00e9e dans la vente de produits cosm\u00e9tiques et prestations de soins dans ses magasins intitul\u00e9s \u00ab\u00a0Ateliers de la cosm\u00e9tologie v\u00e9g\u00e9tale\u00a0\u00bb.\u00a0<div>\u00a0<\/div><div>En 1959, Yves Rocher lance la vente\u00a0par correspondance\u00a0de ses produits \u00e0 base de plantes, dans le but de d\u00e9mocratiser la beaut\u00e9 pour toutes les femmes. Dix ans plus tard, il ouvre son premier magasin et en 1970 la premi\u00e8re franchise.<\/div><div>\u00a0<\/div><div>Le r\u00e9seau compte plus de 1.800 de points de vente dans une cinquantaine de pays dans le monde dont une centaine dans le Benelux.<\/div><div>Yves rocher qui continue son expansion en Belgique recrute d\u00e9sormais via franchsingbelgium.be.<\/div><div>\u00a0<\/div><div>Souhaitez-vous avoir plus d\u2019information sur cette enseigne,\u00a0cliquez <a href=\"https:\/\/franchisingbelgium.be\/formule\/yves-rocher\/?lang=fr\" target=\"_blank\" style=\"text-decoration: underline\" rel=\"noopener\">ici<\/a>\u00a0ou sur leur logo dans la rubrique \u201cCes enseignes se d\u00e9veloppent et cherchent des candidats\u00a0\u00bb sur la <a href=\"https:\/\/franchisingbelgium.be\/fr\/\" target=\"_blank\" style=\"text-decoration: underline\" rel=\"noopener\">home page<\/a> du site.<\/div><div>rl.<\/div>","protected":false},"excerpt":{"rendered":"<p>L&rsquo;enseigne fran\u00e7aise de franchise Yves Rocher dont la marque devenue synonyme de cosm\u00e9tique v\u00e9g\u00e9tale\u00ae est sp\u00e9cialis\u00e9e dans la vente de produits cosm\u00e9tiques et prestations de soins dans ses magasins intitul\u00e9s \u00ab\u00a0Ateliers de la cosm\u00e9tologie v\u00e9g\u00e9tale\u00a0\u00bb.<\/p>\n","protected":false},"author":1,"featured_media":0,"comment_status":"closed","ping_status":"open","sticky":false,"template":"","format":"standard","meta":{"ngg_post_thumbnail":0,"footnotes":""},"categories":[41],"tags":[],"acf":[],"yoast_head":"<!-- This site is optimized with the Yoast SEO plugin v23.5 - https:\/\/yoast.com\/wordpress\/plugins\/seo\/ -->\n<title>Yves Rocher recrute via Franchising-Belgium.be - F\u00e9d\u00e9ration Belge de la Franchise<\/title>\n<meta name=\"robots\" content=\"index, follow, max-snippet:-1, max-image-preview:large, max-video-preview:-1\" \/>\n<link rel=\"canonical\" href=\"https:\/\/www.fbf-bff.be\/fr\/yves-rocher-recrute-via-franchising-belgium-be\/\" \/>\n<meta property=\"og:locale\" content=\"fr_FR\" \/>\n<meta property=\"og:type\" content=\"article\" \/>\n<meta property=\"og:title\" content=\"Yves Rocher recrute via Franchising-Belgium.be - F\u00e9d\u00e9ration Belge de la Franchise\" \/>\n<meta property=\"og:description\" content=\"L&#039;enseigne fran\u00e7aise de franchise Yves Rocher dont la marque devenue synonyme de cosm\u00e9tique v\u00e9g\u00e9tale\u00ae est sp\u00e9cialis\u00e9e dans la vente de produits cosm\u00e9tiques et prestations de soins dans ses magasins intitul\u00e9s &quot;Ateliers de la cosm\u00e9tologie v\u00e9g\u00e9tale&quot;.\" \/>\n<meta property=\"og:url\" content=\"https:\/\/www.fbf-bff.be\/fr\/yves-rocher-recrute-via-franchising-belgium-be\/\" \/>\n<meta property=\"og:site_name\" content=\"F\u00e9d\u00e9ration Belge de la Franchise\" \/>\n<meta property=\"article:published_time\" content=\"2016-02-09T23:00:00+00:00\" \/>\n<meta property=\"og:image\" content=\"https:\/\/www.fbf-bff.be\/wp-content\/uploads\/2017\/06\/fbf-bff-fb-cover.jpg\" \/>\n\t<meta property=\"og:image:width\" content=\"1200\" \/>\n\t<meta property=\"og:image:height\" content=\"630\" \/>\n\t<meta property=\"og:image:type\" content=\"image\/jpeg\" \/>\n<meta name=\"author\" content=\"fbf_admin\" \/>\n<meta name=\"twitter:card\" content=\"summary_large_image\" \/>\n<meta name=\"twitter:label1\" content=\"\u00c9crit par\" \/>\n\t<meta name=\"twitter:data1\" content=\"fbf_admin\" \/>\n\t<meta name=\"twitter:label2\" content=\"Dur\u00e9e de lecture estim\u00e9e\" \/>\n\t<meta name=\"twitter:data2\" content=\"1 minute\" \/>\n<script type=\"application\/ld+json\" class=\"yoast-schema-graph\">{\"@context\":\"https:\/\/schema.org\",\"@graph\":[{\"@type\":\"WebPage\",\"@id\":\"https:\/\/www.fbf-bff.be\/fr\/yves-rocher-recrute-via-franchising-belgium-be\/\",\"url\":\"https:\/\/www.fbf-bff.be\/fr\/yves-rocher-recrute-via-franchising-belgium-be\/\",\"name\":\"Yves Rocher recrute via Franchising-Belgium.be - F\u00e9d\u00e9ration Belge de la Franchise\",\"isPartOf\":{\"@id\":\"https:\/\/www.fbf-bff.be\/#website\"},\"datePublished\":\"2016-02-09T23:00:00+00:00\",\"dateModified\":\"2016-02-09T23:00:00+00:00\",\"author\":{\"@id\":\"https:\/\/www.fbf-bff.be\/#\/schema\/person\/73a9cbee87288cba2b06e3fc29244fe7\"},\"breadcrumb\":{\"@id\":\"https:\/\/www.fbf-bff.be\/fr\/yves-rocher-recrute-via-franchising-belgium-be\/#breadcrumb\"},\"inLanguage\":\"fr-FR\",\"potentialAction\":[{\"@type\":\"ReadAction\",\"target\":[\"https:\/\/www.fbf-bff.be\/fr\/yves-rocher-recrute-via-franchising-belgium-be\/\"]}]},{\"@type\":\"BreadcrumbList\",\"@id\":\"https:\/\/www.fbf-bff.be\/fr\/yves-rocher-recrute-via-franchising-belgium-be\/#breadcrumb\",\"itemListElement\":[{\"@type\":\"ListItem\",\"position\":1,\"name\":\"Home\",\"item\":\"https:\/\/www.fbf-bff.be\/fr\/\"},{\"@type\":\"ListItem\",\"position\":2,\"name\":\"Yves Rocher recrute via Franchising-Belgium.be\"}]},{\"@type\":\"WebSite\",\"@id\":\"https:\/\/www.fbf-bff.be\/#website\",\"url\":\"https:\/\/www.fbf-bff.be\/\",\"name\":\"F\u00e9d\u00e9ration Belge de la Franchise\",\"description\":\"Pour r\u00e9ussir ensemblee\",\"potentialAction\":[{\"@type\":\"SearchAction\",\"target\":{\"@type\":\"EntryPoint\",\"urlTemplate\":\"https:\/\/www.fbf-bff.be\/?s={search_term_string}\"},\"query-input\":{\"@type\":\"PropertyValueSpecification\",\"valueRequired\":true,\"valueName\":\"search_term_string\"}}],\"inLanguage\":\"fr-FR\"},{\"@type\":\"Person\",\"@id\":\"https:\/\/www.fbf-bff.be\/#\/schema\/person\/73a9cbee87288cba2b06e3fc29244fe7\",\"name\":\"fbf_admin\",\"image\":{\"@type\":\"ImageObject\",\"inLanguage\":\"fr-FR\",\"@id\":\"https:\/\/www.fbf-bff.be\/#\/schema\/person\/image\/\",\"url\":\"https:\/\/secure.gravatar.com\/avatar\/20f6483dbe2a69e0999ddcdd1744b7f7?s=96&d=mm&r=g\",\"contentUrl\":\"https:\/\/secure.gravatar.com\/avatar\/20f6483dbe2a69e0999ddcdd1744b7f7?s=96&d=mm&r=g\",\"caption\":\"fbf_admin\"}}]}<\/script>\n<!-- \/ Yoast SEO plugin. -->","yoast_head_json":{"title":"Yves Rocher recrute via Franchising-Belgium.be - F\u00e9d\u00e9ration Belge de la Franchise","robots":{"index":"index","follow":"follow","max-snippet":"max-snippet:-1","max-image-preview":"max-image-preview:large","max-video-preview":"max-video-preview:-1"},"canonical":"https:\/\/www.fbf-bff.be\/fr\/yves-rocher-recrute-via-franchising-belgium-be\/","og_locale":"fr_FR","og_type":"article","og_title":"Yves Rocher recrute via Franchising-Belgium.be - F\u00e9d\u00e9ration Belge de la Franchise","og_description":"L'enseigne fran\u00e7aise de franchise Yves Rocher dont la marque devenue synonyme de cosm\u00e9tique v\u00e9g\u00e9tale\u00ae est sp\u00e9cialis\u00e9e dans la vente de produits cosm\u00e9tiques et prestations de soins dans ses magasins intitul\u00e9s \"Ateliers de la cosm\u00e9tologie v\u00e9g\u00e9tale\".","og_url":"https:\/\/www.fbf-bff.be\/fr\/yves-rocher-recrute-via-franchising-belgium-be\/","og_site_name":"F\u00e9d\u00e9ration Belge de la Franchise","article_published_time":"2016-02-09T23:00:00+00:00","og_image":[{"width":1200,"height":630,"url":"https:\/\/www.fbf-bff.be\/wp-content\/uploads\/2017\/06\/fbf-bff-fb-cover.jpg","type":"image\/jpeg"}],"author":"fbf_admin","twitter_card":"summary_large_image","twitter_misc":{"\u00c9crit par":"fbf_admin","Dur\u00e9e de lecture estim\u00e9e":"1 minute"},"schema":{"@context":"https:\/\/schema.org","@graph":[{"@type":"WebPage","@id":"https:\/\/www.fbf-bff.be\/fr\/yves-rocher-recrute-via-franchising-belgium-be\/","url":"https:\/\/www.fbf-bff.be\/fr\/yves-rocher-recrute-via-franchising-belgium-be\/","name":"Yves Rocher recrute via Franchising-Belgium.be - F\u00e9d\u00e9ration Belge de la Franchise","isPartOf":{"@id":"https:\/\/www.fbf-bff.be\/#website"},"datePublished":"2016-02-09T23:00:00+00:00","dateModified":"2016-02-09T23:00:00+00:00","author":{"@id":"https:\/\/www.fbf-bff.be\/#\/schema\/person\/73a9cbee87288cba2b06e3fc29244fe7"},"breadcrumb":{"@id":"https:\/\/www.fbf-bff.be\/fr\/yves-rocher-recrute-via-franchising-belgium-be\/#breadcrumb"},"inLanguage":"fr-FR","potentialAction":[{"@type":"ReadAction","target":["https:\/\/www.fbf-bff.be\/fr\/yves-rocher-recrute-via-franchising-belgium-be\/"]}]},{"@type":"BreadcrumbList","@id":"https:\/\/www.fbf-bff.be\/fr\/yves-rocher-recrute-via-franchising-belgium-be\/#breadcrumb","itemListElement":[{"@type":"ListItem","position":1,"name":"Home","item":"https:\/\/www.fbf-bff.be\/fr\/"},{"@type":"ListItem","position":2,"name":"Yves Rocher recrute via Franchising-Belgium.be"}]},{"@type":"WebSite","@id":"https:\/\/www.fbf-bff.be\/#website","url":"https:\/\/www.fbf-bff.be\/","name":"F\u00e9d\u00e9ration Belge de la Franchise","description":"Pour r\u00e9ussir ensemblee","potentialAction":[{"@type":"SearchAction","target":{"@type":"EntryPoint","urlTemplate":"https:\/\/www.fbf-bff.be\/?s={search_term_string}"},"query-input":{"@type":"PropertyValueSpecification","valueRequired":true,"valueName":"search_term_string"}}],"inLanguage":"fr-FR"},{"@type":"Person","@id":"https:\/\/www.fbf-bff.be\/#\/schema\/person\/73a9cbee87288cba2b06e3fc29244fe7","name":"fbf_admin","image":{"@type":"ImageObject","inLanguage":"fr-FR","@id":"https:\/\/www.fbf-bff.be\/#\/schema\/person\/image\/","url":"https:\/\/secure.gravatar.com\/avatar\/20f6483dbe2a69e0999ddcdd1744b7f7?s=96&d=mm&r=g","contentUrl":"https:\/\/secure.gravatar.com\/avatar\/20f6483dbe2a69e0999ddcdd1744b7f7?s=96&d=mm&r=g","caption":"fbf_admin"}}]}},"_links":{"self":[{"href":"https:\/\/www.fbf-bff.be\/fr\/wp-json\/wp\/v2\/posts\/8062"}],"collection":[{"href":"https:\/\/www.fbf-bff.be\/fr\/wp-json\/wp\/v2\/posts"}],"about":[{"href":"https:\/\/www.fbf-bff.be\/fr\/wp-json\/wp\/v2\/types\/post"}],"author":[{"embeddable":true,"href":"https:\/\/www.fbf-bff.be\/fr\/wp-json\/wp\/v2\/users\/1"}],"replies":[{"embeddable":true,"href":"https:\/\/www.fbf-bff.be\/fr\/wp-json\/wp\/v2\/comments?post=8062"}],"version-history":[{"count":0,"href":"https:\/\/www.fbf-bff.be\/fr\/wp-json\/wp\/v2\/posts\/8062\/revisions"}],"wp:attachment":[{"href":"https:\/\/www.fbf-bff.be\/fr\/wp-json\/wp\/v2\/media?parent=8062"}],"wp:term":[{"taxonomy":"category","embeddable":true,"href":"https:\/\/www.fbf-bff.be\/fr\/wp-json\/wp\/v2\/categories?post=8062"},{"taxonomy":"post_tag","embeddable":true,"href":"https:\/\/www.fbf-bff.be\/fr\/wp-json\/wp\/v2\/tags?post=8062"}],"curies":[{"name":"wp","href":"https:\/\/api.w.org\/{rel}","templated":true}]}}