{"id":8061,"date":"2016-02-10T00:00:00","date_gmt":"2016-02-09T23:00:00","guid":{"rendered":"https:\/\/www.fbf-bff.be\/tom-co-nomine-des-revelations-de-la-franchise-2016\/"},"modified":"2016-02-10T00:00:00","modified_gmt":"2016-02-09T23:00:00","slug":"tom-co-nomine-des-revelations-de-la-franchise-2016","status":"publish","type":"post","link":"https:\/\/www.fbf-bff.be\/fr\/tom-co-nomine-des-revelations-de-la-franchise-2016\/","title":{"rendered":"Tom &#038; Co, nomin\u00e9 des &#8221; R\u00e9velations de la Franchise 2016&#8243;"},"content":{"rendered":"<span style=\"font-weight: bold\">L&rsquo;enseigne belge de franchise Tom &amp; Co \u00e0 nouveau r\u00e9compens\u00e9e<\/span><div><span style=\"line-height: 1.42857\">Organis\u00e9 depuis 2001 par la F\u00e9d\u00e9ration fran\u00e7aise de la Franchise avec son Coll\u00e8ge des Experts en partenariat avec Franchise Magazine, LCL, Reed Expositions France pour Franchise Expo Paris et l&rsquo;Observatoire de la Franchise, Les R\u00e9v\u00e9lations de la Franchise r\u00e9compensent les concepts prometteurs de distribution ou de services pr\u00e9sentant le maximum d&rsquo;atouts pour un d\u00e9veloppement en franchise.<\/span><\/div><div>\u00a0<\/div><div>Apr\u00e8s une premi\u00e8re s\u00e9lection du jury qui ont analys\u00e9 une quarantaine de dossiers, 6 enseignes ont \u00e9t\u00e9 s\u00e9lectionn\u00e9es et apr\u00e8s un dernier interview, trois franchises ont \u00e9t\u00e9 nomin\u00e9es : le laur\u00e9at, l&rsquo;enseigne Pitaya (cuisine tha\u00ef au wok) et deux nomin\u00e9s dont la franchise belge Tom &amp; Co et LDC (informatique, jeux, produits high-tech).<\/div><div>\u00a0<\/div><div>L&rsquo;an dernier, \u00e0 l&rsquo;occasion du dernier salon Franchise Expo Paris, Tom &amp; Co s&rsquo;\u00e9tait d\u00e9j\u00e0 distingu\u00e9 en remportant le concours du \u00ab\u00a0Franchiseur le plus audacieux\u00a0\u00bb, organis\u00e9 par le Gan Assurances et la F\u00e9d\u00e9ration fran\u00e7aise de la Franchise, L&rsquo;Observatoire de la franchise et le Figaro Economie.\u00a0<\/div><div>\u00a0<\/div><div><span style=\"font-weight: bold\">Un r\u00e9seau de franchise qui continue son d\u00e9veloppement<\/span><\/div><div>?La franchise Tom &amp; Co, sp\u00e9cialis\u00e9e dans le domaine des aliments et des accessoires pour animaux de compagnie, compte aujourd&rsquo;hui un r\u00e9seau de 133\u00a0magasins en Belgique et au Luxembourg\u00a0comprenant\u00a0126\u00a0franchis\u00e9s et de 8 magasins en France dont\u00a05\u00a0franchis\u00e9s, les deux derniers ayant ouvert en d\u00e9cembre de l&rsquo;an dernier.<\/div><div>\u00a0<\/div><div><span style=\"font-weight: bold\">De nouvelles franchises annonc\u00e9es en France<\/span><\/div><div><span style=\"line-height: 1.42857\">L&rsquo;enseigne a ouvert son premier magasin en France en d\u00e9cembre 2011 \u00e0 Flers-les-Escrebieux pr\u00e8s de Douai et mais apr\u00e8s avoir ouvert 3 succursales,Tom &amp; Co privil\u00e8ge la franchise pour son expansion en France, un mod\u00e8le qui a fait ses preuves en Belgique et au Luxembourg.\u00a0<\/span><\/div><div>\u00a0<\/div><div>Pour cette ann\u00e9e 2016, Kevin Kaeses, le responsable de l&rsquo;expansion de Tom &amp; Co en France, nous annonce l&rsquo;ouverture de 7 \u00e0 9 magasins franchis\u00e9s\u00a0dans le pays.<\/div><div>\u00a0<\/div><div>Tom &amp; Co est un membre effectif de la F\u00e9d\u00e9ration Belge de la Franchise. Vous pouvez trouver des informations compl\u00e9mentaires sur l&rsquo;enseigne et sa franchise sur notre home page en cliquant sur le logo Tom &amp; Co dans la rubrique \u00ab\u00a0Ces enseignes se d\u00e9veloppent et cherchent des candidats\u00a0\u00bb.<\/div><div>rl.<\/div><div><br><\/div>","protected":false},"excerpt":{"rendered":"<p>L&rsquo;enseigne belge de franchise Tom &amp; Co \u00e0 nouveau r\u00e9compens\u00e9e<\/p>\n<div><span style=\"line-height: 1.42857\">Organis\u00e9 depuis 2001 par la F\u00e9d\u00e9ration fran\u00e7aise de la Franchise avec son Coll\u00e8ge des Experts en partenariat avec Franchise Magazine, LCL, Reed Expositions France pour Franchise Expo Paris et l&rsquo;Observatoire de la Franchise, Les R\u00e9v\u00e9lations de la Franchise r\u00e9compensent les concepts prometteurs de distribution ou de services pr\u00e9sentant le maximum d&rsquo;atouts pour un d\u00e9veloppement en franchise.<\/span><\/div>\n","protected":false},"author":1,"featured_media":0,"comment_status":"closed","ping_status":"open","sticky":false,"template":"","format":"standard","meta":{"ngg_post_thumbnail":0,"footnotes":""},"categories":[41],"tags":[],"acf":[],"yoast_head":"<!-- This site is optimized with the Yoast SEO plugin v23.5 - https:\/\/yoast.com\/wordpress\/plugins\/seo\/ -->\n<title>Tom &#038; Co, nomin\u00e9 des &#8221; R\u00e9velations de la Franchise 2016&#8243; - F\u00e9d\u00e9ration Belge de la Franchise<\/title>\n<meta name=\"robots\" content=\"index, follow, max-snippet:-1, max-image-preview:large, max-video-preview:-1\" \/>\n<link rel=\"canonical\" href=\"https:\/\/www.fbf-bff.be\/fr\/tom-co-nomine-des-revelations-de-la-franchise-2016\/\" \/>\n<meta property=\"og:locale\" content=\"fr_FR\" \/>\n<meta property=\"og:type\" content=\"article\" \/>\n<meta property=\"og:title\" content=\"Tom &#038; Co, nomin\u00e9 des &#8221; R\u00e9velations de la Franchise 2016&#8243; - F\u00e9d\u00e9ration Belge de la Franchise\" \/>\n<meta property=\"og:description\" content=\"L&#039;enseigne belge de franchise Tom &amp; Co \u00e0 nouveau r\u00e9compens\u00e9eOrganis\u00e9 depuis 2001 par la F\u00e9d\u00e9ration fran\u00e7aise de la Franchise avec son Coll\u00e8ge des Experts en partenariat avec Franchise Magazine, LCL, Reed Expositions France pour Franchise Expo Paris et l&#039;Observatoire de la Franchise, Les R\u00e9v\u00e9lations de la Franchise r\u00e9compensent les concepts prometteurs de distribution ou de services pr\u00e9sentant le maximum d&#039;atouts pour un d\u00e9veloppement en franchise.\" \/>\n<meta property=\"og:url\" content=\"https:\/\/www.fbf-bff.be\/fr\/tom-co-nomine-des-revelations-de-la-franchise-2016\/\" \/>\n<meta property=\"og:site_name\" content=\"F\u00e9d\u00e9ration Belge de la Franchise\" \/>\n<meta property=\"article:published_time\" content=\"2016-02-09T23:00:00+00:00\" \/>\n<meta property=\"og:image\" content=\"https:\/\/www.fbf-bff.be\/wp-content\/uploads\/2017\/06\/fbf-bff-fb-cover.jpg\" \/>\n\t<meta property=\"og:image:width\" content=\"1200\" \/>\n\t<meta property=\"og:image:height\" content=\"630\" \/>\n\t<meta property=\"og:image:type\" content=\"image\/jpeg\" \/>\n<meta name=\"author\" content=\"fbf_admin\" \/>\n<meta name=\"twitter:card\" content=\"summary_large_image\" \/>\n<meta name=\"twitter:label1\" content=\"\u00c9crit par\" \/>\n\t<meta name=\"twitter:data1\" content=\"fbf_admin\" \/>\n\t<meta name=\"twitter:label2\" content=\"Dur\u00e9e de lecture estim\u00e9e\" \/>\n\t<meta name=\"twitter:data2\" content=\"2 minutes\" \/>\n<script type=\"application\/ld+json\" class=\"yoast-schema-graph\">{\"@context\":\"https:\/\/schema.org\",\"@graph\":[{\"@type\":\"WebPage\",\"@id\":\"https:\/\/www.fbf-bff.be\/fr\/tom-co-nomine-des-revelations-de-la-franchise-2016\/\",\"url\":\"https:\/\/www.fbf-bff.be\/fr\/tom-co-nomine-des-revelations-de-la-franchise-2016\/\",\"name\":\"Tom &#038; Co, nomin\u00e9 des &#8221; R\u00e9velations de la Franchise 2016&#8243; - F\u00e9d\u00e9ration Belge de la Franchise\",\"isPartOf\":{\"@id\":\"https:\/\/www.fbf-bff.be\/#website\"},\"datePublished\":\"2016-02-09T23:00:00+00:00\",\"dateModified\":\"2016-02-09T23:00:00+00:00\",\"author\":{\"@id\":\"https:\/\/www.fbf-bff.be\/#\/schema\/person\/73a9cbee87288cba2b06e3fc29244fe7\"},\"breadcrumb\":{\"@id\":\"https:\/\/www.fbf-bff.be\/fr\/tom-co-nomine-des-revelations-de-la-franchise-2016\/#breadcrumb\"},\"inLanguage\":\"fr-FR\",\"potentialAction\":[{\"@type\":\"ReadAction\",\"target\":[\"https:\/\/www.fbf-bff.be\/fr\/tom-co-nomine-des-revelations-de-la-franchise-2016\/\"]}]},{\"@type\":\"BreadcrumbList\",\"@id\":\"https:\/\/www.fbf-bff.be\/fr\/tom-co-nomine-des-revelations-de-la-franchise-2016\/#breadcrumb\",\"itemListElement\":[{\"@type\":\"ListItem\",\"position\":1,\"name\":\"Home\",\"item\":\"https:\/\/www.fbf-bff.be\/fr\/\"},{\"@type\":\"ListItem\",\"position\":2,\"name\":\"Tom &#038; Co, nomin\u00e9 des &#8221; R\u00e9velations de la Franchise 2016&#8243;\"}]},{\"@type\":\"WebSite\",\"@id\":\"https:\/\/www.fbf-bff.be\/#website\",\"url\":\"https:\/\/www.fbf-bff.be\/\",\"name\":\"F\u00e9d\u00e9ration Belge de la Franchise\",\"description\":\"Pour r\u00e9ussir ensemblee\",\"potentialAction\":[{\"@type\":\"SearchAction\",\"target\":{\"@type\":\"EntryPoint\",\"urlTemplate\":\"https:\/\/www.fbf-bff.be\/?s={search_term_string}\"},\"query-input\":{\"@type\":\"PropertyValueSpecification\",\"valueRequired\":true,\"valueName\":\"search_term_string\"}}],\"inLanguage\":\"fr-FR\"},{\"@type\":\"Person\",\"@id\":\"https:\/\/www.fbf-bff.be\/#\/schema\/person\/73a9cbee87288cba2b06e3fc29244fe7\",\"name\":\"fbf_admin\",\"image\":{\"@type\":\"ImageObject\",\"inLanguage\":\"fr-FR\",\"@id\":\"https:\/\/www.fbf-bff.be\/#\/schema\/person\/image\/\",\"url\":\"https:\/\/secure.gravatar.com\/avatar\/20f6483dbe2a69e0999ddcdd1744b7f7?s=96&d=mm&r=g\",\"contentUrl\":\"https:\/\/secure.gravatar.com\/avatar\/20f6483dbe2a69e0999ddcdd1744b7f7?s=96&d=mm&r=g\",\"caption\":\"fbf_admin\"}}]}<\/script>\n<!-- \/ Yoast SEO plugin. -->","yoast_head_json":{"title":"Tom &#038; Co, nomin\u00e9 des &#8221; R\u00e9velations de la Franchise 2016&#8243; - F\u00e9d\u00e9ration Belge de la Franchise","robots":{"index":"index","follow":"follow","max-snippet":"max-snippet:-1","max-image-preview":"max-image-preview:large","max-video-preview":"max-video-preview:-1"},"canonical":"https:\/\/www.fbf-bff.be\/fr\/tom-co-nomine-des-revelations-de-la-franchise-2016\/","og_locale":"fr_FR","og_type":"article","og_title":"Tom &#038; Co, nomin\u00e9 des &#8221; R\u00e9velations de la Franchise 2016&#8243; - F\u00e9d\u00e9ration Belge de la Franchise","og_description":"L'enseigne belge de franchise Tom &amp; Co \u00e0 nouveau r\u00e9compens\u00e9eOrganis\u00e9 depuis 2001 par la F\u00e9d\u00e9ration fran\u00e7aise de la Franchise avec son Coll\u00e8ge des Experts en partenariat avec Franchise Magazine, LCL, Reed Expositions France pour Franchise Expo Paris et l'Observatoire de la Franchise, Les R\u00e9v\u00e9lations de la Franchise r\u00e9compensent les concepts prometteurs de distribution ou de services pr\u00e9sentant le maximum d'atouts pour un d\u00e9veloppement en franchise.","og_url":"https:\/\/www.fbf-bff.be\/fr\/tom-co-nomine-des-revelations-de-la-franchise-2016\/","og_site_name":"F\u00e9d\u00e9ration Belge de la Franchise","article_published_time":"2016-02-09T23:00:00+00:00","og_image":[{"width":1200,"height":630,"url":"https:\/\/www.fbf-bff.be\/wp-content\/uploads\/2017\/06\/fbf-bff-fb-cover.jpg","type":"image\/jpeg"}],"author":"fbf_admin","twitter_card":"summary_large_image","twitter_misc":{"\u00c9crit par":"fbf_admin","Dur\u00e9e de lecture estim\u00e9e":"2 minutes"},"schema":{"@context":"https:\/\/schema.org","@graph":[{"@type":"WebPage","@id":"https:\/\/www.fbf-bff.be\/fr\/tom-co-nomine-des-revelations-de-la-franchise-2016\/","url":"https:\/\/www.fbf-bff.be\/fr\/tom-co-nomine-des-revelations-de-la-franchise-2016\/","name":"Tom &#038; Co, nomin\u00e9 des &#8221; R\u00e9velations de la Franchise 2016&#8243; - F\u00e9d\u00e9ration Belge de la Franchise","isPartOf":{"@id":"https:\/\/www.fbf-bff.be\/#website"},"datePublished":"2016-02-09T23:00:00+00:00","dateModified":"2016-02-09T23:00:00+00:00","author":{"@id":"https:\/\/www.fbf-bff.be\/#\/schema\/person\/73a9cbee87288cba2b06e3fc29244fe7"},"breadcrumb":{"@id":"https:\/\/www.fbf-bff.be\/fr\/tom-co-nomine-des-revelations-de-la-franchise-2016\/#breadcrumb"},"inLanguage":"fr-FR","potentialAction":[{"@type":"ReadAction","target":["https:\/\/www.fbf-bff.be\/fr\/tom-co-nomine-des-revelations-de-la-franchise-2016\/"]}]},{"@type":"BreadcrumbList","@id":"https:\/\/www.fbf-bff.be\/fr\/tom-co-nomine-des-revelations-de-la-franchise-2016\/#breadcrumb","itemListElement":[{"@type":"ListItem","position":1,"name":"Home","item":"https:\/\/www.fbf-bff.be\/fr\/"},{"@type":"ListItem","position":2,"name":"Tom &#038; Co, nomin\u00e9 des &#8221; R\u00e9velations de la Franchise 2016&#8243;"}]},{"@type":"WebSite","@id":"https:\/\/www.fbf-bff.be\/#website","url":"https:\/\/www.fbf-bff.be\/","name":"F\u00e9d\u00e9ration Belge de la Franchise","description":"Pour r\u00e9ussir ensemblee","potentialAction":[{"@type":"SearchAction","target":{"@type":"EntryPoint","urlTemplate":"https:\/\/www.fbf-bff.be\/?s={search_term_string}"},"query-input":{"@type":"PropertyValueSpecification","valueRequired":true,"valueName":"search_term_string"}}],"inLanguage":"fr-FR"},{"@type":"Person","@id":"https:\/\/www.fbf-bff.be\/#\/schema\/person\/73a9cbee87288cba2b06e3fc29244fe7","name":"fbf_admin","image":{"@type":"ImageObject","inLanguage":"fr-FR","@id":"https:\/\/www.fbf-bff.be\/#\/schema\/person\/image\/","url":"https:\/\/secure.gravatar.com\/avatar\/20f6483dbe2a69e0999ddcdd1744b7f7?s=96&d=mm&r=g","contentUrl":"https:\/\/secure.gravatar.com\/avatar\/20f6483dbe2a69e0999ddcdd1744b7f7?s=96&d=mm&r=g","caption":"fbf_admin"}}]}},"_links":{"self":[{"href":"https:\/\/www.fbf-bff.be\/fr\/wp-json\/wp\/v2\/posts\/8061"}],"collection":[{"href":"https:\/\/www.fbf-bff.be\/fr\/wp-json\/wp\/v2\/posts"}],"about":[{"href":"https:\/\/www.fbf-bff.be\/fr\/wp-json\/wp\/v2\/types\/post"}],"author":[{"embeddable":true,"href":"https:\/\/www.fbf-bff.be\/fr\/wp-json\/wp\/v2\/users\/1"}],"replies":[{"embeddable":true,"href":"https:\/\/www.fbf-bff.be\/fr\/wp-json\/wp\/v2\/comments?post=8061"}],"version-history":[{"count":0,"href":"https:\/\/www.fbf-bff.be\/fr\/wp-json\/wp\/v2\/posts\/8061\/revisions"}],"wp:attachment":[{"href":"https:\/\/www.fbf-bff.be\/fr\/wp-json\/wp\/v2\/media?parent=8061"}],"wp:term":[{"taxonomy":"category","embeddable":true,"href":"https:\/\/www.fbf-bff.be\/fr\/wp-json\/wp\/v2\/categories?post=8061"},{"taxonomy":"post_tag","embeddable":true,"href":"https:\/\/www.fbf-bff.be\/fr\/wp-json\/wp\/v2\/tags?post=8061"}],"curies":[{"name":"wp","href":"https:\/\/api.w.org\/{rel}","templated":true}]}}