{"id":8059,"date":"2016-02-09T00:00:00","date_gmt":"2016-02-08T23:00:00","guid":{"rendered":"https:\/\/www.fbf-bff.be\/le-supermarche-delhaize-de-lommel-devient-un-ad-delhaize-franchise\/"},"modified":"2016-02-09T00:00:00","modified_gmt":"2016-02-08T23:00:00","slug":"le-supermarche-delhaize-de-lommel-devient-un-ad-delhaize-franchise","status":"publish","type":"post","link":"https:\/\/www.fbf-bff.be\/fr\/le-supermarche-delhaize-de-lommel-devient-un-ad-delhaize-franchise\/","title":{"rendered":"Le supermarch\u00e9 Delhaize de Lommel devient un AD Delhaize franchis\u00e9"},"content":{"rendered":"<span style=\"font-weight: bold\">Une nouvelle franchise AD Delhaize<\/span><div>Le supermarch\u00e9 Delhaize de Lommel (Einde 7) en province du Limbourg, va changer d&rsquo;enseigne et de propri\u00e9taire pour devenir\u00a0\u00e0 partir du 2 juin 2016\u00a0un magasin AD Delhaize franchis\u00e9.\u00a0<\/div><div>\u00a0<\/div><div>L&rsquo;actuel supermarch\u00e9 restera ouvert \u00e0 la client\u00e8le jusqu&rsquo;au 14 mai 2016 avant de fermer ses portes pour subir de transformations.<\/div><div>\u00a0<\/div><div><span style=\"font-weight: bold\">Un multifranchis\u00e9 qui agrandit son r\u00e9seau<\/span><\/div><div>Il s\u2019agit du quatri\u00e8me supermarch\u00e9 parmi les neuf que le groupe Delhaize avait\u00a0<span style=\"line-height: 1.42857\">d\u00e9cid\u00e9 de fermer dans son Plan de transformation, \u00e0 passer entre les mains de \u00a0<\/span><span style=\"line-height: 1.42857\">franchis\u00e9s, apr\u00e8s ceux de Verhaeren (Schaerbeek), Berlaar, et Turnhout. Des\u00a0<\/span><span style=\"line-height: 1.42857\">n\u00e9gociations sont toujours en cours pour la reprise des cinq autres supermarch\u00e9s.<\/span><\/div><div>\u00a0<\/div><div>Le magasin franchis\u00e9 AD Delhaize de Lommel sera g\u00e9r\u00e9 par la famille Hoeck, d\u00e9j\u00e0\u00a0multifranchis\u00e9e du groupe Delhaize puisqu\u2019elle g\u00e8re d\u00e9j\u00e0 les AD Delhaize Herselt, \u00a0AD Mol, AD Pallieter et un Proxy Zimmer\u00a0\u00e0 Lier, tous les cinq situ\u00e9s dans la province d&rsquo;Anvers.<\/div><div>\u00a0<\/div><div>rl.<\/div>","protected":false},"excerpt":{"rendered":"<p>Une nouvelle franchise AD Delhaize<\/p>\n<div>Le supermarch\u00e9 Delhaize de Lommel (Einde 7) en province du Limbourg, va changer d&rsquo;enseigne et de propri\u00e9taire pour devenir \u00e0 partir du 2 juin 2016 un magasin AD Delhaize franchis\u00e9.\u00a0<\/div>\n","protected":false},"author":1,"featured_media":0,"comment_status":"closed","ping_status":"open","sticky":false,"template":"","format":"standard","meta":{"ngg_post_thumbnail":0,"footnotes":""},"categories":[41],"tags":[],"acf":[],"yoast_head":"<!-- This site is optimized with the Yoast SEO plugin v23.5 - https:\/\/yoast.com\/wordpress\/plugins\/seo\/ -->\n<title>Le supermarch\u00e9 Delhaize de Lommel devient un AD Delhaize franchis\u00e9 - F\u00e9d\u00e9ration Belge de la Franchise<\/title>\n<meta name=\"robots\" content=\"index, follow, max-snippet:-1, max-image-preview:large, max-video-preview:-1\" \/>\n<link rel=\"canonical\" href=\"https:\/\/www.fbf-bff.be\/fr\/le-supermarche-delhaize-de-lommel-devient-un-ad-delhaize-franchise\/\" \/>\n<meta property=\"og:locale\" content=\"fr_FR\" \/>\n<meta property=\"og:type\" content=\"article\" \/>\n<meta property=\"og:title\" content=\"Le supermarch\u00e9 Delhaize de Lommel devient un AD Delhaize franchis\u00e9 - F\u00e9d\u00e9ration Belge de la Franchise\" \/>\n<meta property=\"og:description\" content=\"Une nouvelle franchise AD DelhaizeLe supermarch\u00e9 Delhaize de Lommel (Einde 7) en province du Limbourg, va changer d&#039;enseigne et de propri\u00e9taire pour devenir \u00e0 partir du 2 juin 2016 un magasin AD Delhaize franchis\u00e9.\u00a0\" \/>\n<meta property=\"og:url\" content=\"https:\/\/www.fbf-bff.be\/fr\/le-supermarche-delhaize-de-lommel-devient-un-ad-delhaize-franchise\/\" \/>\n<meta property=\"og:site_name\" content=\"F\u00e9d\u00e9ration Belge de la Franchise\" \/>\n<meta property=\"article:published_time\" content=\"2016-02-08T23:00:00+00:00\" \/>\n<meta property=\"og:image\" content=\"https:\/\/www.fbf-bff.be\/wp-content\/uploads\/2017\/06\/fbf-bff-fb-cover.jpg\" \/>\n\t<meta property=\"og:image:width\" content=\"1200\" \/>\n\t<meta property=\"og:image:height\" content=\"630\" \/>\n\t<meta property=\"og:image:type\" content=\"image\/jpeg\" \/>\n<meta name=\"author\" content=\"fbf_admin\" \/>\n<meta name=\"twitter:card\" content=\"summary_large_image\" \/>\n<meta name=\"twitter:label1\" content=\"\u00c9crit par\" \/>\n\t<meta name=\"twitter:data1\" content=\"fbf_admin\" \/>\n\t<meta name=\"twitter:label2\" content=\"Dur\u00e9e de lecture estim\u00e9e\" \/>\n\t<meta name=\"twitter:data2\" content=\"1 minute\" \/>\n<script type=\"application\/ld+json\" class=\"yoast-schema-graph\">{\"@context\":\"https:\/\/schema.org\",\"@graph\":[{\"@type\":\"WebPage\",\"@id\":\"https:\/\/www.fbf-bff.be\/fr\/le-supermarche-delhaize-de-lommel-devient-un-ad-delhaize-franchise\/\",\"url\":\"https:\/\/www.fbf-bff.be\/fr\/le-supermarche-delhaize-de-lommel-devient-un-ad-delhaize-franchise\/\",\"name\":\"Le supermarch\u00e9 Delhaize de Lommel devient un AD Delhaize franchis\u00e9 - F\u00e9d\u00e9ration Belge de la Franchise\",\"isPartOf\":{\"@id\":\"https:\/\/www.fbf-bff.be\/#website\"},\"datePublished\":\"2016-02-08T23:00:00+00:00\",\"dateModified\":\"2016-02-08T23:00:00+00:00\",\"author\":{\"@id\":\"https:\/\/www.fbf-bff.be\/#\/schema\/person\/73a9cbee87288cba2b06e3fc29244fe7\"},\"breadcrumb\":{\"@id\":\"https:\/\/www.fbf-bff.be\/fr\/le-supermarche-delhaize-de-lommel-devient-un-ad-delhaize-franchise\/#breadcrumb\"},\"inLanguage\":\"fr-FR\",\"potentialAction\":[{\"@type\":\"ReadAction\",\"target\":[\"https:\/\/www.fbf-bff.be\/fr\/le-supermarche-delhaize-de-lommel-devient-un-ad-delhaize-franchise\/\"]}]},{\"@type\":\"BreadcrumbList\",\"@id\":\"https:\/\/www.fbf-bff.be\/fr\/le-supermarche-delhaize-de-lommel-devient-un-ad-delhaize-franchise\/#breadcrumb\",\"itemListElement\":[{\"@type\":\"ListItem\",\"position\":1,\"name\":\"Home\",\"item\":\"https:\/\/www.fbf-bff.be\/fr\/\"},{\"@type\":\"ListItem\",\"position\":2,\"name\":\"Le supermarch\u00e9 Delhaize de Lommel devient un AD Delhaize franchis\u00e9\"}]},{\"@type\":\"WebSite\",\"@id\":\"https:\/\/www.fbf-bff.be\/#website\",\"url\":\"https:\/\/www.fbf-bff.be\/\",\"name\":\"F\u00e9d\u00e9ration Belge de la Franchise\",\"description\":\"Pour r\u00e9ussir ensemblee\",\"potentialAction\":[{\"@type\":\"SearchAction\",\"target\":{\"@type\":\"EntryPoint\",\"urlTemplate\":\"https:\/\/www.fbf-bff.be\/?s={search_term_string}\"},\"query-input\":{\"@type\":\"PropertyValueSpecification\",\"valueRequired\":true,\"valueName\":\"search_term_string\"}}],\"inLanguage\":\"fr-FR\"},{\"@type\":\"Person\",\"@id\":\"https:\/\/www.fbf-bff.be\/#\/schema\/person\/73a9cbee87288cba2b06e3fc29244fe7\",\"name\":\"fbf_admin\",\"image\":{\"@type\":\"ImageObject\",\"inLanguage\":\"fr-FR\",\"@id\":\"https:\/\/www.fbf-bff.be\/#\/schema\/person\/image\/\",\"url\":\"https:\/\/secure.gravatar.com\/avatar\/20f6483dbe2a69e0999ddcdd1744b7f7?s=96&d=mm&r=g\",\"contentUrl\":\"https:\/\/secure.gravatar.com\/avatar\/20f6483dbe2a69e0999ddcdd1744b7f7?s=96&d=mm&r=g\",\"caption\":\"fbf_admin\"}}]}<\/script>\n<!-- \/ Yoast SEO plugin. -->","yoast_head_json":{"title":"Le supermarch\u00e9 Delhaize de Lommel devient un AD Delhaize franchis\u00e9 - F\u00e9d\u00e9ration Belge de la Franchise","robots":{"index":"index","follow":"follow","max-snippet":"max-snippet:-1","max-image-preview":"max-image-preview:large","max-video-preview":"max-video-preview:-1"},"canonical":"https:\/\/www.fbf-bff.be\/fr\/le-supermarche-delhaize-de-lommel-devient-un-ad-delhaize-franchise\/","og_locale":"fr_FR","og_type":"article","og_title":"Le supermarch\u00e9 Delhaize de Lommel devient un AD Delhaize franchis\u00e9 - F\u00e9d\u00e9ration Belge de la Franchise","og_description":"Une nouvelle franchise AD DelhaizeLe supermarch\u00e9 Delhaize de Lommel (Einde 7) en province du Limbourg, va changer d'enseigne et de propri\u00e9taire pour devenir \u00e0 partir du 2 juin 2016 un magasin AD Delhaize franchis\u00e9.\u00a0","og_url":"https:\/\/www.fbf-bff.be\/fr\/le-supermarche-delhaize-de-lommel-devient-un-ad-delhaize-franchise\/","og_site_name":"F\u00e9d\u00e9ration Belge de la Franchise","article_published_time":"2016-02-08T23:00:00+00:00","og_image":[{"width":1200,"height":630,"url":"https:\/\/www.fbf-bff.be\/wp-content\/uploads\/2017\/06\/fbf-bff-fb-cover.jpg","type":"image\/jpeg"}],"author":"fbf_admin","twitter_card":"summary_large_image","twitter_misc":{"\u00c9crit par":"fbf_admin","Dur\u00e9e de lecture estim\u00e9e":"1 minute"},"schema":{"@context":"https:\/\/schema.org","@graph":[{"@type":"WebPage","@id":"https:\/\/www.fbf-bff.be\/fr\/le-supermarche-delhaize-de-lommel-devient-un-ad-delhaize-franchise\/","url":"https:\/\/www.fbf-bff.be\/fr\/le-supermarche-delhaize-de-lommel-devient-un-ad-delhaize-franchise\/","name":"Le supermarch\u00e9 Delhaize de Lommel devient un AD Delhaize franchis\u00e9 - F\u00e9d\u00e9ration Belge de la Franchise","isPartOf":{"@id":"https:\/\/www.fbf-bff.be\/#website"},"datePublished":"2016-02-08T23:00:00+00:00","dateModified":"2016-02-08T23:00:00+00:00","author":{"@id":"https:\/\/www.fbf-bff.be\/#\/schema\/person\/73a9cbee87288cba2b06e3fc29244fe7"},"breadcrumb":{"@id":"https:\/\/www.fbf-bff.be\/fr\/le-supermarche-delhaize-de-lommel-devient-un-ad-delhaize-franchise\/#breadcrumb"},"inLanguage":"fr-FR","potentialAction":[{"@type":"ReadAction","target":["https:\/\/www.fbf-bff.be\/fr\/le-supermarche-delhaize-de-lommel-devient-un-ad-delhaize-franchise\/"]}]},{"@type":"BreadcrumbList","@id":"https:\/\/www.fbf-bff.be\/fr\/le-supermarche-delhaize-de-lommel-devient-un-ad-delhaize-franchise\/#breadcrumb","itemListElement":[{"@type":"ListItem","position":1,"name":"Home","item":"https:\/\/www.fbf-bff.be\/fr\/"},{"@type":"ListItem","position":2,"name":"Le supermarch\u00e9 Delhaize de Lommel devient un AD Delhaize franchis\u00e9"}]},{"@type":"WebSite","@id":"https:\/\/www.fbf-bff.be\/#website","url":"https:\/\/www.fbf-bff.be\/","name":"F\u00e9d\u00e9ration Belge de la Franchise","description":"Pour r\u00e9ussir ensemblee","potentialAction":[{"@type":"SearchAction","target":{"@type":"EntryPoint","urlTemplate":"https:\/\/www.fbf-bff.be\/?s={search_term_string}"},"query-input":{"@type":"PropertyValueSpecification","valueRequired":true,"valueName":"search_term_string"}}],"inLanguage":"fr-FR"},{"@type":"Person","@id":"https:\/\/www.fbf-bff.be\/#\/schema\/person\/73a9cbee87288cba2b06e3fc29244fe7","name":"fbf_admin","image":{"@type":"ImageObject","inLanguage":"fr-FR","@id":"https:\/\/www.fbf-bff.be\/#\/schema\/person\/image\/","url":"https:\/\/secure.gravatar.com\/avatar\/20f6483dbe2a69e0999ddcdd1744b7f7?s=96&d=mm&r=g","contentUrl":"https:\/\/secure.gravatar.com\/avatar\/20f6483dbe2a69e0999ddcdd1744b7f7?s=96&d=mm&r=g","caption":"fbf_admin"}}]}},"_links":{"self":[{"href":"https:\/\/www.fbf-bff.be\/fr\/wp-json\/wp\/v2\/posts\/8059"}],"collection":[{"href":"https:\/\/www.fbf-bff.be\/fr\/wp-json\/wp\/v2\/posts"}],"about":[{"href":"https:\/\/www.fbf-bff.be\/fr\/wp-json\/wp\/v2\/types\/post"}],"author":[{"embeddable":true,"href":"https:\/\/www.fbf-bff.be\/fr\/wp-json\/wp\/v2\/users\/1"}],"replies":[{"embeddable":true,"href":"https:\/\/www.fbf-bff.be\/fr\/wp-json\/wp\/v2\/comments?post=8059"}],"version-history":[{"count":0,"href":"https:\/\/www.fbf-bff.be\/fr\/wp-json\/wp\/v2\/posts\/8059\/revisions"}],"wp:attachment":[{"href":"https:\/\/www.fbf-bff.be\/fr\/wp-json\/wp\/v2\/media?parent=8059"}],"wp:term":[{"taxonomy":"category","embeddable":true,"href":"https:\/\/www.fbf-bff.be\/fr\/wp-json\/wp\/v2\/categories?post=8059"},{"taxonomy":"post_tag","embeddable":true,"href":"https:\/\/www.fbf-bff.be\/fr\/wp-json\/wp\/v2\/tags?post=8059"}],"curies":[{"name":"wp","href":"https:\/\/api.w.org\/{rel}","templated":true}]}}