{"id":8054,"date":"2016-02-03T00:00:00","date_gmt":"2016-02-02T23:00:00","guid":{"rendered":"https:\/\/www.fbf-bff.be\/mcdonalds-belgique-termine-lannee-2015-en-beaute\/"},"modified":"2016-02-03T00:00:00","modified_gmt":"2016-02-02T23:00:00","slug":"mcdonalds-belgique-termine-lannee-2015-en-beaute","status":"publish","type":"post","link":"https:\/\/www.fbf-bff.be\/fr\/mcdonalds-belgique-termine-lannee-2015-en-beaute\/","title":{"rendered":"McDonald&#8217;s\u00a0Belgique\u00a0termine l&#8217;ann\u00e9e 2015 en beaut\u00e9"},"content":{"rendered":"<span style=\"font-weight: bold\">R\u00e9sultats 2015 en croissance<\/span>\u00a0<div><span style=\"line-height: 1.42857\">Lors de la conf\u00e9rence de presse annuelle de\u00a0McDonald&rsquo;s\u00a0Belgique\u00a0pour faire le point sur l&rsquo;ann\u00e9e \u00e9coul\u00e9e et sur les pr\u00e9visions de 2016, le\u00a0CEO\u00a0Stephan\u00a0De\u00a0Brouwer\u00a0sans vouloir citer de chiffres, a cependant pr\u00e9cis\u00e9 que l&rsquo;\u00e9volution des ventes 2015 \u00e0 p\u00e9rim\u00e8tre constant de l&rsquo;enseigne en\u00a0Belgique\u00a0affiche une croissance sup\u00e9rieure \u00e0 celle de l&rsquo;ensemble du groupe (+1,5%). \u00a0 \u00a0 \u00a0 \u00a0 \u00a0 \u00a0 \u00a0 \u00a0 \u00a0 \u00a0 \u00a0 \u00a0 \u00a0 \u00a0 \u00a0 \u00a0 \u00a0 \u00a0 \u00a0 \u00a0 \u00a0 \u00a0 \u00a0 \u00a0 \u00a0 \u00a0 \u00a0 \u00a0 \u00a0 \u00a0 \u00a0 \u00a0 \u00a0 \u00a0 \u00a0 \u00a0 \u00a0\u00a0<\/span><br><\/div><div>Il est certain que les restaurants du centre de\u00a0Bruxelles\u00a0ont subi au cours des deux derniers mois de l&rsquo;ann\u00e9e, l&rsquo;impact des menaces terroristes qui ont pes\u00e9 sur la\u00a0Belgique\u00a0et principalement\u00a0Bruxelles, apr\u00e8s les attentats du 13 novembre \u00e0 Paris.<\/div><div>\u00a0<\/div><div>McDonald&rsquo;s\u00a0Belgique\u00a0a ouvert au cours de l&rsquo;an dernier cinq nouveaux restaurants franchis\u00e9s dans le pays (Grand-Bigard, Mol,\u00a0Mons\u00a0Grands Pr\u00e8s,\u00a0Anvers\u00a0Meir\u00a0et\u00a0Anderlues) pour terminer l&rsquo;ann\u00e9e avec 74 restaurants dont 73 franchis\u00e9s, soit une croissance 7,2% par rapport \u00e0 2014, avec une ouverture de plus que pr\u00e9vu initialement. Un million de clients suppl\u00e9mentaires ont \u00e9t\u00e9 enregistr\u00e9 en 2015.<\/div><div>\u00a0<\/div><div>L&rsquo;enseigne a continu\u00e9 \u00e9galement au cours de 2015 \u00e0 r\u00e9nover 8 restaurants dans lesquels le design a \u00e9t\u00e9 revu pour r\u00e9pondre aux besoins et exigences de la client\u00e8le.<\/div><div>\u00a0<\/div><div>Ces ouvertures et r\u00e9novations avec de nouveaux designs repr\u00e9sentent un investissement total de \u20ac 18,4 millions.<\/div><div>\u00a0<\/div><div>McDonald&rsquo;s\u00a0Belgique\u00a0et ses 73 franchis\u00e9s employaient \u00e0 la fin 2015 un total de 3.664 collaborateurs, avec la cr\u00e9ation de 317 nouveaux postes de travail y compris 7 au si\u00e8ge. On se rapproche rapidement des engagements annonc\u00e9s l&rsquo;an dernier \u00e0 la m\u00eame \u00e9poque, soit 500 emplois que\u00a0McDonald&rsquo;s\u00a0Belgique\u00a0voulait cr\u00e9er \u00e0 l&rsquo;horizon 2017, et au moins 250.000 heures de formation.<\/div><div>\u00a0<\/div><div>En 2015, 70.837 heures de formation ont \u00e9t\u00e9\u00a0prest\u00e9es\u00a0dont 3.890 heures \u00e0 l&rsquo;\u00e9tranger dans les centres de Paris pour les francophones et\u00a0Amsterdam\u00a0pour les\u00a0n\u00e9erlandophones.<\/div><div>\u00a0<\/div><div><span style=\"font-weight: bold\">Le d\u00e9veloppement continue en 2016<\/span><\/div><div>McDonald&rsquo;s\u00a0Belgique\u00a0continuera la modernisation des restaurants les plus anciens avec cinq r\u00e9novations planifi\u00e9es cette ann\u00e9e et l&rsquo;ouverture de quatre nouveaux restaurants franchis\u00e9s, pour un investissement total de 14,4 millions d&rsquo;euros.<\/div><div>\u00a0<\/div><div><span style=\"font-weight: bold\">McDonald&rsquo;s, cr\u00e9ateur d&#8217;emplois<\/span><\/div><div>Stephan\u00a0De\u00a0Brouwer, le\u00a0CEO\u00a0qui a pris les r\u00eanes de l&rsquo;enseigne en\u00a0Belgique\u00a0en 2008, n&rsquo;est pas peu fier d&rsquo;annoncer que depuis cette date \u00ab\u00a0nous avons cr\u00e9\u00e9 1.589 postes de travail, ce qui repr\u00e9sente un emploi cr\u00e9\u00e9 tous les deux jours\u00a0\u00bb , une performance qui m\u00e9rite d&rsquo;\u00eatre cit\u00e9e.<\/div><div><br><\/div>","protected":false},"excerpt":{"rendered":"<p>R\u00e9sultats 2015 en croissance\u00a0<\/p>\n<div>Lors de la conf\u00e9rence de presse annuelle de McDonald&rsquo;s Belgique pour faire le point sur l&rsquo;ann\u00e9e \u00e9coul\u00e9e et sur les pr\u00e9visions de 2016, le CEO Stephan De Brouwer sans vouloir citer de chiffres, a cependant pr\u00e9cis\u00e9 que l&rsquo;\u00e9volution des ventes 2015 \u00e0 p\u00e9rim\u00e8tre constant de l&rsquo;enseigne en Belgique affiche une croissance sup\u00e9rieure \u00e0 celle de l&rsquo;ensemble du groupe (+1,5%). \u00a0<\/div>\n","protected":false},"author":1,"featured_media":0,"comment_status":"closed","ping_status":"open","sticky":false,"template":"","format":"standard","meta":{"ngg_post_thumbnail":0,"footnotes":""},"categories":[41],"tags":[],"acf":[],"yoast_head":"<!-- This site is optimized with the Yoast SEO plugin v23.5 - https:\/\/yoast.com\/wordpress\/plugins\/seo\/ -->\n<title>McDonald&#8217;s\u00a0Belgique\u00a0termine l&#8217;ann\u00e9e 2015 en beaut\u00e9 - F\u00e9d\u00e9ration Belge de la Franchise<\/title>\n<meta name=\"robots\" content=\"index, follow, max-snippet:-1, max-image-preview:large, max-video-preview:-1\" \/>\n<link rel=\"canonical\" href=\"https:\/\/www.fbf-bff.be\/fr\/mcdonalds-belgique-termine-lannee-2015-en-beaute\/\" \/>\n<meta property=\"og:locale\" content=\"fr_FR\" \/>\n<meta property=\"og:type\" content=\"article\" \/>\n<meta property=\"og:title\" content=\"McDonald&#8217;s\u00a0Belgique\u00a0termine l&#8217;ann\u00e9e 2015 en beaut\u00e9 - F\u00e9d\u00e9ration Belge de la Franchise\" \/>\n<meta property=\"og:description\" content=\"R\u00e9sultats 2015 en croissance\u00a0Lors de la conf\u00e9rence de presse annuelle de McDonald&#039;s Belgique pour faire le point sur l&#039;ann\u00e9e \u00e9coul\u00e9e et sur les pr\u00e9visions de 2016, le CEO Stephan De Brouwer sans vouloir citer de chiffres, a cependant pr\u00e9cis\u00e9 que l&#039;\u00e9volution des ventes 2015 \u00e0 p\u00e9rim\u00e8tre constant de l&#039;enseigne en Belgique affiche une croissance sup\u00e9rieure \u00e0 celle de l&#039;ensemble du groupe (+1,5%). \u00a0\" \/>\n<meta property=\"og:url\" content=\"https:\/\/www.fbf-bff.be\/fr\/mcdonalds-belgique-termine-lannee-2015-en-beaute\/\" \/>\n<meta property=\"og:site_name\" content=\"F\u00e9d\u00e9ration Belge de la Franchise\" \/>\n<meta property=\"article:published_time\" content=\"2016-02-02T23:00:00+00:00\" \/>\n<meta property=\"og:image\" content=\"https:\/\/www.fbf-bff.be\/wp-content\/uploads\/2017\/06\/fbf-bff-fb-cover.jpg\" \/>\n\t<meta property=\"og:image:width\" content=\"1200\" \/>\n\t<meta property=\"og:image:height\" content=\"630\" \/>\n\t<meta property=\"og:image:type\" content=\"image\/jpeg\" \/>\n<meta name=\"author\" content=\"fbf_admin\" \/>\n<meta name=\"twitter:card\" content=\"summary_large_image\" \/>\n<meta name=\"twitter:label1\" content=\"\u00c9crit par\" \/>\n\t<meta name=\"twitter:data1\" content=\"fbf_admin\" \/>\n\t<meta name=\"twitter:label2\" content=\"Dur\u00e9e de lecture estim\u00e9e\" \/>\n\t<meta name=\"twitter:data2\" content=\"2 minutes\" \/>\n<script type=\"application\/ld+json\" class=\"yoast-schema-graph\">{\"@context\":\"https:\/\/schema.org\",\"@graph\":[{\"@type\":\"WebPage\",\"@id\":\"https:\/\/www.fbf-bff.be\/fr\/mcdonalds-belgique-termine-lannee-2015-en-beaute\/\",\"url\":\"https:\/\/www.fbf-bff.be\/fr\/mcdonalds-belgique-termine-lannee-2015-en-beaute\/\",\"name\":\"McDonald&#8217;s\u00a0Belgique\u00a0termine l&#8217;ann\u00e9e 2015 en beaut\u00e9 - F\u00e9d\u00e9ration Belge de la Franchise\",\"isPartOf\":{\"@id\":\"https:\/\/www.fbf-bff.be\/#website\"},\"datePublished\":\"2016-02-02T23:00:00+00:00\",\"dateModified\":\"2016-02-02T23:00:00+00:00\",\"author\":{\"@id\":\"https:\/\/www.fbf-bff.be\/#\/schema\/person\/73a9cbee87288cba2b06e3fc29244fe7\"},\"breadcrumb\":{\"@id\":\"https:\/\/www.fbf-bff.be\/fr\/mcdonalds-belgique-termine-lannee-2015-en-beaute\/#breadcrumb\"},\"inLanguage\":\"fr-FR\",\"potentialAction\":[{\"@type\":\"ReadAction\",\"target\":[\"https:\/\/www.fbf-bff.be\/fr\/mcdonalds-belgique-termine-lannee-2015-en-beaute\/\"]}]},{\"@type\":\"BreadcrumbList\",\"@id\":\"https:\/\/www.fbf-bff.be\/fr\/mcdonalds-belgique-termine-lannee-2015-en-beaute\/#breadcrumb\",\"itemListElement\":[{\"@type\":\"ListItem\",\"position\":1,\"name\":\"Home\",\"item\":\"https:\/\/www.fbf-bff.be\/fr\/\"},{\"@type\":\"ListItem\",\"position\":2,\"name\":\"McDonald&#8217;s\u00a0Belgique\u00a0termine l&#8217;ann\u00e9e 2015 en beaut\u00e9\"}]},{\"@type\":\"WebSite\",\"@id\":\"https:\/\/www.fbf-bff.be\/#website\",\"url\":\"https:\/\/www.fbf-bff.be\/\",\"name\":\"F\u00e9d\u00e9ration Belge de la Franchise\",\"description\":\"Pour r\u00e9ussir ensemblee\",\"potentialAction\":[{\"@type\":\"SearchAction\",\"target\":{\"@type\":\"EntryPoint\",\"urlTemplate\":\"https:\/\/www.fbf-bff.be\/?s={search_term_string}\"},\"query-input\":{\"@type\":\"PropertyValueSpecification\",\"valueRequired\":true,\"valueName\":\"search_term_string\"}}],\"inLanguage\":\"fr-FR\"},{\"@type\":\"Person\",\"@id\":\"https:\/\/www.fbf-bff.be\/#\/schema\/person\/73a9cbee87288cba2b06e3fc29244fe7\",\"name\":\"fbf_admin\",\"image\":{\"@type\":\"ImageObject\",\"inLanguage\":\"fr-FR\",\"@id\":\"https:\/\/www.fbf-bff.be\/#\/schema\/person\/image\/\",\"url\":\"https:\/\/secure.gravatar.com\/avatar\/20f6483dbe2a69e0999ddcdd1744b7f7?s=96&d=mm&r=g\",\"contentUrl\":\"https:\/\/secure.gravatar.com\/avatar\/20f6483dbe2a69e0999ddcdd1744b7f7?s=96&d=mm&r=g\",\"caption\":\"fbf_admin\"}}]}<\/script>\n<!-- \/ Yoast SEO plugin. -->","yoast_head_json":{"title":"McDonald&#8217;s\u00a0Belgique\u00a0termine l&#8217;ann\u00e9e 2015 en beaut\u00e9 - F\u00e9d\u00e9ration Belge de la Franchise","robots":{"index":"index","follow":"follow","max-snippet":"max-snippet:-1","max-image-preview":"max-image-preview:large","max-video-preview":"max-video-preview:-1"},"canonical":"https:\/\/www.fbf-bff.be\/fr\/mcdonalds-belgique-termine-lannee-2015-en-beaute\/","og_locale":"fr_FR","og_type":"article","og_title":"McDonald&#8217;s\u00a0Belgique\u00a0termine l&#8217;ann\u00e9e 2015 en beaut\u00e9 - F\u00e9d\u00e9ration Belge de la Franchise","og_description":"R\u00e9sultats 2015 en croissance\u00a0Lors de la conf\u00e9rence de presse annuelle de McDonald's Belgique pour faire le point sur l'ann\u00e9e \u00e9coul\u00e9e et sur les pr\u00e9visions de 2016, le CEO Stephan De Brouwer sans vouloir citer de chiffres, a cependant pr\u00e9cis\u00e9 que l'\u00e9volution des ventes 2015 \u00e0 p\u00e9rim\u00e8tre constant de l'enseigne en Belgique affiche une croissance sup\u00e9rieure \u00e0 celle de l'ensemble du groupe (+1,5%). \u00a0","og_url":"https:\/\/www.fbf-bff.be\/fr\/mcdonalds-belgique-termine-lannee-2015-en-beaute\/","og_site_name":"F\u00e9d\u00e9ration Belge de la Franchise","article_published_time":"2016-02-02T23:00:00+00:00","og_image":[{"width":1200,"height":630,"url":"https:\/\/www.fbf-bff.be\/wp-content\/uploads\/2017\/06\/fbf-bff-fb-cover.jpg","type":"image\/jpeg"}],"author":"fbf_admin","twitter_card":"summary_large_image","twitter_misc":{"\u00c9crit par":"fbf_admin","Dur\u00e9e de lecture estim\u00e9e":"2 minutes"},"schema":{"@context":"https:\/\/schema.org","@graph":[{"@type":"WebPage","@id":"https:\/\/www.fbf-bff.be\/fr\/mcdonalds-belgique-termine-lannee-2015-en-beaute\/","url":"https:\/\/www.fbf-bff.be\/fr\/mcdonalds-belgique-termine-lannee-2015-en-beaute\/","name":"McDonald&#8217;s\u00a0Belgique\u00a0termine l&#8217;ann\u00e9e 2015 en beaut\u00e9 - F\u00e9d\u00e9ration Belge de la Franchise","isPartOf":{"@id":"https:\/\/www.fbf-bff.be\/#website"},"datePublished":"2016-02-02T23:00:00+00:00","dateModified":"2016-02-02T23:00:00+00:00","author":{"@id":"https:\/\/www.fbf-bff.be\/#\/schema\/person\/73a9cbee87288cba2b06e3fc29244fe7"},"breadcrumb":{"@id":"https:\/\/www.fbf-bff.be\/fr\/mcdonalds-belgique-termine-lannee-2015-en-beaute\/#breadcrumb"},"inLanguage":"fr-FR","potentialAction":[{"@type":"ReadAction","target":["https:\/\/www.fbf-bff.be\/fr\/mcdonalds-belgique-termine-lannee-2015-en-beaute\/"]}]},{"@type":"BreadcrumbList","@id":"https:\/\/www.fbf-bff.be\/fr\/mcdonalds-belgique-termine-lannee-2015-en-beaute\/#breadcrumb","itemListElement":[{"@type":"ListItem","position":1,"name":"Home","item":"https:\/\/www.fbf-bff.be\/fr\/"},{"@type":"ListItem","position":2,"name":"McDonald&#8217;s\u00a0Belgique\u00a0termine l&#8217;ann\u00e9e 2015 en beaut\u00e9"}]},{"@type":"WebSite","@id":"https:\/\/www.fbf-bff.be\/#website","url":"https:\/\/www.fbf-bff.be\/","name":"F\u00e9d\u00e9ration Belge de la Franchise","description":"Pour r\u00e9ussir ensemblee","potentialAction":[{"@type":"SearchAction","target":{"@type":"EntryPoint","urlTemplate":"https:\/\/www.fbf-bff.be\/?s={search_term_string}"},"query-input":{"@type":"PropertyValueSpecification","valueRequired":true,"valueName":"search_term_string"}}],"inLanguage":"fr-FR"},{"@type":"Person","@id":"https:\/\/www.fbf-bff.be\/#\/schema\/person\/73a9cbee87288cba2b06e3fc29244fe7","name":"fbf_admin","image":{"@type":"ImageObject","inLanguage":"fr-FR","@id":"https:\/\/www.fbf-bff.be\/#\/schema\/person\/image\/","url":"https:\/\/secure.gravatar.com\/avatar\/20f6483dbe2a69e0999ddcdd1744b7f7?s=96&d=mm&r=g","contentUrl":"https:\/\/secure.gravatar.com\/avatar\/20f6483dbe2a69e0999ddcdd1744b7f7?s=96&d=mm&r=g","caption":"fbf_admin"}}]}},"_links":{"self":[{"href":"https:\/\/www.fbf-bff.be\/fr\/wp-json\/wp\/v2\/posts\/8054"}],"collection":[{"href":"https:\/\/www.fbf-bff.be\/fr\/wp-json\/wp\/v2\/posts"}],"about":[{"href":"https:\/\/www.fbf-bff.be\/fr\/wp-json\/wp\/v2\/types\/post"}],"author":[{"embeddable":true,"href":"https:\/\/www.fbf-bff.be\/fr\/wp-json\/wp\/v2\/users\/1"}],"replies":[{"embeddable":true,"href":"https:\/\/www.fbf-bff.be\/fr\/wp-json\/wp\/v2\/comments?post=8054"}],"version-history":[{"count":0,"href":"https:\/\/www.fbf-bff.be\/fr\/wp-json\/wp\/v2\/posts\/8054\/revisions"}],"wp:attachment":[{"href":"https:\/\/www.fbf-bff.be\/fr\/wp-json\/wp\/v2\/media?parent=8054"}],"wp:term":[{"taxonomy":"category","embeddable":true,"href":"https:\/\/www.fbf-bff.be\/fr\/wp-json\/wp\/v2\/categories?post=8054"},{"taxonomy":"post_tag","embeddable":true,"href":"https:\/\/www.fbf-bff.be\/fr\/wp-json\/wp\/v2\/tags?post=8054"}],"curies":[{"name":"wp","href":"https:\/\/api.w.org\/{rel}","templated":true}]}}