{"id":8051,"date":"2016-02-03T00:00:00","date_gmt":"2016-02-02T23:00:00","guid":{"rendered":"https:\/\/www.fbf-bff.be\/accorhotels-vend-85-hotels-en-europe-a-un-nouveau-franchise\/"},"modified":"2016-02-03T00:00:00","modified_gmt":"2016-02-02T23:00:00","slug":"accorhotels-vend-85-hotels-en-europe-a-un-nouveau-franchise","status":"publish","type":"post","link":"https:\/\/www.fbf-bff.be\/fr\/accorhotels-vend-85-hotels-en-europe-a-un-nouveau-franchise\/","title":{"rendered":"AccorHotels vend 85 h\u00f4tels en Europe \u00e0 un nouveau franchis\u00e9"},"content":{"rendered":"AccordHotels a annonc\u00e9 \u00e0 la fin de ce mois de janvier 2015, \u00eatre rentr\u00e9 en n\u00e9gociations exclusives pour la cession d&rsquo;un portefeuille de 85 h\u00f4tels\u00a0en Europe, \u00e0 un nouvel op\u00e9rateur h\u00f4telier franchis\u00e9 pour un montant de 504 millions d&rsquo;euros.<div>\u00a0<\/div><div>  Accorhotels poursuit ainsi la transformation du parc h\u00f4telier de sa filiale HotelInvest (propri\u00e9taire\/investisseur).<\/div><div>\u00a0<\/div><div>Le portefeuille des 85 h\u00f4tels qu&rsquo;il exploite actuellement en propri\u00e9t\u00e9 ou en location est constitu\u00e9 d&rsquo;un Pullman, de 19 Novotel, 13 Mercure, 35 ibis, 3 ibis Style\u00a0et 14 ibis budget.?<\/div><div>\u00a0<\/div><div>La plupart de ces h\u00f4tels sont situ\u00e9s en France (61) et en Espagne (9) et d&rsquo;autres en Allemagne, Autriche, Belgique, Italie, Pays-Bas et Portugal. \u00a0<\/div><div>\u00a0<\/div><div>Tous ces h\u00f4tels resteront affili\u00e9s aux marques\u00a0par le biais de contrats de franchise. La soci\u00e9t\u00e9 qui sera d\u00e9tenue \u00e0 70% par Eurazeo et \u00e0 30% par AccorHotels, deviendra op\u00e9rationnelle d&rsquo;ici la fin du premier semestre 2016, comme le premier franchis\u00e9 d&rsquo;HotelServices (op\u00e9rateur\/franchiseur).<\/div><div>\u00a0<\/div><div>Une enveloppe de 100 millions d&rsquo;euros sera mise \u00e0 disposition par le nouveau franchis\u00e9 pour proc\u00e9der \u00e0 la r\u00e9novation des h\u00f4tels sur une p\u00e9riode de trois ans.<\/div><div>rl.<\/div><div><br><\/div>","protected":false},"excerpt":{"rendered":"<p>AccordHotels a annonc\u00e9 \u00e0 la fin de ce mois de janvier 2015, \u00eatre rentr\u00e9 en n\u00e9gociations exclusives pour la cession d&rsquo;un portefeuille de 85 h\u00f4tels\u00a0en Europe, \u00e0 un nouvel op\u00e9rateur h\u00f4telier franchis\u00e9 pour un montant de 504 millions d&rsquo;euros.<\/p>\n","protected":false},"author":1,"featured_media":0,"comment_status":"closed","ping_status":"open","sticky":false,"template":"","format":"standard","meta":{"ngg_post_thumbnail":0,"footnotes":""},"categories":[41],"tags":[],"acf":[],"yoast_head":"<!-- This site is optimized with the Yoast SEO plugin v23.5 - https:\/\/yoast.com\/wordpress\/plugins\/seo\/ -->\n<title>AccorHotels vend 85 h\u00f4tels en Europe \u00e0 un nouveau franchis\u00e9 - F\u00e9d\u00e9ration Belge de la Franchise<\/title>\n<meta name=\"robots\" content=\"index, follow, max-snippet:-1, max-image-preview:large, max-video-preview:-1\" \/>\n<link rel=\"canonical\" href=\"https:\/\/www.fbf-bff.be\/fr\/accorhotels-vend-85-hotels-en-europe-a-un-nouveau-franchise\/\" \/>\n<meta property=\"og:locale\" content=\"fr_FR\" \/>\n<meta property=\"og:type\" content=\"article\" \/>\n<meta property=\"og:title\" content=\"AccorHotels vend 85 h\u00f4tels en Europe \u00e0 un nouveau franchis\u00e9 - F\u00e9d\u00e9ration Belge de la Franchise\" \/>\n<meta property=\"og:description\" content=\"AccordHotels a annonc\u00e9 \u00e0 la fin de ce mois de janvier 2015, \u00eatre rentr\u00e9 en n\u00e9gociations exclusives pour la cession d&#039;un portefeuille de 85 h\u00f4tels\u00a0en Europe, \u00e0 un nouvel op\u00e9rateur h\u00f4telier franchis\u00e9 pour un montant de 504 millions d&#039;euros.\" \/>\n<meta property=\"og:url\" content=\"https:\/\/www.fbf-bff.be\/fr\/accorhotels-vend-85-hotels-en-europe-a-un-nouveau-franchise\/\" \/>\n<meta property=\"og:site_name\" content=\"F\u00e9d\u00e9ration Belge de la Franchise\" \/>\n<meta property=\"article:published_time\" content=\"2016-02-02T23:00:00+00:00\" \/>\n<meta property=\"og:image\" content=\"https:\/\/www.fbf-bff.be\/wp-content\/uploads\/2017\/06\/fbf-bff-fb-cover.jpg\" \/>\n\t<meta property=\"og:image:width\" content=\"1200\" \/>\n\t<meta property=\"og:image:height\" content=\"630\" \/>\n\t<meta property=\"og:image:type\" content=\"image\/jpeg\" \/>\n<meta name=\"author\" content=\"fbf_admin\" \/>\n<meta name=\"twitter:card\" content=\"summary_large_image\" \/>\n<meta name=\"twitter:label1\" content=\"\u00c9crit par\" \/>\n\t<meta name=\"twitter:data1\" content=\"fbf_admin\" \/>\n\t<meta name=\"twitter:label2\" content=\"Dur\u00e9e de lecture estim\u00e9e\" \/>\n\t<meta name=\"twitter:data2\" content=\"1 minute\" \/>\n<script type=\"application\/ld+json\" class=\"yoast-schema-graph\">{\"@context\":\"https:\/\/schema.org\",\"@graph\":[{\"@type\":\"WebPage\",\"@id\":\"https:\/\/www.fbf-bff.be\/fr\/accorhotels-vend-85-hotels-en-europe-a-un-nouveau-franchise\/\",\"url\":\"https:\/\/www.fbf-bff.be\/fr\/accorhotels-vend-85-hotels-en-europe-a-un-nouveau-franchise\/\",\"name\":\"AccorHotels vend 85 h\u00f4tels en Europe \u00e0 un nouveau franchis\u00e9 - F\u00e9d\u00e9ration Belge de la Franchise\",\"isPartOf\":{\"@id\":\"https:\/\/www.fbf-bff.be\/#website\"},\"datePublished\":\"2016-02-02T23:00:00+00:00\",\"dateModified\":\"2016-02-02T23:00:00+00:00\",\"author\":{\"@id\":\"https:\/\/www.fbf-bff.be\/#\/schema\/person\/73a9cbee87288cba2b06e3fc29244fe7\"},\"breadcrumb\":{\"@id\":\"https:\/\/www.fbf-bff.be\/fr\/accorhotels-vend-85-hotels-en-europe-a-un-nouveau-franchise\/#breadcrumb\"},\"inLanguage\":\"fr-FR\",\"potentialAction\":[{\"@type\":\"ReadAction\",\"target\":[\"https:\/\/www.fbf-bff.be\/fr\/accorhotels-vend-85-hotels-en-europe-a-un-nouveau-franchise\/\"]}]},{\"@type\":\"BreadcrumbList\",\"@id\":\"https:\/\/www.fbf-bff.be\/fr\/accorhotels-vend-85-hotels-en-europe-a-un-nouveau-franchise\/#breadcrumb\",\"itemListElement\":[{\"@type\":\"ListItem\",\"position\":1,\"name\":\"Home\",\"item\":\"https:\/\/www.fbf-bff.be\/fr\/\"},{\"@type\":\"ListItem\",\"position\":2,\"name\":\"AccorHotels vend 85 h\u00f4tels en Europe \u00e0 un nouveau franchis\u00e9\"}]},{\"@type\":\"WebSite\",\"@id\":\"https:\/\/www.fbf-bff.be\/#website\",\"url\":\"https:\/\/www.fbf-bff.be\/\",\"name\":\"F\u00e9d\u00e9ration Belge de la Franchise\",\"description\":\"Pour r\u00e9ussir ensemblee\",\"potentialAction\":[{\"@type\":\"SearchAction\",\"target\":{\"@type\":\"EntryPoint\",\"urlTemplate\":\"https:\/\/www.fbf-bff.be\/?s={search_term_string}\"},\"query-input\":{\"@type\":\"PropertyValueSpecification\",\"valueRequired\":true,\"valueName\":\"search_term_string\"}}],\"inLanguage\":\"fr-FR\"},{\"@type\":\"Person\",\"@id\":\"https:\/\/www.fbf-bff.be\/#\/schema\/person\/73a9cbee87288cba2b06e3fc29244fe7\",\"name\":\"fbf_admin\",\"image\":{\"@type\":\"ImageObject\",\"inLanguage\":\"fr-FR\",\"@id\":\"https:\/\/www.fbf-bff.be\/#\/schema\/person\/image\/\",\"url\":\"https:\/\/secure.gravatar.com\/avatar\/20f6483dbe2a69e0999ddcdd1744b7f7?s=96&d=mm&r=g\",\"contentUrl\":\"https:\/\/secure.gravatar.com\/avatar\/20f6483dbe2a69e0999ddcdd1744b7f7?s=96&d=mm&r=g\",\"caption\":\"fbf_admin\"}}]}<\/script>\n<!-- \/ Yoast SEO plugin. -->","yoast_head_json":{"title":"AccorHotels vend 85 h\u00f4tels en Europe \u00e0 un nouveau franchis\u00e9 - F\u00e9d\u00e9ration Belge de la Franchise","robots":{"index":"index","follow":"follow","max-snippet":"max-snippet:-1","max-image-preview":"max-image-preview:large","max-video-preview":"max-video-preview:-1"},"canonical":"https:\/\/www.fbf-bff.be\/fr\/accorhotels-vend-85-hotels-en-europe-a-un-nouveau-franchise\/","og_locale":"fr_FR","og_type":"article","og_title":"AccorHotels vend 85 h\u00f4tels en Europe \u00e0 un nouveau franchis\u00e9 - F\u00e9d\u00e9ration Belge de la Franchise","og_description":"AccordHotels a annonc\u00e9 \u00e0 la fin de ce mois de janvier 2015, \u00eatre rentr\u00e9 en n\u00e9gociations exclusives pour la cession d'un portefeuille de 85 h\u00f4tels\u00a0en Europe, \u00e0 un nouvel op\u00e9rateur h\u00f4telier franchis\u00e9 pour un montant de 504 millions d'euros.","og_url":"https:\/\/www.fbf-bff.be\/fr\/accorhotels-vend-85-hotels-en-europe-a-un-nouveau-franchise\/","og_site_name":"F\u00e9d\u00e9ration Belge de la Franchise","article_published_time":"2016-02-02T23:00:00+00:00","og_image":[{"width":1200,"height":630,"url":"https:\/\/www.fbf-bff.be\/wp-content\/uploads\/2017\/06\/fbf-bff-fb-cover.jpg","type":"image\/jpeg"}],"author":"fbf_admin","twitter_card":"summary_large_image","twitter_misc":{"\u00c9crit par":"fbf_admin","Dur\u00e9e de lecture estim\u00e9e":"1 minute"},"schema":{"@context":"https:\/\/schema.org","@graph":[{"@type":"WebPage","@id":"https:\/\/www.fbf-bff.be\/fr\/accorhotels-vend-85-hotels-en-europe-a-un-nouveau-franchise\/","url":"https:\/\/www.fbf-bff.be\/fr\/accorhotels-vend-85-hotels-en-europe-a-un-nouveau-franchise\/","name":"AccorHotels vend 85 h\u00f4tels en Europe \u00e0 un nouveau franchis\u00e9 - F\u00e9d\u00e9ration Belge de la Franchise","isPartOf":{"@id":"https:\/\/www.fbf-bff.be\/#website"},"datePublished":"2016-02-02T23:00:00+00:00","dateModified":"2016-02-02T23:00:00+00:00","author":{"@id":"https:\/\/www.fbf-bff.be\/#\/schema\/person\/73a9cbee87288cba2b06e3fc29244fe7"},"breadcrumb":{"@id":"https:\/\/www.fbf-bff.be\/fr\/accorhotels-vend-85-hotels-en-europe-a-un-nouveau-franchise\/#breadcrumb"},"inLanguage":"fr-FR","potentialAction":[{"@type":"ReadAction","target":["https:\/\/www.fbf-bff.be\/fr\/accorhotels-vend-85-hotels-en-europe-a-un-nouveau-franchise\/"]}]},{"@type":"BreadcrumbList","@id":"https:\/\/www.fbf-bff.be\/fr\/accorhotels-vend-85-hotels-en-europe-a-un-nouveau-franchise\/#breadcrumb","itemListElement":[{"@type":"ListItem","position":1,"name":"Home","item":"https:\/\/www.fbf-bff.be\/fr\/"},{"@type":"ListItem","position":2,"name":"AccorHotels vend 85 h\u00f4tels en Europe \u00e0 un nouveau franchis\u00e9"}]},{"@type":"WebSite","@id":"https:\/\/www.fbf-bff.be\/#website","url":"https:\/\/www.fbf-bff.be\/","name":"F\u00e9d\u00e9ration Belge de la Franchise","description":"Pour r\u00e9ussir ensemblee","potentialAction":[{"@type":"SearchAction","target":{"@type":"EntryPoint","urlTemplate":"https:\/\/www.fbf-bff.be\/?s={search_term_string}"},"query-input":{"@type":"PropertyValueSpecification","valueRequired":true,"valueName":"search_term_string"}}],"inLanguage":"fr-FR"},{"@type":"Person","@id":"https:\/\/www.fbf-bff.be\/#\/schema\/person\/73a9cbee87288cba2b06e3fc29244fe7","name":"fbf_admin","image":{"@type":"ImageObject","inLanguage":"fr-FR","@id":"https:\/\/www.fbf-bff.be\/#\/schema\/person\/image\/","url":"https:\/\/secure.gravatar.com\/avatar\/20f6483dbe2a69e0999ddcdd1744b7f7?s=96&d=mm&r=g","contentUrl":"https:\/\/secure.gravatar.com\/avatar\/20f6483dbe2a69e0999ddcdd1744b7f7?s=96&d=mm&r=g","caption":"fbf_admin"}}]}},"_links":{"self":[{"href":"https:\/\/www.fbf-bff.be\/fr\/wp-json\/wp\/v2\/posts\/8051"}],"collection":[{"href":"https:\/\/www.fbf-bff.be\/fr\/wp-json\/wp\/v2\/posts"}],"about":[{"href":"https:\/\/www.fbf-bff.be\/fr\/wp-json\/wp\/v2\/types\/post"}],"author":[{"embeddable":true,"href":"https:\/\/www.fbf-bff.be\/fr\/wp-json\/wp\/v2\/users\/1"}],"replies":[{"embeddable":true,"href":"https:\/\/www.fbf-bff.be\/fr\/wp-json\/wp\/v2\/comments?post=8051"}],"version-history":[{"count":0,"href":"https:\/\/www.fbf-bff.be\/fr\/wp-json\/wp\/v2\/posts\/8051\/revisions"}],"wp:attachment":[{"href":"https:\/\/www.fbf-bff.be\/fr\/wp-json\/wp\/v2\/media?parent=8051"}],"wp:term":[{"taxonomy":"category","embeddable":true,"href":"https:\/\/www.fbf-bff.be\/fr\/wp-json\/wp\/v2\/categories?post=8051"},{"taxonomy":"post_tag","embeddable":true,"href":"https:\/\/www.fbf-bff.be\/fr\/wp-json\/wp\/v2\/tags?post=8051"}],"curies":[{"name":"wp","href":"https:\/\/api.w.org\/{rel}","templated":true}]}}