{"id":8047,"date":"2016-02-02T00:00:00","date_gmt":"2016-02-01T23:00:00","guid":{"rendered":"https:\/\/www.fbf-bff.be\/pano-present-aux-salons-a-paris-et-bruxelles\/"},"modified":"2016-02-02T00:00:00","modified_gmt":"2016-02-01T23:00:00","slug":"pano-present-aux-salons-a-paris-et-bruxelles","status":"publish","type":"post","link":"https:\/\/www.fbf-bff.be\/fr\/pano-present-aux-salons-a-paris-et-bruxelles\/","title":{"rendered":"Pano pr\u00e9sent aux salons \u00e0 Paris et Bruxelles"},"content":{"rendered":"Le 23\u00e8me Salon des Entrepreneurs de Paris ouvrira ses portes les 3 et 4 f\u00e9vrier au Palais des Congr\u00e8s, Porte Maillot.\u00a0<div>\u00a0<\/div><div>Pano, le leader europ\u00e9en de la signal\u00e9tique et de marquage publicitaire y participera. Ce salon est d\u00e9di\u00e9 aux cr\u00e9ateurs d\u2019entreprises, repreneurs, start up, dirigeants de Pme\/Pmi et franchiseurs.\u00a0<\/div><div>\u00a0<\/div><div>Pano a adopt\u00e9 \u00e0 la fin de l&rsquo;ann\u00e9e derni\u00e8re une nouvelle charte graphique et fait \u00e9voluer son identit\u00e9 visuelle avec comme signature \u00ab\u00a0Sign&rsquo;Service\u00a0\u00bb et Pano Boutique devenant simplement Pano, avec un design graphique minimaliste.<\/div><div>\u00a0<\/div><div>L&rsquo;enseigne sera \u00e9galement pr\u00e9sent en Belgique, au salon Franchising &amp; Partnership \u00a0de Bruxelles qui se tiendra sur le site de Tour &amp; Taxis les 16 et 17 mars 2016. \u00a0<\/div><div>\u00a0<\/div><div>L&rsquo;ann\u00e9e commence bien pour Pano en Belgique avec l&rsquo;ouverture d&rsquo;une nouvelle concession \u00e0 Laeken dans l&rsquo;agglom\u00e9ration bruxelloise dans le courant de ce mois de f\u00e9vrier et une seconde ouverture est \u00e9galement programm\u00e9e \u00e0 Namur mais \u00e0 une date encore incertaine \u00e0 ce jour, pour le mois de juin ou juillet.<\/div><div>\u00a0<\/div><div>Christophe Sironval, le master concessionnaire de l&rsquo;enseigne pour la Belgique et le Luxembourg, confirme \u00e9galement que deux autres candidats sont \u00e9galement en \u00ab\u00a0p\u00e9riode de validation\u00a0\u00bb pour de nouveaux points de vente dans le pays. Affaire \u00e0 suivre&#8230;<\/div><div>rl.<\/div>","protected":false},"excerpt":{"rendered":"<p>Le 23\u00e8me Salon des Entrepreneurs de Paris ouvrira ses portes les 3 et 4 f\u00e9vrier au Palais des Congr\u00e8s, Porte Maillot.\u00a0<\/p>\n<div>\u00a0<\/div>\n<div>Pano, le leader europ\u00e9en de la signal\u00e9tique et de marquage publicitaire y participera. Ce salon est d\u00e9di\u00e9 aux cr\u00e9ateurs d\u2019entreprises, repreneurs, start up, dirigeants de Pme\/Pmi et franchiseurs.<\/div>\n","protected":false},"author":1,"featured_media":0,"comment_status":"closed","ping_status":"open","sticky":false,"template":"","format":"standard","meta":{"ngg_post_thumbnail":0,"footnotes":""},"categories":[41],"tags":[],"acf":[],"yoast_head":"<!-- This site is optimized with the Yoast SEO plugin v23.5 - https:\/\/yoast.com\/wordpress\/plugins\/seo\/ -->\n<title>Pano pr\u00e9sent aux salons \u00e0 Paris et Bruxelles - F\u00e9d\u00e9ration Belge de la Franchise<\/title>\n<meta name=\"robots\" content=\"index, follow, max-snippet:-1, max-image-preview:large, max-video-preview:-1\" \/>\n<link rel=\"canonical\" href=\"https:\/\/www.fbf-bff.be\/fr\/pano-present-aux-salons-a-paris-et-bruxelles\/\" \/>\n<meta property=\"og:locale\" content=\"fr_FR\" \/>\n<meta property=\"og:type\" content=\"article\" \/>\n<meta property=\"og:title\" content=\"Pano pr\u00e9sent aux salons \u00e0 Paris et Bruxelles - F\u00e9d\u00e9ration Belge de la Franchise\" \/>\n<meta property=\"og:description\" content=\"Le 23\u00e8me Salon des Entrepreneurs de Paris ouvrira ses portes les 3 et 4 f\u00e9vrier au Palais des Congr\u00e8s, Porte Maillot.\u00a0\u00a0Pano, le leader europ\u00e9en de la signal\u00e9tique et de marquage publicitaire y participera. Ce salon est d\u00e9di\u00e9 aux cr\u00e9ateurs d\u2019entreprises, repreneurs, start up, dirigeants de Pme\/Pmi et franchiseurs.\" \/>\n<meta property=\"og:url\" content=\"https:\/\/www.fbf-bff.be\/fr\/pano-present-aux-salons-a-paris-et-bruxelles\/\" \/>\n<meta property=\"og:site_name\" content=\"F\u00e9d\u00e9ration Belge de la Franchise\" \/>\n<meta property=\"article:published_time\" content=\"2016-02-01T23:00:00+00:00\" \/>\n<meta property=\"og:image\" content=\"https:\/\/www.fbf-bff.be\/wp-content\/uploads\/2017\/06\/fbf-bff-fb-cover.jpg\" \/>\n\t<meta property=\"og:image:width\" content=\"1200\" \/>\n\t<meta property=\"og:image:height\" content=\"630\" \/>\n\t<meta property=\"og:image:type\" content=\"image\/jpeg\" \/>\n<meta name=\"author\" content=\"fbf_admin\" \/>\n<meta name=\"twitter:card\" content=\"summary_large_image\" \/>\n<meta name=\"twitter:label1\" content=\"\u00c9crit par\" \/>\n\t<meta name=\"twitter:data1\" content=\"fbf_admin\" \/>\n\t<meta name=\"twitter:label2\" content=\"Dur\u00e9e de lecture estim\u00e9e\" \/>\n\t<meta name=\"twitter:data2\" content=\"1 minute\" \/>\n<script type=\"application\/ld+json\" class=\"yoast-schema-graph\">{\"@context\":\"https:\/\/schema.org\",\"@graph\":[{\"@type\":\"WebPage\",\"@id\":\"https:\/\/www.fbf-bff.be\/fr\/pano-present-aux-salons-a-paris-et-bruxelles\/\",\"url\":\"https:\/\/www.fbf-bff.be\/fr\/pano-present-aux-salons-a-paris-et-bruxelles\/\",\"name\":\"Pano pr\u00e9sent aux salons \u00e0 Paris et Bruxelles - F\u00e9d\u00e9ration Belge de la Franchise\",\"isPartOf\":{\"@id\":\"https:\/\/www.fbf-bff.be\/#website\"},\"datePublished\":\"2016-02-01T23:00:00+00:00\",\"dateModified\":\"2016-02-01T23:00:00+00:00\",\"author\":{\"@id\":\"https:\/\/www.fbf-bff.be\/#\/schema\/person\/73a9cbee87288cba2b06e3fc29244fe7\"},\"breadcrumb\":{\"@id\":\"https:\/\/www.fbf-bff.be\/fr\/pano-present-aux-salons-a-paris-et-bruxelles\/#breadcrumb\"},\"inLanguage\":\"fr-FR\",\"potentialAction\":[{\"@type\":\"ReadAction\",\"target\":[\"https:\/\/www.fbf-bff.be\/fr\/pano-present-aux-salons-a-paris-et-bruxelles\/\"]}]},{\"@type\":\"BreadcrumbList\",\"@id\":\"https:\/\/www.fbf-bff.be\/fr\/pano-present-aux-salons-a-paris-et-bruxelles\/#breadcrumb\",\"itemListElement\":[{\"@type\":\"ListItem\",\"position\":1,\"name\":\"Home\",\"item\":\"https:\/\/www.fbf-bff.be\/fr\/\"},{\"@type\":\"ListItem\",\"position\":2,\"name\":\"Pano pr\u00e9sent aux salons \u00e0 Paris et Bruxelles\"}]},{\"@type\":\"WebSite\",\"@id\":\"https:\/\/www.fbf-bff.be\/#website\",\"url\":\"https:\/\/www.fbf-bff.be\/\",\"name\":\"F\u00e9d\u00e9ration Belge de la Franchise\",\"description\":\"Pour r\u00e9ussir ensemblee\",\"potentialAction\":[{\"@type\":\"SearchAction\",\"target\":{\"@type\":\"EntryPoint\",\"urlTemplate\":\"https:\/\/www.fbf-bff.be\/?s={search_term_string}\"},\"query-input\":{\"@type\":\"PropertyValueSpecification\",\"valueRequired\":true,\"valueName\":\"search_term_string\"}}],\"inLanguage\":\"fr-FR\"},{\"@type\":\"Person\",\"@id\":\"https:\/\/www.fbf-bff.be\/#\/schema\/person\/73a9cbee87288cba2b06e3fc29244fe7\",\"name\":\"fbf_admin\",\"image\":{\"@type\":\"ImageObject\",\"inLanguage\":\"fr-FR\",\"@id\":\"https:\/\/www.fbf-bff.be\/#\/schema\/person\/image\/\",\"url\":\"https:\/\/secure.gravatar.com\/avatar\/20f6483dbe2a69e0999ddcdd1744b7f7?s=96&d=mm&r=g\",\"contentUrl\":\"https:\/\/secure.gravatar.com\/avatar\/20f6483dbe2a69e0999ddcdd1744b7f7?s=96&d=mm&r=g\",\"caption\":\"fbf_admin\"}}]}<\/script>\n<!-- \/ Yoast SEO plugin. -->","yoast_head_json":{"title":"Pano pr\u00e9sent aux salons \u00e0 Paris et Bruxelles - F\u00e9d\u00e9ration Belge de la Franchise","robots":{"index":"index","follow":"follow","max-snippet":"max-snippet:-1","max-image-preview":"max-image-preview:large","max-video-preview":"max-video-preview:-1"},"canonical":"https:\/\/www.fbf-bff.be\/fr\/pano-present-aux-salons-a-paris-et-bruxelles\/","og_locale":"fr_FR","og_type":"article","og_title":"Pano pr\u00e9sent aux salons \u00e0 Paris et Bruxelles - F\u00e9d\u00e9ration Belge de la Franchise","og_description":"Le 23\u00e8me Salon des Entrepreneurs de Paris ouvrira ses portes les 3 et 4 f\u00e9vrier au Palais des Congr\u00e8s, Porte Maillot.\u00a0\u00a0Pano, le leader europ\u00e9en de la signal\u00e9tique et de marquage publicitaire y participera. Ce salon est d\u00e9di\u00e9 aux cr\u00e9ateurs d\u2019entreprises, repreneurs, start up, dirigeants de Pme\/Pmi et franchiseurs.","og_url":"https:\/\/www.fbf-bff.be\/fr\/pano-present-aux-salons-a-paris-et-bruxelles\/","og_site_name":"F\u00e9d\u00e9ration Belge de la Franchise","article_published_time":"2016-02-01T23:00:00+00:00","og_image":[{"width":1200,"height":630,"url":"https:\/\/www.fbf-bff.be\/wp-content\/uploads\/2017\/06\/fbf-bff-fb-cover.jpg","type":"image\/jpeg"}],"author":"fbf_admin","twitter_card":"summary_large_image","twitter_misc":{"\u00c9crit par":"fbf_admin","Dur\u00e9e de lecture estim\u00e9e":"1 minute"},"schema":{"@context":"https:\/\/schema.org","@graph":[{"@type":"WebPage","@id":"https:\/\/www.fbf-bff.be\/fr\/pano-present-aux-salons-a-paris-et-bruxelles\/","url":"https:\/\/www.fbf-bff.be\/fr\/pano-present-aux-salons-a-paris-et-bruxelles\/","name":"Pano pr\u00e9sent aux salons \u00e0 Paris et Bruxelles - F\u00e9d\u00e9ration Belge de la Franchise","isPartOf":{"@id":"https:\/\/www.fbf-bff.be\/#website"},"datePublished":"2016-02-01T23:00:00+00:00","dateModified":"2016-02-01T23:00:00+00:00","author":{"@id":"https:\/\/www.fbf-bff.be\/#\/schema\/person\/73a9cbee87288cba2b06e3fc29244fe7"},"breadcrumb":{"@id":"https:\/\/www.fbf-bff.be\/fr\/pano-present-aux-salons-a-paris-et-bruxelles\/#breadcrumb"},"inLanguage":"fr-FR","potentialAction":[{"@type":"ReadAction","target":["https:\/\/www.fbf-bff.be\/fr\/pano-present-aux-salons-a-paris-et-bruxelles\/"]}]},{"@type":"BreadcrumbList","@id":"https:\/\/www.fbf-bff.be\/fr\/pano-present-aux-salons-a-paris-et-bruxelles\/#breadcrumb","itemListElement":[{"@type":"ListItem","position":1,"name":"Home","item":"https:\/\/www.fbf-bff.be\/fr\/"},{"@type":"ListItem","position":2,"name":"Pano pr\u00e9sent aux salons \u00e0 Paris et Bruxelles"}]},{"@type":"WebSite","@id":"https:\/\/www.fbf-bff.be\/#website","url":"https:\/\/www.fbf-bff.be\/","name":"F\u00e9d\u00e9ration Belge de la Franchise","description":"Pour r\u00e9ussir ensemblee","potentialAction":[{"@type":"SearchAction","target":{"@type":"EntryPoint","urlTemplate":"https:\/\/www.fbf-bff.be\/?s={search_term_string}"},"query-input":{"@type":"PropertyValueSpecification","valueRequired":true,"valueName":"search_term_string"}}],"inLanguage":"fr-FR"},{"@type":"Person","@id":"https:\/\/www.fbf-bff.be\/#\/schema\/person\/73a9cbee87288cba2b06e3fc29244fe7","name":"fbf_admin","image":{"@type":"ImageObject","inLanguage":"fr-FR","@id":"https:\/\/www.fbf-bff.be\/#\/schema\/person\/image\/","url":"https:\/\/secure.gravatar.com\/avatar\/20f6483dbe2a69e0999ddcdd1744b7f7?s=96&d=mm&r=g","contentUrl":"https:\/\/secure.gravatar.com\/avatar\/20f6483dbe2a69e0999ddcdd1744b7f7?s=96&d=mm&r=g","caption":"fbf_admin"}}]}},"_links":{"self":[{"href":"https:\/\/www.fbf-bff.be\/fr\/wp-json\/wp\/v2\/posts\/8047"}],"collection":[{"href":"https:\/\/www.fbf-bff.be\/fr\/wp-json\/wp\/v2\/posts"}],"about":[{"href":"https:\/\/www.fbf-bff.be\/fr\/wp-json\/wp\/v2\/types\/post"}],"author":[{"embeddable":true,"href":"https:\/\/www.fbf-bff.be\/fr\/wp-json\/wp\/v2\/users\/1"}],"replies":[{"embeddable":true,"href":"https:\/\/www.fbf-bff.be\/fr\/wp-json\/wp\/v2\/comments?post=8047"}],"version-history":[{"count":0,"href":"https:\/\/www.fbf-bff.be\/fr\/wp-json\/wp\/v2\/posts\/8047\/revisions"}],"wp:attachment":[{"href":"https:\/\/www.fbf-bff.be\/fr\/wp-json\/wp\/v2\/media?parent=8047"}],"wp:term":[{"taxonomy":"category","embeddable":true,"href":"https:\/\/www.fbf-bff.be\/fr\/wp-json\/wp\/v2\/categories?post=8047"},{"taxonomy":"post_tag","embeddable":true,"href":"https:\/\/www.fbf-bff.be\/fr\/wp-json\/wp\/v2\/tags?post=8047"}],"curies":[{"name":"wp","href":"https:\/\/api.w.org\/{rel}","templated":true}]}}