{"id":8033,"date":"2016-01-20T00:00:00","date_gmt":"2016-01-19T23:00:00","guid":{"rendered":"https:\/\/www.fbf-bff.be\/vie-en-rose-pour-orchestra-premaman\/"},"modified":"2016-01-20T00:00:00","modified_gmt":"2016-01-19T23:00:00","slug":"vie-en-rose-pour-orchestra-premaman","status":"publish","type":"post","link":"https:\/\/www.fbf-bff.be\/fr\/vie-en-rose-pour-orchestra-premaman\/","title":{"rendered":"Vie en rose pour Orchestra-Pr\u00e9maman"},"content":{"rendered":"L&rsquo;enseigne fran\u00e7aise Orchestra-Pr\u00e9maman se porte \u00e0 merveille \u00e0 la lecture de ses r\u00e9sultats pour le 3\u00e8me trimestre et des 9 premiers mois de l&rsquo;exercice 2015-2016.<div>\u00a0<\/div><div><span style=\"font-weight: bold\">Troisi\u00e8me trimestre (1er septembre &#8211; 30 novembre 2105)<\/span><\/div><div>\u00a0<\/div><div>Le chiffre d&rsquo;affaires consolid\u00e9 a atteint \u20ac 154,1 millions, en hausse de 11,8% par rapport \u00e0 celui de la m\u00eame p\u00e9riode de l&rsquo;exercice pr\u00e9c\u00e9dent. L&rsquo;activit\u00e9 en France (64,3% du chiffre d&rsquo;affaires) progresse de 10,9% et de 31% \u00e0 l&rsquo;international (35,7%).<\/div><div>\u00a0<\/div><div>L&rsquo;activit\u00e9 des succursales (52,9% du C.A) est en croissance de 23,4% et celle des affili\u00e9s-commissionnaires (42,2% du CA.) en hausse de 11,3%.<\/div><div>\u00a0<\/div><div><span style=\"font-weight: bold\">Neuf premiers mois de l&rsquo;exercice (1er mars au 30 novembre 2015)<\/span><\/div><div>\u00a0<\/div><div>Le chiffre d&rsquo;affaires consolid\u00e9 \u00a0de la p\u00e9riode a atteint \u20ac 426,9 millions en hausse de 10,3% par rapport au chiffre d&rsquo;affaires de la m\u00eame p\u00e9riode de l&rsquo;exercice pr\u00e9c\u00e9dent.<\/div><div>\u00a0<\/div><div>L&rsquo;activit\u00e9 en France (64,5% du C.A.) a progress\u00e9 de 9,2% et de 36,5% \u00e0 l&rsquo;international qui repr\u00e9sente 43% du chiffre d&rsquo;affaires consolid\u00e9 de la p\u00e9riode.<\/div><div>\u00a0<\/div><div>Le nombre de magasins (succursales et commissions-affiliations) a augment\u00e9 de 26 unit\u00e9s sur les 9 mois pour atteindre 557 points de vente dont 125 (22,4%) sont exploit\u00e9s sous forme de franchises ou de magasins multimarques. La surface de ventes de ces 557 points de vente repr\u00e9sente 261.000 m\u00b2 apr\u00e8s la cr\u00e9ation de 41.000 m\u00b2 suppl\u00e9mentaires sur la p\u00e9riode?<\/div><div>\u00a0<\/div><div>La tendance continue \u00e0 \u00e9voluer vers des magasins de plus grande taille comme celui de Zaventem, dans lequel on trouve sous le m\u00eame toit la pu\u00e9riculture, la maternit\u00e9 et le v\u00eatement pour enfants et m\u00eame des jouets.<\/div><div>\u00a0<\/div><div>Au \u00a0cours de cette p\u00e9riode, 73 magasins belges ont \u00e9t\u00e9 ferm\u00e9 suite aux chevauchements cons\u00e9cutifs aux rachats successifs en 2013 des r\u00e9seaux Pr\u00e9maman et \u00a0Baby 2000 (6 magasins) et en 2014 des 21 magasins de Home-Market.<\/div><div><br><\/div>","protected":false},"excerpt":{"rendered":"<p>L&rsquo;enseigne fran\u00e7aise Orchestra-Pr\u00e9maman se porte \u00e0 merveille \u00e0 la lecture de ses r\u00e9sultats pour le 3\u00e8me trimestre et des 9 premiers mois de l&rsquo;exercice 2015-2016.<\/p>\n","protected":false},"author":1,"featured_media":0,"comment_status":"closed","ping_status":"open","sticky":false,"template":"","format":"standard","meta":{"ngg_post_thumbnail":0,"footnotes":""},"categories":[41],"tags":[],"acf":[],"yoast_head":"<!-- This site is optimized with the Yoast SEO plugin v23.5 - https:\/\/yoast.com\/wordpress\/plugins\/seo\/ -->\n<title>Vie en rose pour Orchestra-Pr\u00e9maman - F\u00e9d\u00e9ration Belge de la Franchise<\/title>\n<meta name=\"robots\" content=\"index, follow, max-snippet:-1, max-image-preview:large, max-video-preview:-1\" \/>\n<link rel=\"canonical\" href=\"https:\/\/www.fbf-bff.be\/fr\/vie-en-rose-pour-orchestra-premaman\/\" \/>\n<meta property=\"og:locale\" content=\"fr_FR\" \/>\n<meta property=\"og:type\" content=\"article\" \/>\n<meta property=\"og:title\" content=\"Vie en rose pour Orchestra-Pr\u00e9maman - F\u00e9d\u00e9ration Belge de la Franchise\" \/>\n<meta property=\"og:description\" content=\"L&#039;enseigne fran\u00e7aise Orchestra-Pr\u00e9maman se porte \u00e0 merveille \u00e0 la lecture de ses r\u00e9sultats pour le 3\u00e8me trimestre et des 9 premiers mois de l&#039;exercice 2015-2016.\" \/>\n<meta property=\"og:url\" content=\"https:\/\/www.fbf-bff.be\/fr\/vie-en-rose-pour-orchestra-premaman\/\" \/>\n<meta property=\"og:site_name\" content=\"F\u00e9d\u00e9ration Belge de la Franchise\" \/>\n<meta property=\"article:published_time\" content=\"2016-01-19T23:00:00+00:00\" \/>\n<meta property=\"og:image\" content=\"https:\/\/www.fbf-bff.be\/wp-content\/uploads\/2017\/06\/fbf-bff-fb-cover.jpg\" \/>\n\t<meta property=\"og:image:width\" content=\"1200\" \/>\n\t<meta property=\"og:image:height\" content=\"630\" \/>\n\t<meta property=\"og:image:type\" content=\"image\/jpeg\" \/>\n<meta name=\"author\" content=\"fbf_admin\" \/>\n<meta name=\"twitter:card\" content=\"summary_large_image\" \/>\n<meta name=\"twitter:label1\" content=\"\u00c9crit par\" \/>\n\t<meta name=\"twitter:data1\" content=\"fbf_admin\" \/>\n\t<meta name=\"twitter:label2\" content=\"Dur\u00e9e de lecture estim\u00e9e\" \/>\n\t<meta name=\"twitter:data2\" content=\"1 minute\" \/>\n<script type=\"application\/ld+json\" class=\"yoast-schema-graph\">{\"@context\":\"https:\/\/schema.org\",\"@graph\":[{\"@type\":\"WebPage\",\"@id\":\"https:\/\/www.fbf-bff.be\/fr\/vie-en-rose-pour-orchestra-premaman\/\",\"url\":\"https:\/\/www.fbf-bff.be\/fr\/vie-en-rose-pour-orchestra-premaman\/\",\"name\":\"Vie en rose pour Orchestra-Pr\u00e9maman - F\u00e9d\u00e9ration Belge de la Franchise\",\"isPartOf\":{\"@id\":\"https:\/\/www.fbf-bff.be\/#website\"},\"datePublished\":\"2016-01-19T23:00:00+00:00\",\"dateModified\":\"2016-01-19T23:00:00+00:00\",\"author\":{\"@id\":\"https:\/\/www.fbf-bff.be\/#\/schema\/person\/73a9cbee87288cba2b06e3fc29244fe7\"},\"breadcrumb\":{\"@id\":\"https:\/\/www.fbf-bff.be\/fr\/vie-en-rose-pour-orchestra-premaman\/#breadcrumb\"},\"inLanguage\":\"fr-FR\",\"potentialAction\":[{\"@type\":\"ReadAction\",\"target\":[\"https:\/\/www.fbf-bff.be\/fr\/vie-en-rose-pour-orchestra-premaman\/\"]}]},{\"@type\":\"BreadcrumbList\",\"@id\":\"https:\/\/www.fbf-bff.be\/fr\/vie-en-rose-pour-orchestra-premaman\/#breadcrumb\",\"itemListElement\":[{\"@type\":\"ListItem\",\"position\":1,\"name\":\"Home\",\"item\":\"https:\/\/www.fbf-bff.be\/fr\/\"},{\"@type\":\"ListItem\",\"position\":2,\"name\":\"Vie en rose pour Orchestra-Pr\u00e9maman\"}]},{\"@type\":\"WebSite\",\"@id\":\"https:\/\/www.fbf-bff.be\/#website\",\"url\":\"https:\/\/www.fbf-bff.be\/\",\"name\":\"F\u00e9d\u00e9ration Belge de la Franchise\",\"description\":\"Pour r\u00e9ussir ensemblee\",\"potentialAction\":[{\"@type\":\"SearchAction\",\"target\":{\"@type\":\"EntryPoint\",\"urlTemplate\":\"https:\/\/www.fbf-bff.be\/?s={search_term_string}\"},\"query-input\":{\"@type\":\"PropertyValueSpecification\",\"valueRequired\":true,\"valueName\":\"search_term_string\"}}],\"inLanguage\":\"fr-FR\"},{\"@type\":\"Person\",\"@id\":\"https:\/\/www.fbf-bff.be\/#\/schema\/person\/73a9cbee87288cba2b06e3fc29244fe7\",\"name\":\"fbf_admin\",\"image\":{\"@type\":\"ImageObject\",\"inLanguage\":\"fr-FR\",\"@id\":\"https:\/\/www.fbf-bff.be\/#\/schema\/person\/image\/\",\"url\":\"https:\/\/secure.gravatar.com\/avatar\/20f6483dbe2a69e0999ddcdd1744b7f7?s=96&d=mm&r=g\",\"contentUrl\":\"https:\/\/secure.gravatar.com\/avatar\/20f6483dbe2a69e0999ddcdd1744b7f7?s=96&d=mm&r=g\",\"caption\":\"fbf_admin\"}}]}<\/script>\n<!-- \/ Yoast SEO plugin. -->","yoast_head_json":{"title":"Vie en rose pour Orchestra-Pr\u00e9maman - F\u00e9d\u00e9ration Belge de la Franchise","robots":{"index":"index","follow":"follow","max-snippet":"max-snippet:-1","max-image-preview":"max-image-preview:large","max-video-preview":"max-video-preview:-1"},"canonical":"https:\/\/www.fbf-bff.be\/fr\/vie-en-rose-pour-orchestra-premaman\/","og_locale":"fr_FR","og_type":"article","og_title":"Vie en rose pour Orchestra-Pr\u00e9maman - F\u00e9d\u00e9ration Belge de la Franchise","og_description":"L'enseigne fran\u00e7aise Orchestra-Pr\u00e9maman se porte \u00e0 merveille \u00e0 la lecture de ses r\u00e9sultats pour le 3\u00e8me trimestre et des 9 premiers mois de l'exercice 2015-2016.","og_url":"https:\/\/www.fbf-bff.be\/fr\/vie-en-rose-pour-orchestra-premaman\/","og_site_name":"F\u00e9d\u00e9ration Belge de la Franchise","article_published_time":"2016-01-19T23:00:00+00:00","og_image":[{"width":1200,"height":630,"url":"https:\/\/www.fbf-bff.be\/wp-content\/uploads\/2017\/06\/fbf-bff-fb-cover.jpg","type":"image\/jpeg"}],"author":"fbf_admin","twitter_card":"summary_large_image","twitter_misc":{"\u00c9crit par":"fbf_admin","Dur\u00e9e de lecture estim\u00e9e":"1 minute"},"schema":{"@context":"https:\/\/schema.org","@graph":[{"@type":"WebPage","@id":"https:\/\/www.fbf-bff.be\/fr\/vie-en-rose-pour-orchestra-premaman\/","url":"https:\/\/www.fbf-bff.be\/fr\/vie-en-rose-pour-orchestra-premaman\/","name":"Vie en rose pour Orchestra-Pr\u00e9maman - F\u00e9d\u00e9ration Belge de la Franchise","isPartOf":{"@id":"https:\/\/www.fbf-bff.be\/#website"},"datePublished":"2016-01-19T23:00:00+00:00","dateModified":"2016-01-19T23:00:00+00:00","author":{"@id":"https:\/\/www.fbf-bff.be\/#\/schema\/person\/73a9cbee87288cba2b06e3fc29244fe7"},"breadcrumb":{"@id":"https:\/\/www.fbf-bff.be\/fr\/vie-en-rose-pour-orchestra-premaman\/#breadcrumb"},"inLanguage":"fr-FR","potentialAction":[{"@type":"ReadAction","target":["https:\/\/www.fbf-bff.be\/fr\/vie-en-rose-pour-orchestra-premaman\/"]}]},{"@type":"BreadcrumbList","@id":"https:\/\/www.fbf-bff.be\/fr\/vie-en-rose-pour-orchestra-premaman\/#breadcrumb","itemListElement":[{"@type":"ListItem","position":1,"name":"Home","item":"https:\/\/www.fbf-bff.be\/fr\/"},{"@type":"ListItem","position":2,"name":"Vie en rose pour Orchestra-Pr\u00e9maman"}]},{"@type":"WebSite","@id":"https:\/\/www.fbf-bff.be\/#website","url":"https:\/\/www.fbf-bff.be\/","name":"F\u00e9d\u00e9ration Belge de la Franchise","description":"Pour r\u00e9ussir ensemblee","potentialAction":[{"@type":"SearchAction","target":{"@type":"EntryPoint","urlTemplate":"https:\/\/www.fbf-bff.be\/?s={search_term_string}"},"query-input":{"@type":"PropertyValueSpecification","valueRequired":true,"valueName":"search_term_string"}}],"inLanguage":"fr-FR"},{"@type":"Person","@id":"https:\/\/www.fbf-bff.be\/#\/schema\/person\/73a9cbee87288cba2b06e3fc29244fe7","name":"fbf_admin","image":{"@type":"ImageObject","inLanguage":"fr-FR","@id":"https:\/\/www.fbf-bff.be\/#\/schema\/person\/image\/","url":"https:\/\/secure.gravatar.com\/avatar\/20f6483dbe2a69e0999ddcdd1744b7f7?s=96&d=mm&r=g","contentUrl":"https:\/\/secure.gravatar.com\/avatar\/20f6483dbe2a69e0999ddcdd1744b7f7?s=96&d=mm&r=g","caption":"fbf_admin"}}]}},"_links":{"self":[{"href":"https:\/\/www.fbf-bff.be\/fr\/wp-json\/wp\/v2\/posts\/8033"}],"collection":[{"href":"https:\/\/www.fbf-bff.be\/fr\/wp-json\/wp\/v2\/posts"}],"about":[{"href":"https:\/\/www.fbf-bff.be\/fr\/wp-json\/wp\/v2\/types\/post"}],"author":[{"embeddable":true,"href":"https:\/\/www.fbf-bff.be\/fr\/wp-json\/wp\/v2\/users\/1"}],"replies":[{"embeddable":true,"href":"https:\/\/www.fbf-bff.be\/fr\/wp-json\/wp\/v2\/comments?post=8033"}],"version-history":[{"count":0,"href":"https:\/\/www.fbf-bff.be\/fr\/wp-json\/wp\/v2\/posts\/8033\/revisions"}],"wp:attachment":[{"href":"https:\/\/www.fbf-bff.be\/fr\/wp-json\/wp\/v2\/media?parent=8033"}],"wp:term":[{"taxonomy":"category","embeddable":true,"href":"https:\/\/www.fbf-bff.be\/fr\/wp-json\/wp\/v2\/categories?post=8033"},{"taxonomy":"post_tag","embeddable":true,"href":"https:\/\/www.fbf-bff.be\/fr\/wp-json\/wp\/v2\/tags?post=8033"}],"curies":[{"name":"wp","href":"https:\/\/api.w.org\/{rel}","templated":true}]}}