{"id":8032,"date":"2016-01-20T00:00:00","date_gmt":"2016-01-19T23:00:00","guid":{"rendered":"https:\/\/www.fbf-bff.be\/bureau-vallee-25-ans-apres-retour-sur-les-origines\/"},"modified":"2016-01-20T00:00:00","modified_gmt":"2016-01-19T23:00:00","slug":"bureau-vallee-25-ans-apres-retour-sur-les-origines","status":"publish","type":"post","link":"https:\/\/www.fbf-bff.be\/fr\/bureau-vallee-25-ans-apres-retour-sur-les-origines\/","title":{"rendered":"Bureau Vall\u00e9e : 25 ans apr\u00e8s, retour sur les origines"},"content":{"rendered":"Voil\u00e0 un quart de si\u00e8cle que le r\u00e9seau sp\u00e9cialis\u00e9 dans les fournitures de bureau et la papeterie discount se d\u00e9veloppe en France. L\u2019id\u00e9e de cr\u00e9er ce\u00a0concept\u00a0a en effet germ\u00e9 dans l\u2019esprit de son fondateur, Bruno Peyroles, en 1988.\u00a0<div><br><\/div><div>Apr\u00e8s un voyage aux Etats-Unis, ce directeur d\u2019hypermarch\u00e9\u00a0a eu l\u2019envie un concept qui avait le vent en poupe aux USA : le supermarch\u00e9 de fournitures de bureau.\u00a0\u00ab\u00a0Ce qui m\u2019y a plu, c\u2019\u00e9tait la conjonction d\u2019un m\u00e9tier de distribution en grande surface, que je connaissais, et du produit de la papeterie pour lequel enfant d\u00e9j\u00e0, j\u2019avais une r\u00e9elle attirance\u00a0\u00bb, explique-t-il.<\/div><div><br><\/div><div>En 1990, il ouvre son premier magasin Bureau Vall\u00e9e\u00a0\u00e0 Maurepas, dans les Yvelines, et se tourne rapidement vers la franchise pour acc\u00e9l\u00e9rer le d\u00e9veloppement de sa jeune enseigne.<\/div><div><br><\/div><div>Aujourd\u2019hui, ce r\u00e9seau est exploit\u00e9 en propre et en franchise et compte 260 magasins\u00a0r\u00e9partis entre France et l\u2019\u00e9tranger dont en Belgique avec\u00a03 magasins franchis\u00e9s en Belgique \u00e0 Verviers, Bastogne et Mons.<\/div>","protected":false},"excerpt":{"rendered":"<p>Voil\u00e0 un quart de si\u00e8cle que le r\u00e9seau sp\u00e9cialis\u00e9 dans les fournitures de bureau et la papeterie discount se d\u00e9veloppe en France. L\u2019id\u00e9e de cr\u00e9er ce concept a en effet germ\u00e9 dans l\u2019esprit de son fondateur, Bruno Peyroles, en 1988.\u00a0<\/p>\n","protected":false},"author":1,"featured_media":0,"comment_status":"closed","ping_status":"open","sticky":false,"template":"","format":"standard","meta":{"ngg_post_thumbnail":0,"footnotes":""},"categories":[41],"tags":[],"acf":[],"yoast_head":"<!-- This site is optimized with the Yoast SEO plugin v23.5 - https:\/\/yoast.com\/wordpress\/plugins\/seo\/ -->\n<title>Bureau Vall\u00e9e : 25 ans apr\u00e8s, retour sur les origines - F\u00e9d\u00e9ration Belge de la Franchise<\/title>\n<meta name=\"robots\" content=\"index, follow, max-snippet:-1, max-image-preview:large, max-video-preview:-1\" \/>\n<link rel=\"canonical\" href=\"https:\/\/www.fbf-bff.be\/fr\/bureau-vallee-25-ans-apres-retour-sur-les-origines\/\" \/>\n<meta property=\"og:locale\" content=\"fr_FR\" \/>\n<meta property=\"og:type\" content=\"article\" \/>\n<meta property=\"og:title\" content=\"Bureau Vall\u00e9e : 25 ans apr\u00e8s, retour sur les origines - F\u00e9d\u00e9ration Belge de la Franchise\" \/>\n<meta property=\"og:description\" content=\"Voil\u00e0 un quart de si\u00e8cle que le r\u00e9seau sp\u00e9cialis\u00e9 dans les fournitures de bureau et la papeterie discount se d\u00e9veloppe en France. L\u2019id\u00e9e de cr\u00e9er ce concept a en effet germ\u00e9 dans l\u2019esprit de son fondateur, Bruno Peyroles, en 1988.\u00a0\" \/>\n<meta property=\"og:url\" content=\"https:\/\/www.fbf-bff.be\/fr\/bureau-vallee-25-ans-apres-retour-sur-les-origines\/\" \/>\n<meta property=\"og:site_name\" content=\"F\u00e9d\u00e9ration Belge de la Franchise\" \/>\n<meta property=\"article:published_time\" content=\"2016-01-19T23:00:00+00:00\" \/>\n<meta property=\"og:image\" content=\"https:\/\/www.fbf-bff.be\/wp-content\/uploads\/2017\/06\/fbf-bff-fb-cover.jpg\" \/>\n\t<meta property=\"og:image:width\" content=\"1200\" \/>\n\t<meta property=\"og:image:height\" content=\"630\" \/>\n\t<meta property=\"og:image:type\" content=\"image\/jpeg\" \/>\n<meta name=\"author\" content=\"fbf_admin\" \/>\n<meta name=\"twitter:card\" content=\"summary_large_image\" \/>\n<meta name=\"twitter:label1\" content=\"\u00c9crit par\" \/>\n\t<meta name=\"twitter:data1\" content=\"fbf_admin\" \/>\n\t<meta name=\"twitter:label2\" content=\"Dur\u00e9e de lecture estim\u00e9e\" \/>\n\t<meta name=\"twitter:data2\" content=\"1 minute\" \/>\n<script type=\"application\/ld+json\" class=\"yoast-schema-graph\">{\"@context\":\"https:\/\/schema.org\",\"@graph\":[{\"@type\":\"WebPage\",\"@id\":\"https:\/\/www.fbf-bff.be\/fr\/bureau-vallee-25-ans-apres-retour-sur-les-origines\/\",\"url\":\"https:\/\/www.fbf-bff.be\/fr\/bureau-vallee-25-ans-apres-retour-sur-les-origines\/\",\"name\":\"Bureau Vall\u00e9e : 25 ans apr\u00e8s, retour sur les origines - F\u00e9d\u00e9ration Belge de la Franchise\",\"isPartOf\":{\"@id\":\"https:\/\/www.fbf-bff.be\/#website\"},\"datePublished\":\"2016-01-19T23:00:00+00:00\",\"dateModified\":\"2016-01-19T23:00:00+00:00\",\"author\":{\"@id\":\"https:\/\/www.fbf-bff.be\/#\/schema\/person\/73a9cbee87288cba2b06e3fc29244fe7\"},\"breadcrumb\":{\"@id\":\"https:\/\/www.fbf-bff.be\/fr\/bureau-vallee-25-ans-apres-retour-sur-les-origines\/#breadcrumb\"},\"inLanguage\":\"fr-FR\",\"potentialAction\":[{\"@type\":\"ReadAction\",\"target\":[\"https:\/\/www.fbf-bff.be\/fr\/bureau-vallee-25-ans-apres-retour-sur-les-origines\/\"]}]},{\"@type\":\"BreadcrumbList\",\"@id\":\"https:\/\/www.fbf-bff.be\/fr\/bureau-vallee-25-ans-apres-retour-sur-les-origines\/#breadcrumb\",\"itemListElement\":[{\"@type\":\"ListItem\",\"position\":1,\"name\":\"Home\",\"item\":\"https:\/\/www.fbf-bff.be\/fr\/\"},{\"@type\":\"ListItem\",\"position\":2,\"name\":\"Bureau Vall\u00e9e : 25 ans apr\u00e8s, retour sur les origines\"}]},{\"@type\":\"WebSite\",\"@id\":\"https:\/\/www.fbf-bff.be\/#website\",\"url\":\"https:\/\/www.fbf-bff.be\/\",\"name\":\"F\u00e9d\u00e9ration Belge de la Franchise\",\"description\":\"Pour r\u00e9ussir ensemblee\",\"potentialAction\":[{\"@type\":\"SearchAction\",\"target\":{\"@type\":\"EntryPoint\",\"urlTemplate\":\"https:\/\/www.fbf-bff.be\/?s={search_term_string}\"},\"query-input\":{\"@type\":\"PropertyValueSpecification\",\"valueRequired\":true,\"valueName\":\"search_term_string\"}}],\"inLanguage\":\"fr-FR\"},{\"@type\":\"Person\",\"@id\":\"https:\/\/www.fbf-bff.be\/#\/schema\/person\/73a9cbee87288cba2b06e3fc29244fe7\",\"name\":\"fbf_admin\",\"image\":{\"@type\":\"ImageObject\",\"inLanguage\":\"fr-FR\",\"@id\":\"https:\/\/www.fbf-bff.be\/#\/schema\/person\/image\/\",\"url\":\"https:\/\/secure.gravatar.com\/avatar\/20f6483dbe2a69e0999ddcdd1744b7f7?s=96&d=mm&r=g\",\"contentUrl\":\"https:\/\/secure.gravatar.com\/avatar\/20f6483dbe2a69e0999ddcdd1744b7f7?s=96&d=mm&r=g\",\"caption\":\"fbf_admin\"}}]}<\/script>\n<!-- \/ Yoast SEO plugin. -->","yoast_head_json":{"title":"Bureau Vall\u00e9e : 25 ans apr\u00e8s, retour sur les origines - F\u00e9d\u00e9ration Belge de la Franchise","robots":{"index":"index","follow":"follow","max-snippet":"max-snippet:-1","max-image-preview":"max-image-preview:large","max-video-preview":"max-video-preview:-1"},"canonical":"https:\/\/www.fbf-bff.be\/fr\/bureau-vallee-25-ans-apres-retour-sur-les-origines\/","og_locale":"fr_FR","og_type":"article","og_title":"Bureau Vall\u00e9e : 25 ans apr\u00e8s, retour sur les origines - F\u00e9d\u00e9ration Belge de la Franchise","og_description":"Voil\u00e0 un quart de si\u00e8cle que le r\u00e9seau sp\u00e9cialis\u00e9 dans les fournitures de bureau et la papeterie discount se d\u00e9veloppe en France. L\u2019id\u00e9e de cr\u00e9er ce concept a en effet germ\u00e9 dans l\u2019esprit de son fondateur, Bruno Peyroles, en 1988.\u00a0","og_url":"https:\/\/www.fbf-bff.be\/fr\/bureau-vallee-25-ans-apres-retour-sur-les-origines\/","og_site_name":"F\u00e9d\u00e9ration Belge de la Franchise","article_published_time":"2016-01-19T23:00:00+00:00","og_image":[{"width":1200,"height":630,"url":"https:\/\/www.fbf-bff.be\/wp-content\/uploads\/2017\/06\/fbf-bff-fb-cover.jpg","type":"image\/jpeg"}],"author":"fbf_admin","twitter_card":"summary_large_image","twitter_misc":{"\u00c9crit par":"fbf_admin","Dur\u00e9e de lecture estim\u00e9e":"1 minute"},"schema":{"@context":"https:\/\/schema.org","@graph":[{"@type":"WebPage","@id":"https:\/\/www.fbf-bff.be\/fr\/bureau-vallee-25-ans-apres-retour-sur-les-origines\/","url":"https:\/\/www.fbf-bff.be\/fr\/bureau-vallee-25-ans-apres-retour-sur-les-origines\/","name":"Bureau Vall\u00e9e : 25 ans apr\u00e8s, retour sur les origines - F\u00e9d\u00e9ration Belge de la Franchise","isPartOf":{"@id":"https:\/\/www.fbf-bff.be\/#website"},"datePublished":"2016-01-19T23:00:00+00:00","dateModified":"2016-01-19T23:00:00+00:00","author":{"@id":"https:\/\/www.fbf-bff.be\/#\/schema\/person\/73a9cbee87288cba2b06e3fc29244fe7"},"breadcrumb":{"@id":"https:\/\/www.fbf-bff.be\/fr\/bureau-vallee-25-ans-apres-retour-sur-les-origines\/#breadcrumb"},"inLanguage":"fr-FR","potentialAction":[{"@type":"ReadAction","target":["https:\/\/www.fbf-bff.be\/fr\/bureau-vallee-25-ans-apres-retour-sur-les-origines\/"]}]},{"@type":"BreadcrumbList","@id":"https:\/\/www.fbf-bff.be\/fr\/bureau-vallee-25-ans-apres-retour-sur-les-origines\/#breadcrumb","itemListElement":[{"@type":"ListItem","position":1,"name":"Home","item":"https:\/\/www.fbf-bff.be\/fr\/"},{"@type":"ListItem","position":2,"name":"Bureau Vall\u00e9e : 25 ans apr\u00e8s, retour sur les origines"}]},{"@type":"WebSite","@id":"https:\/\/www.fbf-bff.be\/#website","url":"https:\/\/www.fbf-bff.be\/","name":"F\u00e9d\u00e9ration Belge de la Franchise","description":"Pour r\u00e9ussir ensemblee","potentialAction":[{"@type":"SearchAction","target":{"@type":"EntryPoint","urlTemplate":"https:\/\/www.fbf-bff.be\/?s={search_term_string}"},"query-input":{"@type":"PropertyValueSpecification","valueRequired":true,"valueName":"search_term_string"}}],"inLanguage":"fr-FR"},{"@type":"Person","@id":"https:\/\/www.fbf-bff.be\/#\/schema\/person\/73a9cbee87288cba2b06e3fc29244fe7","name":"fbf_admin","image":{"@type":"ImageObject","inLanguage":"fr-FR","@id":"https:\/\/www.fbf-bff.be\/#\/schema\/person\/image\/","url":"https:\/\/secure.gravatar.com\/avatar\/20f6483dbe2a69e0999ddcdd1744b7f7?s=96&d=mm&r=g","contentUrl":"https:\/\/secure.gravatar.com\/avatar\/20f6483dbe2a69e0999ddcdd1744b7f7?s=96&d=mm&r=g","caption":"fbf_admin"}}]}},"_links":{"self":[{"href":"https:\/\/www.fbf-bff.be\/fr\/wp-json\/wp\/v2\/posts\/8032"}],"collection":[{"href":"https:\/\/www.fbf-bff.be\/fr\/wp-json\/wp\/v2\/posts"}],"about":[{"href":"https:\/\/www.fbf-bff.be\/fr\/wp-json\/wp\/v2\/types\/post"}],"author":[{"embeddable":true,"href":"https:\/\/www.fbf-bff.be\/fr\/wp-json\/wp\/v2\/users\/1"}],"replies":[{"embeddable":true,"href":"https:\/\/www.fbf-bff.be\/fr\/wp-json\/wp\/v2\/comments?post=8032"}],"version-history":[{"count":0,"href":"https:\/\/www.fbf-bff.be\/fr\/wp-json\/wp\/v2\/posts\/8032\/revisions"}],"wp:attachment":[{"href":"https:\/\/www.fbf-bff.be\/fr\/wp-json\/wp\/v2\/media?parent=8032"}],"wp:term":[{"taxonomy":"category","embeddable":true,"href":"https:\/\/www.fbf-bff.be\/fr\/wp-json\/wp\/v2\/categories?post=8032"},{"taxonomy":"post_tag","embeddable":true,"href":"https:\/\/www.fbf-bff.be\/fr\/wp-json\/wp\/v2\/tags?post=8032"}],"curies":[{"name":"wp","href":"https:\/\/api.w.org\/{rel}","templated":true}]}}