{"id":8025,"date":"2016-01-18T00:00:00","date_gmt":"2016-01-17T23:00:00","guid":{"rendered":"https:\/\/www.fbf-bff.be\/ahold-et-delhaize-annoncent-le-depot-de-leur-projet-commun-de-fusion\/"},"modified":"2016-01-18T00:00:00","modified_gmt":"2016-01-17T23:00:00","slug":"ahold-et-delhaize-annoncent-le-depot-de-leur-projet-commun-de-fusion","status":"publish","type":"post","link":"https:\/\/www.fbf-bff.be\/fr\/ahold-et-delhaize-annoncent-le-depot-de-leur-projet-commun-de-fusion\/","title":{"rendered":"Ahold et Delhaize annoncent le d\u00e9p\u00f4t de leur projet commun de fusion"},"content":{"rendered":"Ahold et le Groupe Delhaize ont annonc\u00e9 ce 15 janvier 2015 le d\u00e9p\u00f4t du projet commun de fusion, pr\u00e9cisant les termes de leur fusion transfrontali\u00e8re projet\u00e9e.<div>\u00a0<\/div><div>Le d\u00e9p\u00f4t du projet de fusion par Delhaize aupr\u00e8s du greffe du Tribunal de Commerce de Bruxelles est l&rsquo;une des \u00e9tapes requises avant de convoquer leurs Assembl\u00e9es G\u00e9n\u00e9rales Extraordinaires respectives, qui devraient avoir lieu au premier semestre 2016.<\/div><div>\u00a0<\/div><div>Le projet commun de fusion, ainsi que le projet des statuts de la future soci\u00e9t\u00e9 combin\u00e9e peuvent \u00eatre t\u00e9l\u00e9charg\u00e9s sur\u00a0<a href=\"http:\/\/www.adcombined.com\" target=\"_blank\" style=\"text-decoration: underline\" rel=\"noopener\" class=\"broken_link\">www.adcombined.com<\/a>,\u00a0<a href=\"http:\/\/www.ahold.com\" target=\"_blank\" style=\"text-decoration: underline\" rel=\"noopener\">www.ahold.com<\/a>\u00a0et <a href=\"http:\/\/www.groupedelhaize.com\" target=\"_blank\" style=\"text-decoration: underline\" rel=\"noopener\" class=\"broken_link\">www.groupedelhaize.com<\/a>.<\/div><div>\u00a0<\/div><div>Le 24 juin 2015, Ahold et le Groupe Delhaize ont annonc\u00e9 leur intention de fusionner, cr\u00e9ant un distributeur international avec un portefeuille d&rsquo;enseignes fortes et reconnues localement avec plus de 375 000 collaborateurs au service de plus de 50 millions de clients par semaine aux Etats-Unis et en Europe.<\/div><div>\u00a0<\/div><div>La transaction devrait \u00eatre cl\u00f4tur\u00e9e mi-2016, apr\u00e8s l&rsquo;accomplissement des proc\u00e9dures de consultation des travailleurs, de l&rsquo;approbation des actionnaires et l&rsquo;obtention des autorisations r\u00e9glementaires.<\/div><div>Source: Communiqu\u00e9 de presse du groupe Delhaize<\/div>","protected":false},"excerpt":{"rendered":"<p>Ahold et le Groupe Delhaize ont annonc\u00e9 ce 15 janvier 2015 le d\u00e9p\u00f4t du projet commun de fusion, pr\u00e9cisant les termes de leur fusion transfrontali\u00e8re projet\u00e9e.<\/p>\n","protected":false},"author":1,"featured_media":0,"comment_status":"closed","ping_status":"open","sticky":false,"template":"","format":"standard","meta":{"ngg_post_thumbnail":0,"footnotes":""},"categories":[41],"tags":[],"acf":[],"yoast_head":"<!-- This site is optimized with the Yoast SEO plugin v23.5 - https:\/\/yoast.com\/wordpress\/plugins\/seo\/ -->\n<title>Ahold et Delhaize annoncent le d\u00e9p\u00f4t de leur projet commun de fusion - F\u00e9d\u00e9ration Belge de la Franchise<\/title>\n<meta name=\"robots\" content=\"index, follow, max-snippet:-1, max-image-preview:large, max-video-preview:-1\" \/>\n<link rel=\"canonical\" href=\"https:\/\/www.fbf-bff.be\/fr\/ahold-et-delhaize-annoncent-le-depot-de-leur-projet-commun-de-fusion\/\" \/>\n<meta property=\"og:locale\" content=\"fr_FR\" \/>\n<meta property=\"og:type\" content=\"article\" \/>\n<meta property=\"og:title\" content=\"Ahold et Delhaize annoncent le d\u00e9p\u00f4t de leur projet commun de fusion - F\u00e9d\u00e9ration Belge de la Franchise\" \/>\n<meta property=\"og:description\" content=\"Ahold et le Groupe Delhaize ont annonc\u00e9 ce 15 janvier 2015 le d\u00e9p\u00f4t du projet commun de fusion, pr\u00e9cisant les termes de leur fusion transfrontali\u00e8re projet\u00e9e.\" \/>\n<meta property=\"og:url\" content=\"https:\/\/www.fbf-bff.be\/fr\/ahold-et-delhaize-annoncent-le-depot-de-leur-projet-commun-de-fusion\/\" \/>\n<meta property=\"og:site_name\" content=\"F\u00e9d\u00e9ration Belge de la Franchise\" \/>\n<meta property=\"article:published_time\" content=\"2016-01-17T23:00:00+00:00\" \/>\n<meta property=\"og:image\" content=\"https:\/\/www.fbf-bff.be\/wp-content\/uploads\/2017\/06\/fbf-bff-fb-cover.jpg\" \/>\n\t<meta property=\"og:image:width\" content=\"1200\" \/>\n\t<meta property=\"og:image:height\" content=\"630\" \/>\n\t<meta property=\"og:image:type\" content=\"image\/jpeg\" \/>\n<meta name=\"author\" content=\"fbf_admin\" \/>\n<meta name=\"twitter:card\" content=\"summary_large_image\" \/>\n<meta name=\"twitter:label1\" content=\"\u00c9crit par\" \/>\n\t<meta name=\"twitter:data1\" content=\"fbf_admin\" \/>\n\t<meta name=\"twitter:label2\" content=\"Dur\u00e9e de lecture estim\u00e9e\" \/>\n\t<meta name=\"twitter:data2\" content=\"1 minute\" \/>\n<script type=\"application\/ld+json\" class=\"yoast-schema-graph\">{\"@context\":\"https:\/\/schema.org\",\"@graph\":[{\"@type\":\"WebPage\",\"@id\":\"https:\/\/www.fbf-bff.be\/fr\/ahold-et-delhaize-annoncent-le-depot-de-leur-projet-commun-de-fusion\/\",\"url\":\"https:\/\/www.fbf-bff.be\/fr\/ahold-et-delhaize-annoncent-le-depot-de-leur-projet-commun-de-fusion\/\",\"name\":\"Ahold et Delhaize annoncent le d\u00e9p\u00f4t de leur projet commun de fusion - F\u00e9d\u00e9ration Belge de la Franchise\",\"isPartOf\":{\"@id\":\"https:\/\/www.fbf-bff.be\/#website\"},\"datePublished\":\"2016-01-17T23:00:00+00:00\",\"dateModified\":\"2016-01-17T23:00:00+00:00\",\"author\":{\"@id\":\"https:\/\/www.fbf-bff.be\/#\/schema\/person\/73a9cbee87288cba2b06e3fc29244fe7\"},\"breadcrumb\":{\"@id\":\"https:\/\/www.fbf-bff.be\/fr\/ahold-et-delhaize-annoncent-le-depot-de-leur-projet-commun-de-fusion\/#breadcrumb\"},\"inLanguage\":\"fr-FR\",\"potentialAction\":[{\"@type\":\"ReadAction\",\"target\":[\"https:\/\/www.fbf-bff.be\/fr\/ahold-et-delhaize-annoncent-le-depot-de-leur-projet-commun-de-fusion\/\"]}]},{\"@type\":\"BreadcrumbList\",\"@id\":\"https:\/\/www.fbf-bff.be\/fr\/ahold-et-delhaize-annoncent-le-depot-de-leur-projet-commun-de-fusion\/#breadcrumb\",\"itemListElement\":[{\"@type\":\"ListItem\",\"position\":1,\"name\":\"Home\",\"item\":\"https:\/\/www.fbf-bff.be\/fr\/\"},{\"@type\":\"ListItem\",\"position\":2,\"name\":\"Ahold et Delhaize annoncent le d\u00e9p\u00f4t de leur projet commun de fusion\"}]},{\"@type\":\"WebSite\",\"@id\":\"https:\/\/www.fbf-bff.be\/#website\",\"url\":\"https:\/\/www.fbf-bff.be\/\",\"name\":\"F\u00e9d\u00e9ration Belge de la Franchise\",\"description\":\"Pour r\u00e9ussir ensemblee\",\"potentialAction\":[{\"@type\":\"SearchAction\",\"target\":{\"@type\":\"EntryPoint\",\"urlTemplate\":\"https:\/\/www.fbf-bff.be\/?s={search_term_string}\"},\"query-input\":{\"@type\":\"PropertyValueSpecification\",\"valueRequired\":true,\"valueName\":\"search_term_string\"}}],\"inLanguage\":\"fr-FR\"},{\"@type\":\"Person\",\"@id\":\"https:\/\/www.fbf-bff.be\/#\/schema\/person\/73a9cbee87288cba2b06e3fc29244fe7\",\"name\":\"fbf_admin\",\"image\":{\"@type\":\"ImageObject\",\"inLanguage\":\"fr-FR\",\"@id\":\"https:\/\/www.fbf-bff.be\/#\/schema\/person\/image\/\",\"url\":\"https:\/\/secure.gravatar.com\/avatar\/20f6483dbe2a69e0999ddcdd1744b7f7?s=96&d=mm&r=g\",\"contentUrl\":\"https:\/\/secure.gravatar.com\/avatar\/20f6483dbe2a69e0999ddcdd1744b7f7?s=96&d=mm&r=g\",\"caption\":\"fbf_admin\"}}]}<\/script>\n<!-- \/ Yoast SEO plugin. -->","yoast_head_json":{"title":"Ahold et Delhaize annoncent le d\u00e9p\u00f4t de leur projet commun de fusion - F\u00e9d\u00e9ration Belge de la Franchise","robots":{"index":"index","follow":"follow","max-snippet":"max-snippet:-1","max-image-preview":"max-image-preview:large","max-video-preview":"max-video-preview:-1"},"canonical":"https:\/\/www.fbf-bff.be\/fr\/ahold-et-delhaize-annoncent-le-depot-de-leur-projet-commun-de-fusion\/","og_locale":"fr_FR","og_type":"article","og_title":"Ahold et Delhaize annoncent le d\u00e9p\u00f4t de leur projet commun de fusion - F\u00e9d\u00e9ration Belge de la Franchise","og_description":"Ahold et le Groupe Delhaize ont annonc\u00e9 ce 15 janvier 2015 le d\u00e9p\u00f4t du projet commun de fusion, pr\u00e9cisant les termes de leur fusion transfrontali\u00e8re projet\u00e9e.","og_url":"https:\/\/www.fbf-bff.be\/fr\/ahold-et-delhaize-annoncent-le-depot-de-leur-projet-commun-de-fusion\/","og_site_name":"F\u00e9d\u00e9ration Belge de la Franchise","article_published_time":"2016-01-17T23:00:00+00:00","og_image":[{"width":1200,"height":630,"url":"https:\/\/www.fbf-bff.be\/wp-content\/uploads\/2017\/06\/fbf-bff-fb-cover.jpg","type":"image\/jpeg"}],"author":"fbf_admin","twitter_card":"summary_large_image","twitter_misc":{"\u00c9crit par":"fbf_admin","Dur\u00e9e de lecture estim\u00e9e":"1 minute"},"schema":{"@context":"https:\/\/schema.org","@graph":[{"@type":"WebPage","@id":"https:\/\/www.fbf-bff.be\/fr\/ahold-et-delhaize-annoncent-le-depot-de-leur-projet-commun-de-fusion\/","url":"https:\/\/www.fbf-bff.be\/fr\/ahold-et-delhaize-annoncent-le-depot-de-leur-projet-commun-de-fusion\/","name":"Ahold et Delhaize annoncent le d\u00e9p\u00f4t de leur projet commun de fusion - F\u00e9d\u00e9ration Belge de la Franchise","isPartOf":{"@id":"https:\/\/www.fbf-bff.be\/#website"},"datePublished":"2016-01-17T23:00:00+00:00","dateModified":"2016-01-17T23:00:00+00:00","author":{"@id":"https:\/\/www.fbf-bff.be\/#\/schema\/person\/73a9cbee87288cba2b06e3fc29244fe7"},"breadcrumb":{"@id":"https:\/\/www.fbf-bff.be\/fr\/ahold-et-delhaize-annoncent-le-depot-de-leur-projet-commun-de-fusion\/#breadcrumb"},"inLanguage":"fr-FR","potentialAction":[{"@type":"ReadAction","target":["https:\/\/www.fbf-bff.be\/fr\/ahold-et-delhaize-annoncent-le-depot-de-leur-projet-commun-de-fusion\/"]}]},{"@type":"BreadcrumbList","@id":"https:\/\/www.fbf-bff.be\/fr\/ahold-et-delhaize-annoncent-le-depot-de-leur-projet-commun-de-fusion\/#breadcrumb","itemListElement":[{"@type":"ListItem","position":1,"name":"Home","item":"https:\/\/www.fbf-bff.be\/fr\/"},{"@type":"ListItem","position":2,"name":"Ahold et Delhaize annoncent le d\u00e9p\u00f4t de leur projet commun de fusion"}]},{"@type":"WebSite","@id":"https:\/\/www.fbf-bff.be\/#website","url":"https:\/\/www.fbf-bff.be\/","name":"F\u00e9d\u00e9ration Belge de la Franchise","description":"Pour r\u00e9ussir ensemblee","potentialAction":[{"@type":"SearchAction","target":{"@type":"EntryPoint","urlTemplate":"https:\/\/www.fbf-bff.be\/?s={search_term_string}"},"query-input":{"@type":"PropertyValueSpecification","valueRequired":true,"valueName":"search_term_string"}}],"inLanguage":"fr-FR"},{"@type":"Person","@id":"https:\/\/www.fbf-bff.be\/#\/schema\/person\/73a9cbee87288cba2b06e3fc29244fe7","name":"fbf_admin","image":{"@type":"ImageObject","inLanguage":"fr-FR","@id":"https:\/\/www.fbf-bff.be\/#\/schema\/person\/image\/","url":"https:\/\/secure.gravatar.com\/avatar\/20f6483dbe2a69e0999ddcdd1744b7f7?s=96&d=mm&r=g","contentUrl":"https:\/\/secure.gravatar.com\/avatar\/20f6483dbe2a69e0999ddcdd1744b7f7?s=96&d=mm&r=g","caption":"fbf_admin"}}]}},"_links":{"self":[{"href":"https:\/\/www.fbf-bff.be\/fr\/wp-json\/wp\/v2\/posts\/8025"}],"collection":[{"href":"https:\/\/www.fbf-bff.be\/fr\/wp-json\/wp\/v2\/posts"}],"about":[{"href":"https:\/\/www.fbf-bff.be\/fr\/wp-json\/wp\/v2\/types\/post"}],"author":[{"embeddable":true,"href":"https:\/\/www.fbf-bff.be\/fr\/wp-json\/wp\/v2\/users\/1"}],"replies":[{"embeddable":true,"href":"https:\/\/www.fbf-bff.be\/fr\/wp-json\/wp\/v2\/comments?post=8025"}],"version-history":[{"count":0,"href":"https:\/\/www.fbf-bff.be\/fr\/wp-json\/wp\/v2\/posts\/8025\/revisions"}],"wp:attachment":[{"href":"https:\/\/www.fbf-bff.be\/fr\/wp-json\/wp\/v2\/media?parent=8025"}],"wp:term":[{"taxonomy":"category","embeddable":true,"href":"https:\/\/www.fbf-bff.be\/fr\/wp-json\/wp\/v2\/categories?post=8025"},{"taxonomy":"post_tag","embeddable":true,"href":"https:\/\/www.fbf-bff.be\/fr\/wp-json\/wp\/v2\/tags?post=8025"}],"curies":[{"name":"wp","href":"https:\/\/api.w.org\/{rel}","templated":true}]}}