{"id":8024,"date":"2016-01-13T00:00:00","date_gmt":"2016-01-12T23:00:00","guid":{"rendered":"https:\/\/www.fbf-bff.be\/ancien-franchise-daniel-moquet-devient-animateur\/"},"modified":"2016-01-13T00:00:00","modified_gmt":"2016-01-12T23:00:00","slug":"ancien-franchise-daniel-moquet-devient-animateur","status":"publish","type":"post","link":"https:\/\/www.fbf-bff.be\/fr\/ancien-franchise-daniel-moquet-devient-animateur\/","title":{"rendered":"Ancien franchis\u00e9 Daniel Moquet devient animateur"},"content":{"rendered":"Depuis peu, l\u2019\u00e9quipe d\u2019animation du r\u00e9seau Daniel Moquet signe vos all\u00e9es s\u2019est agrandie. Herv\u00e9 Berland est arriv\u00e9 en d\u00e9cembre pour compl\u00e9ter l\u2019\u00e9quipe d\u2019animation qui a vu le nombre de franchis\u00e9s fortement augmenter en 2015.\u00a0<div>\u00a0<\/div><div>Son grand avantage\u00a0: c\u2019est un ancien franchis\u00e9 du r\u00e9seau qui vient de revendre son entreprise, il a donc l\u2019expertise du m\u00e9tier qu\u2019il a exerc\u00e9 pendant 8 ans \u00e0 Poitiers. \u00ab\u00a0Je suis tr\u00e8s heureux de pouvoir poursuivre l\u2019aventure Moquet, c\u2019est un nouveau challenge pour moi. Mon exp\u00e9rience et le recul que j\u2019ai maintenant en tant qu\u2019animateur vont vraiment m\u2019aider lors de mes \u00e9changes avec les franchis\u00e9s.\u00a0\u00bb nous confie Herv\u00e9.\u00a0<\/div><div>\u00a0<\/div><div>De son c\u00f4t\u00e9, Daniel Moquet pr\u00e9cise \u00abC\u2019est arriv\u00e9 au bon moment, Herv\u00e9 m\u2019a inform\u00e9 qu\u2019il souhaitait vendre son entreprise et n\u2019avait pas encore de projet pour la suite. Nous commencions \u00e0 r\u00e9fl\u00e9chir au recrutement d\u2019un nouvel animateur donc c\u2019est tout naturellement que je lui ai propos\u00e9 ce poste. Nous sommes tr\u00e8s contents, nous avons d\u00e9j\u00e0 eu 2 fois le cas inverse, 2 de nos anciens animateurs sont devenus franchis\u00e9s et l\u00e0 un franchis\u00e9 devient animateur, je pense que c\u2019est un indicateur de la bonne ambiance au sein du r\u00e9seau, de l\u2019esprit familial.\u00a0\u00bb<\/div><div>\u00a0<\/div><div>Lors des visites des animateurs aux franchis\u00e9s, diff\u00e9rents th\u00e8mes sont abord\u00e9s pour faire le tour de l\u2019activit\u00e9, de l\u2019organisation, des \u00e9volutions possibles. Chaque visite est une occasion pour le franchis\u00e9 de prendre du recul sur son activit\u00e9 et d\u2019avancer dans le bon\u00a0 sens.<\/div><div><br><\/div><div>Souhaitez-vous avoir plus d\u2019information sur cette enseigne, cliquez <a href=\"https:\/\/franchisingbelgium.be\/formule\/daniel-moquet-signe-vos-allees\/?lang=fr\" target=\"_blank\" style=\"text-decoration: underline\" rel=\"noopener\">ici<\/a> ou sur le logo dans \u201cles enseignes se d\u00e9veloppent et cherchent des candidats \u00bb sur la <a href=\"https:\/\/franchisingbelgium.be\/fr\/\" target=\"_blank\" style=\"text-decoration: underline\" rel=\"noopener\">homepage<\/a>.<\/div><div><br><\/div>","protected":false},"excerpt":{"rendered":"<p>Depuis peu, l\u2019\u00e9quipe d\u2019animation du r\u00e9seau Daniel Moquet signe vos all\u00e9es s\u2019est agrandie. Herv\u00e9 Berland est arriv\u00e9 en d\u00e9cembre pour compl\u00e9ter l\u2019\u00e9quipe d\u2019animation qui a vu le nombre de franchis\u00e9s fortement augmenter en 2015.\u00a0<\/p>\n","protected":false},"author":1,"featured_media":0,"comment_status":"closed","ping_status":"open","sticky":false,"template":"","format":"standard","meta":{"ngg_post_thumbnail":0,"footnotes":""},"categories":[41],"tags":[],"acf":[],"yoast_head":"<!-- This site is optimized with the Yoast SEO plugin v23.5 - https:\/\/yoast.com\/wordpress\/plugins\/seo\/ -->\n<title>Ancien franchis\u00e9 Daniel Moquet devient animateur - F\u00e9d\u00e9ration Belge de la Franchise<\/title>\n<meta name=\"robots\" content=\"index, follow, max-snippet:-1, max-image-preview:large, max-video-preview:-1\" \/>\n<link rel=\"canonical\" href=\"https:\/\/www.fbf-bff.be\/fr\/ancien-franchise-daniel-moquet-devient-animateur\/\" \/>\n<meta property=\"og:locale\" content=\"fr_FR\" \/>\n<meta property=\"og:type\" content=\"article\" \/>\n<meta property=\"og:title\" content=\"Ancien franchis\u00e9 Daniel Moquet devient animateur - F\u00e9d\u00e9ration Belge de la Franchise\" \/>\n<meta property=\"og:description\" content=\"Depuis peu, l\u2019\u00e9quipe d\u2019animation du r\u00e9seau Daniel Moquet signe vos all\u00e9es s\u2019est agrandie. Herv\u00e9 Berland est arriv\u00e9 en d\u00e9cembre pour compl\u00e9ter l\u2019\u00e9quipe d\u2019animation qui a vu le nombre de franchis\u00e9s fortement augmenter en 2015.\u00a0\" \/>\n<meta property=\"og:url\" content=\"https:\/\/www.fbf-bff.be\/fr\/ancien-franchise-daniel-moquet-devient-animateur\/\" \/>\n<meta property=\"og:site_name\" content=\"F\u00e9d\u00e9ration Belge de la Franchise\" \/>\n<meta property=\"article:published_time\" content=\"2016-01-12T23:00:00+00:00\" \/>\n<meta property=\"og:image\" content=\"https:\/\/www.fbf-bff.be\/wp-content\/uploads\/2017\/06\/fbf-bff-fb-cover.jpg\" \/>\n\t<meta property=\"og:image:width\" content=\"1200\" \/>\n\t<meta property=\"og:image:height\" content=\"630\" \/>\n\t<meta property=\"og:image:type\" content=\"image\/jpeg\" \/>\n<meta name=\"author\" content=\"fbf_admin\" \/>\n<meta name=\"twitter:card\" content=\"summary_large_image\" \/>\n<meta name=\"twitter:label1\" content=\"\u00c9crit par\" \/>\n\t<meta name=\"twitter:data1\" content=\"fbf_admin\" \/>\n\t<meta name=\"twitter:label2\" content=\"Dur\u00e9e de lecture estim\u00e9e\" \/>\n\t<meta name=\"twitter:data2\" content=\"2 minutes\" \/>\n<script type=\"application\/ld+json\" class=\"yoast-schema-graph\">{\"@context\":\"https:\/\/schema.org\",\"@graph\":[{\"@type\":\"WebPage\",\"@id\":\"https:\/\/www.fbf-bff.be\/fr\/ancien-franchise-daniel-moquet-devient-animateur\/\",\"url\":\"https:\/\/www.fbf-bff.be\/fr\/ancien-franchise-daniel-moquet-devient-animateur\/\",\"name\":\"Ancien franchis\u00e9 Daniel Moquet devient animateur - F\u00e9d\u00e9ration Belge de la Franchise\",\"isPartOf\":{\"@id\":\"https:\/\/www.fbf-bff.be\/#website\"},\"datePublished\":\"2016-01-12T23:00:00+00:00\",\"dateModified\":\"2016-01-12T23:00:00+00:00\",\"author\":{\"@id\":\"https:\/\/www.fbf-bff.be\/#\/schema\/person\/73a9cbee87288cba2b06e3fc29244fe7\"},\"breadcrumb\":{\"@id\":\"https:\/\/www.fbf-bff.be\/fr\/ancien-franchise-daniel-moquet-devient-animateur\/#breadcrumb\"},\"inLanguage\":\"fr-FR\",\"potentialAction\":[{\"@type\":\"ReadAction\",\"target\":[\"https:\/\/www.fbf-bff.be\/fr\/ancien-franchise-daniel-moquet-devient-animateur\/\"]}]},{\"@type\":\"BreadcrumbList\",\"@id\":\"https:\/\/www.fbf-bff.be\/fr\/ancien-franchise-daniel-moquet-devient-animateur\/#breadcrumb\",\"itemListElement\":[{\"@type\":\"ListItem\",\"position\":1,\"name\":\"Home\",\"item\":\"https:\/\/www.fbf-bff.be\/fr\/\"},{\"@type\":\"ListItem\",\"position\":2,\"name\":\"Ancien franchis\u00e9 Daniel Moquet devient animateur\"}]},{\"@type\":\"WebSite\",\"@id\":\"https:\/\/www.fbf-bff.be\/#website\",\"url\":\"https:\/\/www.fbf-bff.be\/\",\"name\":\"F\u00e9d\u00e9ration Belge de la Franchise\",\"description\":\"Pour r\u00e9ussir ensemblee\",\"potentialAction\":[{\"@type\":\"SearchAction\",\"target\":{\"@type\":\"EntryPoint\",\"urlTemplate\":\"https:\/\/www.fbf-bff.be\/?s={search_term_string}\"},\"query-input\":{\"@type\":\"PropertyValueSpecification\",\"valueRequired\":true,\"valueName\":\"search_term_string\"}}],\"inLanguage\":\"fr-FR\"},{\"@type\":\"Person\",\"@id\":\"https:\/\/www.fbf-bff.be\/#\/schema\/person\/73a9cbee87288cba2b06e3fc29244fe7\",\"name\":\"fbf_admin\",\"image\":{\"@type\":\"ImageObject\",\"inLanguage\":\"fr-FR\",\"@id\":\"https:\/\/www.fbf-bff.be\/#\/schema\/person\/image\/\",\"url\":\"https:\/\/secure.gravatar.com\/avatar\/20f6483dbe2a69e0999ddcdd1744b7f7?s=96&d=mm&r=g\",\"contentUrl\":\"https:\/\/secure.gravatar.com\/avatar\/20f6483dbe2a69e0999ddcdd1744b7f7?s=96&d=mm&r=g\",\"caption\":\"fbf_admin\"}}]}<\/script>\n<!-- \/ Yoast SEO plugin. -->","yoast_head_json":{"title":"Ancien franchis\u00e9 Daniel Moquet devient animateur - F\u00e9d\u00e9ration Belge de la Franchise","robots":{"index":"index","follow":"follow","max-snippet":"max-snippet:-1","max-image-preview":"max-image-preview:large","max-video-preview":"max-video-preview:-1"},"canonical":"https:\/\/www.fbf-bff.be\/fr\/ancien-franchise-daniel-moquet-devient-animateur\/","og_locale":"fr_FR","og_type":"article","og_title":"Ancien franchis\u00e9 Daniel Moquet devient animateur - F\u00e9d\u00e9ration Belge de la Franchise","og_description":"Depuis peu, l\u2019\u00e9quipe d\u2019animation du r\u00e9seau Daniel Moquet signe vos all\u00e9es s\u2019est agrandie. Herv\u00e9 Berland est arriv\u00e9 en d\u00e9cembre pour compl\u00e9ter l\u2019\u00e9quipe d\u2019animation qui a vu le nombre de franchis\u00e9s fortement augmenter en 2015.\u00a0","og_url":"https:\/\/www.fbf-bff.be\/fr\/ancien-franchise-daniel-moquet-devient-animateur\/","og_site_name":"F\u00e9d\u00e9ration Belge de la Franchise","article_published_time":"2016-01-12T23:00:00+00:00","og_image":[{"width":1200,"height":630,"url":"https:\/\/www.fbf-bff.be\/wp-content\/uploads\/2017\/06\/fbf-bff-fb-cover.jpg","type":"image\/jpeg"}],"author":"fbf_admin","twitter_card":"summary_large_image","twitter_misc":{"\u00c9crit par":"fbf_admin","Dur\u00e9e de lecture estim\u00e9e":"2 minutes"},"schema":{"@context":"https:\/\/schema.org","@graph":[{"@type":"WebPage","@id":"https:\/\/www.fbf-bff.be\/fr\/ancien-franchise-daniel-moquet-devient-animateur\/","url":"https:\/\/www.fbf-bff.be\/fr\/ancien-franchise-daniel-moquet-devient-animateur\/","name":"Ancien franchis\u00e9 Daniel Moquet devient animateur - F\u00e9d\u00e9ration Belge de la Franchise","isPartOf":{"@id":"https:\/\/www.fbf-bff.be\/#website"},"datePublished":"2016-01-12T23:00:00+00:00","dateModified":"2016-01-12T23:00:00+00:00","author":{"@id":"https:\/\/www.fbf-bff.be\/#\/schema\/person\/73a9cbee87288cba2b06e3fc29244fe7"},"breadcrumb":{"@id":"https:\/\/www.fbf-bff.be\/fr\/ancien-franchise-daniel-moquet-devient-animateur\/#breadcrumb"},"inLanguage":"fr-FR","potentialAction":[{"@type":"ReadAction","target":["https:\/\/www.fbf-bff.be\/fr\/ancien-franchise-daniel-moquet-devient-animateur\/"]}]},{"@type":"BreadcrumbList","@id":"https:\/\/www.fbf-bff.be\/fr\/ancien-franchise-daniel-moquet-devient-animateur\/#breadcrumb","itemListElement":[{"@type":"ListItem","position":1,"name":"Home","item":"https:\/\/www.fbf-bff.be\/fr\/"},{"@type":"ListItem","position":2,"name":"Ancien franchis\u00e9 Daniel Moquet devient animateur"}]},{"@type":"WebSite","@id":"https:\/\/www.fbf-bff.be\/#website","url":"https:\/\/www.fbf-bff.be\/","name":"F\u00e9d\u00e9ration Belge de la Franchise","description":"Pour r\u00e9ussir ensemblee","potentialAction":[{"@type":"SearchAction","target":{"@type":"EntryPoint","urlTemplate":"https:\/\/www.fbf-bff.be\/?s={search_term_string}"},"query-input":{"@type":"PropertyValueSpecification","valueRequired":true,"valueName":"search_term_string"}}],"inLanguage":"fr-FR"},{"@type":"Person","@id":"https:\/\/www.fbf-bff.be\/#\/schema\/person\/73a9cbee87288cba2b06e3fc29244fe7","name":"fbf_admin","image":{"@type":"ImageObject","inLanguage":"fr-FR","@id":"https:\/\/www.fbf-bff.be\/#\/schema\/person\/image\/","url":"https:\/\/secure.gravatar.com\/avatar\/20f6483dbe2a69e0999ddcdd1744b7f7?s=96&d=mm&r=g","contentUrl":"https:\/\/secure.gravatar.com\/avatar\/20f6483dbe2a69e0999ddcdd1744b7f7?s=96&d=mm&r=g","caption":"fbf_admin"}}]}},"_links":{"self":[{"href":"https:\/\/www.fbf-bff.be\/fr\/wp-json\/wp\/v2\/posts\/8024"}],"collection":[{"href":"https:\/\/www.fbf-bff.be\/fr\/wp-json\/wp\/v2\/posts"}],"about":[{"href":"https:\/\/www.fbf-bff.be\/fr\/wp-json\/wp\/v2\/types\/post"}],"author":[{"embeddable":true,"href":"https:\/\/www.fbf-bff.be\/fr\/wp-json\/wp\/v2\/users\/1"}],"replies":[{"embeddable":true,"href":"https:\/\/www.fbf-bff.be\/fr\/wp-json\/wp\/v2\/comments?post=8024"}],"version-history":[{"count":0,"href":"https:\/\/www.fbf-bff.be\/fr\/wp-json\/wp\/v2\/posts\/8024\/revisions"}],"wp:attachment":[{"href":"https:\/\/www.fbf-bff.be\/fr\/wp-json\/wp\/v2\/media?parent=8024"}],"wp:term":[{"taxonomy":"category","embeddable":true,"href":"https:\/\/www.fbf-bff.be\/fr\/wp-json\/wp\/v2\/categories?post=8024"},{"taxonomy":"post_tag","embeddable":true,"href":"https:\/\/www.fbf-bff.be\/fr\/wp-json\/wp\/v2\/tags?post=8024"}],"curies":[{"name":"wp","href":"https:\/\/api.w.org\/{rel}","templated":true}]}}